{"id":1144,"date":"2024-02-10T00:04:55","date_gmt":"2024-02-09T21:04:55","guid":{"rendered":"https:\/\/gazetetrafik.com\/?p=1144"},"modified":"2024-02-10T00:05:44","modified_gmt":"2024-02-09T21:05:44","slug":"ocak-2024","status":"publish","type":"post","link":"https:\/\/gazetetrafik.com\/en\/2024\/02\/10\/ocak-2024\/","title":{"rendered":"Ocak 2024 bas\u0131na yans\u0131yan trafik \u00e7arp\u0131\u015fmalar\u0131"},"content":{"rendered":"<p><strong>Ocak 2024 tarihinde bas\u0131na yans\u0131yan trafik \u00e7arp\u0131\u015fmalar\u0131nda 239 ki\u015fi hayat\u0131n\u0131 kaybetmi\u015f, 1.432 ki\u015fi de yaralanm\u0131\u015f. <\/strong><\/p>\n\n\n\n<h2 class=\"wp-block-heading\"><strong>31 Ocak 2024 \u2013 5 Kay\u0131p, 39 Yaral\u0131<\/strong><\/h2>\n\n\n\n<ul class=\"wp-block-list\">\n<li>D\u00fczce&#8217;nin Ak\u00e7akoca il\u00e7esinde \u00f6n\u00fcnde seyreden t\u0131ra \u00e7arpan kamyonetin s\u00fcr\u00fcc\u00fcs\u00fc yaraland\u0131.<\/li>\n\n\n\n<li>Kastamonu&#8217;da y\u00f6n tabelas\u0131 dire\u011fine \u00e7arpan otomobildeki 4 ki\u015fi yaraland\u0131.<\/li>\n\n\n\n<li>Hatay&#8217;\u0131n Samanda\u011f il\u00e7esinde u\u00e7uruma yuvarlanan motosikletin s\u00fcr\u00fcc\u00fcs\u00fc hayat\u0131n\u0131 kaybetti.<\/li>\n\n\n\n<li>\u015eanl\u0131urfa&#8217;da kamyonetle otomobilin \u00e7arp\u0131\u015fmas\u0131 sonucu 4 ki\u015fi yaraland\u0131.<\/li>\n\n\n\n<li>Gaziantep&#8217;in \u0130slahiye il\u00e7esinde, s\u00fcr\u00fcc\u00fcs\u00fcn\u00fcn kontrol\u00fcnden \u00e7\u0131karak \u015farampole devrilen hafif ticari ara\u00e7taki 5 ki\u015fi yaraland\u0131.<\/li>\n\n\n\n<li>Diyarbak\u0131r&#8217;da 1&#8217;i a\u011f\u0131r, 2 ki\u015finin yaraland\u0131\u011f\u0131 kazada motosikletin k\u0131rm\u0131z\u0131 \u0131\u015f\u0131kta ge\u00e7ip otomobile \u00e7arpt\u0131\u011f\u0131 ve \u00fczerindeki yaral\u0131lar\u0131n da kask takmad\u0131\u011f\u0131 ortaya \u00e7\u0131kt\u0131.<\/li>\n\n\n\n<li>Tokat&#8217;\u0131n Erbaa il\u00e7esinde kamyona \u00e7arpan cipin s\u00fcr\u00fcc\u00fcs\u00fc Halil Alperen Y\u00fcksel, yaraland\u0131.<\/li>\n\n\n\n<li>Adana&#8217;n\u0131n Kozan il\u00e7esinde kamyona arkadan \u00e7arpan otomobilin s\u00fcr\u00fcc\u00fcs\u00fc Yavuz Serkan A\u011far (42) hayat\u0131n\u0131 kaybetti.<\/li>\n\n\n\n<li>Tokat&#8217;\u0131n Zile il\u00e7esinde, d\u00fcn ak\u015fam yola \u00e7\u0131kan k\u00f6pe\u011fe \u00e7arpmamak i\u00e7in manevra yapan otomobil, yol kenar\u0131ndaki \u00e7elik bariyerlere \u00e7arparak devrildi. Kazada s\u00fcr\u00fcc\u00fc ve ara\u00e7 i\u00e7inde bulunan 4 gen\u00e7 yaraland\u0131.<\/li>\n\n\n\n<li>Akyaz\u0131 il\u00e7esinde seyir halinde olan bir servis midib\u00fcs\u00fc kontrolden \u00e7\u0131karak devrildi. Kazada yaralanan s\u00fcr\u00fcc\u00fc ve ara\u00e7taki bir ki\u015fi hastaneye kald\u0131r\u0131ld\u0131.<\/li>\n\n\n\n<li>\u015eanl\u0131urfa&#8217;n\u0131n Siverek il\u00e7esinde meydana gelen trafik kazas\u0131nda, E.\u0130. idaresindeki bir t\u0131r ile B.T. y\u00f6netimindeki ba\u015fka bir t\u0131r \u00e7arp\u0131\u015ft\u0131. Kazada her iki s\u00fcr\u00fcc\u00fc de yaraland\u0131.<\/li>\n\n\n\n<li>Sakarya&#8217;n\u0131n Akyaz\u0131 il\u00e7esinde, bir i\u015f\u00e7i servisi kontrolden \u00e7\u0131karak devrildi. Kazada s\u00fcr\u00fcc\u00fc ve ara\u00e7ta bulunan bir ki\u015fi yaraland\u0131.<\/li>\n\n\n\n<li>Anadolu Otoyolu&#8217;nun Gebze kesiminde R.A. idaresindeki otomobil ile Y.M. y\u00f6netimindeki t\u0131r\u0131n \u00e7arp\u0131\u015fmas\u0131 sonucu 2 ki\u015fi a\u011f\u0131r yaraland\u0131.<\/li>\n\n\n\n<li>Ankara&#8217;da aile i\u00e7i \u015fiddet konusuyla ilgili polis merkezine g\u00f6t\u00fcr\u00fclen bir kad\u0131n, polis arac\u0131ndan atlayarak kendini yola att\u0131. Arkadan gelen ba\u015fka bir arac\u0131n \u00e7arpmas\u0131 sonucu kad\u0131n hayat\u0131n\u0131 kaybetti.<\/li>\n\n\n\n<li>Bing\u00f6l &#8211; Diyarbak\u0131r Karayolu Doganca K\u00f6y\u00fc mevkiinde buzlanma nedeniyle kontrolden \u00e7\u0131kan otomobilin takla atmas\u0131 sonucu meydana gelen kazada, 2&#8217;si \u00e7ocuk 5 ki\u015fi yaraland\u0131.<\/li>\n\n\n\n<li>Bilecik&#8217;in merkezine ba\u011fl\u0131 \u00c7ak\u0131rp\u0131nar k\u00f6y\u00fcnden merkeze seyir halindeki bir otomobil, s\u00fcr\u00fcc\u00fcs\u00fcn\u00fcn direksiyon hakimiyetini kaybetmesi sonucu k\u00f6pr\u00fcden d\u00fc\u015ft\u00fc. Kazada otomobilde bulunan bir ki\u015fi yaraland\u0131.<\/li>\n\n\n\n<li>Tekirda\u011f \u00c7orlu&#8217;da, \u0130stanbul yolu \u00fczeri Marmara Ere\u011flisi yol ayr\u0131m\u0131 mevkiinde meydana geldi. S\u00fcr\u00fcc\u00fc Tu\u011frul \u00d6zen yaral\u0131 olarak kurtar\u0131l\u0131rken, ara\u00e7ta bulunan Emre Yorulmaz hayat\u0131n\u0131 kaybetti.<\/li>\n\n\n\n<li>K\u0131rklareli&#8217;nin L\u00fcleburgaz il\u00e7esinde yolun kar\u015f\u0131s\u0131na ge\u00e7mek isteyen bir kad\u0131n, kamyonun alt\u0131nda kalarak hayat\u0131n\u0131 kaybetti. Kad\u0131n, yaya ge\u00e7idinin biraz uza\u011f\u0131nda cadde \u00e7\u0131k\u0131\u015f\u0131nda kar\u015f\u0131ya ge\u00e7mek \u00fczere yola ad\u0131m att\u0131ktan sonra kamyonun \u00e7arpmas\u0131 sonucu hayat\u0131n\u0131 kaybetti.<\/li>\n\n\n\n<li>Osmaniye&#8217;nin D\u00fczi\u00e7i il\u00e7esine ba\u011fl\u0131 G\u00f6k\u00e7ay\u0131r K\u00f6y\u00fc&#8217;nde meydana gelen kazada, beton mikseri s\u00fcr\u00fcc\u00fcs\u00fc yaraland\u0131.<\/li>\n\n\n\n<li>Afyonkarahisar&#8217;\u0131n Bolvadin il\u00e7esi giri\u015finde meydana gelen kazada, bir t\u0131r \u015farampole devrildi ve s\u00fcr\u00fcc\u00fc yaraland\u0131.<\/li>\n\n\n\n<li>Tokat&#8217;\u0131n Erbaa il\u00e7esinde meydana gelen trafik kazas\u0131nda kamyon ile otomobil \u00e7arp\u0131\u015ft\u0131. Kazada yaralanan otomobil s\u00fcr\u00fcc\u00fcs\u00fc itfaiye ekipleri taraf\u0131ndan s\u0131k\u0131\u015ft\u0131\u011f\u0131 yerden kurtar\u0131ld\u0131.<\/li>\n<\/ul>\n\n\n\n<h2 class=\"wp-block-heading\"><strong>30 Ocak 2024 \u2013 3 Kay\u0131p, 30 Yaral\u0131<\/strong><\/h2>\n\n\n\n<ul class=\"wp-block-list\">\n<li>Bolu, Kartalkaya Kayak Merkezi yolunda meydana gelen trafik kazas\u0131na m\u00fcdahale eden jandarma personeli cipin \u00e7arpmas\u0131 sonucu yaraland\u0131.<\/li>\n\n\n\n<li>Mu\u011fla&#8217;n\u0131n Seydikemer il\u00e7esinde meydana gelen trafik kazas\u0131nda, Halil K\u00f6ro\u011flu&#8217;nun kulland\u0131\u011f\u0131 trakt\u00f6r devrildi. Kazada s\u00fcr\u00fcc\u00fc hayat\u0131n\u0131 kaybederken, e\u015fi ise yaraland\u0131.<\/li>\n\n\n\n<li>\u00d6demi\u015f \u0130l\u00e7esi, Bademli Mahallesi&nbsp; Suluirim Mevkiinde,&nbsp; meydana gelen \u00e7ift tarafl\u0131 trafik kazas\u0131nda 2 ki\u015fi yaraland\u0131\u011f\u0131 bildirildi.<\/li>\n\n\n\n<li>Kastamonu&#8217;da meydana gelen trafik kazas\u0131nda yaralanan 6 ya\u015f\u0131ndaki \u00e7ocuk tedavi g\u00f6rd\u00fc\u011f\u00fc hastanede ya\u015fam\u0131n\u0131 yitirdi.<\/li>\n\n\n\n<li>K\u00fc\u00e7\u00fck\u00e7ekmece&#8217;de \u0130ETT otob\u00fcs\u00fcn\u00fcn kar\u0131\u015ft\u0131\u011f\u0131 zincirleme trafik kazas\u0131nda 2 ki\u015fi yaraland\u0131.<\/li>\n\n\n\n<li>Kars Harakani Devlet Hastanesi kav\u015fa\u011f\u0131nda meydana gelen kazada 1 ki\u015fi yaraland\u0131.<\/li>\n\n\n\n<li>Kontrolden \u00e7\u0131kan otomobil, yol kenar\u0131ndaki maket polis arac\u0131na \u00e7arpt\u0131: 2 yaral\u0131.<\/li>\n\n\n\n<li>Bursa\u2019n\u0131n Orhangazi il\u00e7esinde ana yolda s\u00fcr\u00fcc\u00fcs\u00fcn\u00fcn kontrol\u00fcnden \u00e7\u0131kan otomobil, yol kenar\u0131nda yer alan maket polis arac\u0131na \u00e7arpt\u0131. Kazada otomobilde bulunan 2 ki\u015fi hafif \u015fekilde yaraland\u0131.<\/li>\n\n\n\n<li>Bursa&#8217;n\u0131n \u0130neg\u00f6l il\u00e7esinde yolcu koltu\u011fundaki pusette a\u011flayan 1 ayl\u0131k bebe\u011fi Leyla&#8217;y\u0131 sakinle\u015ftirmeye \u00e7al\u0131\u015f\u0131rken direksiyon hakimiyetini kaybeden s\u00fcr\u00fcc\u00fc Emran D. (29), yolun kar\u015f\u0131s\u0131na ge\u00e7meye \u00e7al\u0131\u015fan 2 \u00e7ocu\u011fa \u00e7arpt\u0131.4 yaral\u0131.<\/li>\n\n\n\n<li>Diyarbak\u0131r\u2019da otomobil ile motosikletin \u00e7arp\u0131\u015ft\u0131\u011f\u0131 kazada 1\u2019i a\u011f\u0131r 2 ki\u015fi yaraland\u0131.<\/li>\n\n\n\n<li>Bayrampa\u015fa&#8217;daki 15 Temmuz Demokrasi Otogar\u0131&#8217;nda iki otob\u00fcs\u00fcn \u00e7arp\u0131\u015fmas\u0131 sonucu 1 ki\u015fi yaraland\u0131.<\/li>\n\n\n\n<li>Kad\u0131k\u00f6y&#8217;de s\u00fcr\u00fcc\u00fcs\u00fcn\u00fcn hakimiyetini kaybetti\u011fi cip bariyerlere \u00e7arpt\u0131. Kazada s\u00fcr\u00fcc\u00fc hafif yaraland\u0131.<\/li>\n\n\n\n<li>Beylikd\u00fcz\u00fc D-100 Karayolu&#8217;nda bariyerlere \u00e7arpan kargo kamyonu devrildi. Kamyon \u015fof\u00f6r\u00fc yaraland\u0131.<\/li>\n\n\n\n<li>Kocaeli\u2019nin \u0130zmit il\u00e7esinde servis minib\u00fcs\u00fc ile otomobilin \u00e7arp\u0131\u015ft\u0131\u011f\u0131 kazada 4 ki\u015fi yaraland\u0131.<\/li>\n\n\n\n<li>Diyarbak\u0131r&#8217;\u0131n merkez Yeni\u015fehir il\u00e7esinde otomobilin kald\u0131r\u0131ma \u00e7arpmas\u0131 sonucu 6 ki\u015fi yaraland\u0131.<\/li>\n\n\n\n<li>K\u00fctahya&#8217;n\u0131n \u015eaphane il\u00e7esinde, \u015farampole devrilen otomobilin s\u00fcr\u00fcc\u00fcs\u00fc hayat\u0131n\u0131 kaybetti.<\/li>\n<\/ul>\n\n\n\n<h2 class=\"wp-block-heading\"><strong>29 Ocak 2024 \u2013 10 Kay\u0131p, 51 Yaral\u0131<\/strong><\/h2>\n\n\n\n<ul class=\"wp-block-list\">\n<li>Bal\u0131kesir&#8217;in Kepsut-Dursunbey karayolunda meydana gelen kazada tomruk y\u00fckl\u00fc kamyon yoldan \u00e7\u0131karak kaza yapt\u0131. Kazada kamyon s\u00fcr\u00fcc\u00fcs\u00fc Bar\u0131\u015f M. hayat\u0131n\u0131 kaybetti.<\/li>\n\n\n\n<li>Beylikd\u00fcz\u00fc D-100 Karayolu&#8217;nda kamyon devrildi. Kamyonun \u015fof\u00f6r\u00fcn\u00fcn hafif \u015fekilde yaraland\u0131.<\/li>\n\n\n\n<li>Antalya\u2019da otomobil ile kamyonet kafa kafaya \u00e7arp\u0131\u015ft\u0131. Kazada kamyonet s\u00fcr\u00fcc\u00fcs\u00fc R\u0131za Kaya (49) hayat\u0131n\u0131 kaybederken, otomobildeki anne ve o\u011flu a\u011f\u0131r yaraland\u0131.<\/li>\n\n\n\n<li>Kocaeli\u2019nin \u0130zmit il\u00e7esinde servis minib\u00fcs\u00fc ile otomobilin \u00e7arp\u0131\u015ft\u0131\u011f\u0131 kazada 4 ki\u015fi yaraland\u0131.<\/li>\n\n\n\n<li>Zonguldak&#8217;\u0131n \u00c7aycuma il\u00e7esinde Curuk ailesinin bulundu\u011fu otomobil \u015farampole devrildi. S\u00fcr\u00fcc\u00fcn\u00fcn yara almadan kurtuldu\u011fu kazada 1 ya\u015f\u0131ndaki Recep Aslan bebek \u00f6ld\u00fc, anne ile 2 k\u0131z\u0131 yaraland\u0131.<\/li>\n\n\n\n<li>Hatay&#8217;\u0131n Arsuz il\u00e7esinde TIR&#8217;a arkadan \u00e7arpan i\u015f\u00e7i servis minib\u00fcs\u00fcndeki 1 ki\u015fi \u00f6ld\u00fc, 7 ki\u015fi yaraland\u0131.<\/li>\n\n\n\n<li>Eski\u015fehir&#8217;de ayd\u0131nlatma dire\u011fine \u00e7arp\u0131p, takla atan otomobildeki s\u00fcr\u00fcc\u00fc Ramazan G\u00fcrler (27) ile yan\u0131ndaki P\u0131nar \u00c7a\u011fla Tuna (17), hayat\u0131n\u0131 kaybetti.<\/li>\n\n\n\n<li>Mardin&#8217;de meydana gelen 1&#8217;i zincirleme 8 ayr\u0131 trafik kazas\u0131nda 11 ki\u015fi, yaraland\u0131.<\/li>\n\n\n\n<li>Adana&#8217;da \u015fehir i\u00e7i yolcu ta\u015f\u0131mac\u0131l\u0131\u011f\u0131 yapan minib\u00fcs ile otomobilin \u00e7arp\u0131\u015ft\u0131\u011f\u0131 kazada, 1&#8217;i a\u011f\u0131r, 9 ki\u015fi yaraland\u0131.<\/li>\n\n\n\n<li>Beyo\u011flu&#8217;nda viraj\u0131 alamayan \u0130ETT otob\u00fcs\u00fc, alt ge\u00e7it duvar\u0131na \u00e7arpt\u0131. Kazada otob\u00fcste bulunan 7 yolcu hafif \u015fekilde yaraland\u0131.<\/li>\n\n\n\n<li>Samsun\u2019un \u00c7ar\u015famba il\u00e7esinde yol kenar\u0131ndaki evin bah\u00e7esine d\u00fc\u015fen otomobilin s\u00fcr\u00fcc\u00fcs\u00fc amat\u00f6r futbolcu Burak Karak\u00f6se (21), hayat\u0131n\u0131 kaybetti, yan\u0131ndaki Furkan Ar\u0131 ise yaraland\u0131.<\/li>\n\n\n\n<li>Trabzon&#8217;un Yomra il\u00e7esinde yolun kar\u015f\u0131s\u0131na ge\u00e7erken otomobilin \u00e7arpt\u0131\u011f\u0131 bal\u0131k\u00e7\u0131 Erol Y\u0131ld\u0131r\u0131m (55), hayat\u0131n\u0131 kaybetti.<\/li>\n\n\n\n<li>Sar\u0131yer&#8217;de kulland\u0131\u011f\u0131 otomobille \u00f6n\u00fcndeki araca \u00e7arpan s\u00fcr\u00fcc\u00fcs\u00fc yaraland\u0131.<\/li>\n\n\n\n<li>Kartal&#8217;da ya\u011f\u0131\u015f\u0131n etkisi ile olu\u015fan \u0131slak zeminde kontrolden \u00e7\u0131kan otomobil, \u00fcst ge\u00e7idin beton direklerine \u00e7arpt\u0131. Kazada otomobilde bulunan 1 ki\u015fi hayat\u0131n\u0131 kaybederken, 1 ki\u015fi a\u011f\u0131r yaraland\u0131.<\/li>\n\n\n\n<li>K\u00fctahya\u2019n\u0131n \u015eaphane il\u00e7esine ba\u011fl\u0131 Karamanca k\u00f6y\u00fc yak\u0131nlar\u0131nda tilkiye \u00e7arpmamak i\u00e7in direksiyonu k\u0131ran s\u00fcr\u00fcc\u00fc direksiyon hakimiyetini kaybedip, yol kenar\u0131nda a\u011faca \u00e7arpt\u0131. S\u00fcr\u00fcc\u00fc Mehmet Da\u011f hayat\u0131n\u0131 kaybetti.<\/li>\n\n\n\n<li>Elaz\u0131\u011f&#8217;da bir otomobil ile transitin \u00e7arp\u0131\u015fmas\u0131 sonucu trafik kazas\u0131 meydana geldi. Kazada 5 ki\u015fi yaraland\u0131.<\/li>\n<\/ul>\n\n\n\n<h2 class=\"wp-block-heading\"><strong>28 Ocak 2024 \u2013 5 Kay\u0131p, 51 Yaral\u0131<\/strong><\/h2>\n\n\n\n<ul class=\"wp-block-list\">\n<li>\u0130stanbul K\u00fc\u00e7\u00fck\u00e7ekmece&#8217;de 5 arac\u0131n kar\u0131\u015ft\u0131\u011f\u0131 zincirleme trafik kazas\u0131 meydana geldi. Olayda 2 ki\u015fi yaraland\u0131.<\/li>\n\n\n\n<li>Sakarya&#8217;da polis memuru Cengiz Parlak g\u00f6revi esnas\u0131nda ge\u00e7irdi\u011fi trafik kazas\u0131 sonucu \u015fehit oldu.<\/li>\n\n\n\n<li>Mardin&#8217;in Artuklu il\u00e7esinde meydana gelen zincirleme trafik kazas\u0131nda 3 ki\u015fi yaraland\u0131.<\/li>\n\n\n\n<li>Manisa Akhisar&#8217;da ya\u015fanan zincirleme kaza sonucunda 2 ki\u015fi hayat\u0131n\u0131 kaybetti, 3 ki\u015fi ise yaraland\u0131. (Otob\u00fcs)<\/li>\n\n\n\n<li>Afyonkarahisar\u2019\u0131n Sinanpa\u015fa il\u00e7esinde iki hafif ticari arac\u0131n \u00e7arp\u0131\u015ft\u0131\u011f\u0131 kazada 6 ki\u015fi yaraland\u0131.<\/li>\n\n\n\n<li>\u00c7orum\u2019da iki araban\u0131n \u00e7arp\u0131\u015fmas\u0131 sonucu meydana gelen trafik kazas\u0131nda 3 ki\u015fi yaraland\u0131.<\/li>\n\n\n\n<li>Ak\u015fam saatlerinde Kars-Ani g\u00fczergah\u0131nda 3 arac\u0131n kar\u0131\u015ft\u0131\u011f\u0131 yaralanmal\u0131 kaza meydana geldi. Kazada 1&#8217;i a\u011f\u0131r olmak \u00fczere 3 ara\u00e7ta bulunan toplam 9 ki\u015fi yaraland\u0131.<\/li>\n\n\n\n<li>Diyarbak\u0131r&#8217;da hafif ticari ara\u00e7la \u00e7arp\u0131\u015ft\u0131ktan sonra takla atan otomobildeki 3 ki\u015fi yaraland\u0131.<\/li>\n\n\n\n<li>Bolu\u2019da, Kartalkaya Kayak Merkezi yolunda yolcu otob\u00fcs\u00fc ve kamyonetin \u00e7arp\u0131\u015ft\u0131\u011f\u0131 maddi hasarl\u0131 kazan\u0131n raporunu haz\u0131rlayan jandarma personeli ve otob\u00fcs \u015fof\u00f6r\u00fc ba\u015fka cipin \u00e7arpmas\u0131 sonucu yaraland\u0131.<\/li>\n\n\n\n<li>Ni\u011fde&#8217;de tar\u0131m i\u015f\u00e7ilerini ta\u015f\u0131yan minib\u00fcs ile hafif ticari arac\u0131n \u00e7arp\u0131\u015fmas\u0131 sonucu 1&#8217;i \u00e7ocuk 8 ki\u015fi yaraland\u0131.<\/li>\n\n\n\n<li>Adana&#8217;da ref\u00fcjde arkada\u015f\u0131yla \u015fakal\u0131\u015f\u0131rken caddeye f\u0131rlayan Suriye uyruklu Ammar el-M\u00fcheymid (15), minib\u00fcs\u00fcn \u00e7arpmas\u0131 sonucu hayat\u0131n\u0131 kaybetti.<\/li>\n\n\n\n<li>K\u00fc\u00e7\u00fck\u00e7ekmece&#8217;de 5 arac\u0131n kar\u0131\u015ft\u0131\u011f\u0131 zincirleme kazada 2 ki\u015fi yaraland\u0131.<\/li>\n\n\n\n<li>Mardin&#8217;de \u015farampole devrilen otomobildeki 4 ki\u015fi yaraland\u0131.<\/li>\n\n\n\n<li>Kocaeli&#8217;nin K\u00f6rfez il\u00e7esi Kuzey Marmara Otoyolu ge\u00e7i\u015finde 3 otomobilin kar\u0131\u015ft\u0131\u011f\u0131 zincirleme trafik kazas\u0131nda 5 ki\u015fi yaraland\u0131.<\/li>\n\n\n\n<li>Sakarya&#8217;n\u0131n Hendek il\u00e7esinde, TEM Otoyolu&#8217;nda koruma g\u00f6revindeki 3 polis memurunun bulundu\u011fu otomobil, TIR&#8217;a arkadan \u00e7arpt\u0131. Kazada polis memuru Cengiz Parlak \u015fehit olurken, 2 polis de yaraland\u0131.<\/li>\n<\/ul>\n\n\n\n<h2 class=\"wp-block-heading\"><strong>27 Ocak 2024 \u2013 5 Kay\u0131p, 38 Yaral\u0131<\/strong><\/h2>\n\n\n\n<ul class=\"wp-block-list\">\n<li>Manisa&#8217;n\u0131n Akhisar il\u00e7esinde meydana gelen zincirleme trafik kazalar\u0131nda 2 ki\u015fi \u00f6ld\u00fc, 3 ki\u015fi yaraland\u0131.<\/li>\n\n\n\n<li>Konya&#8217;n\u0131n Karap\u0131nar il\u00e7esinde meydana gelen kazada, elma y\u00fckl\u00fc kamyon \u015farampole devrildi ve s\u00fcr\u00fcc\u00fc yaraland\u0131.<\/li>\n\n\n\n<li>\u015eanl\u0131urfa&#8217;n\u0131n Viran\u015fehir il\u00e7esinde meydana gelen trafik kazas\u0131nda, devrilen minib\u00fcsteki 5 ki\u015fi yaraland\u0131.<\/li>\n\n\n\n<li>Samsun&#8217;un Kavak il\u00e7esinde meydana gelen kazada, ayd\u0131nlatma dire\u011fine \u00e7arpan otomobil hurdaya d\u00f6nd\u00fc. Kazada a\u011f\u0131r yaralanan s\u00fcr\u00fcc\u00fc, hastanede yap\u0131lan t\u00fcm m\u00fcdahalelere ra\u011fmen kurtar\u0131lamad\u0131.<\/li>\n\n\n\n<li>Antalya&#8217;n\u0131n Akseki il\u00e7esinde meydana gelen kazada, kum y\u00fckl\u00fc kamyon \u015farampole devrildi. S\u00fcr\u00fcc\u00fc yaraland\u0131.<\/li>\n\n\n\n<li>Mu\u011fla&#8217;n\u0131n Milas il\u00e7esinde meydana gelen kazada, elektrikli bisiklet ile minib\u00fcs \u00e7arp\u0131\u015ft\u0131. Kazada elektrikli bisiklet s\u00fcr\u00fcc\u00fcs\u00fc yaraland\u0131 ve hastaneye kald\u0131r\u0131ld\u0131.<\/li>\n\n\n\n<li>Elaz\u0131\u011f-Diyarbak\u0131r karayolunun 22. kilometresinde kar ya\u011f\u0131\u015f\u0131n\u0131n etkisiyle meydana gelen kazada, kontrolden \u00e7\u0131kan otomobil \u015farampole devrildi. Kazada 5 ki\u015fi hafif yaraland\u0131.<\/li>\n\n\n\n<li>Antalya&#8217;n\u0131n Manavgat il\u00e7esinde bir BMW otomobilin motosiklete arkadan \u00e7arpmas\u0131 sonucu meydana gelen kazada motosiklet s\u00fcr\u00fcc\u00fcs\u00fc hayat\u0131n\u0131 kaybetti.<\/li>\n\n\n\n<li>Konya&#8217;n\u0131n Karap\u0131nar il\u00e7esinde meydana gelen kazada, elma y\u00fckl\u00fc kamyon \u015farampole devrildi ve s\u00fcr\u00fcc\u00fc yaraland\u0131.<\/li>\n\n\n\n<li>Ordu&#8217;nun \u00dcnye il\u00e7esinde meydana gelen trafik kazas\u0131nda, \u0130stanbul&#8217;dan Ordu Aybast\u0131&#8217;ya giden bir yolcu otob\u00fcs\u00fc ile bir otomobil \u00e7arp\u0131\u015ft\u0131. Kazada otomobil s\u00fcr\u00fcc\u00fcs\u00fc yaraland\u0131 .<\/li>\n\n\n\n<li>L\u00fcleburgaz il\u00e7esinde meydana gelen trafik kazas\u0131nda, M.T. y\u00f6netimindeki motosiklet ile P.Y. idaresindeki otomobil \u00e7arp\u0131\u015ft\u0131. Kazada motosiklet s\u00fcr\u00fcc\u00fcs\u00fc M.T. yaraland\u0131<\/li>\n\n\n\n<li>Elaz\u0131\u011f&#8217;da meydana gelen trafik kazas\u0131nda otomobilin \u00e7arpmas\u0131 sonucu a\u011f\u0131r yaralanan 81 ya\u015f\u0131ndaki Haydar Atan, hastanede yap\u0131lan t\u00fcm m\u00fcdahalelere ra\u011fmen kurtar\u0131lamayarak hayat\u0131n\u0131 kaybetti.<\/li>\n\n\n\n<li>Erzurum&#8217;un K\u00f6pr\u00fck\u00f6y il\u00e7esinde, 25 ABU 535 plakal\u0131 midib\u00fcs\u00fcn \u015farampole yuvarlanmas\u0131 sonucu 12 ki\u015fi yaraland\u0131.<\/li>\n\n\n\n<li>Erzincan&#8217;da gece saatlerinde kar ve tipi etkisini art\u0131rarak trafik kazalar\u0131na sebep oldu. Erzurum-Erzincan karayolunda meydana gelen 3 ara\u00e7l\u0131 kaza sonucunda 2 ki\u015fi yaraland\u0131.<\/li>\n\n\n\n<li>Nev\u015fehir\u2019de bir t\u0131r ve iki otomobilin kar\u0131\u015ft\u0131\u011f\u0131 zincirleme trafik kazas\u0131nda 1 ki\u015fi yaraland\u0131. Kazaya neden olan otomobil s\u00fcr\u00fcc\u00fcs\u00fc, arac\u0131n\u0131 yol kenar\u0131ndaki in\u015faat alan\u0131na b\u0131rakarak ka\u00e7t\u0131.<\/li>\n\n\n\n<li>Elaz\u0131\u011f Malatya Caddesi \u00c7ayda \u00c7\u0131ra Alt Ge\u00e7idinde kontrolden \u00e7\u0131kan cip ayd\u0131nlatma dire\u011fine \u00e7arparak devrildi. Meydana gelen kazada, 6 ki\u015fi yaraland\u0131.<\/li>\n\n\n\n<li>Kahramanmara\u015f\u2019ta direksiyon h\u00e2kimiyetini kaybeden otomobil s\u00fcr\u00fcc\u00fcs\u00fc zincirleme trafik kazas\u0131na neden oldu, 1 ki\u015fi yaraland\u0131.<\/li>\n<\/ul>\n\n\n\n<h2 class=\"wp-block-heading\"><strong>26 Ocak 2024 \u2013 15 Kay\u0131p, 102 Yaral\u0131<\/strong><\/h2>\n\n\n\n<ul class=\"wp-block-list\">\n<li>Van&#8217;\u0131n \u00d6zalp il\u00e7esinde meydana gelen trafik kazas\u0131nda, kamyon ile yolcu minib\u00fcs\u00fc \u00e7arp\u0131\u015ft\u0131 ve 11 ki\u015fi yaraland\u0131.<\/li>\n\n\n\n<li>Bing\u00f6l&#8217;\u00fcn Karl\u0131ova il\u00e7esinde meydana gelen trafik kazas\u0131nda 1 ki\u015fi hayat\u0131n\u0131 kaybetti, 6 ki\u015fi yaraland\u0131.<\/li>\n\n\n\n<li>Adana&#8217;n\u0131n Sar\u0131\u00e7am il\u00e7esinde meydana gelen trafik kazas\u0131nda, Tofa\u015f marka otomobil ile elektrikli motosiklet \u00e7arp\u0131\u015ft\u0131. Kazada motosiklet s\u00fcr\u00fcc\u00fcs\u00fc hayat\u0131n\u0131 kaybederken, otomobil s\u00fcr\u00fcc\u00fcs\u00fc ve di\u011fer iki ki\u015fi yaraland\u0131.<\/li>\n\n\n\n<li>Manisa&#8217;n\u0131n Turgutlu il\u00e7esinde, Suba\u015f\u0131 Mahallesi \u00c7aml\u0131ca yolu \u00fczerinde meydana gelen kazada, yola aniden f\u0131rlayan 2 k\u00fc\u00e7\u00fck \u00e7ocu\u011fa motosiklet \u00e7arpt\u0131. Yaralanan \u00e7ocuklar hastanede tedavi alt\u0131na al\u0131nd\u0131.<\/li>\n\n\n\n<li>\u015eanl\u0131urfa&#8217;n\u0131n Siverek il\u00e7esinde, Ayvanat Mahallesi&#8217;nde bir evin bah\u00e7e duvar\u0131 devrildi. Duvar\u0131n alt\u0131nda kalan Nurullah Saray (7) hayat\u0131n\u0131 kaybederken, karde\u015fi Tuana (4) ise yaraland\u0131.<\/li>\n\n\n\n<li>Erzincan&#8217;\u0131n Refahiye il\u00e7esinde midib\u00fcs ile \u00e7arp\u0131\u015fan hafif ticari arac\u0131n \u015farampole devrildi\u011fi kazada 1 ki\u015fi hayat\u0131n\u0131 kaybetti, 3&#8217;\u00fc a\u011f\u0131r 9 ki\u015fi yaraland\u0131.<\/li>\n\n\n\n<li>Tokat&#8217;\u0131n Turhal il\u00e7esinde meydana gelen trafik kazas\u0131nda, kontrolden \u00e7\u0131kan bir otomobil devrildi ve 3 ki\u015fi yaraland\u0131.<\/li>\n\n\n\n<li>Sivas&#8217;\u0131n Merkez il\u00e7esine ba\u011fl\u0131 Kurtlapa k\u00f6y\u00fc yak\u0131nlar\u0131nda, cenaze yak\u0131nlar\u0131n\u0131 ta\u015f\u0131yan bir otob\u00fcs kar nedeniyle devrildi. \u0130lk belirlemelere g\u00f6re, kazada 20 ki\u015fi yaraland\u0131.<\/li>\n\n\n\n<li>Antalya&#8217;n\u0131n Manavgat il\u00e7esinde meydana gelen kazada motosiklet ile elektrikli bisiklet \u00e7arp\u0131\u015ft\u0131. Kazada yaralanan bisiklet s\u00fcr\u00fcc\u00fcs\u00fc ve yan\u0131ndaki \u00e7ocuklar hastaneye kald\u0131r\u0131ld\u0131. Motosiklet s\u00fcr\u00fcc\u00fcs\u00fc ise olay yerinden ka\u00e7arak izini kaybetti. Olay yerine gelen bir kad\u0131n ise motosiklet s\u00fcr\u00fcc\u00fcs\u00fcn\u00fcn ismini polislere vermedi.<\/li>\n\n\n\n<li>D\u00fczce&#8217;nin Ye\u015filyayla mevkiinde otomobilin dinlenme tesislerine girerken kontrolden \u00e7\u0131kmas\u0131 sonucu meydana gelen kazada hastaneye kald\u0131r\u0131lan 2 ki\u015fi kurtar\u0131lamayarak hayat\u0131n\u0131 kaybetti.<\/li>\n\n\n\n<li>Tokat&#8217;\u0131n Ye\u015filyurt il\u00e7esine ba\u011fl\u0131 Karaca\u00f6ren k\u00f6y\u00fc yak\u0131nlar\u0131nda meydana gelen kazada, kar ya\u011f\u0131\u015f\u0131 nedeniyle kayganla\u015fan yolda seyir halinde olan minib\u00fcs devrildi. Kazada minib\u00fcste bulunan 3 ki\u015fi yaraland\u0131.<\/li>\n\n\n\n<li>Afyonkarahisar&#8217;\u0131n Dinar il\u00e7esinde meydana gelen trafik kazas\u0131nda, minib\u00fcs kontrolden \u00e7\u0131karak takla att\u0131. Kazada 3 ki\u015fi yaraland\u0131.<\/li>\n\n\n\n<li>Amasya&#8217;da 5 metre y\u00fckseklikten bah\u00e7eye d\u00fc\u015f\u00fcp, a\u011faca \u00e7arpan otomobilin 5 ayl\u0131k hamile s\u00fcr\u00fcc\u00fcs\u00fc Seren Din\u00e7er Gevrek (33), hafif yaraland\u0131.<\/li>\n\n\n\n<li>Pendik&#8217;te, s\u00fcr\u00fcc\u00fcs\u00fcn\u00fcn kontrol\u00fcn\u00fc kaybetti\u011fi otomobil bir evin bah\u00e7e duvar\u0131na \u00e7arpt\u0131. Kazada, s\u00fcr\u00fcc\u00fc ve yan\u0131nda bulunan ki\u015fi yaraland\u0131.<\/li>\n\n\n\n<li>Kocaeli\u2019nin Ba\u015fiskele il\u00e7esinde D-100 Karayolu\u2019ndan yol ayr\u0131m\u0131na ba\u011flan\u0131rken bariyerlere \u00e7arpan otomobil, yakla\u015f\u0131k 100 metre s\u00fcr\u00fcklendi. Kazada otomobilde bulunan 2 ki\u015fi hayat\u0131n\u0131 kaybederken, 1 ki\u015fi de yaraland\u0131.<\/li>\n\n\n\n<li>Zonguldak\u2019ta k\u00f6y yolunda giderken kontrolden \u00e7\u0131kan otomobil 15 metre y\u00fckseklikteki istinat duvar\u0131ndan ana yola d\u00fc\u015ft\u00fc. Ters d\u00f6nen otomobilde bulunan Sedat Ermi\u015f (45) ile \u00d6zkan Eliusta (41) hayat\u0131n\u0131 kaybederken, s\u00fcr\u00fcc\u00fc a\u011f\u0131r yaraland\u0131.<\/li>\n\n\n\n<li>\u015eanl\u0131urfa&#8217;n\u0131n Ceylanp\u0131nar il\u00e7esinde, bu\u011fday y\u00fckl\u00fc bir t\u0131r\u0131n devrilmesi sonucu s\u00fcr\u00fcc\u00fc yaraland\u0131.<\/li>\n\n\n\n<li>Kastamonu&#8217;nun Ta\u015fk\u00f6pr\u00fc il\u00e7esinde yolcu otob\u00fcs\u00fc tarlaya devrildi. \u0130lk belirlemelere g\u00f6re 6 ki\u015fi hayat\u0131n\u0131 kaybetti, 33 ki\u015fi de yaraland\u0131.<\/li>\n<\/ul>\n\n\n\n<h2 class=\"wp-block-heading\"><strong>25 Ocak 2024 \u2013 7 Kay\u0131p, 56 Yaral\u0131<\/strong><\/h2>\n\n\n\n<ul class=\"wp-block-list\">\n<li>Ey\u00fcpsultan&#8217;da Kuzey Marmara Otoyolu&#8217;nda gi\u015feye girmek \u00fczere olan t\u0131ra arkadan gelen beton mikseri \u00e7arpt\u0131. Kazada ara\u00e7lar\u0131n s\u00fcr\u00fcc\u00fcleri yaraland\u0131.<\/li>\n\n\n\n<li>Trabzon\u2019un Of il\u00e7esinde seyir halindeyken yama\u00e7tan kopan kaya par\u00e7as\u0131n\u0131n \u00fczerine d\u00fc\u015ft\u00fc\u011f\u00fc kamyonet, \u015farampole yuvarland\u0131. Kazada s\u00fcr\u00fcc\u00fc Muhammet Altuncu (48) hayat\u0131n\u0131 kaybetti, k\u0131z\u0131 Alanur Altuncu (17) yaraland\u0131.<\/li>\n\n\n\n<li>D\u00fczce\u2019de otoyolda meydana gelen kazada a\u011f\u0131r yaralanan s\u00fcr\u00fcc\u00fc G\u00f6khan Din\u00e7 ile olay yerinde kalp masaj\u0131 ile hayata d\u00f6nd\u00fcr\u00fclen Mervenur Din\u00e7, kald\u0131r\u0131ld\u0131klar\u0131 hastanede yap\u0131lan t\u00fcm m\u00fcdahalelere ra\u011fmen kurtar\u0131lamad\u0131. 6 yaral\u0131n\u0131n tedavilerinin s\u00fcrd\u00fcr\u00fcld\u00fc\u011f\u00fc belirtildi.<\/li>\n\n\n\n<li>Adana&#8217;da, yolun kar\u015f\u0131s\u0131na ge\u00e7erken otomobilin \u00e7arpt\u0131\u011f\u0131 Yahya Do\u011fan (69) ya\u015fam\u0131n\u0131 yitirdi.<\/li>\n\n\n\n<li>Fatih&#8217;te sinyal vermeden \u015ferit de\u011fi\u015ftirdi\u011fi iddia edilen s\u00fcr\u00fcc\u00fcn\u00fcn kulland\u0131\u011f\u0131 otomobil, motokuryeye \u00e7arpt\u0131. Motokurye yaraland\u0131.<\/li>\n\n\n\n<li>Bursa&#8217;n\u0131n \u0130neg\u00f6l il\u00e7esinde meydana gelen kazada orta ref\u00fcje giren otomobil takla atarak yan durdu, arac\u0131n s\u00fcr\u00fcc\u00fcs\u00fc yaraland\u0131.<\/li>\n\n\n\n<li>Mu\u011fla&#8217;n\u0131n Milas il\u00e7esinde g\u00fcn i\u00e7erisinde meydana gelen trafik kazalar\u0131nda 3 motosiklet s\u00fcr\u00fcc\u00fcs\u00fc yaraland\u0131.<\/li>\n\n\n\n<li>Malatya&#8217;n\u0131n Battalgazi il\u00e7esinde meydana gelen kazada, kontrolden \u00e7\u0131kan motosiklet devrildi ve s\u00fcr\u00fcc\u00fc a\u011f\u0131r yaraland\u0131.<\/li>\n\n\n\n<li>Isparta&#8217;n\u0131n Yalva\u00e7 il\u00e7esinde elektrik kablosunun yola sarkmas\u0131 sonucu meydana gelen zincirleme kazada 3 ara\u00e7 birbirine \u00e7arpt\u0131 ve 4 ki\u015fi yaraland\u0131.<\/li>\n\n\n\n<li>Trabzon&#8217;un Of il\u00e7esinde, Muhammet Altuncu&#8217;nun kulland\u0131\u011f\u0131 kamyonet \u00fczerine d\u00fc\u015fen kaya par\u00e7as\u0131 sonucu \u015farampole yuvarland\u0131. Kazada s\u00fcr\u00fcc\u00fc Altuncu hayat\u0131n\u0131 kaybederken, ara\u00e7ta bulunan k\u0131z\u0131 Alanur Altuncu ise a\u011f\u0131r yaraland\u0131.<\/li>\n\n\n\n<li>Samsun&#8217;un Atakum il\u00e7esinde bir trakt\u00f6r\u00fcn tekeri \u00fczerinden ge\u00e7en s\u00fcr\u00fcc\u00fc, \u00f6l\u00fcmden d\u00f6nerek hastaneye kald\u0131r\u0131ld\u0131.<\/li>\n\n\n\n<li>Esenler&#8217;de bir kad\u0131n, \u00fcstge\u00e7itten O-3 Otoyolu&#8217;na atlad\u0131ktan sonra \u00fczerinden arac\u0131n ge\u00e7ti\u011fi s\u0131rada hayat\u0131n\u0131 kaybetti.<\/li>\n\n\n\n<li>Elaz\u0131\u011f&#8217;da \u015fehir i\u00e7i yolcu minib\u00fcs\u00fc ile otomobilin \u00e7arp\u0131\u015fmas\u0131 sonucu meydana gelen kazada 1 ki\u015fi yaraland\u0131.<\/li>\n\n\n\n<li>Eski\u015fehir Organize Sanayi B\u00f6lgesi&#8217;nde seyir halinde olan bir minib\u00fcs, kav\u015fakta a\u011faca \u00e7arparak 12 ki\u015finin yaralanmas\u0131na neden oldu.<\/li>\n\n\n\n<li>Van-Erci\u015f karayolunun 25. kilometresinde ka\u00e7ak g\u00f6\u00e7menleri ta\u015f\u0131yan kamyonetin kaza yapmas\u0131 sonucu 5 ki\u015fi yaraland\u0131.<\/li>\n\n\n\n<li>Aksaray&#8217;da terminalden \u00e7\u0131k\u0131\u015f yapt\u0131\u011f\u0131 esnada geri manevra yapan yolcu otob\u00fcs\u00fc, \u00e7arparak d\u00fc\u015f\u00fcrd\u00fc\u011f\u00fc anne ve 3 ya\u015f\u0131ndaki \u00e7ocu\u011fun ayaklar\u0131n\u0131 ezdi. Kazan\u0131n ard\u0131ndan s\u00fcr\u00fcc\u00fc olay yerinden ka\u00e7arken, yaral\u0131lar hastaneye kald\u0131r\u0131ld\u0131.<\/li>\n\n\n\n<li>Siirt&#8217;in Tillo il\u00e7esinde, tar\u0131m arac\u0131 olarak bilinen patpat\u0131n devrildi\u011fi kazada s\u00fcr\u00fcc\u00fc hayat\u0131n\u0131 kaybetti, bir ki\u015fi yaraland\u0131.<\/li>\n\n\n\n<li>A\u011fr\u0131&#8217;n\u0131n Do\u011fubayaz\u0131t il\u00e7esinde, \u0130ran uyruklu yolcular\u0131 ta\u015f\u0131yan bir otob\u00fcs, buzlanma nedeniyle kaza yapt\u0131. Kazada 11 ki\u015fi yaraland\u0131.<\/li>\n\n\n\n<li>Ad\u0131yaman&#8217;da meydana gelen kazada, iki otomobil \u00e7arp\u0131\u015ft\u0131 ve 5 ki\u015fi yaraland\u0131.<\/li>\n\n\n\n<li>U\u015fak&#8217;\u0131n Kemal\u00f6z Mahallesi&#8217;nde meydana gelen trafik kazas\u0131nda, otomobilin \u00e7arpt\u0131\u011f\u0131 76 ya\u015f\u0131ndaki \u00d6kke\u015f Erek hayat\u0131n\u0131 kaybetti.<\/li>\n<\/ul>\n\n\n\n<h2 class=\"wp-block-heading\"><strong>24 Ocak 2024 \u2013 13 Kay\u0131p, 15 Yaral\u0131<\/strong><\/h2>\n\n\n\n<ul class=\"wp-block-list\">\n<li>I\u011fd\u0131r&#8217;\u0131n Suveren-Korhan karayolu \u00fczerinde yo\u011fun kar ya\u011f\u0131\u015f\u0131 nedeniyle kayganla\u015fan yolda s\u00fcr\u00fcc\u00fcs\u00fcn\u00fcn kontrol\u00fcnden \u00e7\u0131kan bir otomobil, \u00f6n\u00fcndeki TIR&#8217;a \u00e7arpt\u0131. Kazada otomobil s\u00fcr\u00fcc\u00fcs\u00fc hayat\u0131n\u0131 kaybederken, ara\u00e7ta bulunan bir ki\u015fi yaraland\u0131.<\/li>\n\n\n\n<li>Kastamonu&#8217;da meydana gelen trafik kazas\u0131nda, kamyonun \u00e7arpt\u0131\u011f\u0131 73 ya\u015f\u0131ndaki Binnaz Durgut hayat\u0131n\u0131 kaybetti.<\/li>\n\n\n\n<li>Kayseri&#8217;de, D.T.&#8217;nin kamyonuyla geri manevra yaparken \u00e7arpt\u0131\u011f\u0131 o\u011flu 12 ya\u015f\u0131ndaki M.T.&nbsp; hayat\u0131n\u0131 kaybetti.<\/li>\n\n\n\n<li>Ankara&#8217;n\u0131n Polatl\u0131 il\u00e7esinde \u00fcst ge\u00e7it bulunan yerde yolun kar\u015f\u0131s\u0131na ge\u00e7mek isteyen Fatma Nur \u00d6cal (21), k\u0131z\u0131 \u00d6yk\u00fc Ko\u00e7 (3) ve annesi \u015eermin \u00d6cal, otomobilin \u00e7arpmas\u0131 sonucu hayat\u0131n\u0131 kaybetti, o\u011flu Emre Ko\u00e7 (6) yaral\u0131 kurtuldu.<\/li>\n\n\n\n<li>Sivas&#8217;ta, 10 arac\u0131n kar\u0131\u015ft\u0131\u011f\u0131 zincirleme kazada, 1 ki\u015fi yaraland\u0131.<\/li>\n\n\n\n<li>Bursa&#8217;da 3 arac\u0131n kar\u0131\u015ft\u0131\u011f\u0131 zincirleme kazada 3 ki\u015fi yaraland\u0131.<\/li>\n\n\n\n<li>\u015eanl\u0131urfa&#8217;da, \u00f6n\u00fcnde seyir halindeki TIR\u2019\u0131n alt\u0131na giren otomobilin s\u00fcr\u00fcc\u00fcs\u00fc Mehmet S\u00fcmer (25) ile yan\u0131nda bulunan Muharrem G\u00fczel (24) ve Sefa Sabuncu (22) hayat\u0131n\u0131 kaybetti, 2 ki\u015fi de yaraland\u0131.<\/li>\n\n\n\n<li>Adana&#8217;da \u015f\u00fcpheli bir otomobili kovalad\u0131klar\u0131 s\u0131rada kaza yapan iki yunus polisi yaraland\u0131.<\/li>\n\n\n\n<li>Ankara\u2019da iddiaya g\u00f6re \u00fcst ge\u00e7idi kullanmayarak yolun kar\u015f\u0131s\u0131na ge\u00e7meye \u00e7al\u0131\u015fan aileye ara\u00e7 \u00e7arpt\u0131. Kazada 3 ki\u015fi hayat\u0131n\u0131 kaybederken, 1 \u00e7ocuk hafif yaraland\u0131.<\/li>\n\n\n\n<li>Kocaeli&#8217;nin Gebze il\u00e7esinde zincirleme trafik kazas\u0131nda 1 ki\u015fi \u00f6ld\u00fc, 1 ki\u015fi yaraland\u0131.<\/li>\n<\/ul>\n\n\n\n<h2 class=\"wp-block-heading\"><strong>23 Ocak 2024 \u2013 9 Kay\u0131p, 75 Yaral\u0131<\/strong><\/h2>\n\n\n\n<ul class=\"wp-block-list\">\n<li>\u0130zmir&#8217;in Karaba\u011flar il\u00e7esinde meydana gelen olayda, silahl\u0131 sald\u0131r\u0131 sonucu yaralanan R.B. isimli ki\u015fi, hastaneye kald\u0131r\u0131ld\u0131\u011f\u0131 s\u0131rada kaza yaparak hayat\u0131n\u0131 kaybetti.<\/li>\n\n\n\n<li>Ordu\u2019nun Alt\u0131nordu il\u00e7esinde k\u0131rm\u0131z\u0131 \u0131\u015f\u0131kta kar\u015f\u0131ya ge\u00e7tikleri \u00f6ne s\u00fcr\u00fclen Suna K\u00f6se (59) ile Semiha Ba\u015far\u2019a (57) taksi \u00e7arpt\u0131. A\u011f\u0131r yaralanan K\u00f6se ve Ba\u015far, tedaviye al\u0131nd\u0131.<\/li>\n\n\n\n<li>Kad\u0131k\u00f6y&#8217;de seyir halindeki otomobil yan\u0131ndan ge\u00e7ti\u011fi hafif ticari araca vurduktan sonra park halindeki taksiye \u00e7arpt\u0131. Kazada 2 ki\u015fi yaraland\u0131.<\/li>\n\n\n\n<li>Konya&#8217;n\u0131n Ere\u011fli il\u00e7esinde iki otomobilin kav\u015fakta \u00e7arp\u0131\u015ft\u0131\u011f\u0131 kazada 9 ki\u015fi yaraland\u0131.<\/li>\n\n\n\n<li>Ankara&#8217;n\u0131n Polatl\u0131 il\u00e7esinde, aniden yolun kar\u015f\u0131s\u0131na do\u011fru ko\u015fan G\u00fclhan K.&#8217;ya (8) hafif ticari ara\u00e7 \u00e7arpt\u0131, yaraland\u0131.<\/li>\n\n\n\n<li>\u015eanl\u0131urfa-Mardin karayolunda meydana gelen kazada, otomobilin t\u0131r\u0131n alt\u0131na girmesi sonucu 3 ki\u015fi hayat\u0131n\u0131 kaybetti, 2 ki\u015fi a\u011f\u0131r yaraland\u0131.<\/li>\n\n\n\n<li>Afyonkarahisar&#8217;da kontrolden \u00e7\u0131karak yol kenar\u0131ndaki ref\u00fcje giren yolcu otob\u00fcs\u00fcnde faciadan d\u00f6n\u00fcl\u00fcrken, kazada \u015fans eseri 6 ki\u015fi hafif \u015fekilde yaraland\u0131.<\/li>\n\n\n\n<li>Zonguldak&#8217;\u0131n Ere\u011fli il\u00e7esinde kav\u015fakta meydana gelen trafik kazas\u0131nda H\u00fcseyin Ad\u0131g\u00fczel hayat\u0131n\u0131 kaybederken, 5 ki\u015fi yaraland\u0131.<\/li>\n\n\n\n<li>Mardin&#8217;in Nusaybin il\u00e7esinde meydana gelen kazada, s\u00fcr\u00fcc\u00fcs\u00fcn\u00fcn kontrol\u00fcnden \u00e7\u0131kan bir t\u0131r devrildi. Kazada s\u00fcr\u00fcc\u00fc hafif yaraland\u0131.<\/li>\n\n\n\n<li>\u00c7orum&#8217;un Osmanc\u0131k il\u00e7esinde, Osmanc\u0131k Belediyesine ait bir itfaiye arac\u0131 park halindeki bir kamyonete \u00e7arpt\u0131. Kazada, ara\u00e7ta bulunan 2 itfaiye personeli yaraland\u0131.<\/li>\n\n\n\n<li>Kilis-Hatay yolunda meydana gelen kazada, beton mikseri ile \u00e7arp\u0131\u015fan otomobil \u015farampole devrildi. \u0130tfaiye ve AFAD ekiplerinin 1 saatlik \u00e7al\u0131\u015fmas\u0131 sonucunda otomobilde s\u0131k\u0131\u015fan s\u00fcr\u00fcc\u00fc ve yan\u0131ndaki ki\u015fi hayat\u0131n\u0131 kaybetti.<\/li>\n\n\n\n<li>Malatya-Ad\u0131yaman karayolu Savakl\u0131 mevkiinde meydana gelen trafik kazas\u0131nda, A.D. idaresindeki kamyonet ile T.A. y\u00f6netimindeki otomobil \u00e7arp\u0131\u015ft\u0131. Kazada A.D. yaraland\u0131 ve hastaneye kald\u0131r\u0131ld\u0131.<\/li>\n\n\n\n<li>Sivas&#8217;\u0131n Zara il\u00e7esinde, kar ya\u011f\u0131\u015f\u0131 nedeniyle kayganla\u015fan yolda hafif ticari ara\u00e7 ile yolcu minib\u00fcs\u00fcn\u00fcn \u00e7arp\u0131\u015ft\u0131\u011f\u0131 kazada yaralanan 26 ki\u015fiden 24&#8217;\u00fc hastanedeki tedavilerinin ard\u0131ndan taburcu edildi.<\/li>\n\n\n\n<li>GAZ\u0130OSMANPA\u015eA&#8217;da yolun kar\u015f\u0131 taraf\u0131na ge\u00e7mek isteyen Elmas Sezer, beton mikserinin alt\u0131nda kalarak hayat\u0131n\u0131 kaybetti.<\/li>\n\n\n\n<li>Adana&#8217;n\u0131n Kozan il\u00e7esinde, yol yap\u0131m \u00e7al\u0131\u015fmalar\u0131nda g\u00f6revli bir kamyonet s\u00fcr\u00fcc\u00fcs\u00fc direksiyon hakimiyetini kaybederek devrildi. Kamyonetin \u015fof\u00f6r\u00fc hafif yaral\u0131 olarak hastaneye kald\u0131r\u0131ld\u0131.<\/li>\n\n\n\n<li>\u0130zmir&#8217;in Buca il\u00e7esinde, servis arac\u0131yla \u00e7arp\u0131\u015fan yolcu minib\u00fcs\u00fc devrildi. Kazada 5 ki\u015fi hafif \u015fekilde yaraland\u0131.<\/li>\n\n\n\n<li>Hatay&#8217;\u0131n Reyhanl\u0131 il\u00e7esinde meydana gelen kazada, fren halat\u0131 kopan bir motosiklet duvara \u00e7arparak durabildi.&nbsp; 3 ki\u015fi hafif \u015fekilde yaraland\u0131.<\/li>\n\n\n\n<li>Bal\u0131kesir&#8217;in Kepsut il\u00e7esinde meydana gelen trafik kazas\u0131nda, yoldaki buzlanma nedeniyle infaz koruma arac\u0131 ile otomobil \u00e7arp\u0131\u015ft\u0131. Kazada bir ki\u015fi hayat\u0131n\u0131 kaybederken, 7&#8217;si infaz koruma memuru olmak \u00fczere 8 ki\u015fi yaraland\u0131.<\/li>\n\n\n\n<li>Konya&#8217;n\u0131n Seydi\u015fehir il\u00e7esinde PTT Kargo&#8217;ya ait bir kamyonetin devrilmesi sonucu s\u00fcr\u00fcc\u00fc hayat\u0131n\u0131 kaybetti, bir ki\u015fi yaraland\u0131.<\/li>\n<\/ul>\n\n\n\n<h2 class=\"wp-block-heading\"><strong>22 Ocak 2024 \u2013 3 Kay\u0131p, 87 Yaral\u0131<\/strong><\/h2>\n\n\n\n<ul class=\"wp-block-list\">\n<li>Ankara&#8217;n\u0131n Polatl\u0131 il\u00e7esinde, aniden yolun kar\u015f\u0131s\u0131na do\u011fru ko\u015fan G\u00fclhan K.&#8217;ya (8) hafif ticari ara\u00e7 \u00e7arpt\u0131. G\u00fclhan&#8217;\u0131n metrelerce savrularak yaraland\u0131.<\/li>\n\n\n\n<li>K\u00fctahya&#8217;n\u0131n Gediz il\u00e7esinde yolcu otob\u00fcs\u00fcn\u00fcn devrildi\u011fi kazada 18 ki\u015fi yaraland\u0131.<\/li>\n\n\n\n<li>Ordu&#8217;da, 30 metrelik u\u00e7urumdan yuvarlanan otomobilin s\u00fcr\u00fcc\u00fcs\u00fc Erdo\u011fan Demir (50), ya\u015fam\u0131n\u0131 yitirdi.<\/li>\n\n\n\n<li>Burdur&#8217;da alkoll\u00fc ve ehliyetsiz ara\u00e7 kullanmaktan yakalan\u0131p, polis merkezindeki ifadesinden sonra serbest b\u0131rak\u0131lan Murat O.&#8217;nun kulland\u0131\u011f\u0131 otomobil, yakla\u015f\u0131k 1 saat sonra Veli K. y\u00f6netimindeki otomobille \u00e7arp\u0131\u015ft\u0131. 2 ki\u015fi yaraland\u0131.<\/li>\n\n\n\n<li>Tuzla TEM Otoyolu&#8217;nda lasti\u011fi&nbsp; patlayan TIR, emniyet \u015feridinde park halinde olan otomobile \u00e7arpt\u0131. Kazada 1 ki\u015fi yaraland\u0131.<\/li>\n\n\n\n<li>Van&#8217;\u0131n Geva\u015f il\u00e7esinde, s\u00fcr\u00fcc\u00fcs\u00fcn\u00fcn direksiyon hakimiyetini kaybetti\u011fi yolcu midib\u00fcs\u00fc yan yatt\u0131. Kazada 7&#8217;si \u00e7ocuk 27 ki\u015fi yaraland\u0131.<\/li>\n\n\n\n<li>Sivas&#8217;\u0131n Zara il\u00e7esinde, kar ya\u011f\u0131\u015f\u0131 nedeniyle kayganla\u015fan yolda hafif ticari ara\u00e7 ile yolcu minib\u00fcs\u00fcn\u00fcn \u00e7arp\u0131\u015ft\u0131\u011f\u0131 kazada, 1&#8217;i a\u011f\u0131r 26 ki\u015fi yaraland\u0131.<\/li>\n\n\n\n<li>Bursa\u2019n\u0131n \u0130neg\u00f6l il\u00e7esinde, so\u011fuk alg\u0131nl\u0131\u011f\u0131 nedeniyle gitti\u011fi hastaneden d\u00f6nen \u0130lker B. (29), yolun kar\u015f\u0131s\u0131na ge\u00e7meye \u00e7al\u0131\u015f\u0131rken otomobilin \u00e7arpmas\u0131 sonucu yaraland\u0131.<\/li>\n\n\n\n<li>Bolu\u2019da, D-100 karayolunda iki otomobilin \u00e7arpt\u0131\u011f\u0131 yaya Hasan H\u00fcseyin \u00d6zt\u00fcrk (31) olay yerinde hayat\u0131n\u0131 kaybetti.<\/li>\n\n\n\n<li>Elaz\u0131\u011f&#8217;\u0131n merkezinde meydana gelen kazada, kontrolden \u00e7\u0131kan bir otomobil levha dire\u011fine \u00e7arpt\u0131. Kazada 1 ki\u015fi yaraland\u0131.<\/li>\n\n\n\n<li>Ankara&#8217;n\u0131n Yenimahalle il\u00e7esinde Ostim sanayi b\u00f6lgesinde meydana gelen kazada, freni patlayan bir kamyon 10 araca \u00e7arpt\u0131. Kazada 3 ki\u015fi yaraland\u0131.<\/li>\n\n\n\n<li>Ayd\u0131n&#8217;\u0131n Efeler il\u00e7esinde geri manevra yapan bir kargo da\u011f\u0131t\u0131m arac\u0131n\u0131n alt\u0131nda kalan 70 ya\u015f\u0131ndaki Muazzez Yanba\u015fl\u0131, hastanede yap\u0131lan t\u00fcm m\u00fcdahalelere ra\u011fmen kurtar\u0131lamad\u0131.<\/li>\n\n\n\n<li>Mardin&#8217;in Nusaybin il\u00e7esinde minib\u00fcs ile otomobilin \u00e7arp\u0131\u015ft\u0131\u011f\u0131 kazada 1 ki\u015fi yaraland\u0131.<\/li>\n\n\n\n<li>Afyonkarahisar&#8217;\u0131n \u0130scehisar il\u00e7esinde meydana gelen trafik kazas\u0131nda O.A. idaresindeki bir otomobil, park halindeki ba\u015fka bir otomobile \u00e7arparak dire\u011fe vurdu. Kazada, ara\u00e7lardaki 5 ki\u015fi yaraland\u0131.<\/li>\n\n\n\n<li>Antalya&#8217;n\u0131n Alanya il\u00e7esinde meydana gelen kazada motosiklet s\u00fcr\u00fcc\u00fcs\u00fc yaraland\u0131.<\/li>\n<\/ul>\n\n\n\n<h2 class=\"wp-block-heading\"><strong>21 Ocak 2024 \u2013 9 Kay\u0131p, 54 Yaral\u0131<\/strong><\/h2>\n\n\n\n<ul class=\"wp-block-list\">\n<li>Kayseri&#8217;nin Melikgazi il\u00e7esinde, Yenik\u00f6y Mahallesi Seher Bulvar\u0131&#8217;nda bir hafif ticari ara\u00e7, kar\u015f\u0131dan kar\u015f\u0131ya ge\u00e7meye \u00e7al\u0131\u015fan 65 ya\u015f\u0131ndaki L\u00fctfiye B.&#8217;ye \u00e7arpt\u0131. Olay yerine gelen sa\u011fl\u0131k ekipleri, kad\u0131n\u0131n hayat\u0131n\u0131 kaybetti.<\/li>\n\n\n\n<li>Malatya&#8217;n\u0131n Ye\u015filyurt il\u00e7esinde meydana gelen kazada, minib\u00fcs ile otomobil \u00e7arp\u0131\u015ft\u0131. Kazada otomobilde yolcu olarak bulunan 8 ya\u015f\u0131ndaki k\u0131z \u00e7ocu\u011fu yaraland\u0131.<\/li>\n\n\n\n<li>Diyarbak\u0131r&#8217;da 1. Amat\u00f6r Lig&#8217;de m\u00fccadele eden Dicle Gen\u00e7likspor kafilesini ta\u015f\u0131yan midib\u00fcs, Lice il\u00e7esinde yap\u0131lacak futbol ma\u00e7\u0131na gitmek \u00fczere yola \u00e7\u0131kt\u0131. Ancak midib\u00fcs, kara yolunda kontrolden \u00e7\u0131karak devrildi. Kazada 7 sporcu ve bir antren\u00f6r yaraland\u0131.<\/li>\n\n\n\n<li>Diyarbak\u0131r&#8217;da bir hafif ticari arac\u0131n 16 ya\u015f\u0131ndaki ve ehliyetsiz s\u00fcr\u00fcc\u00fcs\u00fc, \u00f6n\u00fcndeki otomobilin sa\u011f\u0131ndan ge\u00e7meye \u00e7al\u0131\u015f\u0131rken yaya Selahattin Kaplan&#8217;a \u00e7arpt\u0131. Kaplan hayat\u0131n\u0131 kaybetti.<\/li>\n\n\n\n<li>Diyarbak\u0131r&#8217;\u0131n Kayap\u0131nar il\u00e7esinde meydana gelen trafik kazas\u0131nda, g\u00fcvenlik kameras\u0131na yans\u0131yan g\u00f6r\u00fcnt\u00fclerde 1 ki\u015fi hayat\u0131n\u0131 kaybetti, 3 ki\u015fi a\u011f\u0131r yaraland\u0131.<\/li>\n\n\n\n<li>Samsun&#8217;un Bafra il\u00e7esinde, \u0130shakl\u0131 Mahallesi Molla Osman Sokak&#8217;ta meydana gelen trafik kazas\u0131nda, Mihriban A. y\u00f6netimindeki otomobil kald\u0131r\u0131mda bulunan trafik levhalar\u0131na \u00e7arpt\u0131. S\u00fcr\u00fcc\u00fc yaraland\u0131.<\/li>\n\n\n\n<li>Artvin&#8217;in Arhavi il\u00e7esinde, karne g\u00fcn\u00fc birlikte yol kenar\u0131nda y\u00fcr\u00fcyen H\u00fclya ve o\u011flu \u00d6mer Naz\u0131m K\u00fcl\u00fcnk, s\u00fcr\u00fcc\u00fcs\u00fcn\u00fcn kontrol\u00fc kaybetti\u011fi kamyonetin \u00e7arpmas\u0131 sonucunda hayat\u0131n\u0131 kaybetti.<\/li>\n\n\n\n<li>Denizli&#8217;nin \u00c7ivril il\u00e7esinde takla atan otomobilde \u00e7\u0131kan yang\u0131n sonucu s\u00fcr\u00fcc\u00fc ile torunu hayat\u0131n\u0131 kaybetti, 2 ki\u015fi yaraland\u0131.<\/li>\n\n\n\n<li>Arsuz&#8217;un &nbsp;Arpaderesi Mahallesi&#8217;nde meydana gelen tek tarafl\u0131 kazada otomobil s\u00fcr\u00fcc\u00fcs\u00fc kontrol\u00fcn\u00fc kaybederek tarlaya u\u00e7tu. S\u00fcr\u00fcc\u00fc yaraland\u0131.<\/li>\n\n\n\n<li>Ata\u015fehir&#8217;de seyir halindeki iki arac\u0131n kar\u0131\u015ft\u0131\u011f\u0131 kazan\u0131n ard\u0131ndan, alkoll\u00fc s\u00fcr\u00fcc\u00fc ikinci bir kazaya neden oldu. Alt\u0131 arac\u0131n kar\u0131\u015ft\u0131\u011f\u0131 kazada be\u015f ki\u015fi yaraland\u0131.<\/li>\n\n\n\n<li>Kad\u0131k\u00f6y&#8217;de Ya\u011f\u0131\u015f\u0131n Etkisiyle D\u00f6rt Ara\u00e7 Kaza Yapt\u0131 Kad\u0131k\u00f6y&#8217;de seyir halindeki d\u00f6rt otomobil ya\u011f\u0131\u015f\u0131n da etkisiyle kaza yapt\u0131. Kazada d\u00f6rt ki\u015fi yaraland\u0131.<\/li>\n\n\n\n<li>\u015ei\u015fli&#8217;de bir AVM&#8217;nin otopark\u0131nda s\u00fcr\u00fcc\u00fcs\u00fcn\u00fcn kontrol\u00fcn\u00fc kaybeden bir otomobil, cam kap\u0131y\u0131 k\u0131rarak i\u00e7eri girdi ve y\u00fcr\u00fcyen merdivenlerde as\u0131l\u0131 kald\u0131. Kazada 1&#8217;i \u00e7ocuk 3 ki\u015fi yaraland\u0131.<\/li>\n\n\n\n<li>Manisa\u2019n\u0131n Salihli il\u00e7esinde, s\u00fcr\u00fcc\u00fcs\u00fcn\u00fcn kontrol\u00fcnden \u00e7\u0131kan kamyonetin takla at\u0131p kar\u015f\u0131 \u015feride ge\u00e7erek iki otomobile \u00e7arpt\u0131\u011f\u0131 kazada 1&#8217;i a\u011f\u0131r 5 ki\u015fi yaraland\u0131.<\/li>\n\n\n\n<li>Nev\u015fehir&#8217;de otomobil, ayn\u0131 y\u00f6nde seyir halindeki&nbsp; trakt\u00f6re arkadan \u00e7arpt\u0131; kazada 2 ki\u015fi yaraland\u0131.<\/li>\n\n\n\n<li>Ba\u015fak\u015fehir&#8217;de ar\u0131za yapt\u0131\u011f\u0131 i\u00e7in yol kenar\u0131na b\u0131rak\u0131lan otomobilin neden oldu\u011fu kazada a\u011f\u0131r yaralanan Abbas Yuva, kald\u0131r\u0131ld\u0131\u011f\u0131 hastanede yap\u0131lan t\u00fcm m\u00fcdahalelere ra\u011fmen hayat\u0131n\u0131 kaybetti. 2 yaral\u0131.<\/li>\n\n\n\n<li>Manisa&#8217;n\u0131n Turgutlu il\u00e7esinde, yolun kar\u015f\u0131s\u0131na ge\u00e7mek isterken motosikletin \u00e7arpt\u0131\u011f\u0131 Arzu Beler (30) ile s\u00fcr\u00fcc\u00fc yaraland\u0131.<\/li>\n\n\n\n<li>Tekirda\u011f&#8217;\u0131n Marmaraere\u011flisi il\u00e7esinde takla at\u0131p, \u015farampole savrulan otomobildeki Duygu Akyol (28), hayat\u0131n\u0131 kaybetti, s\u00fcr\u00fcc\u00fc yaraland\u0131.<\/li>\n\n\n\n<li>Mardin&#8217;in Artuklu il\u00e7esinde kamyonete \u00e7arpan motosikletteki Ha\u015fim Araz (42), 17 g\u00fcnd\u00fcr tedavi g\u00f6rd\u00fc\u011f\u00fc hastanede hayat\u0131n\u0131 kaybetti.<\/li>\n\n\n\n<li>Maltepe, D-100 Karayolu&#8217;nda ref\u00fcje vuran bir otomobile arkadan gelen ba\u015fka bir otomobil \u00e7arpt\u0131. Kazada, yaralanan 4 ki\u015fi hastaneye kald\u0131r\u0131ld\u0131.<\/li>\n\n\n\n<li>Ankara&#8217;n\u0131n Alt\u0131nda\u011f il\u00e7esinde, otomobilin \u00e7arpt\u0131\u011f\u0131 yolcu minib\u00fcs\u00fcn\u00fcn yan yatt\u0131\u011f\u0131 kazada 11 ki\u015fi yaraland\u0131.<\/li>\n<\/ul>\n\n\n\n<h2 class=\"wp-block-heading\"><strong>20 Ocak 2024 \u2013 6 Kay\u0131p, 33 Yaral\u0131<\/strong><\/h2>\n\n\n\n<ul class=\"wp-block-list\">\n<li>U\u015fak&#8217;ta i\u015f\u00e7i servisi ile otomobil \u00e7arp\u0131\u015ft\u0131. Meydana gelen trafik kazas\u0131nda 3&#8217;\u00fc i\u015f\u00e7i 7 ki\u015fi yaraland\u0131.<\/li>\n\n\n\n<li>Kocaeli&#8217;nin G\u00f6lc\u00fck il\u00e7esinde iki motosikletin \u00e7arp\u0131\u015fmas\u0131 sonucu 1 ki\u015fi ya\u015fam\u0131n\u0131 yitirdi, 1 ki\u015fi yaraland\u0131.<\/li>\n\n\n\n<li>Bursa&#8217;n\u0131n \u0130neg\u00f6l il\u00e7esinde Senayi \u00c7. (63), yolun kar\u015f\u0131s\u0131na ge\u00e7erken otomobilin \u00e7arpmas\u0131 nedeniyle yaraland\u0131.<\/li>\n\n\n\n<li>Edirne&#8217;de, emniyet personelini ta\u015f\u0131yan servis midib\u00fcs\u00fc ile turistlerin ta\u015f\u0131nd\u0131\u011f\u0131 otob\u00fcs\u00fcn \u00e7arp\u0131\u015ft\u0131\u011f\u0131 kazada 10\u2019u polis 11 ki\u015fi yaraland\u0131.<\/li>\n\n\n\n<li>Konya&#8217;da, arkada\u015f\u0131n\u0131n hareket ettirdi\u011fi TIR\u2019\u0131n \u00e7arpt\u0131\u011f\u0131 y\u00f6n levhas\u0131n\u0131n devrilip ba\u015f\u0131na isabet etti\u011fi arac\u0131n \u015fof\u00f6r\u00fc Do\u011fan Acar (61) hayat\u0131n\u0131 kaybetti.<\/li>\n\n\n\n<li>Mardin&#8217;de, yolun kar\u015f\u0131s\u0131na ge\u00e7erken kamyonun \u00e7arpt\u0131\u011f\u0131 Mehmet Tahir G. (15), a\u011f\u0131r yaraland\u0131.<\/li>\n\n\n\n<li>Batman&#8217;da ref\u00fcje \u00e7\u0131kan otomobilin s\u00fcr\u00fcc\u00fcs\u00fc Veysel Enlem (18), yaraland\u0131.<\/li>\n\n\n\n<li>Ni\u011fde&#8217;de kamyonetle otomobilin \u00e7arp\u0131\u015ft\u0131\u011f\u0131 kazada Hac\u0131 Bekir Y\u0131ld\u0131z (48) ya\u015fam\u0131n\u0131 yitirdi, 5 ki\u015fi ise yaraland\u0131.<\/li>\n\n\n\n<li>Mu\u011fla&#8217;n\u0131n Bodrum il\u00e7esinde, hafif ticari ara\u00e7la \u00e7arp\u0131\u015fan motosikletin s\u00fcr\u00fcc\u00fcs\u00fc C\u00fcneyt Y. (26) yaraland\u0131, arkas\u0131ndaki Ay\u015feg\u00fcl Balo\u011flu (22) ya\u015fam\u0131n\u0131 yitirdi. Otomobil s\u00fcr\u00fcc\u00fcs\u00fc B.D.&#8217;nin 1.36 promil alkoll\u00fc oldu\u011fu belirlendi.<\/li>\n\n\n\n<li>Mardin&#8217;in K\u0131z\u0131ltepe il\u00e7esinde meydana gelen kazada, s\u00fcr\u00fcc\u00fcs\u00fcn\u00fcn kontrol\u00fcnden \u00e7\u0131kan otomobil \u015farampole devrildi. Kazada 5 ki\u015fi yaraland\u0131.<\/li>\n\n\n\n<li>Arhavi il\u00e7esinde s\u00fcr\u00fcc\u00fcs\u00fcn\u00fcn kontrol\u00fcnden \u00e7\u0131kan kamyonet, yol kenar\u0131nda y\u00fcr\u00fcyen H\u00fclya ve o\u011flu \u00d6mer Naz\u0131m K\u00fcl\u00fcnk&#8217;e \u00e7arpt\u0131. Anne ve o\u011flu kaza yerinde ya\u015fam\u0131n\u0131 yitirirken, kamyonet s\u00fcr\u00fcc\u00fcs\u00fc yaraland\u0131.<\/li>\n<\/ul>\n\n\n\n<h2 class=\"wp-block-heading\"><strong>19 Ocak 2024 \u2013 10 Kay\u0131p, 21 Yaral\u0131<\/strong><\/h2>\n\n\n\n<ul class=\"wp-block-list\">\n<li>\u00c7anakkale&#8217;nin Bayrami\u00e7 il\u00e7esinde meydana gelen kazada, motosikletin yayaya \u00e7arpmas\u0131 sonucu 2&#8217;si a\u011f\u0131r olmak \u00fczere toplamda 3 ki\u015fi yaraland\u0131.<\/li>\n\n\n\n<li>U\u015fak&#8217;\u0131n Ci\u011ferdere k\u00f6y\u00fc yak\u0131nlar\u0131nda meydana gelen motosiklet kazas\u0131nda s\u00fcr\u00fcc\u00fc hayat\u0131n\u0131 kaybederken, bir ki\u015fi yaraland\u0131.<\/li>\n\n\n\n<li>Tokat&#8217;\u0131n \u00c7aml\u0131bel-Ye\u015filyurt karayolu Dodurga k\u00f6y\u00fc yak\u0131nlar\u0131nda, sa\u011fanak ya\u011f\u0131\u015f nedeniyle kayganla\u015fan yolda kontrolden \u00e7\u0131kan bir otomobil devrildi. Kazada bulunan 2 ki\u015fi yaraland\u0131 .<\/li>\n\n\n\n<li>Samsun&#8217;un Ala\u00e7am il\u00e7esinde meydana gelen kazada, bir otomobil kanala u\u00e7tu ve s\u00fcr\u00fcc\u00fc yaraland\u0131.<\/li>\n\n\n\n<li>K\u0131rklareli&#8217;nin P\u0131narhisar il\u00e7esinde bir ta\u015f oca\u011f\u0131nda meydana gelen kazada, kamyonun u\u00e7uruma devrilmesi sonucu s\u00fcr\u00fcc\u00fc yaraland\u0131.<\/li>\n\n\n\n<li>Mersin&#8217;in Tarsus il\u00e7esinde Adil Ar\u0131kan&#8217;\u0131n kulland\u0131\u011f\u0131 patates y\u00fckl\u00fc kamyon, \u00c7amalan Mahallesi Alman Mezarl\u0131\u011f\u0131 mevkiinde \u015farampole devrildi. Kazada s\u00fcr\u00fcc\u00fc hafif yaraland\u0131.<\/li>\n\n\n\n<li>\u00c7ank\u0131r\u0131&#8217;da odun y\u00fckl\u00fc kamyona arkadan \u00e7arpan otomobilin s\u00fcr\u00fcc\u00fcs\u00fc hayat\u0131n\u0131 kaybetti. Kaza sonucunda otomobil alev ald\u0131 ve s\u00fcr\u00fcc\u00fc olay yerinde hayat\u0131n\u0131 kaybetti.<\/li>\n\n\n\n<li>Sultangazi&#8217;de park halindeyken fireni bo\u015falan minib\u00fcs, yoku\u015f a\u015fa\u011f\u0131 h\u0131zlanarak 13 ya\u015f\u0131ndaki \u00e7ocu\u011fa \u00e7arpt\u0131. \u00c7ocuk hayat\u0131n\u0131 kaybetti.<\/li>\n\n\n\n<li>Sivas-Kayseri kara yolu Ta\u015fl\u0131dere mevkisinde meydana gelen trafik kazas\u0131nda, O.U. idaresindeki otomobil devrildi. Kazada s\u00fcr\u00fcc\u00fc yaraland\u0131.<\/li>\n\n\n\n<li>Manisa&#8217;n\u0131n Selendi il\u00e7esinde meydana gelen trafik kazas\u0131nda a\u011f\u0131r yaralanan ve tedavi g\u00f6rd\u00fc\u011f\u00fc hastanede 21 ya\u015f\u0131ndaki g\u00fcre\u015f\u00e7i Burhan Karabulut, hayat\u0131n\u0131 kaybetti.<\/li>\n\n\n\n<li>Burdur&#8217;un Bucak il\u00e7esinde meydana gelen kaza sonucunda, K\u0131z\u0131lkaya Kav\u015fa\u011f\u0131nda seyir halinde olan bir t\u0131r kontrolden \u00e7\u0131karak devrildi. Kazada t\u0131r s\u00fcr\u00fcc\u00fcs\u00fc yaraland\u0131 .<\/li>\n\n\n\n<li>TEM K\u0131nal\u0131 Kav\u015fa\u011f\u0131&#8217;nda, Edirne y\u00f6n\u00fcnde meydana gelen trafik kazas\u0131nda 3 ki\u015fi olay yerinde hayat\u0131n\u0131 kaybetti, 1 ki\u015fi yaraland\u0131.<\/li>\n\n\n\n<li>Ey\u00fcpsultan&#8217;da kum y\u00fckl\u00fc hafriyat kamyonu y\u00fck\u00fcn\u00fc bo\u015falt\u0131rken devrildi. Kazada kamyon \u015fof\u00f6r\u00fc yaraland\u0131.<\/li>\n\n\n\n<li>Amasya&#8217;da meydana gelen iki ayr\u0131 kargo arac\u0131 kazas\u0131nda 1 ki\u015fi hayat\u0131n\u0131 kaybetti, 3 ki\u015fi yaraland\u0131. \u0130lk kaza Suluova il\u00e7esinde ger\u00e7ekle\u015firken, kargo minib\u00fcs\u00fc kontrolden \u00e7\u0131karak devrildi ve s\u00fcr\u00fcc\u00fc olay yerinde hayat\u0131n\u0131 kaybetti. Di\u011fer kaza ise Merzifon-Kayad\u00fcz\u00fc mevkisinde meydana geldi ve kargo kamyonu bir otomobile \u00e7arpt\u0131. Zincirleme kazada 3 ki\u015fi yaraland\u0131.<\/li>\n\n\n\n<li>KARTAL&#8217;da meydana gelen kaza sonucunda, bir otomobilin gaz pedal\u0131 tak\u0131l\u0131 kalarak ref\u00fcje \u00e7\u0131kmas\u0131 sonucu s\u00fcr\u00fcc\u00fc yaraland\u0131.<\/li>\n\n\n\n<li>Konya\u2019da emniyet \u015feridine park etti\u011fi TIR&#8217;\u0131n \u00f6n\u00fcnde bekleyen s\u00fcr\u00fcc\u00fc Do\u011fan A.&#8217;n\u0131n (61) ba\u015f\u0131na, arkada\u015f\u0131n\u0131n arac\u0131 hareket ettirmesiyle \u00e7arpt\u0131\u011f\u0131 y\u00f6n levhas\u0131 devrildi. Do\u011fan A. yaraland\u0131.<\/li>\n\n\n\n<li>\u00c7ank\u0131r\u0131&#8217;da odun y\u00fckl\u00fc kamyona arkadan \u00e7arpan otomobilin s\u00fcr\u00fcc\u00fcs\u00fc hayat\u0131n\u0131 kaybetti.<\/li>\n\n\n\n<li>Ey\u00fcpsultan&#8217;da kum y\u00fckl\u00fc hafriyat kamyonu y\u00fck\u00fcn\u00fc bo\u015falt\u0131rken devrildi. Kazada kamyon \u015fof\u00f6r\u00fc yaraland\u0131.<\/li>\n\n\n\n<li>Nev\u015fehir&#8217;in Avanos il\u00e7esinde, iki otomobilin \u00e7arp\u0131\u015ft\u0131\u011f\u0131 kazada 1 ki\u015fi ya\u015fam\u0131n\u0131 yitirdi, 3 ki\u015fi yaraland\u0131.<\/li>\n<\/ul>\n\n\n\n<h2 class=\"wp-block-heading\"><strong>18 Ocak 2024 \u2013 14 kay\u0131p, 32 Yaral\u0131<\/strong><\/h2>\n\n\n\n<ul class=\"wp-block-list\">\n<li>Ni\u011fde&#8217;nin Altunhisar il\u00e7esinde, trakt\u00f6re arkadan \u00e7arpan hafif ticari arac\u0131n s\u00fcr\u00fcc\u00fcs\u00fc polis memuru Sabri Turhan (49), hayat\u0131n\u0131 kaybetti.<\/li>\n\n\n\n<li>Mu\u011fla&#8217;da kamyonet, yol kenar\u0131nda park halindeki otomobile, ard\u0131ndan da yan\u0131ndaki s\u00fcr\u00fcc\u00fcs\u00fc Ali Olgun ile arkada\u015f\u0131 Filiz Erdem \u00dclgen&#8217;e \u00e7arpt\u0131. Kazada \u00dclgen ya\u015fam\u0131n\u0131 yitirdi, Olgun ise yaraland\u0131.<\/li>\n\n\n\n<li>Mardin&#8217;de otomobil ile hafif ticari arac\u0131n kafa kafaya \u00e7arp\u0131\u015ft\u0131\u011f\u0131 kazada 4 ki\u015fi yaraland\u0131.<\/li>\n\n\n\n<li>Bursa&#8217;da, okul d\u00f6n\u00fc\u015f\u00fc evine motosikletle giderken, lasti\u011fi patlad\u0131\u011f\u0131 i\u00e7in sol \u015feritte durup kamyonetinden inen E\u015fref Kaya&#8217;ya (50) \u00e7arp\u0131p bariyer ile kamyonet aras\u0131na s\u0131k\u0131\u015farak hayat\u0131n\u0131 kaybeden Efe Belin\u2019in (17), \u00fcniversite s\u0131nav\u0131na haz\u0131rland\u0131\u011f\u0131 ve bilgisayar m\u00fchendisi olmak istedi\u011fi \u00f6\u011frenildi. Yak\u0131nlar\u0131, Efe\u2019nin motosiklet tutkunu oldu\u011funu s\u00f6yledi.<\/li>\n\n\n\n<li>Tokat&#8217;\u0131n Erbaa il\u00e7esinde, TIR&#8217;a arkadan \u00e7arpan otomobilin s\u00fcr\u00fcc\u00fcs\u00fc Kadir Demir (21), yaraland\u0131.<\/li>\n\n\n\n<li>Sultangazi, TEM Otoyolu \u00fczerinde iddiaya g\u00f6re makas atarak ilerleyen otomobil, ba\u011flant\u0131 aks\u0131 ar\u0131zalanarak sa\u011f \u015feritte b\u0131rak\u0131lan dampere \u00e7arpt\u0131. Kazada 1 ki\u015fi hayat\u0131n\u0131 kaybederken, 2 ki\u015fi yaraland\u0131.<\/li>\n\n\n\n<li>Zeytinburnu, D-100 Karayolu&#8217;nda seyir halindeki l\u00fcks otomobil, sol \u015feritte \u00e7al\u0131\u015fma yapan belediye arac\u0131na \u00e7arpt\u0131. Kazada 4 belediye i\u015f\u00e7isi ile otomobilin s\u00fcr\u00fcc\u00fcs\u00fc yaraland\u0131.<\/li>\n\n\n\n<li>Mardin&#8217;in K\u0131z\u0131ltepe il\u00e7esinde, cipin \u00e7arpt\u0131\u011f\u0131 motosikletin s\u00fcr\u00fcc\u00fcs\u00fc Bilal \u00d6nder (21), ya\u015fam\u0131n\u0131 yitirdi.<\/li>\n\n\n\n<li>Amasya&#8217;n\u0131n Suluova il\u00e7esinde bir kargo firmas\u0131na ait minib\u00fcs, ref\u00fcje \u00e7arpt\u0131ktan sonra devrildi. Kazada minib\u00fcs\u00fcn s\u00fcr\u00fcc\u00fcs\u00fc olan Salih Y\u0131lmaz hayat\u0131n\u0131 kaybetti<\/li>\n\n\n\n<li>KARTAL&#8217;da meydana gelen kaza sonucunda, bir otomobilin gaz pedal\u0131 tak\u0131l\u0131 kalarak ref\u00fcje \u00e7\u0131kmas\u0131 sonucu s\u00fcr\u00fcc\u00fc yaraland\u0131.<\/li>\n\n\n\n<li>\u015eanl\u0131urfa&#8217;n\u0131n Siverek il\u00e7esinde meydana gelen trafik kazas\u0131nda, TIR ile \u00e7arp\u0131\u015fan otomobilde bulunan Dilan G\u00fcm\u00fc\u015fta\u015f hayat\u0131n\u0131 kaybetti, 4 ki\u015fi yaraland\u0131.<\/li>\n\n\n\n<li>\u015eanl\u0131urfa-Viran\u015fehir kara yolunda t\u0131r\u0131n patlayan lasti\u011fini de\u011fi\u015ftirmeye \u00e7al\u0131\u015fan Cafer Karaku\u015f ve o\u011flu Yusuf Eren Karaku\u015f&#8217;a ba\u015fka bir ara\u00e7 \u00e7arparak ka\u00e7t\u0131. Baba olay yerinde hayat\u0131n\u0131 kaybederken, o\u011flu hastanede ya\u015fam\u0131n\u0131 yitirdi.<\/li>\n\n\n\n<li>\u00c7orum&#8217;da, s\u00fcr\u00fcc\u00fcs\u00fcn\u00fcn direksiyon kontrol\u00fcn\u00fc kaybetmesi sonucu kontrolden \u00e7\u0131kan akaryak\u0131t tankerinin devrilmesiyle meydana gelen kazada s\u00fcr\u00fcc\u00fc yaraland\u0131.<\/li>\n\n\n\n<li>Artvin&#8217;in Yusufeli il\u00e7esine ba\u011fl\u0131 Ball\u0131ca k\u00f6y\u00fc Ay\u0131hamam\u0131 mevkisinde meydana gelen trafik kazas\u0131nda, H\u00fcseyin K\u00f6ro\u011flu&#8217;nun kulland\u0131\u011f\u0131 otomobil \u00e7ay\u0131n kenar\u0131na yuvarland\u0131. Kazada s\u00fcr\u00fcc\u00fc H\u00fcseyin K\u00f6ro\u011flu ile o\u011flu Ekrem, karde\u015fi Temel ve ye\u011feni Ramazan K\u00f6ro\u011flu yaraland\u0131.<\/li>\n\n\n\n<li>Ardanu\u00e7-Ardahan karayolu g\u00fczergah\u0131nda meydana gelen kazada, Metin Kaplan&#8217;\u0131n kulland\u0131\u011f\u0131 otomobil dereye yuvarland\u0131. S\u00fcr\u00fcc\u00fc yaraland\u0131.<\/li>\n\n\n\n<li>Kocaeli&#8217;nin Dar\u0131ca il\u00e7esinde meydana gelen i\u015f makinesi kazas\u0131nda hayat\u0131n\u0131 kaybeden 2 ya\u015f\u0131ndaki Elis Ada hayat\u0131n\u0131 kaybetti.<\/li>\n\n\n\n<li>Sinop&#8217;ta otomobilin viraj\u0131 alamayarak ormanl\u0131k alana u\u00e7tu\u011fu kazada s\u00fcr\u00fcc\u00fc yaraland\u0131. Kaza, Ayanc\u0131k-Sinop yolu \u00fczerinde meydana geldi. S\u00fcr\u00fcc\u00fc E.H. hafif \u015fekilde yaraland\u0131<\/li>\n\n\n\n<li>\u0130zmir&#8217;in Tire il\u00e7esinde K\u00fc\u00e7\u00fck Menderes Nehri \u00fczerindeki k\u00f6pr\u00fcn\u00fcn korkuluklar\u0131na \u00e7arpan otomobildeki 2 ki\u015fi hayat\u0131n\u0131 kaybetti, 3 ki\u015fi a\u011f\u0131r yaraland\u0131.<\/li>\n\n\n\n<li>Avc\u0131lar&#8217;da motosikletiyle seyir halinde olan motokurye Cihan Karatepe, kontrol\u00fcn\u00fc kaybederek d\u00fc\u015ft\u00fc ve metrelerce s\u00fcr\u00fcklendikten sonra a\u011f\u0131r yaraland\u0131. Hastaneye kald\u0131r\u0131lan Karatepe, yap\u0131lan m\u00fcdahalelere ra\u011fmen hayat\u0131n\u0131 kaybetti.<\/li>\n\n\n\n<li>Sakarya&#8217;n\u0131n Kocaali il\u00e7esinde meydana gelen trafik kazas\u0131nda hayat\u0131n\u0131 kaybedenlerin say\u0131s\u0131 2&#8217;ye y\u00fckseldi. Kocaali-Ak\u00e7akoca kara yolu Alandere mevkiindeki \u00c7elikler kav\u015fa\u011f\u0131nda iki otomobilin \u00e7arp\u0131\u015ft\u0131\u011f\u0131 kazada yaralanan Meryem Uslu, tedavi g\u00f6rd\u00fc\u011f\u00fc hastanede kurtar\u0131lamad\u0131.<\/li>\n\n\n\n<li>Nev\u015fehir&#8217;de hava s\u0131cakl\u0131klar\u0131n\u0131n d\u00fc\u015fmesiyle ya\u015fanan buzlanma nedeniyle meydana gelen toplamda 10 kazada 4 ki\u015fi yaraland\u0131.<\/li>\n<\/ul>\n\n\n\n<h2 class=\"wp-block-heading\"><strong>17 Ocak 2024 \u2013 4 kay\u0131p, 20 Yaral\u0131<\/strong><\/h2>\n\n\n\n<ul class=\"wp-block-list\">\n<li>Ayd\u0131n- \u0130zmir otoban\u0131nda TIR ile otomobilin \u00e7arp\u0131\u015ft\u0131\u011f\u0131 kazaya di\u011fer ara\u00e7lar\u0131n da kar\u0131\u015fmas\u0131yla zincirleme kaza meydana geldi. 1 ki\u015fi yaraland\u0131.<\/li>\n\n\n\n<li>Zonguldak\u2019ta s\u00fcr\u00fcc\u00fcs\u00fcn\u00fcn kontrol\u00fcnden \u00e7\u0131kan otomobil, a\u011faca \u00e7arpt\u0131ktan sonra istinat duvar\u0131n\u0131n \u00fczerinden park halindeki ara\u00e7lar\u0131n \u00fczerine d\u00fc\u015ft\u00fc. Otomobil s\u00fcr\u00fcc\u00fcs\u00fc \u00c7i\u011fdem \u015eekero\u011flu\u2019nun (43) hafif \u015fekilde yaraland\u0131.<\/li>\n\n\n\n<li>Sakarya&#8217;n\u0131n Kocaali il\u00e7esinde, 2 otomobilin kafa kafaya \u00e7arp\u0131\u015ft\u0131\u011f\u0131 kazada 1 ki\u015fi ya\u015fam\u0131n\u0131 yitirdi, 2 ki\u015fi de yaraland\u0131.<\/li>\n\n\n\n<li>Antalya&#8217;da, karde\u015fiyle yolculuk yaparken emniyet \u015feridinde d\u00f6rtl\u00fc ikaz lambas\u0131n\u0131 yakt\u0131klar\u0131 otomobilin arkas\u0131nda bekleyen Do\u011fan G\u00fcnd\u00fcz, beton mikserinin \u00e7arpmas\u0131 sonucu \u00f6ld\u00fc.<\/li>\n\n\n\n<li>Bing\u00f6l\u2019\u00fcn Karl\u0131ova il\u00e7esinde yo\u011fun kar ya\u011f\u0131\u015f\u0131 ve sis nedeniyle kontrolden \u00e7\u0131k\u0131p \u015farampole d\u00fc\u015fen ambulanstaki psikiyatri hastas\u0131 ile 2 jandarma ve 3 sa\u011fl\u0131k personeli yaraland\u0131.<\/li>\n\n\n\n<li>Kocaeli&#8217;nin Dar\u0131ca il\u00e7esinde i\u015f makinesi, Ceylan \u015e. (29) ile 2 \u00e7ocu\u011funa \u00e7arpt\u0131. Kazada, tekerin alt\u0131nda kalan bebek arabas\u0131ndaki Elis Ada \u015e. (2) ya\u015fam\u0131n\u0131 yitirdi, hafif yaralanan hamile annesi Ceylan \u015e. ile karde\u015fi G\u00fclbeyaz \u015e. (3), hastanede tedaviye al\u0131nd\u0131.<\/li>\n\n\n\n<li>\u00c7orum&#8217;da \u00f6n\u00fcne \u00e7\u0131kan k\u00f6peklere \u00e7arpmamak manevra yapan s\u00fcr\u00fcc\u00fcn\u00fcn otomobili, takla at\u0131p, \u015farampole devrildi. Kazada, 3 ki\u015fi yaraland\u0131.<\/li>\n\n\n\n<li>Sivas&#8217;\u0131n Zara il\u00e7esinde kar ya\u011f\u0131\u015f\u0131 ve tipi nedeniyle kayganla\u015fan yolda 2 otomobilin kafa kafaya \u00e7arp\u0131\u015ft\u0131\u011f\u0131 kazada 1 ki\u015fi hayat\u0131n\u0131 kaybetti, 6 ki\u015fi yaraland\u0131.<\/li>\n<\/ul>\n\n\n\n<h2 class=\"wp-block-heading\"><strong>16 Ocak 2024 \u2013 18 kay\u0131p, 64 Yaral\u0131<\/strong><\/h2>\n\n\n\n<ul class=\"wp-block-list\">\n<li>Erzurum&#8217;da yoldan \u00e7\u0131karak araziye giren hafif ticari ara\u00e7taki 3 ki\u015fi yaraland\u0131.<\/li>\n\n\n\n<li>Mersin&#8217;in Ayd\u0131nc\u0131k il\u00e7esinde ya\u011f\u0131\u015f nedeniyle kayganla\u015fan yolda s\u00fcr\u00fcc\u00fcs\u00fcn\u00fcn kontrol\u00fcnden \u00e7\u0131kan yolcu otob\u00fcs\u00fc devrildi. 9 ki\u015fi \u00f6ld\u00fc, 30 ki\u015fi yaraland\u0131.<\/li>\n\n\n\n<li>Bursa\u2019n\u0131n \u0130neg\u00f6l il\u00e7esinde, \u00f6zel halk otob\u00fcs\u00fc ile otomobilin kafa kafaya \u00e7arp\u0131\u015ft\u0131\u011f\u0131 kazada s\u00fcr\u00fcc\u00fcler ve 7 yolcu yaraland\u0131.<\/li>\n\n\n\n<li>B\u00fcy\u00fck\u00e7ekmece&#8217;de &#8216;dur&#8217; ihtar\u0131na uymayan motosikleti kovalayan polis ekibi kaza yapt\u0131. Kazada 1 polis memuru yaraland\u0131.<\/li>\n\n\n\n<li>Denizli&#8217;nin Bozkurt il\u00e7esinde 15 ya\u015f\u0131ndaki ehliyetsiz s\u00fcr\u00fcc\u00fcn\u00fcn kontrol\u00fcnden \u00e7\u0131kan otomobil \u015farampole devrildi. S\u00fcr\u00fcc\u00fc hayat\u0131n\u0131 kaybederken, yan\u0131nda bulunan arkada\u015f\u0131 yaraland\u0131.<\/li>\n\n\n\n<li>Antalya&#8217;da alkoll\u00fc s\u00fcr\u00fcc\u00fcn\u00fcn kontrol\u00fcnden \u00e7\u0131kan ara\u00e7, kald\u0131r\u0131ma \u00e7arpt\u0131ktan sonra takla at\u0131p \u015farampole devrildi. Kazada 2 ki\u015fi hayat\u0131n\u0131 kaybederken, hamile olan kad\u0131n\u0131n da bebe\u011fi kurtar\u0131lamad\u0131. Kazada a\u011f\u0131r yaralanan hamile kad\u0131n da tedavi g\u00f6rd\u00fc\u011f\u00fc hastanede ya\u015fam\u0131n\u0131 yitirdi.<\/li>\n\n\n\n<li>Kale Mahallesi Dumlup\u0131nar Sokak&#8217;ta yolun kar\u015f\u0131s\u0131na ge\u00e7meye \u00e7al\u0131\u015fan 5 ya\u015f\u0131ndaki S.B&#8217;ye \u00e7arpt\u0131. \u00c7ocuk yaraland\u0131.<\/li>\n\n\n\n<li>Sapanca&#8217;n\u0131n Kuru\u00e7e\u015fme Mahallesi&#8217;nde meydana gelen kazada, kamyonet ile \u00e7arp\u0131\u015fan otomobilde s\u0131k\u0131\u015fan bir kad\u0131n yaraland\u0131.<\/li>\n\n\n\n<li>Alanya&#8217;n\u0131n G\u00fczelba\u011f Mahallesi&#8217;nde meydana gelen trafik kazas\u0131nda, L.B. (26) idaresindeki otomobil \u015farampole devrildi. S\u00fcr\u00fcc\u00fc yaraland\u0131.<\/li>\n\n\n\n<li>Sivas&#8217;\u0131n Kangal il\u00e7esinde meydana gelen trafik kazas\u0131nda bir t\u0131r devrildi ve s\u00fcr\u00fcc\u00fc yaraland\u0131.<\/li>\n\n\n\n<li>Diyarbak\u0131r&#8217;\u0131n Silvan il\u00e7esinde meydana gelen motosiklet kazas\u0131nda acil t\u0131p teknisyeni (ATT) hayat\u0131n\u0131 kaybetti. Kazada, Muhammet Emin Karaku\u015f isimli ATT, kamyonun alt\u0131nda kalarak hayat\u0131n\u0131 kaybetti.<\/li>\n\n\n\n<li>K\u0131r\u015fehir&#8217;de \u015farampole devrilen ara\u00e7ta s\u00fcr\u00fcc\u00fc Muhammed \u0130nce hayat\u0131n\u0131 kaybetti.<\/li>\n\n\n\n<li>Kastamonu&#8217;da Gizli Buzlanma Sebebiyle Meydana Gelen Kazalarda 9 Ki\u015fi Yaraland\u0131.<\/li>\n\n\n\n<li>Zonguldak&#8217;\u0131n \u00c7aycuma il\u00e7esinde meydana gelen trafik kazas\u0131nda iki ara\u00e7 \u00e7arp\u0131\u015ft\u0131. Kazada a\u011f\u0131r yaralanan 38 ya\u015f\u0131ndaki s\u00fcr\u00fcc\u00fc, hastanede yap\u0131lan t\u00fcm m\u00fcdahalelere ra\u011fmen kurtar\u0131lamayarak hayat\u0131n\u0131 kaybetti.<\/li>\n\n\n\n<li>Sivas&#8217;\u0131n Zara il\u00e7esinde kar ya\u011f\u0131\u015f\u0131 ve tipi nedeniyle kayganla\u015fan yolda 2 otomobilin kafa kafaya \u00e7arp\u0131\u015ft\u0131\u011f\u0131 kazada 1 ki\u015fi hayat\u0131n\u0131 kaybetti, 6 ki\u015fi yaraland\u0131.<\/li>\n\n\n\n<li>Siirt&#8217;te s\u00fcr\u00fcc\u00fcs\u00fcn\u00fcn kontrol\u00fcnden \u00e7\u0131kan otomobil, Bitlis \u00c7ay\u0131&#8217;na u\u00e7tu. \u00c7ay\u0131n ortas\u0131nda mahsur kalan ve otomobilinin \u00fczerine \u00e7\u0131karak tutunan s\u00fcr\u00fcc\u00fc Hakan Erol yaraland\u0131.<\/li>\n\n\n\n<li>Denizli&#8217;nin Bozkurt il\u00e7esinde, 15 ya\u015f\u0131ndaki s\u00fcr\u00fcc\u00fc Ali Eren \u00d6zdemir&#8217;in kulland\u0131\u011f\u0131 otomobil, \u015farampole devrildi. Kazada \u00d6zdemir ya\u015fam\u0131n\u0131 yitirirken, otomobildeki kuzeni M.T. (16) ise a\u011f\u0131r yaraland\u0131.<\/li>\n\n\n\n<li>Karab\u00fck&#8217;\u00fcn Eskipazar il\u00e7esinde \u015farampole devrilen otomobilin s\u00fcr\u00fcc\u00fcs\u00fc Turgut H\u0131zarc\u0131o\u011flu (68) a\u011f\u0131r yaraland\u0131, e\u015fi Esma H\u0131zarc\u0131o\u011flu (64) hayat\u0131n\u0131 kaybetti.<\/li>\n\n\n\n<li>Zonguldak&#8217;\u0131n \u00c7aycuma il\u00e7esinde \u00f6n\u00fcndeki araca \u00e7arpan otomobilin s\u00fcr\u00fcc\u00fcs\u00fc Soner G\u00fcl\u015fen (38), 2 g\u00fcn sonra hastanede hayat\u0131n\u0131 kaybetti.<\/li>\n<\/ul>\n\n\n\n<h2 class=\"wp-block-heading\"><strong>15 Ocak 2024 \u2013 3 Kay\u0131p, 29 Yaral\u0131<\/strong><\/h2>\n\n\n\n<ul class=\"wp-block-list\">\n<li>Sivas&#8217;ta iki otomobilin \u00e7arp\u0131\u015ft\u0131\u011f\u0131 kazada 1&#8217;i a\u011f\u0131r, 5 ki\u015fi yaraland\u0131.<\/li>\n\n\n\n<li>Anadolu Otoyolu&#8217;nun Bolu Da\u011f\u0131 mevkiinde t\u0131r s\u00fcr\u00fcc\u00fcs\u00fc seyir halindeyken kalp krizi ge\u00e7irdi. Kontrolden \u00e7\u0131kan t\u0131r bariyerlere \u00e7arparak durdu. S\u00fcr\u00fcc\u00fc, hastanede tedavi alt\u0131na al\u0131nd\u0131.<\/li>\n\n\n\n<li>Kocaeli&#8217;nin Gebze il\u00e7esinde \u00fc\u00e7 arac\u0131n kar\u0131\u015ft\u0131\u011f\u0131 zincirleme trafik kazas\u0131nda 2 ki\u015fi yaraland\u0131.<\/li>\n\n\n\n<li>Hatay&#8217;\u0131n \u0130skenderun il\u00e7esinde i\u015f\u00e7i servisi 2 otob\u00fcs\u00fcn \u00e7arp\u0131\u015ft\u0131\u011f\u0131 kazada 1&#8217;i a\u011f\u0131r 18 ki\u015fi yaraland\u0131.<\/li>\n\n\n\n<li>Antalya\u2019n\u0131n Kepez il\u00e7esinde, kald\u0131r\u0131ma \u00e7arp\u0131p \u015farampole devrilen otomobildeki Ali Erdemir (24) ile Fat\u0131ma Zehra \u00d6zdil (21) ya\u015fam\u0131n\u0131 yitirdi, s\u00fcr\u00fcc\u00fc Umut Acer (23) ile Keziban Nur Acer (20) a\u011f\u0131r yaraland\u0131.<\/li>\n\n\n\n<li>Konya&#8217;n\u0131n Ere\u011fli il\u00e7esinde yolun kar\u015f\u0131s\u0131na ge\u00e7erken otomobilin \u00e7arpt\u0131\u011f\u0131 lise \u00f6\u011frencisi Zeynep Giri\u015fken (15), hayat\u0131n\u0131 kaybetti.<\/li>\n\n\n\n<li>Sancaktepe, TEM Otoyolu \u00fczerinde 5 otomobilin kar\u0131\u015ft\u0131\u011f\u0131 zincirleme kazada 2 ki\u015fi yaraland\u0131.<\/li>\n\n\n\n<li>Kocaeli&#8217;nin Gebze il\u00e7esinde trafikte makas atarak ilerlerken iki otomobile \u00e7arpan cip s\u00fcr\u00fcc\u00fcs\u00fc, kazada yaralanan arkada\u015f\u0131n\u0131 arac\u0131n i\u00e7inde terk edip yaya olarak ka\u00e7t\u0131.<\/li>\n<\/ul>\n\n\n\n<h2 class=\"wp-block-heading\"><strong>14 Ocak 2024 \u2013 8 Kay\u0131p, 40 Yaral\u0131<\/strong><\/h2>\n\n\n\n<ul class=\"wp-block-list\">\n<li>Mardin&#8217;in Artuklu El\u00e7e Kaymakaml\u0131\u011f\u0131&#8217;nda Yaz\u0131 \u0130\u015fleri M\u00fcd\u00fcr\u00fc olan Fatih Kaya\u2019n\u0131n (42) kulland\u0131\u011f\u0131 otomobil, TIR\u2019la \u00e7arp\u0131\u015ft\u0131. Kazada Kaya\u2019n\u0131n e\u015fi G\u00fcls\u00fcm (40) ve k\u0131z\u0131 Beren Nisa (10) hayat\u0131n\u0131 kaybetti, baba ve 6 ya\u015f\u0131ndaki di\u011fer k\u0131z\u0131 yaraland\u0131.<\/li>\n\n\n\n<li>Hatay&#8217;\u0131n \u0130skenderun il\u00e7esinde i\u015f\u00e7ileri ta\u015f\u0131yan iki servis otob\u00fcs\u00fcn\u00fcn \u00e7arp\u0131\u015fmas\u0131 sonucu yaralanan 6 ki\u015fi hastaneye kald\u0131r\u0131ld\u0131.<\/li>\n\n\n\n<li>B\u00fcy\u00fck\u00e7ekmece&#8217;de s\u00fcr\u00fcc\u00fcs\u00fcn\u00fcn direksiyon hakimiyetini kaybetti\u011fi otomobil, ayn\u0131 y\u00f6nde ilerleyen 2 otomobile \u00e7arpt\u0131. Kazada 10 ki\u015fi yaraland\u0131.<\/li>\n\n\n\n<li>\u00dcsk\u00fcdar&#8217;da, alkoll\u00fc oldu\u011fu \u00f6\u011frenilen s\u00fcr\u00fcc\u00fcn\u00fcn arac\u0131yla arkadan \u00e7arpt\u0131\u011f\u0131 motosikletli hayat\u0131n\u0131 kaybetti. Alkoll\u00fc s\u00fcr\u00fcc\u00fc g\u00f6zalt\u0131na al\u0131nd\u0131.<\/li>\n\n\n\n<li>Nev\u015fehir&#8217;de bir otomobilin kald\u0131r\u0131ma \u00e7arp\u0131p yol kenar\u0131na savruldu\u011fu, bir otomobilin ise tarlaya u\u00e7tu\u011fu 2 ayr\u0131 trafik kazas\u0131nda 4 ki\u015fi yaraland\u0131.<\/li>\n\n\n\n<li>Zeytinburnu, D-100 yan yolda seyir halindeki iki otomobil \u00e7arp\u0131\u015ft\u0131. Kazada 1\u2019i a\u011f\u0131r 4 ki\u015fi yaraland\u0131.<\/li>\n\n\n\n<li>\u0130zmir&#8217;in Bayrakl\u0131 il\u00e7esinde, s\u00fcr\u00fcc\u00fcs\u00fcn\u00fcn &#8216;dur&#8217; ihtar\u0131na uymay\u0131p ka\u00e7t\u0131\u011f\u0131 otomobili takibe alan ve bariyerlere \u00e7arpan motosikletteki 2 Yunus polisi, yaraland\u0131.<\/li>\n\n\n\n<li>\u0130zmir&#8217;de, kaza nedeniyle olay yerinde \u00e7al\u0131\u015fma yapan yol temizleme arac\u0131na, kapal\u0131 kasa minib\u00fcs \u00e7arpt\u0131. Kazada, minib\u00fcs\u00fcn s\u00fcr\u00fcc\u00fcs\u00fc a\u011f\u0131r yaraland\u0131.<\/li>\n\n\n\n<li>Mersin&#8217;in merkez Akdeniz il\u00e7esinde, karayolunun kar\u015f\u0131s\u0131na ge\u00e7mek isteyen Abdulhaluk \u00d6lmez (20) ve \u015e\u00fckran Tonk (20), otomobilin \u00e7arpmas\u0131 sonucu ya\u015fam\u0131n\u0131 yitirdi.<\/li>\n\n\n\n<li>Manisa&#8217;n\u0131n Turgutlu il\u00e7esinde, 14 ya\u015f\u0131ndaki bir \u00e7ocu\u011fun y\u00f6netimindeki motosiklet ile bir otomobil \u00e7arp\u0131\u015ft\u0131. Kazada motosikletten d\u00fc\u015fen \u00e7ocuk ile arkas\u0131nda yolcu olarak bulunan karde\u015fi yaraland\u0131.<\/li>\n\n\n\n<li>Sivas&#8217;ta bir kargo \u015firketine ait kargo minib\u00fcs\u00fc ile otomobil \u00e7arp\u0131\u015ft\u0131, 5 ki\u015fi yaraland\u0131.<\/li>\n\n\n\n<li>\u0130skenderun&#8217;da B.\u00c7. y\u00f6netimindeki otomobil, \u0130brahim Karao\u011flano\u011flu Caddesi&#8217;nde yolun kar\u015f\u0131s\u0131na ge\u00e7meye \u00e7al\u0131\u015fan Kanime Uzun&#8217;a \u00e7arpt\u0131. \u0130hbar \u00fczerine olay yerine 112 Acil Sa\u011fl\u0131k ve polis ekipleri sevk edildi. A\u011f\u0131r yaralanan kad\u0131n, \u0130skenderun Devlet Hastanesi&#8217;nde yap\u0131lan m\u00fcdahaleye ra\u011fmen kurtar\u0131lamad\u0131.<\/li>\n\n\n\n<li>Kocaeli&#8217;nin Dar\u0131ca il\u00e7esinde meydana gelen kazada, bir midib\u00fcs ile hafif ticari ara\u00e7 \u00e7arp\u0131\u015ft\u0131. Kazada midib\u00fcste bulunan 2 kad\u0131n yolcu yaraland\u0131.<\/li>\n\n\n\n<li>Bitlis&#8217;in Tatvan il\u00e7esinde, yolda olu\u015fan buzlanmadan dolay\u0131 yem y\u00fckl\u00fc t\u0131r\u0131n devrildi\u011fi kazada 3 ki\u015fi yaraland\u0131.<\/li>\n\n\n\n<li>Bursa&#8217;n\u0131n Mudanya il\u00e7esinde, \u015eehit Hakan Tama\u00e7 Caddesi&#8217;nde elektrikli motosiklet s\u00fcr\u00fcc\u00fcs\u00fc kald\u0131r\u0131ma \u00e7arpt\u0131. Kazada s\u00fcr\u00fcc\u00fc hafif yaraland\u0131.<\/li>\n\n\n\n<li>Sivas&#8217;\u0131n Y\u0131ld\u0131zeli il\u00e7esinde bir t\u0131r \u015fof\u00f6r\u00fc direksiyon ba\u015f\u0131nda kalp krizi ge\u00e7irdi ve t\u0131r tarlaya u\u00e7tu. S\u00fcr\u00fcc\u00fc olay yerinde hayat\u0131n\u0131 kaybetti.<\/li>\n\n\n\n<li>D\u00fczce\u2019de hafif ticari ara\u00e7 t\u0131ra arkadan \u00e7arp\u0131p takla att\u0131. Bariyerlere \u00e7arp\u0131p devrilen ara\u00e7ta 1 ki\u015fi hayat\u0131n\u0131 kaybetti, 1 ki\u015fi ise yaraland\u0131.<\/li>\n<\/ul>\n\n\n\n<h2 class=\"wp-block-heading\"><strong>13 Ocak 2024 \u2013 2 Kay\u0131p, 28 Yaral\u0131<\/strong><\/h2>\n\n\n\n<ul class=\"wp-block-list\">\n<li>Adana&#8217;n\u0131n Kozan il\u00e7esinde, Emniyet M\u00fcd\u00fcrl\u00fc\u011f\u00fc&#8217;n\u00fcn beton bariyerlerine \u00e7arpan motosikletin s\u00fcr\u00fcc\u00fcs\u00fc Emirhan \u00dcnl\u00fc (18), hastanede yap\u0131lan t\u00fcm m\u00fcdahalelere ra\u011fmen kurtar\u0131lamad\u0131. Kazada&nbsp; Muhittin A.&#8217;n\u0131n (17) yaraland\u0131.<\/li>\n\n\n\n<li>KAYSER\u0130-Malatya yolunda kar ya\u011f\u0131\u015f\u0131 nedeniyle kayganla\u015fan yolda meydana gelen zincirleme trafik kazas\u0131nda 8 ara\u00e7 kar\u0131\u015ft\u0131 ve 5 ki\u015fi yaraland\u0131.<\/li>\n\n\n\n<li>CHP Sinop Milletvekili Bar\u0131\u015f Karadeniz, Sinop-Samsun karayolunda trafik kazas\u0131 ge\u00e7irdi, 4 yaral\u0131.<\/li>\n\n\n\n<li>Denizli&#8217;nin Pamukkale il\u00e7esinde, karayolundan yolun kar\u015f\u0131s\u0131na ge\u00e7meye \u00e7al\u0131\u015fan Mahperi \u00c7elik, otomobilin \u00e7arpmas\u0131 sonucu hayat\u0131n\u0131 kaybetti.<\/li>\n\n\n\n<li>Tekirda\u011f \u00c7orlu&#8217;da meydana gelen trafik kazas\u0131nda, bir kamyona arkadan \u00e7arpan ara\u00e7ta bulunan iki gen\u00e7 yaraland\u0131.<\/li>\n\n\n\n<li>Tunceli&#8217;de temizlik i\u015f\u00e7isi Z\u00fclf\u00fc \u00c7elikdemir, tutundu\u011fu \u00e7\u00f6p kamyonunun arkas\u0131ndan d\u00fc\u015ferek a\u011f\u0131r yaraland\u0131.<\/li>\n\n\n\n<li>Antalya&#8217;da meydana gelen kazada, personel servisinin kamyonete \u00e7arpmas\u0131 sonucu 9 ki\u015fi yaraland\u0131.<\/li>\n\n\n\n<li>Arnavutk\u00f6y&#8217;de yolun kar\u015f\u0131s\u0131na ge\u00e7meye \u00e7al\u0131\u015fan kad\u0131na otomobil \u00e7arpt\u0131. Kazada kad\u0131n a\u011f\u0131r yaraland\u0131.<\/li>\n\n\n\n<li>Avc\u0131lar&#8217;da s\u00fcr\u00fcc\u00fcs\u00fcn\u00fcn direksiyon hakimiyetini kaybetti\u011fi otomobil orta ref\u00fcje \u00e7arparak hurdaya d\u00f6nd\u00fc. Otomobilde bulunan 3 ki\u015fiden ikisi yaraland\u0131.<\/li>\n\n\n\n<li>15 Temmuz \u015eehitler K\u00f6pr\u00fcs\u00fc&#8217;nde 10 arac\u0131n kar\u0131\u015ft\u0131\u011f\u0131 3 ayr\u0131 zincirleme kazada 3 ki\u015fi yaraland\u0131.<\/li>\n<\/ul>\n\n\n\n<h2 class=\"wp-block-heading\"><strong>12 Ocak 2024 \u2013 1 Kay\u0131p, 13 Yaral\u0131<\/strong><\/h2>\n\n\n\n<ul class=\"wp-block-list\">\n<li>Kayseri&#8217;de 3 t\u0131r ve 5 otomobilin kar\u0131\u015ft\u0131\u011f\u0131 zincirleme trafik kazas\u0131nda yaralanan biri a\u011f\u0131r 5 ki\u015fi hastanede tedavi alt\u0131na al\u0131nd\u0131.<\/li>\n\n\n\n<li>Mu\u011fla&#8217;n\u0131n Seydikemer il\u00e7esinde bir dakika i\u00e7erisinde ayn\u0131 yerde ya\u015fanan iki farkl\u0131 kazada 2 ki\u015fi yaraland\u0131.<\/li>\n\n\n\n<li>\u0130stanbul&#8217;da s\u00fcr\u00fcc\u00fcs\u00fcn\u00fcn direksiyon hakimiyetini kaybetti\u011fi otomobil bir binan\u0131n bo\u015flu\u011funa d\u00fc\u015ft\u00fc. Kazan\u0131n ard\u0131ndan otomobil s\u00fcr\u00fcc\u00fcs\u00fc ve otomobilde bulunan 2 ki\u015fi, kazada yaralanan arkada\u015flar\u0131n\u0131 b\u0131rakarak b\u0131rakarak olay yerinden ka\u00e7t\u0131.<\/li>\n\n\n\n<li>Tekirda\u011f&#8217;\u0131n \u00c7orlu il\u00e7esinde meydana gelen trafik kazas\u0131nda 2 ki\u015fi yaraland\u0131.<\/li>\n\n\n\n<li>Zonguldak-Ankara karayolu Bakacakkad\u0131 mevkisinde kamyon ve hafif ticari arac\u0131n \u00e7arp\u0131\u015fmas\u0131 sonucu, ara\u00e7 s\u00fcr\u00fcc\u00fcs\u00fc Bahattin Pirecio\u011flu hayat\u0131n\u0131 kaybetti.<\/li>\n\n\n\n<li>Mardin\u2019in Nusaybin il\u00e7esi uluslararas\u0131 \u0130pekyolu \u00fczerinde meydana gelen trafik kazas\u0131nda 1 ki\u015fi yaraland\u0131.<\/li>\n<\/ul>\n\n\n\n<h2 class=\"wp-block-heading\"><strong>11 Ocak 2024 \u2013 5 Kay\u0131p, 19 Yaral\u0131<\/strong><\/h2>\n\n\n\n<ul class=\"wp-block-list\">\n<li>Antalya&#8217;n\u0131n Gazipa\u015fa il\u00e7esinde meydana gelen motosiklet kazas\u0131nda s\u00fcr\u00fcc\u00fc yaraland\u0131.<\/li>\n\n\n\n<li>Nev\u015fehir \u00c7evre Yolu \u00dcstat Necip Faz\u0131l Bulvar\u0131 \u00fczerinde meydana gelen kazada, otomobilin \u00e7arpt\u0131\u011f\u0131 yaya yaraland\u0131.<\/li>\n\n\n\n<li>Kocaeli&#8217;nin \u0130zmit il\u00e7esinde K\u00f6rfez Mahallesi \u015eehit Rafet Karacan Bulvar\u0131nda meydana geldi. E.T. idaresindeki otomobil, yolun kar\u015f\u0131s\u0131na ge\u00e7meye \u00e7al\u0131\u015fan E.\u00d6. isimli kad\u0131na \u00e7arpt\u0131. Kad\u0131n yaraland\u0131.<\/li>\n\n\n\n<li>Samsun&#8217;un Bafra il\u00e7esinde meydana gelen trafik kazas\u0131nda, hafif ticari ara\u00e7 ile otomobil \u00e7arp\u0131\u015ft\u0131. Kazada 5 ki\u015fi yaraland\u0131.<\/li>\n\n\n\n<li>Bal\u0131kesir&#8217;in Band\u0131rma il\u00e7esinde 79 ya\u015f\u0131ndaki bir adam, yolun kar\u015f\u0131s\u0131na ge\u00e7meye \u00e7al\u0131\u015f\u0131rken t\u0131r\u0131n alt\u0131nda kalarak hayat\u0131n\u0131 kaybetti.<\/li>\n\n\n\n<li>Zonguldak&#8217;\u0131n G\u00f6k\u00e7ebey il\u00e7esinde meydana gelen trafik kazas\u0131nda, kum y\u00fckl\u00fc kamyonun hafif ticari araca \u00e7arpmas\u0131 sonucu s\u00fcr\u00fcc\u00fc hayat\u0131n\u0131 kaybetti, 2 ki\u015fi yaraland\u0131.<\/li>\n\n\n\n<li>Antalya&#8217;da pikni\u011fe giden ki\u015filerin i\u00e7erisinde oldu\u011fu otomobil ile pikab\u0131n kar\u0131\u015ft\u0131\u011f\u0131 kazada \u00e7ocuk bak\u0131c\u0131s\u0131 Kazakistan uyruklu kad\u0131n olay yerinde hayat\u0131n\u0131 kaybetti. Kazada yaralanan 1&#8217;i \u00e7ocuk 3 ki\u015fi ise hastanelere kald\u0131r\u0131ld\u0131.<\/li>\n\n\n\n<li>Denizli&#8217;nin Merkezefendi il\u00e7esinde M.D. y\u00f6netimindeki kamyonet, yolun kar\u015f\u0131s\u0131na ge\u00e7meye \u00e7al\u0131\u015fan Remzi \u00d6zcan&#8217;a \u00e7arpt\u0131. Kazada a\u011f\u0131r yaralanan m\u00fcdahaleye ra\u011fmen kurtar\u0131lamad\u0131.<\/li>\n\n\n\n<li>Tokat&#8217;\u0131n Ye\u015filyurt il\u00e7esinde meydana gelen kaza, g\u00fcvenlik kameras\u0131na yans\u0131d\u0131. \u0130ki arac\u0131n kafa kafaya \u00e7arp\u0131\u015fmas\u0131 sonucu ara\u00e7lar hurdaya d\u00f6nd\u00fc ve 5 ki\u015fi yaraland\u0131.<\/li>\n\n\n\n<li>BATMAN&#8217;da meydana gelen kazada, beton elektrik dire\u011fine \u00e7arpan hafif ticari arac\u0131n s\u00fcr\u00fcc\u00fcs\u00fc Hasan \u00d6zdemir hayat\u0131n\u0131 kaybetti.<\/li>\n\n\n\n<li>Giresun&#8217;un Eynesil il\u00e7esinde meydana gelen trafik kazas\u0131nda, plakas\u0131 hen\u00fcz \u00f6\u011frenilemeyen bir kamyon ile 28 TB 667 plakal\u0131 kamyonet \u00e7arp\u0131\u015ft\u0131. Kazada a\u011f\u0131r yaralanan kamyonet s\u00fcr\u00fcc\u00fcs\u00fc Ercan G\u00fcl, hastanede yap\u0131lan m\u00fcdahaleye ra\u011fmen hayat\u0131n\u0131 kaybetti.<\/li>\n\n\n\n<li>Bursa&#8217;da okuldan \u00e7\u0131kan 13 ya\u015f\u0131ndaki k\u0131z, evine giderken cipin \u00e7arpmas\u0131 sonucu hayat\u0131n\u0131 kaybetti.<\/li>\n<\/ul>\n\n\n\n<h2 class=\"wp-block-heading\"><strong>10 Ocak 2024 \u2013 5 Kay\u0131p, 42 Yaral\u0131<\/strong><\/h2>\n\n\n\n<ul class=\"wp-block-list\">\n<li>Adana&#8217;da Tarsus-Adana-Gaziantep (TAG) otoyolunda yolun kar\u015f\u0131s\u0131na ge\u00e7meye \u00e7al\u0131\u015fan bir kad\u0131n, 01 AAY 441 plakal\u0131 t\u0131r\u0131n \u00e7arpmas\u0131 sonucu hayat\u0131n\u0131 kaybetti.<\/li>\n\n\n\n<li>Kahramanmara\u015f&#8217;ta ya\u011f\u0131\u015f nedeniyle kayganla\u015fan yolda meydana gelen 7 ayr\u0131 trafik kazas\u0131nda 18 ara\u00e7 birbirine girdi. Kazalarda 1 ki\u015fi yaraland\u0131.<\/li>\n\n\n\n<li>Konya&#8217;n\u0131n Sel\u00e7uklu il\u00e7esinde, yolun kar\u015f\u0131s\u0131na ge\u00e7mek isteyen 12 ya\u015f\u0131ndaki \u00e7ocuk, otomobilin \u00e7arpmas\u0131 sonucu yaraland\u0131.<\/li>\n\n\n\n<li>Antalya&#8217;n\u0131n Manavgat il\u00e7esinde meydana gelen motosiklet kazas\u0131nda a\u011f\u0131r yaralanan 16 ya\u015f\u0131ndaki Harun T\u00fcmb\u00fcl, yap\u0131lan t\u00fcm m\u00fcdahalelere ra\u011fmen kurtar\u0131lamayarak hayat\u0131n\u0131 kaybetti.<\/li>\n\n\n\n<li>Mardin&#8217;in Nusaybin il\u00e7esinde meydana gelen zincirleme trafik kazas\u0131nda 3 ki\u015fi yaraland\u0131.<\/li>\n\n\n\n<li>Diyarbak\u0131r&#8217;\u0131n Silvan il\u00e7esinde, cezaevi ring arac\u0131 \u015farampole devrildi. Kazada 12&#8217;si askeri personel olmak \u00fczere 23 ki\u015fi yaraland\u0131.<\/li>\n\n\n\n<li>Eski\u015fehir-Seyitgazi yolu \u00fczerinde meydana gelen kazada, kontrolden \u00e7\u0131kan kamyon \u015farampole yuvarland\u0131. Kazada 69 ya\u015f\u0131ndaki kamyon s\u00fcr\u00fcc\u00fcs\u00fc hayat\u0131n\u0131 kaybetti.<\/li>\n\n\n\n<li>Konya&#8217;n\u0131n Bey\u015fehir il\u00e7esinde bulunan bir mermer oca\u011f\u0131nda hafriyat kamyonunun devrilmesi sonucu kamyon \u015fof\u00f6r\u00fc hayat\u0131n\u0131 kaybetti.<\/li>\n\n\n\n<li>Afyonkarahisar&#8217;\u0131n Evciler il\u00e7esine ba\u011fl\u0131 G\u00f6k\u00e7ek k\u00f6y\u00fc yak\u0131nlar\u0131nda seyir halinde olan 64 ya\u015f\u0131ndaki kamyon \u015fof\u00f6r\u00fc, kalp krizi ge\u00e7irerek orta ref\u00fcje \u00e7\u0131kt\u0131, hayat\u0131n\u0131 kaybetti.<\/li>\n\n\n\n<li>Bursa&#8217;n\u0131n Osmangazi il\u00e7esinde bir s\u00fcr\u00fcc\u00fc kalp krizi ge\u00e7irerek seyir halindeki araca ve ard\u0131ndan a\u011faca \u00e7arpt\u0131. Kazada 3 ki\u015fi yaraland\u0131 ve tedavi alt\u0131na al\u0131nd\u0131.<\/li>\n\n\n\n<li>Arnavutk\u00f6y&#8217;de minib\u00fcsten inen 14 ya\u015f\u0131ndaki k\u0131z \u00e7ocu\u011funa, minib\u00fcs\u00fcn kap\u0131s\u0131 \u00e7arpt\u0131. \u00c7ocuk \u00e7arpman\u0131n etkisiyle yere d\u00fc\u015ft\u00fc ve yaraland\u0131.<\/li>\n\n\n\n<li>Diyarbak\u0131r&#8217;\u0131n merkez Kayap\u0131nar il\u00e7esinde meydana gelen trafik kazas\u0131nda, Mehmet K. y\u00f6netimindeki minib\u00fcs kontrolden \u00e7\u0131karak bir markete girdi. Kazada marketin \u00f6n\u00fcnde ve i\u00e7erisinde bulunan 5 \u00f6\u011frenci yaraland\u0131.<\/li>\n\n\n\n<li>Bak\u0131rk\u00f6y&#8217;de ani d\u00f6n\u00fc\u015f yapan otomobil s\u00fcr\u00fcc\u00fcs\u00fc, motosikletli trafik polisine \u00e7arpt\u0131. Kazada yaralanan polis memuru, ambulansla hastaneye kald\u0131r\u0131ld\u0131.<\/li>\n\n\n\n<li>Bak\u0131rk\u00f6y&#8217;de, 5 arac\u0131n kar\u0131\u015ft\u0131\u011f\u0131 zincirleme kazada, 1 ki\u015fi yaraland\u0131.<\/li>\n\n\n\n<li>Aksaray&#8217;da, hasta ziyaretinden d\u00f6nenlerin i\u00e7erisinde bulundu\u011fu otomobil, s\u00fcr\u00fcc\u00fcs\u00fcn\u00fcn trakt\u00f6re \u00e7arpmamak i\u00e7in manevra yapmas\u0131 sonucu kontrolden \u00e7\u0131karak takla att\u0131. Kazada, 3 ki\u015fi yaraland\u0131.<\/li>\n<\/ul>\n\n\n\n<h2 class=\"wp-block-heading\"><strong>9 Ocak 2024 \u2013 17 Kay\u0131p, 32 Yaral\u0131<\/strong><\/h2>\n\n\n\n<ul class=\"wp-block-list\">\n<li>Adana&#8217;da bir akaryak\u0131t istasyonunda yak\u0131t alan bir otomobil aniden alev ald\u0131, ara\u00e7ta bulunan bir ki\u015fi yaraland\u0131.<\/li>\n\n\n\n<li>Tekirda\u011f&#8217;\u0131n Malkara il\u00e7esinde kar nedeniyle kayganla\u015fan yolda meydana gelen trafik kazas\u0131nda TIR s\u00fcr\u00fcc\u00fcs\u00fc hafif yaraland\u0131.<\/li>\n\n\n\n<li>Bal\u0131kesir&#8217;in Alt\u0131eyl\u00fcl il\u00e7esinde bulunan bir akaryak\u0131t istasyonunda meydana gelen patlama sonucunda 2 ki\u015fi yaraland\u0131.<\/li>\n\n\n\n<li>Beyo\u011flu Tophane&#8217;de meydana gelen kazada tramvay, tramvay yoluna giren kamyonete \u00e7arpt\u0131. Kazada kamyonet s\u00fcr\u00fcc\u00fcs\u00fc hafif \u015fekilde yaraland\u0131.<\/li>\n\n\n\n<li>Sakarya&#8217;n\u0131n Pamukova il\u00e7esinde D-650 kara yolunda seyreden bir t\u0131r, k\u00f6pr\u00fc \u00fczerindeki demir parmakl\u0131klara \u00e7arpt\u0131ktan sonra dereye devrildi. S\u00fcr\u00fcc\u00fc yaraland\u0131.<\/li>\n\n\n\n<li>AYDIN&#8217;\u0131n Nazilli il\u00e7esinde, otoyol in\u015faat\u0131n\u0131n viyad\u00fck ayak temeline u\u00e7an otomobildeki 3 ki\u015fi ya\u015fam\u0131n\u0131 yitirdi.<\/li>\n\n\n\n<li>Ayd\u0131n&#8217;\u0131n Ko\u00e7arl\u0131 il\u00e7esinde ya\u011f\u0131\u015f nedeniyle kayganla\u015fan yolda seyir halinde olan bir minib\u00fcs devrildi. Kazada 2 ki\u015fi yaraland\u0131.<\/li>\n\n\n\n<li>Sakarya&#8217;n\u0131n Pamukova il\u00e7esinde dolgu malzemesi y\u00fckl\u00fc bir kamyonun s\u00fcr\u00fcc\u00fcs\u00fcn\u00fcn kontrol\u00fcnden \u00e7\u0131karak sulama kanal\u0131na devrildi\u011fi kazada 1 ki\u015fi yaraland\u0131.<\/li>\n\n\n\n<li>Trabzon&#8217;un S\u00fcrmene il\u00e7esinde geziye \u00e7\u0131kan arkada\u015f grubunun i\u00e7inde bulundu\u011fu otomobil, ya\u011fmur nedeniyle kayganla\u015fan yolda s\u00fcr\u00fcc\u00fcs\u00fcn\u00fcn kontrol\u00fcnden \u00e7\u0131karak bariyere \u00e7arpt\u0131. Kazada, Serhat Y\u0131lmaz ve Emirhan Bodur hayat\u0131n\u0131 kaybederken, 2 ki\u015fi yaraland\u0131.<\/li>\n\n\n\n<li>Ayd\u0131n&#8217;\u0131n Ko\u00e7arl\u0131 il\u00e7esinde Ahmet G&#8217;nin kulland\u0131\u011f\u0131 bir minib\u00fcs, direksiyon hakimiyetinin kaybedilmesi sonucu devrildi. Kazada s\u00fcr\u00fcc\u00fc ile bir yolcu yaraland\u0131.<\/li>\n\n\n\n<li>Ordu&#8217;nun Alt\u0131nordu il\u00e7esinde yolun kar\u015f\u0131s\u0131na ge\u00e7meye \u00e7al\u0131\u015fan bir kad\u0131n, otomobilin \u00e7arpmas\u0131 sonucu a\u011f\u0131r yaraland\u0131. Hastaneye kald\u0131r\u0131lan kad\u0131n, yap\u0131lan t\u00fcm m\u00fcdahalelere ra\u011fmen hayat\u0131n\u0131 kaybetti.<\/li>\n\n\n\n<li>Konya&#8217;n\u0131n Ere\u011fli il\u00e7esinde bir t\u0131r\u0131n tamiri s\u0131ras\u0131nda krikonun kaymas\u0131 sonucu kabinin alt\u0131nda kalan usta, a\u011f\u0131r yaralanarak hastaneye kald\u0131r\u0131ld\u0131. Ancak t\u00fcm m\u00fcdahalelere ra\u011fmen kurtar\u0131lamayarak hayat\u0131n\u0131 kaybetti.<\/li>\n\n\n\n<li>\u00c7orlu il\u00e7esinde \u015fehir i\u00e7i ta\u015f\u0131mac\u0131l\u0131k yapan halk otob\u00fcs\u00fc, yolun kar\u015f\u0131s\u0131na ge\u00e7mek isteyen 12 ya\u015f\u0131ndaki \u00e7ocu\u011fa \u00e7arpt\u0131. \u00c7ocuk yaraland\u0131.<\/li>\n\n\n\n<li>Tekirda\u011f \u00c7orlu&#8217;da \u015fehir i\u00e7i halk otob\u00fcs\u00fc, kar\u015f\u0131dan kar\u015f\u0131ya ge\u00e7meye \u00e7al\u0131\u015fan bir \u00e7ocu\u011fa \u00e7arpt\u0131. \u00c7ocuk yaraland\u0131.<\/li>\n\n\n\n<li>Konya&#8217;n\u0131n Ere\u011fli il\u00e7esinde bir usta, ar\u0131zalanan t\u0131r\u0131 tamir etmek isterken krikonun kaymas\u0131 sonucu \u00fczerine devrilen kabinin alt\u0131nda kalarak a\u011f\u0131r yaraland\u0131.<\/li>\n\n\n\n<li>\u00c7orum&#8217;un Sungurlu il\u00e7esine ba\u011fl\u0131 K\u00fc\u00e7\u00fck Polatl\u0131 k\u00f6y\u00fcnde meydana gelen kazada, Y.D. y\u00f6netimindeki trakt\u00f6r \u015farampole devrildi. S\u00fcr\u00fcc\u00fc yaraland\u0131.<\/li>\n\n\n\n<li>Antalya&#8217;n\u0131n Manavgat il\u00e7esinde, yem y\u00fckl\u00fc kamyonun yan yatmas\u0131 sonucu meydana gelen kazada, 1&#8217;i a\u011f\u0131r 3 ki\u015fi yaraland\u0131.<\/li>\n\n\n\n<li>Karak\u00f6y&#8217;de, Kabata\u015f-Ba\u011fc\u0131lar tramvay hatt\u0131na giren kamyonete tramvay \u00e7arpt\u0131. Kazada, bir ki\u015fi yaraland\u0131.<\/li>\n\n\n\n<li>\u00c7orum&#8217;un Alaca il\u00e7esinde meydana gelen kazada kontrolden \u00e7\u0131kan cip takla att\u0131 ve alev ald\u0131. \u0130tfaiye ekipleri taraf\u0131ndan kurtar\u0131lan 2 ki\u015fi hastaneye kald\u0131r\u0131ld\u0131.<\/li>\n\n\n\n<li>Manisa&#8217;n\u0131n Kula il\u00e7esinde meydana gelen vin\u00e7 kazas\u0131nda gen\u00e7 operat\u00f6r Mert Bayat hayat\u0131n\u0131 kaybetti.<\/li>\n\n\n\n<li>Karadeniz Ere\u011fli&#8217;de M.K. taraf\u0131ndan kullan\u0131lan bir otomobil, Solak yol ayr\u0131m\u0131 mevkisinde Muammer G\u00fcney&#8217;e \u00e7arpt\u0131.&nbsp; G\u00fcney&#8217;in hayat\u0131n\u0131 kaybetti\u011fini belirledi.<\/li>\n\n\n\n<li>Sultangazi&#8217;de servis minib\u00fcs\u00fcn\u00fcn \u00e7arpt\u0131\u011f\u0131 5 ya\u015f\u0131ndaki Muhammed Enes Memi\u015f hayat\u0131n\u0131 kaybetti. Memi\u015f&#8217;in abisinin de 2021 y\u0131l\u0131nda trafik kazas\u0131nda \u00f6ld\u00fc\u011f\u00fc \u00f6\u011frenildi.<\/li>\n\n\n\n<li>Tekirda\u011f\u2019\u0131n Ergene il\u00e7esinde \u0131\u015f\u0131klarda bekleyen kamyona arkadan \u00e7arpan otomobilin ehliyetsiz s\u00fcr\u00fcc\u00fcs\u00fc Kayra G. (17), hayat\u0131n\u0131 kaybetti.<\/li>\n\n\n\n<li>D\u00fczce&#8217;de, Anadolu Otoyolu&#8217;nda \u00e7arp\u0131\u015fan 2 otomobilden 1&#8217;inde yang\u0131n \u00e7\u0131kt\u0131. Yanan arac\u0131ndan kendi imkanlar\u0131yla \u00e7\u0131kan s\u00fcr\u00fcc\u00fc ile di\u011fer otomobilin yaral\u0131 s\u00fcr\u00fcc\u00fcs\u00fc tedaviye al\u0131nd\u0131.<\/li>\n\n\n\n<li>Ayd\u0131n&#8217;\u0131n Nazilli il\u00e7esinde, otoyol in\u015faat\u0131n\u0131n viyad\u00fck ayak temeline u\u00e7an otomobildeki 3 ki\u015fi ya\u015fam\u0131n\u0131 yitirdi.<\/li>\n\n\n\n<li>K\u0131r\u0131kkale&#8217;nin Delice il\u00e7esinde TIR ile otomobilin \u00e7arp\u0131\u015ft\u0131\u011f\u0131 kazada 3 ki\u015fi yaraland\u0131.<\/li>\n\n\n\n<li>Antalya&#8217;da hafif ticari arac\u0131n seyir halindeyken \u00e7arpt\u0131\u011f\u0131 motosikletin s\u00fcr\u00fcc\u00fcs\u00fc Mert Turgut (17), ya\u015fam\u0131n\u0131 yitirdi.<\/li>\n\n\n\n<li>Zonguldak&#8217;\u0131n Ere\u011fli il\u00e7esinde yolun kar\u015f\u0131s\u0131na ge\u00e7meye \u00e7al\u0131\u015f\u0131rken otomobilin \u00e7arpt\u0131\u011f\u0131 Muharrem G\u00fcney (77) \u00f6ld\u00fc, ara\u00e7ta bulunan 1 ki\u015fi yaraland\u0131.<\/li>\n\n\n\n<li>Ata\u015fehir&#8217;de kural ihlali yaparak hatal\u0131 d\u00f6n\u00fc\u015f yapt\u0131\u011f\u0131 iddia edilen s\u00fcr\u00fcc\u00fcn\u00fcn kulland\u0131\u011f\u0131 otomobile, caddede ilerleyen bir ba\u015fka otomobil \u00e7arpt\u0131. Kazada hatal\u0131 d\u00f6n\u00fc\u015f yapan otomobilin s\u00fcr\u00fcc\u00fcs\u00fc Emre Akao\u011flu otomobilde s\u0131k\u0131\u015farak yaraland\u0131.<\/li>\n\n\n\n<li>Mu\u015f\u2019ta, s\u00fcr\u00fcc\u00fcn\u00fcn direksiyon hakimiyetini kaybetmesi sonucu ref\u00fcj, a\u011fa\u00e7 ve ayd\u0131nlatma dire\u011fine \u00e7arpan otomobilde bulunan 2 ki\u015fi yaraland\u0131.<\/li>\n\n\n\n<li>K\u0131r\u0131kkale&#8217;de, kamyon ile \u00e7arp\u0131\u015fan trakt\u00f6r\u00fcn s\u00fcr\u00fcc\u00fcs\u00fc \u0130smail Bostanc\u0131 (60) hayat\u0131n\u0131 kaybetti, ara\u00e7ta bulunan Abdullah Bostanc\u0131 (35) ise yaraland\u0131.<\/li>\n<\/ul>\n\n\n\n<h2 class=\"wp-block-heading\"><strong>8 Ocak 2024 \u2013 3 Kay\u0131p, 58 Yaral\u0131<\/strong><\/h2>\n\n\n\n<ul class=\"wp-block-list\">\n<li>Konya&#8217;n\u0131n Ere\u011fli il\u00e7esinde iki otomobilin \u00e7arp\u0131\u015ft\u0131\u011f\u0131 kazada 8 ki\u015fi yaraland\u0131.<\/li>\n\n\n\n<li>Nev\u015fehir&#8217;de 2 otomobilin \u00e7arp\u0131\u015ft\u0131\u011f\u0131 kazada 2 s\u00fcr\u00fcc\u00fc, hafif yaraland\u0131.<\/li>\n\n\n\n<li>Elaz\u0131\u011f\u2019da kontrolden \u00e7\u0131karak bariyere saplanan otomobilde 1 ki\u015fi \u00f6ld\u00fc, 1 ki\u015fi de yaraland\u0131.<\/li>\n\n\n\n<li>Konya&#8217;n\u0131n Ere\u011fli il\u00e7esinde kamyon ile kamyonetin \u00e7arp\u0131\u015ft\u0131\u011f\u0131 kazada 1&#8217;i a\u011f\u0131r 2 ki\u015fi, yaraland\u0131.<\/li>\n\n\n\n<li>Osmaniye&#8217;de servis minib\u00fcs\u00fcn\u00fcn a\u011faca \u00e7arpt\u0131\u011f\u0131 kazada 4&#8217;\u00fc \u00f6\u011frenci 6 ki\u015fi, yaraland\u0131.<\/li>\n\n\n\n<li>Sakarya&#8217;n\u0131n Karasu il\u00e7esinde devrilip, alev alan otomobilde s\u0131k\u0131\u015fan s\u00fcr\u00fcc\u00fc \u0130rfan A\u015f\u0131k yaraland\u0131.<\/li>\n\n\n\n<li>\u0130zmir&#8217;in Buca il\u00e7esinde, s\u00fcr\u00fcc\u00fcs\u00fcn\u00fcn kontrol\u00fcn\u00fc yitirdi\u011fi kamyonet yayalara \u00e7arparak bir i\u015f yerine girdi. 5 ki\u015finin yaraland\u0131.<\/li>\n\n\n\n<li>Adana&#8217;n\u0131n Kozan il\u00e7esinde ya\u011f\u0131\u015f nedeniyle kayganla\u015fan yolda ref\u00fcje \u00e7arparak devrilen yolcu minib\u00fcs\u00fcndeki 8 ki\u015fi, yaraland\u0131.<\/li>\n\n\n\n<li>Batman&#8217;da takla atan otomobildeki 1&#8217;i bebek 5 ki\u015fi, yaraland\u0131.<\/li>\n\n\n\n<li>Bursa&#8217;n\u0131n \u0130neg\u00f6l il\u00e7esinde 2 otomobilin \u00e7arp\u0131\u015ft\u0131\u011f\u0131 kazada s\u00fcr\u00fcc\u00fclerden Eren S. (19) yaraland\u0131.<\/li>\n\n\n\n<li>Bursa&#8217;n\u0131n Orhangazi il\u00e7esinde \u00f6n\u00fcndeki TIR&#8217;a \u00e7arpt\u0131ktan sonra kar\u015f\u0131 \u015feride ge\u00e7erek yakla\u015f\u0131k 70 metre s\u00fcr\u00fcklenen kamyonet yan yatt\u0131. Kazada kamyonetin s\u00fcr\u00fcc\u00fcs\u00fc Y.E. (21) yaraland\u0131.<\/li>\n\n\n\n<li>\u0130zmir-\u0130stanbul Otoyolu&#8217;nun Bal\u0131kesir b\u00f6l\u00fcm\u00fcnde feci bir kaza meydana geldi. 1 cip ve 6 otomobilin kar\u0131\u015ft\u0131\u011f\u0131 zincirleme trafik kazas\u0131nda 1 ki\u015fi hayat\u0131n\u0131 kaybetti 4 ki\u015fi de yaraland\u0131.<\/li>\n\n\n\n<li>Konya\u2019n\u0131n Ere\u011fli il\u00e7esinde meydana gelen trafik kazas\u0131nda, iki otomobil \u00e7arp\u0131\u015ft\u0131 ve 8 ki\u015fi yaraland\u0131.<\/li>\n\n\n\n<li>Bolu\u2019da D-100 kara yolunda Ankara istikametinde seyreden bir otomobil, U d\u00f6n\u00fc\u015f\u00fc yapmak isteyen bir ba\u015fka otomobil ile \u00e7ap\u0131\u015ft\u0131. Meydana gelen kazada 6 ki\u015fi yaraland\u0131.<\/li>\n\n\n\n<li>Mu\u015f&#8217;ta, s\u00fcr\u00fcc\u00fcn\u00fcn direksiyon hakimiyetini kaybetmesi sonucu ref\u00fcj, a\u011fa\u00e7 ve ayd\u0131nlatma dire\u011fine \u00e7arpan otomobilde bulunan 2 ki\u015fi yaraland\u0131.<\/li>\n\n\n\n<li>Hatay\u2019\u0131n D\u00f6rtyol il\u00e7esinde iki otomobilin \u00e7arp\u0131\u015fmas\u0131 sonucu yaralanan 6 ki\u015fi hastaneye kald\u0131r\u0131ld\u0131.<\/li>\n\n\n\n<li>Zonguldak&#8217;da Muammer G\u00fcney isimli yurtta\u015f yolun kar\u015f\u0131s\u0131na ge\u00e7mek isterken bir arac\u0131n \u00e7arpmas\u0131 sonucu ya\u015fam\u0131n\u0131 yitirdi.<\/li>\n<\/ul>\n\n\n\n<h2 class=\"wp-block-heading\"><strong>7 Aral\u0131k 2023 \u2013 6 Kay\u0131p, 42 Yaral\u0131<\/strong><\/h2>\n\n\n\n<ul class=\"wp-block-list\">\n<li>\u00c7anakkale&#8217;nin Lapseki il\u00e7esinde meydana gelen kazada, midib\u00fcs ile otomobil \u00e7arp\u0131\u015ft\u0131. Kazada 1 ki\u015fi hayat\u0131n\u0131 kaybederken, 4 ki\u015fi yaraland\u0131.<\/li>\n\n\n\n<li>Ayd\u0131n&#8217;\u0131n Germencik il\u00e7esinde, Ayd\u0131n-\u0130zmir otoyolunda seyir halinde olan k\u00f6m\u00fcr y\u00fckl\u00fc bir t\u0131r \u015farampole devrildi. Kazada t\u0131r s\u00fcr\u00fcc\u00fcs\u00fc yaraland\u0131.<\/li>\n\n\n\n<li>\u00c7anakkale&#8217;nin Lapseki il\u00e7esine ba\u011fl\u0131 Umurbey beldesinde trakt\u00f6r\u00fcn devrilmesi sonucu alt\u0131nda kalan Ali R\u0131za Arslan hayat\u0131n\u0131 kaybetti.<\/li>\n\n\n\n<li>Ankara&#8217;n\u0131n Yenimahalle il\u00e7esinde ya\u011fmur nedeniyle kayganla\u015fan yolda meydana gelen zincirleme kazada 26 ara\u00e7 kar\u0131\u015ft\u0131. Kazada 3 ki\u015fi yaraland\u0131.<\/li>\n\n\n\n<li>Samsun, \u0130lkad\u0131m il\u00e7esine ba\u011fl\u0131 \u00c7ad\u0131r Mahallesi&#8217;nde meydana gelen kazada, Murat Yer idaresindeki trakt\u00f6r \u015farampole devrildi. S\u00fcr\u00fcc\u00fc yaraland\u0131.<\/li>\n\n\n\n<li>Elaz\u0131\u011f&#8217;\u0131n G\u00fcney \u00c7evre Yolunda meydana gelen kazada, hafif ticari ara\u00e7 ile otomobil \u00e7arp\u0131\u015ft\u0131. Kazada 2 ki\u015fi yaraland\u0131.<\/li>\n\n\n\n<li>Diyarbak\u0131r&#8217;da Dicle \u00dcniversitesi giri\u015finde meydana gelen kazada, 46 ACK 544 plakal\u0131 hafif ticari ara\u00e7 ile 34 DGZ 589 plakal\u0131 otomobil \u00e7arp\u0131\u015ft\u0131. Kazada bulunan 2 ki\u015fi hafif yaraland\u0131.<\/li>\n\n\n\n<li>Samsun&#8217;un \u0130lkad\u0131m il\u00e7esinde meydana gelen trafik kazas\u0131nda, bir otomobil ile bir motosiklet \u00e7arp\u0131\u015ft\u0131. Kazada, otomobil s\u00fcr\u00fcc\u00fcs\u00fc ve motosiklet s\u00fcr\u00fcc\u00fcs\u00fc yaraland\u0131.<\/li>\n\n\n\n<li>Esenyurt&#8217;ta seyir halindeki \u0130ETT otob\u00fcs\u00fc, bilinmeyen bir nedenle kontrolden \u00e7\u0131karak yolda bulunan dire\u011fe \u00e7arpt\u0131. Kazada 8 yolcu ve \u015fof\u00f6r yaraland\u0131.<\/li>\n\n\n\n<li>Ankara&#8217;da buzlanan yolda kontrolden \u00e7\u0131kan otomobil, park halindeki TIR&#8217;a \u00e7arpt\u0131. Kazada otomobilin s\u00fcr\u00fcc\u00fcs\u00fc hayat\u0131n\u0131 kaybetti.<\/li>\n\n\n\n<li>Diyarbak\u0131r-Elaz\u0131\u011f kara yolunda meydana gelen kazada, Mehmet Kurt y\u00f6netimindeki kamyonet \u015farampole devrildi. Kazada s\u00fcr\u00fcc\u00fc ile ara\u00e7ta bulunan 2 ki\u015fi yaraland\u0131.<\/li>\n\n\n\n<li>Samsun&#8217;un Canik il\u00e7esinde, kontrol\u00fc yitirilen bir motosikletin bariyere \u00e7arpmas\u0131 sonucu s\u00fcr\u00fcc\u00fc yaraland\u0131.<\/li>\n\n\n\n<li>\u0130zmir&#8217;in \u00c7i\u011fli il\u00e7esinde seyir halindeki polis arac\u0131, k\u00f6pe\u011fe \u00e7arp\u0131p kontrolden \u00e7\u0131karak \u015farampole u\u00e7tu. Meydana gelen kazada 1&#8217;i a\u011f\u0131r olmak \u00fczere, 3 polis memuru yaraland\u0131.<\/li>\n\n\n\n<li>D\u00fczce\u2019nin Ak\u00e7akoca il\u00e7esinde iki otomobilin kafa kafaya \u00e7arp\u0131\u015ft\u0131\u011f\u0131 kazada 1 ki\u015fi \u00f6ld\u00fc, 2 ki\u015fi de yaraland\u0131.<\/li>\n\n\n\n<li>Aksaray&#8217;da s\u00fcr\u00fcc\u00fcs\u00fcn\u00fcn kontrol\u00fcnden \u00e7\u0131k\u0131p, \u015farampole devrilen otomobildeki 5 ki\u015fi yaraland\u0131.<\/li>\n\n\n\n<li>Zonguldak&#8217;\u0131n Devrek il\u00e7esinde kazaya kar\u0131\u015fan 3 ara\u00e7tan 1&#8217;i ikiye b\u00f6l\u00fcn\u00fcrken, 1 ki\u015fi ya\u015fam\u0131n\u0131 yitirdi, 5 ki\u015fi de yaraland\u0131. Kaza sonras\u0131 \u00e7evreye sa\u00e7\u0131lan bira kutular\u0131 dikkat \u00e7ekti.<\/li>\n\n\n\n<li>Trabzon&#8217;un S\u00fcrmene il\u00e7esinde s\u00fcr\u00fcc\u00fcs\u00fcn\u00fcn kontrol\u00fcnden \u00e7\u0131karak \u015farampolde devrilip, ters duran otomobildeki 1 ki\u015fi ya\u015fam\u0131n\u0131 yitirdi, 1 ki\u015fi de yaraland\u0131.<\/li>\n<\/ul>\n\n\n\n<h2 class=\"wp-block-heading\"><strong>6 Aral\u0131k 2023 \u2013 9 Kay\u0131p, 35 Yaral\u0131<\/strong><\/h2>\n\n\n\n<ul class=\"wp-block-list\">\n<li>Bursa&#8217;n\u0131n \u0130neg\u00f6l il\u00e7esinde, zab\u0131ta arac\u0131yla \u00e7arp\u0131\u015fan ehliyetsiz motosiklet s\u00fcr\u00fcc\u00fcs\u00fc Talha A. (16) ile arkas\u0131ndaki Emir \u0130hsak K. (16), yaraland\u0131.<\/li>\n\n\n\n<li>Ni\u011fde&#8217;de, 2 otomobilin kafa kafaya \u00e7arp\u0131\u015ft\u0131\u011f\u0131 kazada Ramazan ve e\u015fi Ganimet T\u00fcrk\u00f6z ya\u015fam\u0131n\u0131 yitirdi, 3 ki\u015fi de yaraland\u0131.<\/li>\n\n\n\n<li>Ba\u015fak\u015fehir&#8217;de, ref\u00fcj\u00fc a\u015farak kar\u015f\u0131 \u015feride ge\u00e7en otomobil bir ba\u015fka otomobile \u00e7arpt\u0131. Kazada 4 ki\u015fi hayat\u0131n\u0131 kaybetti.<\/li>\n\n\n\n<li>Artvin&#8217;in Yusufeli il\u00e7esinde, t\u00fcnel i\u00e7erisinde 2 otomobilin kafa kafaya \u00e7arp\u0131\u015ft\u0131\u011f\u0131 kazada 2&#8217;si a\u011f\u0131r 5 ki\u015fi yaraland\u0131.<\/li>\n\n\n\n<li>\u00c7orum&#8217;da, hafif ticari ara\u00e7 ile otomobilin \u00e7arp\u0131\u015ft\u0131\u011f\u0131 kazada 1 ki\u015fi yaraland\u0131. Hafif ticari ara\u00e7, \u00e7arp\u0131\u015ft\u0131\u011f\u0131 otomobilin \u00fczerine \u00e7\u0131karak as\u0131l\u0131 kald\u0131.<\/li>\n\n\n\n<li>Eski\u015fehir&#8217;de, maden oca\u011f\u0131ndan \u00e7\u0131kan kamyon, yol ayr\u0131m\u0131nda B\u00fcy\u00fck\u015fehir Belediyesi&#8217;ne ait halk otob\u00fcs\u00fcne \u00e7arpt\u0131. Kontrolden \u00e7\u0131kan otob\u00fcs devrilirken, s\u00fcr\u00fcc\u00fc ile 10 yolcu yaraland\u0131.<\/li>\n\n\n\n<li>Ordu\u2019nun Mesudiye il\u00e7esinde yoldaki buzlanma nedeniyle otomobilin dereye yuvarland\u0131\u011f\u0131 kazada, 3 ki\u015fi a\u011f\u0131r yaraland\u0131.<\/li>\n\n\n\n<li>K\u00fc\u00e7\u00fck\u00e7ekmece\u2019de, s\u00fcr\u00fcc\u00fcs\u00fcn\u00fcn kontrol\u00fcnden \u00e7\u0131kan otomobil, \u00f6nce ayd\u0131nlatma dire\u011fine daha sonra ayn\u0131 y\u00f6nde giden panelvana \u00e7arpt\u0131. Kazada, otomobil s\u00fcr\u00fcc\u00fcs\u00fc yaraland\u0131.<\/li>\n\n\n\n<li>Tekirda\u011f&#8217;\u0131n Ergene il\u00e7esinde TEM Otoyolu&#8217;nda ikisi Bulgaristan plakal\u0131, 3 otomobilin kar\u0131\u015ft\u0131\u011f\u0131 kazada, 3 ki\u015fi yaraland\u0131.<\/li>\n\n\n\n<li>\u015eanl\u0131urfa&#8217;n\u0131n Suru\u00e7 il\u00e7esinde, makarna ve m\u0131s\u0131r y\u00fckl\u00fc 2 TIR&#8217;\u0131n \u00e7arp\u0131\u015ft\u0131\u011f\u0131 kazada Halil Akay (44) ile Faruk Alkan (14), hayat\u0131n\u0131 kaybetti.<\/li>\n\n\n\n<li>\u015ei\u015fli&#8217;de taksici \u0130sa A., yolcusunu indirmek i\u00e7in sokak ba\u015f\u0131nda durdu. Kad\u0131n yolcu taksiden inmek i\u00e7in sol arka kap\u0131y\u0131 a\u00e7t\u0131\u011f\u0131 anda, motokurye O\u011fuzhan Gezer a\u00e7\u0131lan kap\u0131ya \u00e7arpt\u0131. \u00c7arpman\u0131n etkisiyle yere d\u00fc\u015fen Gezer kar\u015f\u0131 y\u00f6nden gelen minib\u00fcs\u00fcn tamponuna \u00e7arparak yaraland\u0131. 1 hafta hastanede tedavi g\u00f6ren O\u011fuzhan Gezer, hayat\u0131n\u0131 kaybetti.<\/li>\n\n\n\n<li>Mersin&#8217;in Tarsus il\u00e7esinde, otoyolda gi\u015fenin beton bariyerine \u00e7arpan yolcu otob\u00fcs\u00fc alev ald\u0131. Yang\u0131n itfaiye ekiplerince s\u00f6nd\u00fcr\u00fcl\u00fcrken, kazada 6 ki\u015fi yaraland\u0131.<\/li>\n\n\n\n<li>Maltepe D-100 Karayolu&#8217;nda seyir halinde olan motosikletin devrilmesi sonucu meydana gelen kazada, motosiklet s\u00fcr\u00fcc\u00fcs\u00fc H\u00fcseyin Hakk\u0131 S\u00f6nmez a\u011f\u0131r yaraland\u0131.<\/li>\n<\/ul>\n\n\n\n<h2 class=\"wp-block-heading\"><strong>5 Ocak 2023 \u2013 5 Kay\u0131p, 62 Yaral\u0131<\/strong><\/h2>\n\n\n\n<ul class=\"wp-block-list\">\n<li>Kars&#8217;\u0131n Sar\u0131kam\u0131\u015f il\u00e7esinde 2 yolcu otob\u00fcs\u00fc ve bir kamyonun kar\u0131\u015ft\u0131\u011f\u0131 zincirleme trafik kazas\u0131 meydana geldi. Kazada 2 ki\u015fi ya\u015fam\u0131n\u0131 yitirdi, 8 ki\u015fi yaraland\u0131.<\/li>\n\n\n\n<li>Bursa&#8217;n\u0131n \u0130neg\u00f6l il\u00e7esinde, bir arac\u0131n s\u0131k\u0131\u015ft\u0131rmas\u0131 sonucu kontrolden \u00e7\u0131karak yol kenar\u0131ndaki a\u011faca \u00e7arpan otomobilin motoru koptu. Kazada, s\u00fcr\u00fcc\u00fc Piyade Onba\u015f\u0131 Suat A. (30) yaraland\u0131.<\/li>\n\n\n\n<li>Pendik Sahil Yolu&#8217;nda, s\u00fcr\u00fcc\u00fcs\u00fcn\u00fcn direksiyon hakimiyetini kaybetti\u011fi otomobilin \u00e7elik bariyerlere \u00e7arpt\u0131\u011f\u0131 kazada 1&#8217;i a\u011f\u0131r 4 ki\u015fi yaraland\u0131.<\/li>\n\n\n\n<li>Maltepe&#8217;de D-100 Karayolu&#8217;nda direksiyon hakimiyetini kaybeden motosiklet s\u00fcr\u00fcc\u00fcs\u00fc kaza yapt\u0131. Kaza sonucu motosiklet s\u00fcr\u00fcc\u00fcs\u00fcn\u00fcn a\u011f\u0131r yaral\u0131 oldu\u011fu \u00f6\u011frenildi.<\/li>\n\n\n\n<li>Mersin&#8217;in Tarsus il\u00e7esinde, otoyolda gi\u015fenin beton bariyerine \u00e7arpan yolcu otob\u00fcs\u00fc alev ald\u0131. Yang\u0131n itfaiye ekiplerince s\u00f6nd\u00fcr\u00fcl\u00fcrken, kazada 6 ki\u015fi yaraland\u0131.<\/li>\n\n\n\n<li>Antalya&#8217;da kontrols\u00fcz kav\u015fakta ticari taksi ile \u00e7arp\u0131\u015fan motosiklet s\u00fcr\u00fcc\u00fcs\u00fc havaya u\u00e7arak, savruldu ve yaraland\u0131.<\/li>\n\n\n\n<li>Elaz\u0131\u011f&#8217;da park halindeki otomobilde \u00e7\u0131kan yang\u0131nda 1 ki\u015fi yaraland\u0131<\/li>\n\n\n\n<li>Ardahan&#8217;\u0131n G\u00f6le il\u00e7esinde minib\u00fcs\u00fcn \u015farampole devrilmesi sonucu 9 ki\u015fi yaraland\u0131.<\/li>\n\n\n\n<li>Arda&#8217;n\u0131n G\u00f6le il\u00e7esinde, kar nedeniyle kayganla\u015fan yolda s\u00fcr\u00fcc\u00fcs\u00fcn\u00fcn kontrol\u00fcnden \u00e7\u0131kan minib\u00fcs\u00fcn \u015farampole devrildi\u011fi kazada 15 ki\u015fi yaraland\u0131.<\/li>\n\n\n\n<li>Tekirda\u011f&#8217;\u0131n \u00c7orlu il\u00e7esinde, \u00e7\u00f6p kamyonunun alt\u0131nda kalan bir yaya hayat\u0131n\u0131 kaybetti. Abdurrahman G\u00fcler isimli ya\u015fl\u0131 adam, \u00e7\u00f6pleri ald\u0131ktan sonra hareket eden \u00e7\u00f6p kamyonunun \u00f6n tekerle\u011finin alt\u0131nda kalarak hayat\u0131n\u0131 kaybetti.<\/li>\n\n\n\n<li>Konya&#8217;n\u0131n Karap\u0131nar il\u00e7esinde meydana gelen trafik kazas\u0131nda, \u015eahin \u00dcz\u00fcmc\u00fc&#8217;n\u00fcn kulland\u0131\u011f\u0131 t\u0131r devrildi. Kazada s\u00fcr\u00fcc\u00fc \u00dcz\u00fcmc\u00fc ile yan\u0131ndaki Mustafa K\u0131rg\u0131l yaraland\u0131.<\/li>\n\n\n\n<li>Konya&#8217;n\u0131n H\u00fcy\u00fck il\u00e7esinde meydana gelen kazada, Fahrettin Ayan (60) idaresindeki t\u0131r devrildi ve s\u00fcr\u00fcc\u00fc yaraland\u0131.<\/li>\n\n\n\n<li>Trabzon&#8217;un Ortahisar il\u00e7esinin \u00c7\u00f6mlek\u00e7i mevkisinde bir kamyonet ve iki otomobilin kar\u0131\u015ft\u0131\u011f\u0131 kaza sonucunda 3 ki\u015fi yaraland\u0131.<\/li>\n\n\n\n<li>Elaz\u0131\u011f&#8217;da \u0130stasyon Caddesi \u00fczerinde meydana gelen trafik kazas\u0131nda iki ara\u00e7 \u00e7arp\u0131\u015ft\u0131. Kazada yaralanan bir ki\u015fi hastaneye kald\u0131r\u0131ld\u0131.<\/li>\n\n\n\n<li>\u00c7anakkale&#8217;nin \u00c7an il\u00e7esinde meydana gelen trafik kazas\u0131nda, otomobil ile motosiklet \u00e7arp\u0131\u015ft\u0131. Kazada motosiklet s\u00fcr\u00fcc\u00fcs\u00fc yaraland\u0131 ve hastaneye kald\u0131r\u0131ld\u0131.<\/li>\n\n\n\n<li>Antalya&#8217;da durakta otob\u00fcs beklerken otomobilin \u00e7arpt\u0131\u011f\u0131 Fatma Keser (65) ile e\u015fi H\u00fcseyin Keser (66) ya\u015fam\u0131n\u0131 yitirdi, 1 ki\u015fi ise yaraland\u0131. Otomobil s\u00fcr\u00fcc\u00fcs\u00fc ile yan\u0131ndaki ki\u015fi, kaza sonras\u0131 ka\u00e7t\u0131.<\/li>\n\n\n\n<li>Bursa\u2019da i\u015f yerinin kepenklerine \u00e7arpan otomobildeki 2\u2019si a\u011f\u0131r, 3 ki\u015fi yaraland\u0131.<\/li>\n\n\n\n<li>Bursa\u2019n\u0131n \u0130neg\u00f6l il\u00e7esinde, \u00f6zel halk otob\u00fcs\u00fcyle kafa kafaya \u00e7arp\u0131\u015fan otomobilin s\u00fcr\u00fcc\u00fcs\u00fc Hande E. (33) yaraland\u0131.<\/li>\n\n\n\n<li>Bart\u0131n&#8217;da, el ele yolun kar\u015f\u0131s\u0131na ge\u00e7erken taksinin \u00e7arpt\u0131\u011f\u0131 ilkokul \u00f6\u011frencisi 2 k\u0131z \u00e7ocu\u011fu hafif yaraland\u0131.<\/li>\n\n\n\n<li>Bursa&#8217;n\u0131n \u0130neg\u00f6l il\u00e7esinde, bir arac\u0131n s\u0131k\u0131\u015ft\u0131rmas\u0131 sonucu kontrolden \u00e7\u0131karak yol kenar\u0131ndaki a\u011faca \u00e7arpan otomobilin motoru koptu. Kazada, s\u00fcr\u00fcc\u00fc Piyade Onba\u015f\u0131 Suat A. (30) yaraland\u0131.<\/li>\n\n\n\n<li>Ankara&#8217;n\u0131n \u00c7ubuk il\u00e7esinde, kontrolden \u00e7\u0131karak ayd\u0131nlatma dire\u011fine \u00e7arpan otomobil ikiye b\u00f6l\u00fcnd\u00fc, s\u00fcr\u00fcc\u00fc yaraland\u0131.<\/li>\n<\/ul>\n\n\n\n<h2 class=\"wp-block-heading\"><strong>4 Ocak 2024 \u2013 10 Kay\u0131p, 46 Yaral\u0131<\/strong><\/h2>\n\n\n\n<ul class=\"wp-block-list\">\n<li>Kocaeli\u2019nin Derince il\u00e7esinde yolcu alan belediye otob\u00fcs\u00fcne, arkadan gelen \u00f6zel halk otob\u00fcs\u00fc \u00e7arpt\u0131. Kazada, 6 yolcu yaraland\u0131.<\/li>\n\n\n\n<li>K\u0131rklareli&#8217;de, yo\u011fun sis nedeniyle kontrolden \u00e7\u0131k\u0131p tarlaya devrilen otomobilin s\u00fcr\u00fcc\u00fcs\u00fc Y\u0131ld\u0131ray Karacao\u011flu (28), hayat\u0131n\u0131 kaybetti.<\/li>\n\n\n\n<li>Tuzla, D-100 Karayolu&#8217;nda s\u00fcr\u00fcc\u00fcs\u00fcn\u00fcn kontrol\u00fcnden \u00e7\u0131kan otomobil bariyerleri a\u015f\u0131p kar\u015f\u0131 \u015feride ge\u00e7erek takla att\u0131. Kazada otomobil s\u00fcr\u00fcc\u00fcs\u00fc \u0130brahim Can Ko\u00e7bo\u011fa (20) a\u011f\u0131r yaraland\u0131.<\/li>\n\n\n\n<li>Van-\u00d6zalp karayolu A\u015fa\u011f\u0131 Mollahasan Mahallesi&#8217;nde meydana gelen kazada, kayganla\u015fan yolda \u00e7arp\u0131\u015fan 2 otomobilde bulunan 4 ki\u015fi yaraland\u0131.<\/li>\n\n\n\n<li>Afyonkarahisar&#8217;\u0131n Bolvadin il\u00e7esinde meydana gelen trafik kazas\u0131nda, kontrolden \u00e7\u0131kan bir otomobilin tankere \u00e7arpmas\u0131 sonucu 10 ayl\u0131k bir bebek hayat\u0131n\u0131 kaybetti, 2 ki\u015fi yaraland\u0131.<\/li>\n\n\n\n<li>K\u00fctahya&#8217;da alkoll\u00fc bir s\u00fcr\u00fcc\u00fcn\u00fcn direksiyon hakimiyetini kaybetmesi sonucu meydana gelen kaza sonucunda otomobil alev ald\u0131. Kazada, otomobilde bulunan bir ki\u015fi hayat\u0131n\u0131 kaybederken, s\u00fcr\u00fcc\u00fc ve di\u011fer yolcu yaraland\u0131.<\/li>\n\n\n\n<li>Hakkari-\u00c7ukurca karayolunda meydana gelen kazada, kontrolden \u00e7\u0131kan bir otomobil takla att\u0131 ve 3 ki\u015fi yaraland\u0131.<\/li>\n\n\n\n<li>\u00c7orum-Samsun kara yolu B\u00f6lge Trafik Denetleme \u015eube M\u00fcd\u00fcrl\u00fc\u011f\u00fc \u00f6n\u00fcnde meydana gelen kazada, Ey\u00fcp S. (57) idaresindeki otomobil \u015farampole devrildi.1 yaral\u0131.<\/li>\n\n\n\n<li>\u00c7orum-Ortak\u00f6y kara yolunda faaliyet g\u00f6steren bir fabrikada y\u00fckleme yapan Reha B., park halindeyken hareket eden kamyonetin duvar aras\u0131nda s\u0131k\u0131\u015fmas\u0131 sonucu yaraland\u0131.<\/li>\n\n\n\n<li>\u0130zmir&#8217;de bir otomobille \u00e7arp\u0131\u015fan motosikletli kurye Volkan Kara\u00e7\u0131k, 5 ay s\u00fcren tedavinin ard\u0131ndan hayat\u0131n\u0131 kaybetti.<\/li>\n\n\n\n<li>\u015e\u0131rnak&#8217;\u0131n Uludere il\u00e7esinde, plakalar\u0131 ve s\u00fcr\u00fcc\u00fclerinin ismi \u00f6\u011frenilmeyen iki yolcu minib\u00fcs\u00fc Ball\u0131 k\u00f6y\u00fc mevkiinde \u00e7arp\u0131\u015ft\u0131. 12 yaral\u0131.<\/li>\n\n\n\n<li>Kars&#8217;\u0131n Arpa\u00e7ay il\u00e7esinde, t\u0131r\u0131n \u00e7arpt\u0131\u011f\u0131 trakt\u00f6r\u00fcn s\u00fcr\u00fcc\u00fcs\u00fc Ali A. hayat\u0131n\u0131 kaybetti. Kaza sonucunda trakt\u00f6r ve t\u0131r \u015farampole devrildi. Jandarma, ka\u00e7an t\u0131r s\u00fcr\u00fcc\u00fcs\u00fcn\u00fc yakalamak i\u00e7in \u00e7al\u0131\u015fma ba\u015flatt\u0131.<\/li>\n\n\n\n<li>Van&#8217;\u0131n Erci\u015f il\u00e7esinde kamyonun panelvan araca \u00e7arpmas\u0131 sonucu 3 ki\u015fi yaraland\u0131.<\/li>\n\n\n\n<li>Mardin&#8217;in Artuklu il\u00e7esinde bulunan bir \u00e7imento fabrikas\u0131nda hafriyat kamyonunun devrilmesi sonucu iki ki\u015fi yaraland\u0131.<\/li>\n\n\n\n<li>Bursa&#8217;n\u0131n \u0130neg\u00f6l il\u00e7esinde saklamba\u00e7 oynarken yola \u00e7\u0131kan 11 ya\u015f\u0131ndaki \u00e7ocu\u011fa otomobil \u00e7arpt\u0131, \u00e7ocuk yaraland\u0131 ve ka\u00e7an s\u00fcr\u00fcc\u00fc polis taraf\u0131ndan aran\u0131yor.<\/li>\n\n\n\n<li>Ankara&#8217;n\u0131n Mamak il\u00e7esinde meydana gelen trafik kazas\u0131nda, bir otomobil t\u0131ra arkadan \u00e7arparak alev ald\u0131. \u0130hbar \u00fczerine olay yerine gelen itfaiye ekipleri yang\u0131n\u0131 s\u00f6nd\u00fcrd\u00fc ancak otomobil s\u00fcr\u00fcc\u00fcs\u00fc olay yerinde hayat\u0131n\u0131 kaybetti.<\/li>\n\n\n\n<li>Eski\u015fehir-Ankara karayolu Afyonkarahisar yol ayr\u0131m\u0131nda meydana gelen kazada, otomobilin s\u00fcr\u00fcc\u00fcs\u00fc olan 65 ya\u015f\u0131ndaki \u015eerif Ahmet Bal hayat\u0131n\u0131 kaybetti.<\/li>\n\n\n\n<li>Kocaeli&#8217;de kanser tedavisi g\u00f6ren o\u011flunu hastaneden d\u00f6nd\u00fckleri esnada meydana gelen kazada baba Turgay Mert hayat\u0131n\u0131 kaybetti. E\u015fi ve o\u011flu ise yaraland\u0131.<\/li>\n\n\n\n<li>Antalya&#8217;n\u0131n Manavgat il\u00e7esinde motosikletin kayganla\u015fan yolda devrilmesi sonucu meydana gelen kazada motosiklet s\u00fcr\u00fcc\u00fcs\u00fc yaraland\u0131.<\/li>\n\n\n\n<li>Beylikd\u00fcz\u00fc&#8217;nde bir \u00e7ocuk, f\u0131r\u0131ndan \u00e7\u0131k\u0131p babas\u0131n\u0131n yan\u0131na giderken araba \u00e7arpt\u0131. \u00c7ocuk yaraland\u0131.<\/li>\n\n\n\n<li>\u015eanl\u0131urfa&#8217;n\u0131n Birecik il\u00e7esinde trakt\u00f6r\u00fcn devrilmesi sonucu a\u011f\u0131r yaralanan \u00e7ift\u00e7i, tedavi g\u00f6rd\u00fc\u011f\u00fc hastanede hayat\u0131n\u0131 kaybetti.<\/li>\n\n\n\n<li>Mu\u011fla&#8217;n\u0131n Seydikemer il\u00e7esinde meydana gelen trafik kazas\u0131nda, iki otomobilin kafa kafaya \u00e7arp\u0131\u015fmas\u0131 sonucu 1 ki\u015fi olay yerinde hayat\u0131n\u0131 kaybetti, 3 ki\u015fi a\u011f\u0131r yaraland\u0131. A\u011f\u0131r yaral\u0131 bir ki\u015fi daha hastanede hayat\u0131n\u0131 kaybetti.<\/li>\n\n\n\n<li>Beylikd\u00fcz\u00fc&#8217;nde motosikletiyle ilerlerken tehlikeli hareketler yapan Y.G., yolun kar\u015f\u0131s\u0131na ge\u00e7meye \u00e7al\u0131\u015f\u0131rken ref\u00fcje \u00e7arparak takla att\u0131. Y.G.&#8217;nin yaraland\u0131.<\/li>\n<\/ul>\n\n\n\n<h2 class=\"wp-block-heading\"><strong>3 Ocak 2024 \u2013 8 Kay\u0131p, 55 Yaral\u0131<\/strong><\/h2>\n\n\n\n<ul class=\"wp-block-list\">\n<li>K\u00fctahya-Tav\u015fanl\u0131 kara yolunda meydana gelen trafik kazas\u0131nda Orhan Ka\u00e7ar y\u00f6netimindeki otomobil tarlaya devrildikten sonra alev ald\u0131. Samet Yavuz olay yerinde hayat\u0131n\u0131 kaybetti. Yaralanan s\u00fcr\u00fcc\u00fc ve yolcu ise hastaneye kald\u0131r\u0131ld\u0131.<\/li>\n\n\n\n<li>Kocaeli&#8217;nin K\u00f6rfez il\u00e7esinde TEM Otoyolu ge\u00e7i\u015finde polis arac\u0131na \u00e7arparak durdu, 4&#8217;\u00fc polis memuru ve 14&#8217;\u00fc ka\u00e7ak g\u00f6\u00e7men olmak \u00fczere toplam 18 ki\u015fi yaraland\u0131.<\/li>\n\n\n\n<li>Hatay&#8217;\u0131n Antakya il\u00e7esinde yolcu otob\u00fcs\u00fc ile otomobilin \u00e7arp\u0131\u015ft\u0131\u011f\u0131 kazada 2 ki\u015fi yaraland\u0131.<\/li>\n\n\n\n<li>Ba\u015fak\u015fehir&#8217;de motokurye Feridun Kaplaner&#8217;in kamyon alt\u0131nda kalarak hayat\u0131n\u0131 kaybetti.<\/li>\n\n\n\n<li>Kocaeli&#8217;nin \u00c7ay\u0131rova il\u00e7esinde meydana gelen kazada, i\u015f\u00e7i servisi ile kamyonet \u00e7arp\u0131\u015ft\u0131. Kazada 3 ki\u015fi yaraland\u0131.<\/li>\n\n\n\n<li>Ankara&#8217;n\u0131n \u00c7ubuk il\u00e7esinde meydana gelen kazada, saman y\u00fckl\u00fc bir t\u0131r, hafriyat y\u00fckl\u00fc bir t\u0131ra arkadan \u00e7arpt\u0131. Kazada, t\u0131r\u0131n s\u00fcr\u00fcc\u00fcs\u00fc yaraland\u0131.<\/li>\n\n\n\n<li>Gaziantep&#8217;in Nurda\u011f\u0131 il\u00e7esinde meydana gelen motosiklet kazas\u0131nda s\u00fcr\u00fcc\u00fc yaraland\u0131.<\/li>\n\n\n\n<li>\u015e\u0131rnak&#8217;\u0131n Uludere il\u00e7esine ba\u011fl\u0131 Hilal beldesinde A.T. y\u00f6netimindeki 80 GE 101 plakal\u0131 t\u0131r, kontrolden \u00e7\u0131karak \u015farampole devrildi. Kazada, s\u00fcr\u00fcc\u00fc yaraland\u0131.<\/li>\n\n\n\n<li>Ba\u015fak\u015fehir&#8217;de bir kargo arac\u0131, \u015fof\u00f6r\u00fcn\u00fcn direksiyon hakimiyetini kaybetmesi sonucu viraja girerken devrildi. 1 yaral\u0131.<\/li>\n\n\n\n<li>Bing\u00f6l&#8217;\u00fcn Karl\u0131ova il\u00e7esinde, Kalencik k\u00f6y\u00fc mevkisinde meydana gelen kazada, plakas\u0131 \u00f6\u011frenilemeyen bir otomobil kontrolden \u00e7\u0131karak kaza yapt\u0131. 1 yaral\u0131.<\/li>\n\n\n\n<li>\u015e\u0131rnak&#8217;\u0131n Uludere il\u00e7esine ba\u011fl\u0131 Hilal beldesinde meydana gelen kazada, s\u00fcr\u00fcc\u00fcs\u00fcn\u00fcn direksiyon hakimiyetini kaybeden t\u0131r \u015farampole yuvarland\u0131. Kazada t\u0131r s\u00fcr\u00fcc\u00fcs\u00fc hafif yaraland\u0131.<\/li>\n\n\n\n<li>Sar\u0131yer&#8217;de ya\u011fmur nedeniyle kayganla\u015fan yolda kontrolden \u00e7\u0131kan \u0130ETT otob\u00fcs\u00fc, bariyerlere \u00e7arpt\u0131. Kazada, otob\u00fcs \u015fof\u00f6r\u00fc ile birlikte 2 yolcu yaraland\u0131.<\/li>\n\n\n\n<li>Ka\u011f\u0131thane 4. Levent semtinde seyir halinde olan 20 ya\u015f\u0131ndaki motosikletli kuryenin \u00e7\u0131kan f\u0131rt\u0131nada, BEDA\u015e&#8217;a ait ayd\u0131nlatma dire\u011finin \u00fczerine devrilmesi sonucu hayat\u0131n\u0131 kaybetti .<\/li>\n\n\n\n<li>T\u00dcRK\u0130YE Gen\u00e7lik Vakf\u0131 (T\u00dcGVA) Ortaokul Koordinat\u00f6r\u00fc avukat Mehmet Fatih Kaya&#8217;n\u0131n kulland\u0131\u011f\u0131 otomobil, s\u00fcr\u00fcc\u00fcs\u00fcn\u00fcn direksiyon hakimiyetini kaybetmesi s0onucu duvara \u00e7arpt\u0131.1 yaral\u0131.<\/li>\n\n\n\n<li>Bursa&#8217;da bir i\u015f yerinde \u00e7al\u0131\u015fan Suriye uyruklu bir i\u015f\u00e7i, forklift ile t\u0131ra patates y\u00fcklerken kulland\u0131\u011f\u0131 arac\u0131n yan yatmas\u0131 sonucu hayat\u0131n\u0131 kaybetti.<\/li>\n\n\n\n<li>K\u00fctahya&#8217;da, 2 otomobilin \u00e7arp\u0131\u015ft\u0131\u011f\u0131 kazada 1&#8217;i a\u011f\u0131r, 8 ki\u015fi yaraland\u0131.<\/li>\n\n\n\n<li>Ordu\u2019nun Alt\u0131nordu il\u00e7esinde s\u00fcr\u00fcc\u00fcs\u00fcn\u00fcn geri manevra yapt\u0131\u011f\u0131 otomobil, kafenin bah\u00e7esine girdi. Kazada, s\u00fcr\u00fcc\u00fc ile kafenin m\u00fc\u015fterisi \u00f6\u011frenci ve bir garson yaraland\u0131.<\/li>\n\n\n\n<li>Kocaeli&#8217;nin \u0130zmit il\u00e7esinde tedavi i\u00e7in gittikleri hastaneden d\u00f6nerken fenala\u015fan Turgay Mert (42), kulland\u0131\u011f\u0131 hafif ticari ara\u00e7la \u00f6nce EDS, ard\u0131ndan da ayd\u0131nlatma dire\u011fine \u00e7arpt\u0131. Kazada Turgay Mert hayat\u0131n\u0131 kaybetti, e\u015fi Ay\u015fe (48) ve o\u011flu Oktay Mert (17) ise yaraland\u0131.<\/li>\n\n\n\n<li>Tunceli&#8217;de otomobilin \u015farampole devrildi\u011fi kazada G\u00f6n\u00fcl Ekinci (46) hayat\u0131n\u0131 kaybetti, s\u00fcr\u00fcc\u00fc e\u015fi \u015eerif Ekinci (47) a\u011f\u0131r yaraland\u0131.<\/li>\n\n\n\n<li>Ni\u011fde&#8217;de kamyonet ile \u00e7arp\u0131\u015fan otomobilin s\u00fcr\u00fcc\u00fcs\u00fc \u00d6zdemir \u00d6zcan (81) hayat\u0131n\u0131 kaybetti, 2 ki\u015fi yaraland\u0131.<\/li>\n\n\n\n<li>Antalya&#8217;da park halindeki TIR&#8217;a \u00e7arpan minib\u00fcs\u00fcn \u015fof\u00f6r\u00fc Mehmet Burak A\u00e7\u0131kg\u00f6z (21) hayat\u0131n\u0131 kaybetti, yan\u0131ndaki Arif Kaml\u0131 (22) yaraland\u0131.<\/li>\n\n\n\n<li>\u00c7anakkale&#8217;nin Lapseki il\u00e7esinde etkili olan sis nedeniyle 1 kamyonet ve 6 otomobilin kar\u0131\u015ft\u0131\u011f\u0131 zincirleme kazada, 4 ki\u015fi hafif yaraland\u0131.<\/li>\n<\/ul>\n\n\n\n<h2 class=\"wp-block-heading\"><strong>2 Ocak 2024 \u2013 18 Kay\u0131p, 124 Yaral\u0131<\/strong><\/h2>\n\n\n\n<ul class=\"wp-block-list\">\n<li>Gaziosmanpa\u015fa&#8217;da ya\u011fmur nedeniyle kayganla\u015fan yolda s\u00fcr\u00fcc\u00fcn\u00fcn direksiyon hakimiyetini kaybetti\u011fi kamyon, park halindeki ticari araca \u00e7arpt\u0131, s\u00fcr\u00fcc\u00fc ara\u00e7tan f\u0131rlad\u0131. Olayda bir ki\u015fi yaraland\u0131.<\/li>\n\n\n\n<li>Aksaray&#8217;da i\u015f gezisine giden 4 arkada\u015f\u0131n bulundu\u011fu otomobil, Sultanhan\u0131 il\u00e7esi yak\u0131nlar\u0131nda \u015farampole takla att\u0131. Kazada 1 ki\u015fi hayat\u0131n\u0131 kaybederken, 3 ki\u015fi yaraland\u0131.<\/li>\n\n\n\n<li>I\u011fd\u0131r&#8217;da meydana gelen trafik kazas\u0131nda, bir otomobil ile bir t\u0131r kafa kafaya \u00e7arp\u0131\u015ft\u0131. Kazada 3 ki\u015fi yaraland\u0131.<\/li>\n\n\n\n<li>Mu\u011fla&#8217;n\u0131n Fethiye il\u00e7esinde Ta\u015fyaka \u00d6l\u00fcdeniz Caddesi&#8217;nde kontrol\u00fcn\u00fc kaybederek ters \u015feride ge\u00e7mi\u015f ve yol kenar\u0131nda motosiklet \u00fczerinde olan Yasin \u0130lban&#8217;a \u00e7arpt\u0131,&nbsp; \u0130lban olay yerinde hayat\u0131n\u0131 kaybetti.<\/li>\n\n\n\n<li>Be\u015fikta\u015f&#8217;ta meydana gelen kazada \u0130ETT otob\u00fcs\u00fc ile bir ara\u00e7 \u00e7arp\u0131\u015ft\u0131 ve 2 ki\u015fi yaraland\u0131.<\/li>\n\n\n\n<li>\u0130zmir&#8217;in Karaba\u011flar il\u00e7esinde bir harfiyat kamyonu y\u00fck bo\u015falt\u0131rken devrildi. S\u00fcr\u00fcc\u00fc yaraland\u0131.<\/li>\n\n\n\n<li>Batman&#8217;\u0131n Gerc\u00fc\u015f il\u00e7esinde meydana gelen trafik kazas\u0131nda, iki otomobil \u00e7arp\u0131\u015ft\u0131. Kazada, 2&#8217;si a\u011f\u0131r olmak \u00fczere toplam 4 ki\u015fi yaraland\u0131.<\/li>\n\n\n\n<li>Zonguldak&#8217;ta bir lise \u00f6\u011frencisi, Milli Egemenlik Caddesi \u00fczerinde okuldan \u00e7\u0131kt\u0131ktan sonra dolmu\u015fun \u00e7arpmas\u0131 sonucu yaraland\u0131.<\/li>\n\n\n\n<li>Samsun&#8217;un Canik il\u00e7esinde meydana gelen kazada minib\u00fcs\u00fcn bariyere \u00e7arpmas\u0131 sonucu 1 ki\u015fi yaraland\u0131.<\/li>\n\n\n\n<li>Isparta&#8217;n\u0131n merkeze ba\u011fl\u0131 Fatih Mahallesi&#8217;nde meydana gelen trafik kazas\u0131nda, motosiklet ile otomobil \u00e7arp\u0131\u015ft\u0131. Kazada a\u011f\u0131r yaralanan motosiklet s\u00fcr\u00fcc\u00fcs\u00fc hastanede yap\u0131lan m\u00fcdahalelere ra\u011fmen hayat\u0131n\u0131 kaybetti.<\/li>\n\n\n\n<li>Kocaeli ge\u00e7i\u015finde d\u00fczensiz g\u00f6\u00e7menlerin bulundu\u011fu bir panelvan, ka\u00e7maya \u00e7al\u0131\u015f\u0131rken 2 polis arac\u0131na \u00e7arpt\u0131. Olay sonucunda 4 polis ve 14 d\u00fczensiz g\u00f6\u00e7men olmak \u00fczere toplamda 18 ki\u015fi yaraland\u0131.<\/li>\n\n\n\n<li>Tekirda\u011f \u00c7orlu&#8217;da meydana gelen trafik kazas\u0131nda, motosiklet s\u00fcr\u00fcc\u00fcs\u00fc viraj\u0131 alamayarak \u015farampole yuvarland\u0131. S\u00fcr\u00fcc\u00fc yaraland\u0131.<\/li>\n\n\n\n<li>Diyarbak\u0131r&#8217;\u0131n Ba\u011flar il\u00e7esinde, TOK\u0130&#8217;nin deprem konutlar\u0131n\u0131n yap\u0131ld\u0131\u011f\u0131 \u015fantiye alan\u0131nda geri geri gelen kamyonun alt\u0131nda kalan in\u015faat i\u015f\u00e7isi hayat\u0131n\u0131 kaybetti.<\/li>\n\n\n\n<li>Ba\u015fak\u015fehir&#8217;de ya\u011f\u0131\u015fl\u0131 hava nedeniyle meydana gelen kazada, T\u00fcrk Hava Yollar\u0131&#8217;na ait personelleri ta\u015f\u0131yan servis arac\u0131 da dahil olmak \u00fczere 3 ara\u00e7 kar\u0131\u015ft\u0131. Kazada 1 ki\u015fi yaraland\u0131.<\/li>\n\n\n\n<li>Mu\u011fla&#8217;n\u0131n Milas il\u00e7esinde Bafa Mahallesi&#8217;nde ya\u011fmur nedeniyle kayganla\u015fan yolda kontrolden \u00e7\u0131kan minib\u00fcs, ref\u00fcje \u00e7arparak durabildi. Kazada 12 ki\u015fi yaraland\u0131.<\/li>\n\n\n\n<li>Malatya&#8217;n\u0131n Ak\u00e7ada\u011f il\u00e7esinde yolcu otob\u00fcs\u00fcn\u00fcn devrilmesi sonucu 4 ki\u015fi hayat\u0131n\u0131 kaybetti, 36 ki\u015fi yaraland\u0131.<\/li>\n\n\n\n<li>U\u015fak&#8217;\u0131n Sarayalt\u0131 Mahallesi&#8217;nde meydana gelen kazada, bir otomobil elektrik dire\u011fine \u00e7arpt\u0131. Kazada, otomobil s\u00fcr\u00fcc\u00fcs\u00fc ve yolcu yaraland\u0131.<\/li>\n\n\n\n<li>D\u00fczce&#8217;de meydana gelen kazada, motosikletin bisiklete \u00e7arpmas\u0131 sonucu 2 s\u00fcr\u00fcc\u00fc yaraland\u0131.<\/li>\n\n\n\n<li>\u00c7orum&#8217;un Osmanc\u0131k il\u00e7esinde meydana gelen kazada, bir otomobil bir bisiklete \u00e7arpt\u0131. Bisikletli yaraland\u0131.<\/li>\n\n\n\n<li>Samsunspor&#8217;un malzemecisi Orhan \u00dcren&#8217;in o\u011flu Erhan \u00dcren, Samsun&#8217;da meydana gelen trafik kazas\u0131nda hayat\u0131n\u0131 kaybetti. Kazada yaralanan s\u00fcr\u00fcc\u00fc ve Erhan \u00dcren hastaneye kald\u0131r\u0131ld\u0131, ancak \u00dcren yap\u0131lan m\u00fcdahalelere ra\u011fmen kurtar\u0131lamad\u0131.<\/li>\n\n\n\n<li>Milli Yol Partisi (MYP) Genel Ba\u015fkan\u0131 Remzi \u00c7ay\u0131r&#8217;\u0131n ye\u011feni Selehattin \u00c7ay\u0131r, K\u0131r\u015fehir&#8217;de otomobilini m\u0131c\u0131ra kapt\u0131rarak kaza yapt\u0131. 2 yaral\u0131.<\/li>\n\n\n\n<li>D\u00fczce&#8217;de bir arac\u0131n \u00e7arpmas\u0131 sonucu yaralanan 28 ya\u015f\u0131ndaki gen\u00e7, hastanede yap\u0131lan t\u00fcm m\u00fcdahalelere ra\u011fmen kurtar\u0131lamayarak hayat\u0131n\u0131 kaybetti.<\/li>\n\n\n\n<li>Sivas\u2019ta ya\u011fmur nedeniyle kayganla\u015fan yolda s\u00fcr\u00fcc\u00fcs\u00fcn\u00fcn kontrol\u00fcnden \u00e7\u0131kan otomobil, \u015farampole devrildi. Kazada, 3\u2019\u00fc \u00e7ocuk, 5 ki\u015fi yaraland\u0131.<\/li>\n\n\n\n<li>Kocaeli\u2019nin \u0130zmit il\u00e7esinde elektrik ar\u0131za bak\u0131m kamyonu ile otomobil kafa kafaya \u00e7arp\u0131\u015ft\u0131. Kazada hurdaya d\u00f6nen otomobilde s\u0131k\u0131\u015fan s\u00fcr\u00fcc\u00fc olay yerinde ya\u015fam\u0131n\u0131 yitirdi.<\/li>\n\n\n\n<li>Bolu\u2019nun Gerede il\u00e7esinde s\u00fcr\u00fcc\u00fcs\u00fcn\u00fcn kontrol\u00fcn\u00fc kaybetti\u011fi otomobil \u015farampole savruldu, takla atan otomobilde bulunan 1 ki\u015fi ya\u015fam\u0131n\u0131 yitirirken, 3 ki\u015fi de yaraland\u0131.<\/li>\n\n\n\n<li>\u0130zmir&#8217;in Karaba\u011flar il\u00e7esinde hafriyat kamyonu y\u00fck bo\u015falt\u0131rken devrildi. S\u00fcr\u00fcc\u00fc yaraland\u0131.<\/li>\n\n\n\n<li>Denizli&#8217;nin \u00c7ivril il\u00e7esinde, otomobille \u00e7arp\u0131\u015fan motosikletin s\u00fcr\u00fcc\u00fcs\u00fc tarih \u00f6\u011fretmeni S\u00fcleyman \u00c7abuk (45), hayat\u0131n\u0131 kaybetti.<\/li>\n\n\n\n<li>Manisa&#8217;n\u0131n Ala\u015fehir il\u00e7esinde, 2 otomobilin \u00e7arp\u0131\u015ft\u0131\u011f\u0131 kazada s\u00fcr\u00fcc\u00fclerin de aralar\u0131nda oldu\u011fu 8 ki\u015fi yaraland\u0131.<\/li>\n\n\n\n<li>Esenyurt&#8217;ta, 2 ki\u015finin hayat\u0131n\u0131 kaybetti\u011fi kazaya kar\u0131\u015fan cipteki ki\u015filerin, kazadan \u00f6nce hara\u00e7 almak i\u00e7in Beylikd\u00fcz\u00fc&#8217;nde bir i\u015f yerinin sahibini tehdit etti\u011fi, ihbar \u00fczerine gelen polis ekiplerinden ka\u00e7arken kaza yapt\u0131klar\u0131 belirtildi.<\/li>\n\n\n\n<li>Malatya&#8217;da 2 otomobilin \u00e7arp\u0131\u015ft\u0131\u011f\u0131 kazada H\u00fcseyin Erdo\u011fan (45) hayat\u0131n\u0131 kaybetti, 2&#8217;si a\u011f\u0131r 5 ki\u015fi yaraland\u0131.<\/li>\n\n\n\n<li>\u015ei\u015fli&#8217;de seyir halindeki \u0130ETT otob\u00fcs\u00fc, park halinde bulunan hafriyat kamyonuna \u00e7arpt\u0131. Kazada otob\u00fcs \u015fof\u00f6r\u00fc ve 8 yolcu yaraland\u0131.&nbsp;<\/li>\n\n\n\n<li>Bursa&#8217;n\u0131n \u0130neg\u00f6l il\u00e7esinde, kasisten ge\u00e7ti\u011fi s\u0131rada devrilerek yakla\u015f\u0131k 20 metre s\u00fcr\u00fcklenen motosikletin s\u00fcr\u00fcc\u00fcs\u00fc Feridun Y. (26), a\u011f\u0131r yaraland\u0131.<\/li>\n\n\n\n<li>\u00dcmraniye, TEM Otoyolu \u00fczerinde seyir halinde bulunan bir otomobil, \u00f6n\u00fcnde seyir halinde olan ba\u015fka bir otomobile \u00e7arpt\u0131ktan sonra takla att\u0131. Kazada takla atan otomobilde bulunan 1 ki\u015fi yaraland\u0131.<\/li>\n\n\n\n<li>Sakarya&#8217;n\u0131n Hendek il\u00e7esinde kamyonla \u00e7arp\u0131\u015fan otomobildeki Mehmetcan Yelken (20) ve Berat Velio\u011flu hayat\u0131n\u0131 kaybetti.<\/li>\n<\/ul>\n\n\n\n<h2 class=\"wp-block-heading\"><strong>1 Ocak 2024 \u2013 3 Kay\u0131p, 39 Yaral\u0131<\/strong><\/h2>\n\n\n\n<ul class=\"wp-block-list\">\n<li>Bursa\u2019da s\u00fcr\u00fcc\u00fcs\u00fcn\u00fcn kontrol\u00fcnden \u00e7\u0131kan cip, 4 metre y\u00fckseklikten dere \u0131slah\u0131 \u00e7al\u0131\u015fmas\u0131 yap\u0131lan alana d\u00fc\u015ft\u00fc. Kazada s\u00fcr\u00fcc\u00fc hafif yaraland\u0131.<\/li>\n\n\n\n<li>Adana&#8217;n\u0131n Feke il\u00e7esinde ailesinin 3 g\u00fcnd\u00fcr haber alamad\u0131\u011f\u0131 i\u00e7in kay\u0131p ba\u015fvurusunda bulundu\u011fu Ahmet \u00c7atalkaya&#8217;n\u0131n (49), otomobilinin dere yata\u011f\u0131na devrilmesi sonucu \u00f6ld\u00fc\u011f\u00fc ortaya \u00e7\u0131kt\u0131.<\/li>\n\n\n\n<li>K\u00fctahya\u2019da otomobil ile elektrikli bisikletin \u00e7arp\u0131\u015ft\u0131\u011f\u0131 kazada Fas uyruklu anne ve o\u011flu yaraland\u0131.<\/li>\n\n\n\n<li>Bursa\u2019n\u0131n \u0130neg\u00f6l il\u00e7esinde devrilen motosikletin ehliyetsiz s\u00fcr\u00fcc\u00fcs\u00fc Muhammed \u00d6. (15) s\u00fcr\u00fcklenip kar\u015f\u0131 y\u00f6nden gelen otomobilin alt\u0131nda girdi. Muhammed \u00d6. a\u011f\u0131r yaraland\u0131.<\/li>\n\n\n\n<li>\u00c7anakkale\u2019nin Lapseki il\u00e7esinde i\u015f\u00e7i servis otob\u00fcs\u00fcn\u00fcn \u015farampole devrildi\u011fi kazada, 5 ki\u015fi yaraland\u0131.<\/li>\n\n\n\n<li>Esenler&#8217;de sabah saatlerinde seyir halindeki otomobil, park halindeki TIR&#8217;\u0131n alt\u0131na girdi. Kaza sonras\u0131 otomobilde s\u0131k\u0131\u015fan 2 ki\u015fi a\u011f\u0131r yaraland\u0131.<\/li>\n\n\n\n<li>BEYKOZ&#8217;da, s\u00fcr\u00fcc\u00fcs\u00fcn\u00fcn direksiyon hakimiyetini kaybetti\u011fi motosiklet yol kenar\u0131ndaki elektrik panosuna \u00e7arpt\u0131. Kazada a\u011f\u0131r yaralanan motosiklet s\u00fcr\u00fcc\u00fcs\u00fc \u0130stanbul Teknik \u00dcniversitesi son s\u0131n\u0131f \u00f6\u011frenicisi O\u011fuzhan Eme\u00e7, kald\u0131r\u0131ld\u0131\u011f\u0131 hastanede hayat\u0131n\u0131 kaybetti.<\/li>\n\n\n\n<li>Bitlis, G\u00fcroymak yolunda sis y\u00fcz\u00fcnden meydana gelen, 6 arac\u0131n kar\u0131\u015ft\u0131\u011f\u0131 zincirleme trafik kazas\u0131nda 18 ki\u015fi yaraland\u0131.<\/li>\n\n\n\n<li>Avc\u0131larda yeni y\u0131l\u0131n ilk dakikalar\u0131nda iki ayr\u0131 trafik kazas\u0131 meydana geldi. iki kazada toplam 4 ki\u015fi yaraland\u0131.<\/li>\n\n\n\n<li>D\u00fczce merkezde minib\u00fcsle motosikletin \u00e7arp\u0131\u015fmas\u0131 sonucu meydana gelen trafik kazas\u0131nda motosiklet s\u00fcr\u00fcc\u00fcs\u00fc yaraland\u0131.<\/li>\n\n\n\n<li>Adana, Ceyhan il\u00e7esinde meydana gelen trafik kazas\u0131nda, iki otomobil \u00e7arp\u0131\u015ft\u0131 ve 5 ki\u015fi yaraland\u0131.<\/li>\n\n\n\n<li>Bodrum, Fethiye\u2019de ara\u00e7 ile \u00e7arp\u0131\u015fan motosiklet s\u00fcr\u00fcc\u00fcs\u00fc hayat\u0131n\u0131 kaybetti.<\/li>\n<\/ul>","protected":false},"excerpt":{"rendered":"<p>Ocak 2024 tarihinde bas\u0131na yans\u0131yan trafik \u00e7arp\u0131\u015fmalar\u0131nda 239 ki\u015fi hayat\u0131n\u0131 kaybetmi\u015f, 1.432 ki\u015fi de yaralanm\u0131\u015f&#8230;.<\/p>","protected":false},"author":1,"featured_media":1145,"comment_status":"open","ping_status":"open","sticky":false,"template":"","format":"standard","meta":{"footnotes":""},"categories":[20],"tags":[101,373,119],"class_list":["post-1144","post","type-post","status-publish","format-standard","has-post-thumbnail","hentry","category-trafik-carpismalari","tag-basina-yansiyan","tag-ocak-2024","tag-trafik-carpismalari"],"yoast_head":"<!-- This site is optimized with the Yoast SEO plugin v27.5 - https:\/\/yoast.com\/product\/yoast-seo-wordpress\/ -->\n<title>Ocak 2024 bas\u0131na yans\u0131yan trafik \u00e7arp\u0131\u015fmalar\u0131 - Trafik \u00e7arp\u0131\u015fmalar\u0131<\/title>\n<meta name=\"description\" content=\"Ocak 2024 bas\u0131na yans\u0131yan trafik \u00e7arp\u0131\u015fmalar\u0131 Trafik \u00e7arp\u0131\u015fmalar\u0131 Ocak 2024 bas\u0131na yans\u0131yan trafik \u00e7arp\u0131\u015fmalar\u0131 Trafik \u00e7arp\u0131\u015fmalar\u0131\" \/>\n<meta name=\"robots\" content=\"index, follow, max-snippet:-1, max-image-preview:large, max-video-preview:-1\" \/>\n<link rel=\"canonical\" href=\"https:\/\/gazetetrafik.com\/en\/2024\/02\/10\/ocak-2024\/\" \/>\n<meta property=\"og:locale\" content=\"en_US\" \/>\n<meta property=\"og:type\" content=\"article\" \/>\n<meta property=\"og:title\" content=\"Ocak 2024 bas\u0131na yans\u0131yan trafik \u00e7arp\u0131\u015fmalar\u0131 - Trafik \u00e7arp\u0131\u015fmalar\u0131\" \/>\n<meta property=\"og:description\" content=\"Ocak 2024 bas\u0131na yans\u0131yan trafik \u00e7arp\u0131\u015fmalar\u0131 Trafik \u00e7arp\u0131\u015fmalar\u0131 Ocak 2024 bas\u0131na yans\u0131yan trafik \u00e7arp\u0131\u015fmalar\u0131 Trafik \u00e7arp\u0131\u015fmalar\u0131\" \/>\n<meta property=\"og:url\" content=\"https:\/\/gazetetrafik.com\/en\/2024\/02\/10\/ocak-2024\/\" \/>\n<meta property=\"article:published_time\" content=\"2024-02-09T21:04:55+00:00\" \/>\n<meta property=\"article:modified_time\" content=\"2024-02-09T21:05:44+00:00\" \/>\n<meta property=\"og:image\" content=\"https:\/\/gazetetrafik.com\/wp-content\/uploads\/2024\/02\/ocak2024basinayansiyan-gazetetrafik.jpg\" \/>\n\t<meta property=\"og:image:width\" content=\"609\" \/>\n\t<meta property=\"og:image:height\" content=\"539\" \/>\n\t<meta property=\"og:image:type\" content=\"image\/jpeg\" \/>\n<meta name=\"author\" content=\"Gazete Trafik\" \/>\n<meta name=\"twitter:card\" content=\"summary_large_image\" \/>\n<meta name=\"twitter:creator\" content=\"@TrafikGazete\" \/>\n<meta name=\"twitter:site\" content=\"@TrafikGazete\" \/>\n<meta name=\"twitter:label1\" content=\"Written by\" \/>\n\t<meta name=\"twitter:data1\" content=\"Gazete Trafik\" \/>\n\t<meta name=\"twitter:label2\" content=\"Est. reading time\" \/>\n\t<meta name=\"twitter:data2\" content=\"60 minutes\" \/>\n<script type=\"application\/ld+json\" class=\"yoast-schema-graph\">{\"@context\":\"https:\\\/\\\/schema.org\",\"@graph\":[{\"@type\":\"Article\",\"@id\":\"https:\\\/\\\/gazetetrafik.com\\\/2024\\\/02\\\/10\\\/ocak-2024\\\/#article\",\"isPartOf\":{\"@id\":\"https:\\\/\\\/gazetetrafik.com\\\/2024\\\/02\\\/10\\\/ocak-2024\\\/\"},\"author\":{\"name\":\"Gazete Trafik\",\"@id\":\"https:\\\/\\\/gazetetrafik.com\\\/#\\\/schema\\\/person\\\/2f75f4347719ee1b2a8ace54218ecab5\"},\"headline\":\"Ocak 2024 bas\u0131na yans\u0131yan trafik \u00e7arp\u0131\u015fmalar\u0131\",\"datePublished\":\"2024-02-09T21:04:55+00:00\",\"dateModified\":\"2024-02-09T21:05:44+00:00\",\"mainEntityOfPage\":{\"@id\":\"https:\\\/\\\/gazetetrafik.com\\\/2024\\\/02\\\/10\\\/ocak-2024\\\/\"},\"wordCount\":13432,\"commentCount\":0,\"publisher\":{\"@id\":\"https:\\\/\\\/gazetetrafik.com\\\/#organization\"},\"image\":{\"@id\":\"https:\\\/\\\/gazetetrafik.com\\\/2024\\\/02\\\/10\\\/ocak-2024\\\/#primaryimage\"},\"thumbnailUrl\":\"https:\\\/\\\/gazetetrafik.com\\\/wp-content\\\/uploads\\\/2024\\\/02\\\/ocak2024basinayansiyan-gazetetrafik.jpg\",\"keywords\":[\"bas\u0131na yans\u0131yan\",\"ocak 2024\",\"trafik \u00e7arp\u0131\u015fmalar\u0131\"],\"articleSection\":[\"Trafik \u00e7arp\u0131\u015fmalar\u0131\"],\"inLanguage\":\"en-US\",\"potentialAction\":[{\"@type\":\"CommentAction\",\"name\":\"Comment\",\"target\":[\"https:\\\/\\\/gazetetrafik.com\\\/2024\\\/02\\\/10\\\/ocak-2024\\\/#respond\"]}]},{\"@type\":\"WebPage\",\"@id\":\"https:\\\/\\\/gazetetrafik.com\\\/2024\\\/02\\\/10\\\/ocak-2024\\\/\",\"url\":\"https:\\\/\\\/gazetetrafik.com\\\/2024\\\/02\\\/10\\\/ocak-2024\\\/\",\"name\":\"Ocak 2024 bas\u0131na yans\u0131yan trafik \u00e7arp\u0131\u015fmalar\u0131 - Trafik \u00e7arp\u0131\u015fmalar\u0131\",\"isPartOf\":{\"@id\":\"https:\\\/\\\/gazetetrafik.com\\\/#website\"},\"primaryImageOfPage\":{\"@id\":\"https:\\\/\\\/gazetetrafik.com\\\/2024\\\/02\\\/10\\\/ocak-2024\\\/#primaryimage\"},\"image\":{\"@id\":\"https:\\\/\\\/gazetetrafik.com\\\/2024\\\/02\\\/10\\\/ocak-2024\\\/#primaryimage\"},\"thumbnailUrl\":\"https:\\\/\\\/gazetetrafik.com\\\/wp-content\\\/uploads\\\/2024\\\/02\\\/ocak2024basinayansiyan-gazetetrafik.jpg\",\"datePublished\":\"2024-02-09T21:04:55+00:00\",\"dateModified\":\"2024-02-09T21:05:44+00:00\",\"description\":\"Ocak 2024 bas\u0131na yans\u0131yan trafik \u00e7arp\u0131\u015fmalar\u0131 Trafik \u00e7arp\u0131\u015fmalar\u0131 Ocak 2024 bas\u0131na yans\u0131yan trafik \u00e7arp\u0131\u015fmalar\u0131 Trafik \u00e7arp\u0131\u015fmalar\u0131\",\"breadcrumb\":{\"@id\":\"https:\\\/\\\/gazetetrafik.com\\\/2024\\\/02\\\/10\\\/ocak-2024\\\/#breadcrumb\"},\"inLanguage\":\"en-US\",\"potentialAction\":[{\"@type\":\"ReadAction\",\"target\":[\"https:\\\/\\\/gazetetrafik.com\\\/2024\\\/02\\\/10\\\/ocak-2024\\\/\"]}]},{\"@type\":\"ImageObject\",\"inLanguage\":\"en-US\",\"@id\":\"https:\\\/\\\/gazetetrafik.com\\\/2024\\\/02\\\/10\\\/ocak-2024\\\/#primaryimage\",\"url\":\"https:\\\/\\\/gazetetrafik.com\\\/wp-content\\\/uploads\\\/2024\\\/02\\\/ocak2024basinayansiyan-gazetetrafik.jpg\",\"contentUrl\":\"https:\\\/\\\/gazetetrafik.com\\\/wp-content\\\/uploads\\\/2024\\\/02\\\/ocak2024basinayansiyan-gazetetrafik.jpg\",\"width\":609,\"height\":539,\"caption\":\"Ocak 2024\"},{\"@type\":\"BreadcrumbList\",\"@id\":\"https:\\\/\\\/gazetetrafik.com\\\/2024\\\/02\\\/10\\\/ocak-2024\\\/#breadcrumb\",\"itemListElement\":[{\"@type\":\"ListItem\",\"position\":1,\"name\":\"Anasayfa\",\"item\":\"https:\\\/\\\/gazetetrafik.com\\\/\"},{\"@type\":\"ListItem\",\"position\":2,\"name\":\"Ocak 2024 bas\u0131na yans\u0131yan trafik \u00e7arp\u0131\u015fmalar\u0131\"}]},{\"@type\":\"WebSite\",\"@id\":\"https:\\\/\\\/gazetetrafik.com\\\/#website\",\"url\":\"https:\\\/\\\/gazetetrafik.com\\\/\",\"name\":\"\",\"description\":\"\u0130NSANA VE YA\u015eAM HAKKINA SAYGILI TRAF\u0130K HABER GAZETES\u0130\",\"publisher\":{\"@id\":\"https:\\\/\\\/gazetetrafik.com\\\/#organization\"},\"potentialAction\":[{\"@type\":\"SearchAction\",\"target\":{\"@type\":\"EntryPoint\",\"urlTemplate\":\"https:\\\/\\\/gazetetrafik.com\\\/?s={search_term_string}\"},\"query-input\":{\"@type\":\"PropertyValueSpecification\",\"valueRequired\":true,\"valueName\":\"search_term_string\"}}],\"inLanguage\":\"en-US\"},{\"@type\":\"Organization\",\"@id\":\"https:\\\/\\\/gazetetrafik.com\\\/#organization\",\"name\":\"Gazete Trafik\",\"url\":\"https:\\\/\\\/gazetetrafik.com\\\/\",\"logo\":{\"@type\":\"ImageObject\",\"inLanguage\":\"en-US\",\"@id\":\"https:\\\/\\\/gazetetrafik.com\\\/#\\\/schema\\\/logo\\\/image\\\/\",\"url\":\"https:\\\/\\\/gazetetrafik.com\\\/wp-content\\\/uploads\\\/2022\\\/03\\\/cropped-logo.jpg\",\"contentUrl\":\"https:\\\/\\\/gazetetrafik.com\\\/wp-content\\\/uploads\\\/2022\\\/03\\\/cropped-logo.jpg\",\"width\":800,\"height\":220,\"caption\":\"Gazete Trafik\"},\"image\":{\"@id\":\"https:\\\/\\\/gazetetrafik.com\\\/#\\\/schema\\\/logo\\\/image\\\/\"},\"sameAs\":[\"https:\\\/\\\/x.com\\\/TrafikGazete\",\"https:\\\/\\\/www.instagram.com\\\/gazetetrafik\\\/\"]},{\"@type\":\"Person\",\"@id\":\"https:\\\/\\\/gazetetrafik.com\\\/#\\\/schema\\\/person\\\/2f75f4347719ee1b2a8ace54218ecab5\",\"name\":\"Gazete Trafik\",\"image\":{\"@type\":\"ImageObject\",\"inLanguage\":\"en-US\",\"@id\":\"https:\\\/\\\/secure.gravatar.com\\\/avatar\\\/bff6a4bfd3845f68dabbeea43bcbf9f2651b5ab9a1aad1d9381a89e564d3d208?s=96&d=mm&r=g\",\"url\":\"https:\\\/\\\/secure.gravatar.com\\\/avatar\\\/bff6a4bfd3845f68dabbeea43bcbf9f2651b5ab9a1aad1d9381a89e564d3d208?s=96&d=mm&r=g\",\"contentUrl\":\"https:\\\/\\\/secure.gravatar.com\\\/avatar\\\/bff6a4bfd3845f68dabbeea43bcbf9f2651b5ab9a1aad1d9381a89e564d3d208?s=96&d=mm&r=g\",\"caption\":\"Gazete Trafik\"},\"sameAs\":[\"https:\\\/\\\/gazetetrafik.com\"],\"url\":\"https:\\\/\\\/gazetetrafik.com\\\/en\\\/author\\\/gazete-trafik\\\/\"}]}<\/script>\n<!-- \/ Yoast SEO plugin. -->","yoast_head_json":{"title":"Ocak 2024 bas\u0131na yans\u0131yan trafik \u00e7arp\u0131\u015fmalar\u0131 - Trafik \u00e7arp\u0131\u015fmalar\u0131","description":"Ocak 2024 bas\u0131na yans\u0131yan trafik \u00e7arp\u0131\u015fmalar\u0131 Trafik \u00e7arp\u0131\u015fmalar\u0131 Ocak 2024 bas\u0131na yans\u0131yan trafik \u00e7arp\u0131\u015fmalar\u0131 Trafik \u00e7arp\u0131\u015fmalar\u0131","robots":{"index":"index","follow":"follow","max-snippet":"max-snippet:-1","max-image-preview":"max-image-preview:large","max-video-preview":"max-video-preview:-1"},"canonical":"https:\/\/gazetetrafik.com\/en\/2024\/02\/10\/ocak-2024\/","og_locale":"en_US","og_type":"article","og_title":"Ocak 2024 bas\u0131na yans\u0131yan trafik \u00e7arp\u0131\u015fmalar\u0131 - Trafik \u00e7arp\u0131\u015fmalar\u0131","og_description":"Ocak 2024 bas\u0131na yans\u0131yan trafik \u00e7arp\u0131\u015fmalar\u0131 Trafik \u00e7arp\u0131\u015fmalar\u0131 Ocak 2024 bas\u0131na yans\u0131yan trafik \u00e7arp\u0131\u015fmalar\u0131 Trafik \u00e7arp\u0131\u015fmalar\u0131","og_url":"https:\/\/gazetetrafik.com\/en\/2024\/02\/10\/ocak-2024\/","article_published_time":"2024-02-09T21:04:55+00:00","article_modified_time":"2024-02-09T21:05:44+00:00","og_image":[{"width":609,"height":539,"url":"https:\/\/gazetetrafik.com\/wp-content\/uploads\/2024\/02\/ocak2024basinayansiyan-gazetetrafik.jpg","type":"image\/jpeg"}],"author":"Gazete Trafik","twitter_card":"summary_large_image","twitter_creator":"@TrafikGazete","twitter_site":"@TrafikGazete","twitter_misc":{"Written by":"Gazete Trafik","Est. reading time":"60 minutes"},"schema":{"@context":"https:\/\/schema.org","@graph":[{"@type":"Article","@id":"https:\/\/gazetetrafik.com\/2024\/02\/10\/ocak-2024\/#article","isPartOf":{"@id":"https:\/\/gazetetrafik.com\/2024\/02\/10\/ocak-2024\/"},"author":{"name":"Gazete Trafik","@id":"https:\/\/gazetetrafik.com\/#\/schema\/person\/2f75f4347719ee1b2a8ace54218ecab5"},"headline":"Ocak 2024 bas\u0131na yans\u0131yan trafik \u00e7arp\u0131\u015fmalar\u0131","datePublished":"2024-02-09T21:04:55+00:00","dateModified":"2024-02-09T21:05:44+00:00","mainEntityOfPage":{"@id":"https:\/\/gazetetrafik.com\/2024\/02\/10\/ocak-2024\/"},"wordCount":13432,"commentCount":0,"publisher":{"@id":"https:\/\/gazetetrafik.com\/#organization"},"image":{"@id":"https:\/\/gazetetrafik.com\/2024\/02\/10\/ocak-2024\/#primaryimage"},"thumbnailUrl":"https:\/\/gazetetrafik.com\/wp-content\/uploads\/2024\/02\/ocak2024basinayansiyan-gazetetrafik.jpg","keywords":["bas\u0131na yans\u0131yan","ocak 2024","trafik \u00e7arp\u0131\u015fmalar\u0131"],"articleSection":["Trafik \u00e7arp\u0131\u015fmalar\u0131"],"inLanguage":"en-US","potentialAction":[{"@type":"CommentAction","name":"Comment","target":["https:\/\/gazetetrafik.com\/2024\/02\/10\/ocak-2024\/#respond"]}]},{"@type":"WebPage","@id":"https:\/\/gazetetrafik.com\/2024\/02\/10\/ocak-2024\/","url":"https:\/\/gazetetrafik.com\/2024\/02\/10\/ocak-2024\/","name":"Ocak 2024 bas\u0131na yans\u0131yan trafik \u00e7arp\u0131\u015fmalar\u0131 - Trafik \u00e7arp\u0131\u015fmalar\u0131","isPartOf":{"@id":"https:\/\/gazetetrafik.com\/#website"},"primaryImageOfPage":{"@id":"https:\/\/gazetetrafik.com\/2024\/02\/10\/ocak-2024\/#primaryimage"},"image":{"@id":"https:\/\/gazetetrafik.com\/2024\/02\/10\/ocak-2024\/#primaryimage"},"thumbnailUrl":"https:\/\/gazetetrafik.com\/wp-content\/uploads\/2024\/02\/ocak2024basinayansiyan-gazetetrafik.jpg","datePublished":"2024-02-09T21:04:55+00:00","dateModified":"2024-02-09T21:05:44+00:00","description":"Ocak 2024 bas\u0131na yans\u0131yan trafik \u00e7arp\u0131\u015fmalar\u0131 Trafik \u00e7arp\u0131\u015fmalar\u0131 Ocak 2024 bas\u0131na yans\u0131yan trafik \u00e7arp\u0131\u015fmalar\u0131 Trafik \u00e7arp\u0131\u015fmalar\u0131","breadcrumb":{"@id":"https:\/\/gazetetrafik.com\/2024\/02\/10\/ocak-2024\/#breadcrumb"},"inLanguage":"en-US","potentialAction":[{"@type":"ReadAction","target":["https:\/\/gazetetrafik.com\/2024\/02\/10\/ocak-2024\/"]}]},{"@type":"ImageObject","inLanguage":"en-US","@id":"https:\/\/gazetetrafik.com\/2024\/02\/10\/ocak-2024\/#primaryimage","url":"https:\/\/gazetetrafik.com\/wp-content\/uploads\/2024\/02\/ocak2024basinayansiyan-gazetetrafik.jpg","contentUrl":"https:\/\/gazetetrafik.com\/wp-content\/uploads\/2024\/02\/ocak2024basinayansiyan-gazetetrafik.jpg","width":609,"height":539,"caption":"Ocak 2024"},{"@type":"BreadcrumbList","@id":"https:\/\/gazetetrafik.com\/2024\/02\/10\/ocak-2024\/#breadcrumb","itemListElement":[{"@type":"ListItem","position":1,"name":"Anasayfa","item":"https:\/\/gazetetrafik.com\/"},{"@type":"ListItem","position":2,"name":"Ocak 2024 bas\u0131na yans\u0131yan trafik \u00e7arp\u0131\u015fmalar\u0131"}]},{"@type":"WebSite","@id":"https:\/\/gazetetrafik.com\/#website","url":"https:\/\/gazetetrafik.com\/","name":"","description":"\u0130NSANA VE YA\u015eAM HAKKINA SAYGILI TRAF\u0130K HABER GAZETES\u0130","publisher":{"@id":"https:\/\/gazetetrafik.com\/#organization"},"potentialAction":[{"@type":"SearchAction","target":{"@type":"EntryPoint","urlTemplate":"https:\/\/gazetetrafik.com\/?s={search_term_string}"},"query-input":{"@type":"PropertyValueSpecification","valueRequired":true,"valueName":"search_term_string"}}],"inLanguage":"en-US"},{"@type":"Organization","@id":"https:\/\/gazetetrafik.com\/#organization","name":"Gazete Trafik","url":"https:\/\/gazetetrafik.com\/","logo":{"@type":"ImageObject","inLanguage":"en-US","@id":"https:\/\/gazetetrafik.com\/#\/schema\/logo\/image\/","url":"https:\/\/gazetetrafik.com\/wp-content\/uploads\/2022\/03\/cropped-logo.jpg","contentUrl":"https:\/\/gazetetrafik.com\/wp-content\/uploads\/2022\/03\/cropped-logo.jpg","width":800,"height":220,"caption":"Gazete Trafik"},"image":{"@id":"https:\/\/gazetetrafik.com\/#\/schema\/logo\/image\/"},"sameAs":["https:\/\/x.com\/TrafikGazete","https:\/\/www.instagram.com\/gazetetrafik\/"]},{"@type":"Person","@id":"https:\/\/gazetetrafik.com\/#\/schema\/person\/2f75f4347719ee1b2a8ace54218ecab5","name":"Gazete Trafik","image":{"@type":"ImageObject","inLanguage":"en-US","@id":"https:\/\/secure.gravatar.com\/avatar\/bff6a4bfd3845f68dabbeea43bcbf9f2651b5ab9a1aad1d9381a89e564d3d208?s=96&d=mm&r=g","url":"https:\/\/secure.gravatar.com\/avatar\/bff6a4bfd3845f68dabbeea43bcbf9f2651b5ab9a1aad1d9381a89e564d3d208?s=96&d=mm&r=g","contentUrl":"https:\/\/secure.gravatar.com\/avatar\/bff6a4bfd3845f68dabbeea43bcbf9f2651b5ab9a1aad1d9381a89e564d3d208?s=96&d=mm&r=g","caption":"Gazete Trafik"},"sameAs":["https:\/\/gazetetrafik.com"],"url":"https:\/\/gazetetrafik.com\/en\/author\/gazete-trafik\/"}]}},"_links":{"self":[{"href":"https:\/\/gazetetrafik.com\/en\/wp-json\/wp\/v2\/posts\/1144","targetHints":{"allow":["GET"]}}],"collection":[{"href":"https:\/\/gazetetrafik.com\/en\/wp-json\/wp\/v2\/posts"}],"about":[{"href":"https:\/\/gazetetrafik.com\/en\/wp-json\/wp\/v2\/types\/post"}],"author":[{"embeddable":true,"href":"https:\/\/gazetetrafik.com\/en\/wp-json\/wp\/v2\/users\/1"}],"replies":[{"embeddable":true,"href":"https:\/\/gazetetrafik.com\/en\/wp-json\/wp\/v2\/comments?post=1144"}],"version-history":[{"count":1,"href":"https:\/\/gazetetrafik.com\/en\/wp-json\/wp\/v2\/posts\/1144\/revisions"}],"predecessor-version":[{"id":1146,"href":"https:\/\/gazetetrafik.com\/en\/wp-json\/wp\/v2\/posts\/1144\/revisions\/1146"}],"wp:featuredmedia":[{"embeddable":true,"href":"https:\/\/gazetetrafik.com\/en\/wp-json\/wp\/v2\/media\/1145"}],"wp:attachment":[{"href":"https:\/\/gazetetrafik.com\/en\/wp-json\/wp\/v2\/media?parent=1144"}],"wp:term":[{"taxonomy":"category","embeddable":true,"href":"https:\/\/gazetetrafik.com\/en\/wp-json\/wp\/v2\/categories?post=1144"},{"taxonomy":"post_tag","embeddable":true,"href":"https:\/\/gazetetrafik.com\/en\/wp-json\/wp\/v2\/tags?post=1144"}],"curies":[{"name":"wp","href":"https:\/\/api.w.org\/{rel}","templated":true}]}}