{"id":1209,"date":"2024-06-12T23:37:19","date_gmt":"2024-06-12T20:37:19","guid":{"rendered":"https:\/\/gazetetrafik.com\/?p=1209"},"modified":"2024-06-12T23:37:35","modified_gmt":"2024-06-12T20:37:35","slug":"bayram-tatilinde","status":"publish","type":"post","link":"https:\/\/gazetetrafik.com\/en\/2024\/06\/12\/bayram-tatilinde\/","title":{"rendered":"Bayram tatilinde trafi\u011fe dikkat"},"content":{"rendered":"<p>Bayram Tatilinde Trafikte Dikkat Edilecek Hususlar &#8220;T\u00fcrkiye Trafik G\u00fcvenli\u011fi Vakf\u0131&#8221;<\/p>\n\n\n\n<figure class=\"wp-block-image alignleft size-full\"><img loading=\"lazy\" decoding=\"async\" width=\"352\" height=\"77\" src=\"https:\/\/gazetetrafik.com\/wp-content\/uploads\/2024\/06\/ttgv.png\" alt=\"\" class=\"wp-image-1211\" srcset=\"https:\/\/gazetetrafik.com\/wp-content\/uploads\/2024\/06\/ttgv.png 352w, https:\/\/gazetetrafik.com\/wp-content\/uploads\/2024\/06\/ttgv-300x66.png 300w, https:\/\/gazetetrafik.com\/wp-content\/uploads\/2024\/06\/ttgv-18x4.png 18w\" sizes=\"auto, (max-width: 352px) 100vw, 352px\" \/><\/figure>\n\n\n\n<p>16 Haziran Pazar g\u00fcn\u00fc ba\u015flayacak olan Kurban Bayram\u0131 ve sonras\u0131ndaki 2(iki) g\u00fcnl\u00fck idari izin ile birlikte 9(dokuz) g\u00fcnl\u00fck tatil imk\u00e2n\u0131 yarat\u0131lm\u0131\u015ft\u0131r. 9 g\u00fcnl\u00fck bayram tatilinin 15 haziranda ba\u015flamas\u0131 ile tatili ya\u015fad\u0131klar\u0131 \u015fehir d\u0131\u015f\u0131nda de\u011ferlendirmek isteyenlerin yollara \u00e7\u0131kmas\u0131 ve d\u00f6n\u00fc\u015f\u00fcnde karayollar\u0131nda trafik yo\u011funlu\u011fun artmas\u0131 beklenmektedir. Bu art\u0131\u015fa paralel olarak trafik kazalar\u0131 da artmakta, her y\u0131l binlerce insan\u0131m\u0131z bu kazalar neticesinde hayat\u0131n\u0131 kaybetmektedir.\u00a0<\/p>\n\n\n\n<p>\u00dclkemizde 2023 y\u0131l\u0131nda 1.314.136 kaza olmu\u015f, bu kazalarda da 6.548 ki\u015fi hayat\u0131n\u0131 kaybetmi\u015f, 350.855 ki\u015fi yaralanm\u0131\u015ft\u0131r. Trafik kazalar\u0131n\u0131n \u00f6zellikle bayram tatili d\u00f6nemlerinde artt\u0131\u011f\u0131 g\u00f6r\u00fclmektedir. Bu nedenle bayram tatili d\u00f6nemleri, trafik g\u00fcvenli\u011fini artt\u0131r\u0131c\u0131 \u00f6nlemlerin artt\u0131r\u0131lmas\u0131 gereken d\u00f6nemlerdir. Bayram sevincinin yasa d\u00f6n\u00fc\u015fmemesi, can ve mal emniyetinin sa\u011flanmas\u0131 ve \u00fcz\u00fcc\u00fc trafik kazalar\u0131n\u0131n ya\u015fanmamas\u0131 i\u00e7in g\u00f6revlilere, s\u00fcr\u00fcc\u00fclere ve yolculara g\u00f6revler d\u00fc\u015fmektedir.<\/p>\n\n\n\n<h2 class=\"wp-block-heading\">S\u00fcr\u00fcc\u00fclerin ara\u00e7la yolculu\u011fa \u00e7\u0131kmadan \u00f6nce;<\/h2>\n\n\n\n<ul class=\"wp-block-list\">\n<li>Ara\u00e7 bak\u0131m\u0131n\u0131 yapt\u0131rmalar\u0131,<\/li>\n\n\n\n<li>Yol ve hava \u015fartlar\u0131na uygun \u015fekilde ara\u00e7 kullanmalar\u0131,<\/li>\n\n\n\n<li>Arac\u0131n fenni muayene, sigorta ve varsa kaskosu kontrol etmeleri,<\/li>\n\n\n\n<li>\u00d6zellikle hususi ara\u00e7lar\u0131 ile yola \u00e7\u0131kacak s\u00fcr\u00fcc\u00fcler, yola \u00e7\u0131kmadan \u00f6nce yeteri kadar<\/li>\n\n\n\n<li>dinlenmeleri, bayram\u0131n yaza gelmesi nedeniyle \u00f6zellikle klimas\u0131z ara\u00e7la seyahat edecek ara\u00e7lar\u0131n sabah hava serinli\u011finde veya ak\u015fam serinli\u011finde seyahat etmeleri,<\/li>\n\n\n\n<li>A\u015f\u0131r\u0131 s\u0131cak ta seyahat edilmesinde ara\u00e7 lastik havalar\u0131 normalin \u00fczerine \u00e7\u0131kar karayolunda \u00f6zellikle Ege ve Akdeniz\u2019de seyahat esnas\u0131nda sathi kaplama yol zeminlerinde asfalt\u0131n s\u0131caktan kusmas\u0131 olabilir bu durumda fren mesafeleri uzamas\u0131na neden olabilir ayr\u0131ca di\u015f kal\u0131nl\u0131\u011f\u0131 yeterli olmayan lastiklerin aniden patlamas\u0131 meydana gelebilir. S\u00fcr\u00fc\u015f esnas\u0131nda bu hususlara dikkat etmeleri,<\/li>\n\n\n\n<li>Yolculuk \u00f6ncesi, g\u00f6r\u00fc\u015f\u00fc engelleyen, refleksleri a\u011f\u0131rla\u015ft\u0131ran ila\u00e7lar ve g\u0131dalar almamalar\u0131,<\/li>\n\n\n\n<li>Ara\u00e7lardaki ilk yard\u0131m \u00e7antas\u0131, \u00fc\u00e7gen reflekt\u00f6r, yang\u0131n s\u00f6nd\u00fcrme cihaz\u0131 gibi zorunlu donan\u0131mlar\u0131n tam oldu\u011fu kontrol edilmeleri,<\/li>\n\n\n\n<li>Yaz veya d\u00f6rt mevsim lasti\u011fi kullanmal\u0131,&nbsp; lastikler kabak olmamal\u0131 ve hava bas\u0131nc\u0131n\u0131 kontrol edilmeli,<\/li>\n\n\n\n<li>Ara\u00e7ta yedek lasti\u011fin sa\u011flam ve havas\u0131n\u0131n tam oldu\u011fundan emin olunmal\u0131, tak\u0131m ve avadanl\u0131klar (kriko, bijon anahtar\u0131 ve varsa \u015fifreli bijon,tornavida ve pense)ara\u00e7 \u00fczerinde tam ve eksiksiz olarak bulundu\u011funu kontrol etmeleri uygun olacakt\u0131r.<\/li>\n\n\n\n<li>Ayr\u0131ca s\u00fcr\u00fc\u015f esnas\u0131nda baz\u0131 \u00f6nlemlerin al\u0131nmas\u0131 sonucu \u00e7ok daha g\u00fcvenli bir yolculuk ge\u00e7irmelerinde etkili olacakt\u0131r.<\/li>\n\n\n\n<li>Emniyet kemeri tak\u0131l\u0131 olmal\u0131,<\/li>\n\n\n\n<li>Dinlenmeden en fazla 4 saat ara\u00e7 kullan\u0131lmal\u0131 ve en az 30 dk mola verilmeli ve bir g\u00fcn i\u00e7inde en \u00e7ok 8 saat ara\u00e7 kullan\u0131lmal\u0131, e\u011fer yolculuk 8 saatten fazla s\u00fcrecekse yedek bir s\u00fcr\u00fcc\u00fc ile d\u00f6n\u00fc\u015f\u00fcml\u00fc olarak ara\u00e7 kullan\u0131lmal\u0131,<\/li>\n\n\n\n<li>Trafiki\u015faret ve kurallar\u0131na azami derecede riayet ederek daha dikkatli, daha duyarl\u0131 olmal\u0131,<\/li>\n\n\n\n<li>Uykusuz, yorgunveya alkoll\u00fc bi\u00e7imde ara\u00e7 kullan\u0131lmamal\u0131,<\/li>\n\n\n\n<li>Hatal\u0131 sollama yap\u0131lmamal\u0131,<\/li>\n\n\n\n<li>H\u0131z s\u0131n\u0131rlar\u0131na uymak ve takip mesafesine dikkat etmeli,<\/li>\n\n\n\n<li>Ara\u00e7 kullan\u0131rken cep telefonu kullan\u0131lmamal\u0131(SMS yollamak, sosyal medya takip etmek vb.),<\/li>\n\n\n\n<li>T\u00fcm yolcular emniyet kemeri takmal\u0131,&nbsp;<\/li>\n\n\n\n<li>K\u00fc\u00e7\u00fck \u00e7ocuklar \u00f6n koltu\u011fa oturtulmamal\u0131,&nbsp;<\/li>\n\n\n\n<li>Bebekler i\u00e7in arkada \u00e7ocuk koltu\u011fu kullan\u0131lmal\u0131 ve oturtulmal\u0131,<\/li>\n<\/ul>\n\n\n\n<p>\u0130lgili makamlar da gerekli \u00f6nlemleri alarak yurtta\u015flar\u0131m\u0131za g\u00fcvenli bir yolculuk sa\u011flamak i\u00e7in azami \u00f6zen g\u00f6stermelidir. Bu duygularla milletimizin Kurban Bayram\u0131n\u0131 kutlar g\u00fcvenli g\u00fcnler dilerim.<\/p>\n\n\n\n<p>Taceddin KINAY<\/p>\n\n\n\n<p>T\u00fcrkiye Trafik G\u00fcvenli\u011fi Vakf\u0131- Y\u00f6netim Kurulu Ba\u015fkan\u0131 <a href=\"http:\/\/www.trafikguvenligi.org.tr\/\">http:\/\/www.trafikguvenligi.org.tr\/<\/a><\/p>","protected":false},"excerpt":{"rendered":"<p>Bayram Tatilinde Trafikte Dikkat Edilecek Hususlar &#8220;T\u00fcrkiye Trafik G\u00fcvenli\u011fi Vakf\u0131&#8221; 16 Haziran Pazar g\u00fcn\u00fc ba\u015flayacak&#8230;<\/p>","protected":false},"author":1,"featured_media":1212,"comment_status":"open","ping_status":"open","sticky":false,"template":"","format":"standard","meta":{"footnotes":""},"categories":[3],"tags":[402,403],"class_list":["post-1209","post","type-post","status-publish","format-standard","has-post-thumbnail","hentry","category-trafik-guvenligi","tag-bayram-tatilinde-trafikte-dikkat-edilecek-hususlar","tag-turkiye-trafik-guvenligi-vakfi"],"yoast_head":"<!-- This site is optimized with the Yoast SEO plugin v27.5 - https:\/\/yoast.com\/product\/yoast-seo-wordpress\/ -->\n<title>Bayram tatilinde trafi\u011fe dikkat - Trafik g\u00fcvenli\u011fi Trafik g\u00fcvenli\u011fi<\/title>\n<meta name=\"description\" content=\"Trafik g\u00fcvenli\u011fi Bayram tatilinde trafi\u011fe dikkat Trafik g\u00fcvenli\u011fi Bayram tatilinde trafi\u011fe dikkat Trafik g\u00fcvenli\u011fi\" \/>\n<meta name=\"robots\" content=\"index, follow, max-snippet:-1, max-image-preview:large, max-video-preview:-1\" \/>\n<link rel=\"canonical\" href=\"https:\/\/gazetetrafik.com\/en\/2024\/06\/12\/bayram-tatilinde\/\" \/>\n<meta property=\"og:locale\" content=\"en_US\" \/>\n<meta property=\"og:type\" content=\"article\" \/>\n<meta property=\"og:title\" content=\"Bayram tatilinde trafi\u011fe dikkat - Trafik g\u00fcvenli\u011fi Trafik g\u00fcvenli\u011fi\" \/>\n<meta property=\"og:description\" content=\"Trafik g\u00fcvenli\u011fi Bayram tatilinde trafi\u011fe dikkat Trafik g\u00fcvenli\u011fi Bayram tatilinde trafi\u011fe dikkat Trafik g\u00fcvenli\u011fi\" \/>\n<meta property=\"og:url\" content=\"https:\/\/gazetetrafik.com\/en\/2024\/06\/12\/bayram-tatilinde\/\" \/>\n<meta property=\"article:published_time\" content=\"2024-06-12T20:37:19+00:00\" \/>\n<meta property=\"article:modified_time\" content=\"2024-06-12T20:37:35+00:00\" \/>\n<meta property=\"og:image\" content=\"https:\/\/gazetetrafik.com\/wp-content\/uploads\/2024\/06\/ttgv-gt.jpg\" \/>\n\t<meta property=\"og:image:width\" content=\"698\" \/>\n\t<meta property=\"og:image:height\" content=\"525\" \/>\n\t<meta property=\"og:image:type\" content=\"image\/jpeg\" \/>\n<meta name=\"author\" content=\"Gazete Trafik\" \/>\n<meta name=\"twitter:card\" content=\"summary_large_image\" \/>\n<meta name=\"twitter:creator\" content=\"@TrafikGazete\" \/>\n<meta name=\"twitter:site\" content=\"@TrafikGazete\" \/>\n<meta name=\"twitter:label1\" content=\"Written by\" \/>\n\t<meta name=\"twitter:data1\" content=\"Gazete Trafik\" \/>\n\t<meta name=\"twitter:label2\" content=\"Est. reading time\" \/>\n\t<meta name=\"twitter:data2\" content=\"4 minutes\" \/>\n<script type=\"application\/ld+json\" class=\"yoast-schema-graph\">{\"@context\":\"https:\\\/\\\/schema.org\",\"@graph\":[{\"@type\":\"Article\",\"@id\":\"https:\\\/\\\/gazetetrafik.com\\\/2024\\\/06\\\/12\\\/bayram-tatilinde\\\/#article\",\"isPartOf\":{\"@id\":\"https:\\\/\\\/gazetetrafik.com\\\/2024\\\/06\\\/12\\\/bayram-tatilinde\\\/\"},\"author\":{\"name\":\"Gazete Trafik\",\"@id\":\"https:\\\/\\\/gazetetrafik.com\\\/#\\\/schema\\\/person\\\/2f75f4347719ee1b2a8ace54218ecab5\"},\"headline\":\"Bayram tatilinde trafi\u011fe dikkat\",\"datePublished\":\"2024-06-12T20:37:19+00:00\",\"dateModified\":\"2024-06-12T20:37:35+00:00\",\"mainEntityOfPage\":{\"@id\":\"https:\\\/\\\/gazetetrafik.com\\\/2024\\\/06\\\/12\\\/bayram-tatilinde\\\/\"},\"wordCount\":637,\"commentCount\":0,\"publisher\":{\"@id\":\"https:\\\/\\\/gazetetrafik.com\\\/#organization\"},\"image\":{\"@id\":\"https:\\\/\\\/gazetetrafik.com\\\/2024\\\/06\\\/12\\\/bayram-tatilinde\\\/#primaryimage\"},\"thumbnailUrl\":\"https:\\\/\\\/gazetetrafik.com\\\/wp-content\\\/uploads\\\/2024\\\/06\\\/ttgv-gt.jpg\",\"keywords\":[\"Bayram Tatilinde Trafikte Dikkat Edilecek Hususlar\",\"T\u00fcrkiye Trafik G\u00fcvenli\u011fi Vakf\u0131\"],\"articleSection\":[\"Trafik g\u00fcvenli\u011fi\"],\"inLanguage\":\"en-US\",\"potentialAction\":[{\"@type\":\"CommentAction\",\"name\":\"Comment\",\"target\":[\"https:\\\/\\\/gazetetrafik.com\\\/2024\\\/06\\\/12\\\/bayram-tatilinde\\\/#respond\"]}]},{\"@type\":\"WebPage\",\"@id\":\"https:\\\/\\\/gazetetrafik.com\\\/2024\\\/06\\\/12\\\/bayram-tatilinde\\\/\",\"url\":\"https:\\\/\\\/gazetetrafik.com\\\/2024\\\/06\\\/12\\\/bayram-tatilinde\\\/\",\"name\":\"Bayram tatilinde trafi\u011fe dikkat - Trafik g\u00fcvenli\u011fi Trafik g\u00fcvenli\u011fi\",\"isPartOf\":{\"@id\":\"https:\\\/\\\/gazetetrafik.com\\\/#website\"},\"primaryImageOfPage\":{\"@id\":\"https:\\\/\\\/gazetetrafik.com\\\/2024\\\/06\\\/12\\\/bayram-tatilinde\\\/#primaryimage\"},\"image\":{\"@id\":\"https:\\\/\\\/gazetetrafik.com\\\/2024\\\/06\\\/12\\\/bayram-tatilinde\\\/#primaryimage\"},\"thumbnailUrl\":\"https:\\\/\\\/gazetetrafik.com\\\/wp-content\\\/uploads\\\/2024\\\/06\\\/ttgv-gt.jpg\",\"datePublished\":\"2024-06-12T20:37:19+00:00\",\"dateModified\":\"2024-06-12T20:37:35+00:00\",\"description\":\"Trafik g\u00fcvenli\u011fi Bayram tatilinde trafi\u011fe dikkat Trafik g\u00fcvenli\u011fi Bayram tatilinde trafi\u011fe dikkat Trafik g\u00fcvenli\u011fi\",\"breadcrumb\":{\"@id\":\"https:\\\/\\\/gazetetrafik.com\\\/2024\\\/06\\\/12\\\/bayram-tatilinde\\\/#breadcrumb\"},\"inLanguage\":\"en-US\",\"potentialAction\":[{\"@type\":\"ReadAction\",\"target\":[\"https:\\\/\\\/gazetetrafik.com\\\/2024\\\/06\\\/12\\\/bayram-tatilinde\\\/\"]}]},{\"@type\":\"ImageObject\",\"inLanguage\":\"en-US\",\"@id\":\"https:\\\/\\\/gazetetrafik.com\\\/2024\\\/06\\\/12\\\/bayram-tatilinde\\\/#primaryimage\",\"url\":\"https:\\\/\\\/gazetetrafik.com\\\/wp-content\\\/uploads\\\/2024\\\/06\\\/ttgv-gt.jpg\",\"contentUrl\":\"https:\\\/\\\/gazetetrafik.com\\\/wp-content\\\/uploads\\\/2024\\\/06\\\/ttgv-gt.jpg\",\"width\":698,\"height\":525,\"caption\":\"Bayram trafi\u011finde dikkat edilecek hususlar\"},{\"@type\":\"BreadcrumbList\",\"@id\":\"https:\\\/\\\/gazetetrafik.com\\\/2024\\\/06\\\/12\\\/bayram-tatilinde\\\/#breadcrumb\",\"itemListElement\":[{\"@type\":\"ListItem\",\"position\":1,\"name\":\"Anasayfa\",\"item\":\"https:\\\/\\\/gazetetrafik.com\\\/\"},{\"@type\":\"ListItem\",\"position\":2,\"name\":\"Bayram tatilinde trafi\u011fe dikkat\"}]},{\"@type\":\"WebSite\",\"@id\":\"https:\\\/\\\/gazetetrafik.com\\\/#website\",\"url\":\"https:\\\/\\\/gazetetrafik.com\\\/\",\"name\":\"\",\"description\":\"\u0130NSANA VE YA\u015eAM HAKKINA SAYGILI TRAF\u0130K HABER GAZETES\u0130\",\"publisher\":{\"@id\":\"https:\\\/\\\/gazetetrafik.com\\\/#organization\"},\"potentialAction\":[{\"@type\":\"SearchAction\",\"target\":{\"@type\":\"EntryPoint\",\"urlTemplate\":\"https:\\\/\\\/gazetetrafik.com\\\/?s={search_term_string}\"},\"query-input\":{\"@type\":\"PropertyValueSpecification\",\"valueRequired\":true,\"valueName\":\"search_term_string\"}}],\"inLanguage\":\"en-US\"},{\"@type\":\"Organization\",\"@id\":\"https:\\\/\\\/gazetetrafik.com\\\/#organization\",\"name\":\"Gazete Trafik\",\"url\":\"https:\\\/\\\/gazetetrafik.com\\\/\",\"logo\":{\"@type\":\"ImageObject\",\"inLanguage\":\"en-US\",\"@id\":\"https:\\\/\\\/gazetetrafik.com\\\/#\\\/schema\\\/logo\\\/image\\\/\",\"url\":\"https:\\\/\\\/gazetetrafik.com\\\/wp-content\\\/uploads\\\/2022\\\/03\\\/cropped-logo.jpg\",\"contentUrl\":\"https:\\\/\\\/gazetetrafik.com\\\/wp-content\\\/uploads\\\/2022\\\/03\\\/cropped-logo.jpg\",\"width\":800,\"height\":220,\"caption\":\"Gazete Trafik\"},\"image\":{\"@id\":\"https:\\\/\\\/gazetetrafik.com\\\/#\\\/schema\\\/logo\\\/image\\\/\"},\"sameAs\":[\"https:\\\/\\\/x.com\\\/TrafikGazete\",\"https:\\\/\\\/www.instagram.com\\\/gazetetrafik\\\/\"]},{\"@type\":\"Person\",\"@id\":\"https:\\\/\\\/gazetetrafik.com\\\/#\\\/schema\\\/person\\\/2f75f4347719ee1b2a8ace54218ecab5\",\"name\":\"Gazete Trafik\",\"image\":{\"@type\":\"ImageObject\",\"inLanguage\":\"en-US\",\"@id\":\"https:\\\/\\\/secure.gravatar.com\\\/avatar\\\/bff6a4bfd3845f68dabbeea43bcbf9f2651b5ab9a1aad1d9381a89e564d3d208?s=96&d=mm&r=g\",\"url\":\"https:\\\/\\\/secure.gravatar.com\\\/avatar\\\/bff6a4bfd3845f68dabbeea43bcbf9f2651b5ab9a1aad1d9381a89e564d3d208?s=96&d=mm&r=g\",\"contentUrl\":\"https:\\\/\\\/secure.gravatar.com\\\/avatar\\\/bff6a4bfd3845f68dabbeea43bcbf9f2651b5ab9a1aad1d9381a89e564d3d208?s=96&d=mm&r=g\",\"caption\":\"Gazete Trafik\"},\"sameAs\":[\"https:\\\/\\\/gazetetrafik.com\"],\"url\":\"https:\\\/\\\/gazetetrafik.com\\\/en\\\/author\\\/gazete-trafik\\\/\"}]}<\/script>\n<!-- \/ Yoast SEO plugin. -->","yoast_head_json":{"title":"Bayram tatilinde trafi\u011fe dikkat - Trafik g\u00fcvenli\u011fi Trafik g\u00fcvenli\u011fi","description":"Trafik g\u00fcvenli\u011fi Bayram tatilinde trafi\u011fe dikkat Trafik g\u00fcvenli\u011fi Bayram tatilinde trafi\u011fe dikkat Trafik g\u00fcvenli\u011fi","robots":{"index":"index","follow":"follow","max-snippet":"max-snippet:-1","max-image-preview":"max-image-preview:large","max-video-preview":"max-video-preview:-1"},"canonical":"https:\/\/gazetetrafik.com\/en\/2024\/06\/12\/bayram-tatilinde\/","og_locale":"en_US","og_type":"article","og_title":"Bayram tatilinde trafi\u011fe dikkat - Trafik g\u00fcvenli\u011fi Trafik g\u00fcvenli\u011fi","og_description":"Trafik g\u00fcvenli\u011fi Bayram tatilinde trafi\u011fe dikkat Trafik g\u00fcvenli\u011fi Bayram tatilinde trafi\u011fe dikkat Trafik g\u00fcvenli\u011fi","og_url":"https:\/\/gazetetrafik.com\/en\/2024\/06\/12\/bayram-tatilinde\/","article_published_time":"2024-06-12T20:37:19+00:00","article_modified_time":"2024-06-12T20:37:35+00:00","og_image":[{"width":698,"height":525,"url":"https:\/\/gazetetrafik.com\/wp-content\/uploads\/2024\/06\/ttgv-gt.jpg","type":"image\/jpeg"}],"author":"Gazete Trafik","twitter_card":"summary_large_image","twitter_creator":"@TrafikGazete","twitter_site":"@TrafikGazete","twitter_misc":{"Written by":"Gazete Trafik","Est. reading time":"4 minutes"},"schema":{"@context":"https:\/\/schema.org","@graph":[{"@type":"Article","@id":"https:\/\/gazetetrafik.com\/2024\/06\/12\/bayram-tatilinde\/#article","isPartOf":{"@id":"https:\/\/gazetetrafik.com\/2024\/06\/12\/bayram-tatilinde\/"},"author":{"name":"Gazete Trafik","@id":"https:\/\/gazetetrafik.com\/#\/schema\/person\/2f75f4347719ee1b2a8ace54218ecab5"},"headline":"Bayram tatilinde trafi\u011fe dikkat","datePublished":"2024-06-12T20:37:19+00:00","dateModified":"2024-06-12T20:37:35+00:00","mainEntityOfPage":{"@id":"https:\/\/gazetetrafik.com\/2024\/06\/12\/bayram-tatilinde\/"},"wordCount":637,"commentCount":0,"publisher":{"@id":"https:\/\/gazetetrafik.com\/#organization"},"image":{"@id":"https:\/\/gazetetrafik.com\/2024\/06\/12\/bayram-tatilinde\/#primaryimage"},"thumbnailUrl":"https:\/\/gazetetrafik.com\/wp-content\/uploads\/2024\/06\/ttgv-gt.jpg","keywords":["Bayram Tatilinde Trafikte Dikkat Edilecek Hususlar","T\u00fcrkiye Trafik G\u00fcvenli\u011fi Vakf\u0131"],"articleSection":["Trafik g\u00fcvenli\u011fi"],"inLanguage":"en-US","potentialAction":[{"@type":"CommentAction","name":"Comment","target":["https:\/\/gazetetrafik.com\/2024\/06\/12\/bayram-tatilinde\/#respond"]}]},{"@type":"WebPage","@id":"https:\/\/gazetetrafik.com\/2024\/06\/12\/bayram-tatilinde\/","url":"https:\/\/gazetetrafik.com\/2024\/06\/12\/bayram-tatilinde\/","name":"Bayram tatilinde trafi\u011fe dikkat - Trafik g\u00fcvenli\u011fi Trafik g\u00fcvenli\u011fi","isPartOf":{"@id":"https:\/\/gazetetrafik.com\/#website"},"primaryImageOfPage":{"@id":"https:\/\/gazetetrafik.com\/2024\/06\/12\/bayram-tatilinde\/#primaryimage"},"image":{"@id":"https:\/\/gazetetrafik.com\/2024\/06\/12\/bayram-tatilinde\/#primaryimage"},"thumbnailUrl":"https:\/\/gazetetrafik.com\/wp-content\/uploads\/2024\/06\/ttgv-gt.jpg","datePublished":"2024-06-12T20:37:19+00:00","dateModified":"2024-06-12T20:37:35+00:00","description":"Trafik g\u00fcvenli\u011fi Bayram tatilinde trafi\u011fe dikkat Trafik g\u00fcvenli\u011fi Bayram tatilinde trafi\u011fe dikkat Trafik g\u00fcvenli\u011fi","breadcrumb":{"@id":"https:\/\/gazetetrafik.com\/2024\/06\/12\/bayram-tatilinde\/#breadcrumb"},"inLanguage":"en-US","potentialAction":[{"@type":"ReadAction","target":["https:\/\/gazetetrafik.com\/2024\/06\/12\/bayram-tatilinde\/"]}]},{"@type":"ImageObject","inLanguage":"en-US","@id":"https:\/\/gazetetrafik.com\/2024\/06\/12\/bayram-tatilinde\/#primaryimage","url":"https:\/\/gazetetrafik.com\/wp-content\/uploads\/2024\/06\/ttgv-gt.jpg","contentUrl":"https:\/\/gazetetrafik.com\/wp-content\/uploads\/2024\/06\/ttgv-gt.jpg","width":698,"height":525,"caption":"Bayram trafi\u011finde dikkat edilecek hususlar"},{"@type":"BreadcrumbList","@id":"https:\/\/gazetetrafik.com\/2024\/06\/12\/bayram-tatilinde\/#breadcrumb","itemListElement":[{"@type":"ListItem","position":1,"name":"Anasayfa","item":"https:\/\/gazetetrafik.com\/"},{"@type":"ListItem","position":2,"name":"Bayram tatilinde trafi\u011fe dikkat"}]},{"@type":"WebSite","@id":"https:\/\/gazetetrafik.com\/#website","url":"https:\/\/gazetetrafik.com\/","name":"","description":"\u0130NSANA VE YA\u015eAM HAKKINA SAYGILI TRAF\u0130K HABER GAZETES\u0130","publisher":{"@id":"https:\/\/gazetetrafik.com\/#organization"},"potentialAction":[{"@type":"SearchAction","target":{"@type":"EntryPoint","urlTemplate":"https:\/\/gazetetrafik.com\/?s={search_term_string}"},"query-input":{"@type":"PropertyValueSpecification","valueRequired":true,"valueName":"search_term_string"}}],"inLanguage":"en-US"},{"@type":"Organization","@id":"https:\/\/gazetetrafik.com\/#organization","name":"Gazete Trafik","url":"https:\/\/gazetetrafik.com\/","logo":{"@type":"ImageObject","inLanguage":"en-US","@id":"https:\/\/gazetetrafik.com\/#\/schema\/logo\/image\/","url":"https:\/\/gazetetrafik.com\/wp-content\/uploads\/2022\/03\/cropped-logo.jpg","contentUrl":"https:\/\/gazetetrafik.com\/wp-content\/uploads\/2022\/03\/cropped-logo.jpg","width":800,"height":220,"caption":"Gazete Trafik"},"image":{"@id":"https:\/\/gazetetrafik.com\/#\/schema\/logo\/image\/"},"sameAs":["https:\/\/x.com\/TrafikGazete","https:\/\/www.instagram.com\/gazetetrafik\/"]},{"@type":"Person","@id":"https:\/\/gazetetrafik.com\/#\/schema\/person\/2f75f4347719ee1b2a8ace54218ecab5","name":"Gazete Trafik","image":{"@type":"ImageObject","inLanguage":"en-US","@id":"https:\/\/secure.gravatar.com\/avatar\/bff6a4bfd3845f68dabbeea43bcbf9f2651b5ab9a1aad1d9381a89e564d3d208?s=96&d=mm&r=g","url":"https:\/\/secure.gravatar.com\/avatar\/bff6a4bfd3845f68dabbeea43bcbf9f2651b5ab9a1aad1d9381a89e564d3d208?s=96&d=mm&r=g","contentUrl":"https:\/\/secure.gravatar.com\/avatar\/bff6a4bfd3845f68dabbeea43bcbf9f2651b5ab9a1aad1d9381a89e564d3d208?s=96&d=mm&r=g","caption":"Gazete Trafik"},"sameAs":["https:\/\/gazetetrafik.com"],"url":"https:\/\/gazetetrafik.com\/en\/author\/gazete-trafik\/"}]}},"_links":{"self":[{"href":"https:\/\/gazetetrafik.com\/en\/wp-json\/wp\/v2\/posts\/1209","targetHints":{"allow":["GET"]}}],"collection":[{"href":"https:\/\/gazetetrafik.com\/en\/wp-json\/wp\/v2\/posts"}],"about":[{"href":"https:\/\/gazetetrafik.com\/en\/wp-json\/wp\/v2\/types\/post"}],"author":[{"embeddable":true,"href":"https:\/\/gazetetrafik.com\/en\/wp-json\/wp\/v2\/users\/1"}],"replies":[{"embeddable":true,"href":"https:\/\/gazetetrafik.com\/en\/wp-json\/wp\/v2\/comments?post=1209"}],"version-history":[{"count":1,"href":"https:\/\/gazetetrafik.com\/en\/wp-json\/wp\/v2\/posts\/1209\/revisions"}],"predecessor-version":[{"id":1213,"href":"https:\/\/gazetetrafik.com\/en\/wp-json\/wp\/v2\/posts\/1209\/revisions\/1213"}],"wp:featuredmedia":[{"embeddable":true,"href":"https:\/\/gazetetrafik.com\/en\/wp-json\/wp\/v2\/media\/1212"}],"wp:attachment":[{"href":"https:\/\/gazetetrafik.com\/en\/wp-json\/wp\/v2\/media?parent=1209"}],"wp:term":[{"taxonomy":"category","embeddable":true,"href":"https:\/\/gazetetrafik.com\/en\/wp-json\/wp\/v2\/categories?post=1209"},{"taxonomy":"post_tag","embeddable":true,"href":"https:\/\/gazetetrafik.com\/en\/wp-json\/wp\/v2\/tags?post=1209"}],"curies":[{"name":"wp","href":"https:\/\/api.w.org\/{rel}","templated":true}]}}