{"id":1341,"date":"2025-02-27T10:27:24","date_gmt":"2025-02-27T07:27:24","guid":{"rendered":"https:\/\/gazetetrafik.com\/?p=1341"},"modified":"2025-02-27T10:27:45","modified_gmt":"2025-02-27T07:27:45","slug":"yasam-taahhudu","status":"publish","type":"post","link":"https:\/\/gazetetrafik.com\/en\/2025\/02\/27\/yasam-taahhudu\/","title":{"rendered":"Ya\u015fam taahh\u00fcd\u00fc"},"content":{"rendered":"<p>18-20 \u015eubat 2025 tarihinde Marake\u015f&#8217;te ger\u00e7ekle\u015fen D\u00f6rd\u00fcnc\u00fc K\u00fcresel Bakanlar Konferans\u0131, &#8216;Ya\u015fam Taahh\u00fcd\u00fc&#8217; temas\u0131yla liderleri ve uzmanlar\u0131, s\u00fcrd\u00fcr\u00fclebilir kalk\u0131nma hedeflerinin k\u00fcresel yol \u00f6l\u00fcmlerini 2030 y\u0131l\u0131na kadar yar\u0131ya indirme hedefine y\u00f6nelik eylemleri h\u0131zland\u0131rmak i\u00e7in bir araya getirdi.<\/p>\n\n\n\n<p>Birle\u015fmi\u015f Milletlerin Yol G\u00fcvenli\u011fi i\u00e7in On Y\u0131ll\u0131k Eylem Y\u0131l\u0131n\u0131n yar\u0131s\u0131nda 2021-2030 ve s\u00fcrd\u00fcr\u00fclebilir kalk\u0131nma i\u00e7in k\u00fcresel hedeflere ula\u015fmak i\u00e7in sadece be\u015f y\u0131l kald\u0131, kat\u0131l\u0131mc\u0131lar ilerlemeyi de\u011ferlendirdi, \u00f6ncelikleri belirleyerek, bilgi verdiler ve ittifaklar\u0131 g\u00fc\u00e7lendirecek ve d\u00fcnya yollar\u0131nda daha fazla hayat kurtarmak i\u00e7in taahh\u00fctleri ve eylemleri ilerletecek.<\/p>\n\n\n\n<figure class=\"wp-block-image size-large\"><img loading=\"lazy\" decoding=\"async\" width=\"1024\" height=\"408\" src=\"https:\/\/gazetetrafik.com\/wp-content\/uploads\/2025\/02\/marakes-gt-1024x408.jpeg\" alt=\"\" class=\"wp-image-1343\" srcset=\"https:\/\/gazetetrafik.com\/wp-content\/uploads\/2025\/02\/marakes-gt-1024x408.jpeg 1024w, https:\/\/gazetetrafik.com\/wp-content\/uploads\/2025\/02\/marakes-gt-300x119.jpeg 300w, https:\/\/gazetetrafik.com\/wp-content\/uploads\/2025\/02\/marakes-gt-768x306.jpeg 768w, https:\/\/gazetetrafik.com\/wp-content\/uploads\/2025\/02\/marakes-gt-18x7.jpeg 18w, https:\/\/gazetetrafik.com\/wp-content\/uploads\/2025\/02\/marakes-gt.jpeg 1080w\" sizes=\"auto, (max-width: 1024px) 100vw, 1024px\" \/><\/figure>\n\n\n\n<h2 class=\"wp-block-heading\">K\u00fcresel sa\u011fl\u0131k krizi<\/h2>\n\n\n\n<p>Yol g\u00fcvenli\u011fi acil ve \u00f6nlenebilir bir k\u00fcresel sa\u011fl\u0131k krizidir. Yol \u00f6l\u00fcm ve yaralanmalar\u0131, her y\u0131l d\u00fcnya \u00e7ap\u0131nda yakla\u015f\u0131k 1,2 milyon insan\u0131n- her g\u00fcn 3.200 insan\u0131n hayat\u0131n\u0131 kaybetti\u011fini iddia ediyor ve 5-29 ya\u015f aras\u0131 \u00e7ocuklar ve gen\u00e7ler aras\u0131nda \u00f6nde gelen \u00f6l\u00fcm nedenidir.<\/p>\n\n\n\n<p>Birle\u015fmi\u015f Milletlerin Yol G\u00fcvenli\u011fi i\u00e7in On Y\u0131ll\u0131k Eylem 2021-2030 ve s\u00fcrd\u00fcr\u00fclebilir kalk\u0131nma i\u00e7in k\u00fcresel hedeflere ula\u015fmak i\u00e7in sadece 5 y\u0131l kald\u0131, kat\u0131l\u0131mc\u0131lar\u0131n ilerlemeyi de\u011ferlendirmeleri, \u00f6ncelikleri tan\u0131mlamas\u0131, bilgi vermesi, ittifaklar kurmalar\u0131 ve d\u00fcnya yollar\u0131ndaki \u00f6l\u00fcmleri ve yaralanmalar\u0131 \u00f6nlemek i\u00e7in taahh\u00fctleri ilerletmesi bekleniyor.<\/p>\n\n\n\n<p>Kat\u0131l\u0131mc\u0131lar aras\u0131nda bakanlar, ulusal yol g\u00fcvenlik ajanslar\u0131n\u0131n ba\u015fkanlar\u0131, her seviyeden yetkililer, parlamenterler, Birle\u015fmi\u015f Milletler uzmanlar\u0131, sivil toplum, i\u015f, akademisi ve bir dizi ilgili sekt\u00f6r bulunmaktad\u0131r.<\/p>\n\n\n\n<p>Odak alanlar\u0131 aras\u0131nda karayolu g\u00fcvenli\u011fi y\u00f6neti\u015fimi, hareketlilik, finansman, \u00f6zel sekt\u00f6r, karayolu trafik yaralanma verileri, di\u011fer ilgili s\u00fcrd\u00fcr\u00fclebilir kalk\u0131nma hedefleriyle ba\u011flant\u0131lar ve Afrika k\u0131tas\u0131nda \u015fimdiye kadar yap\u0131lacak ilk k\u00fcresel bakanl\u0131k konferans\u0131 olarak Afrika&#8217;ya odaklanmaktad\u0131r.<\/p>\n\n\n\n<p>Ancak k\u00fcresel yol \u00f6l\u00fcmleri biraz d\u00fc\u015f\u00fcyor. BM \u00dcye Devletlerinin yar\u0131s\u0131ndan fazlas\u0131 son y\u0131llarda \u00f6l\u00fcmlerin azald\u0131\u011f\u0131n\u0131 bildirdi ve 10 \u00fclke 10 y\u0131l i\u00e7inde \u00f6l\u00fcmleri yar\u0131ya indirdi ve bu da y\u00fczde 50&#8217;lik bir azalman\u0131n m\u00fcmk\u00fcn oldu\u011funu g\u00f6sterdi. Bakanl\u0131k Konferans\u0131&#8217;nda kat\u0131l\u0131mc\u0131lar daha fazla iyile\u015ftirme sa\u011flamak i\u00e7in bu ba\u015far\u0131lardan \u00f6\u011frenecek ve \u00fczerine in\u015fa edeceklerdir.<\/p>\n\n\n\n<figure class=\"wp-block-image size-large\"><img loading=\"lazy\" decoding=\"async\" width=\"1024\" height=\"683\" src=\"https:\/\/gazetetrafik.com\/wp-content\/uploads\/2025\/02\/Marakes1-gt-1024x683.jpeg\" alt=\"\" class=\"wp-image-1342\" srcset=\"https:\/\/gazetetrafik.com\/wp-content\/uploads\/2025\/02\/Marakes1-gt-1024x683.jpeg 1024w, https:\/\/gazetetrafik.com\/wp-content\/uploads\/2025\/02\/Marakes1-gt-300x200.jpeg 300w, https:\/\/gazetetrafik.com\/wp-content\/uploads\/2025\/02\/Marakes1-gt-768x512.jpeg 768w, https:\/\/gazetetrafik.com\/wp-content\/uploads\/2025\/02\/Marakes1-gt-18x12.jpeg 18w, https:\/\/gazetetrafik.com\/wp-content\/uploads\/2025\/02\/Marakes1-gt.jpeg 1080w\" sizes=\"auto, (max-width: 1024px) 100vw, 1024px\" \/><\/figure>\n\n\n\n<h2 class=\"wp-block-heading\">Vietnam, Fas&#8217;taki k\u00fcresel bakanlar konferans\u0131nda yol g\u00fcvenli\u011fi \u00e7abalar\u0131n\u0131 vurgulad\u0131<\/h2>\n\n\n\n<p>Vietnam Kamu G\u00fcvenli\u011fi Bakanl\u0131\u011f\u0131&#8217;na ba\u011fl\u0131 Trafik Polisi Departman\u0131ndan Albay Pham Quang Huy (sa\u011fda), 18-20 \u015eubat 2025 tarihleri aras\u0131nda Fas&#8217;\u0131n Marake\u015f kentinde d\u00fczenlenen D\u00f6rd\u00fcnc\u00fc K\u00fcresel Yol G\u00fcvenli\u011fi Bakanlar Konferans\u0131nda Vietnam&#8217;\u0131n yol trafi\u011fi g\u00fcvenli\u011fini sa\u011flama yakla\u015f\u0131m\u0131 hakk\u0131nda bir konu\u015fma yapt\u0131.<\/p>\n\n\n\n<p>Vietnam, bu hafta Sal\u0131&#8217;dan Per\u015fembe&#8217;ye kadar Fas&#8217;\u0131n Marake\u015f kentinde d\u00fczenlenen D\u00f6rd\u00fcnc\u00fc K\u00fcresel Yol G\u00fcvenli\u011fi Bakanlar Konferans\u0131&#8217;nda yol g\u00fcvenli\u011fini iyile\u015ftirme konusundaki deneyimlerini payla\u015ft\u0131. Konferansta bakanlar, yol g\u00fcvenli\u011fi yetkilileri ve Birle\u015fmi\u015f Milletler ve di\u011fer k\u00fcresel kurumlardan 1.500&#8217;den fazla uzman bir araya geldi.<\/p>\n\n\n\n<p>Trafik g\u00fcvenli\u011finin, kazalar\u0131 azaltmaya ve vatanda\u015flar\u0131 korumaya odaklanan politikalarla Vietnam h\u00fck\u00fcmeti i\u00e7in en \u00f6nemli \u00f6ncelik oldu\u011funu vurgulad\u0131. Trafik \u00e7arp\u0131\u015fmalar\u0131 kaybedilen her can sadece ki\u015fisel bir trajedi de\u011fil, ayn\u0131 zamanda toplumsal bir kay\u0131pt\u0131r&#8221; dedi. Bir\u00e7ok ma\u011fdurun \u00e7al\u0131\u015fma \u00e7a\u011f\u0131nda oldu\u011funu ve bu nedenle karayolu \u00f6l\u00fcm ve yaralanmalar\u0131n\u0131n sadece insani bir endi\u015fe de\u011fil, ayn\u0131 zamanda ekonomik bir y\u00fck oldu\u011funu belirtti. Vietnam, trafik yasalar\u0131n\u0131 iyile\u015ftirmek, karayolu altyap\u0131s\u0131n\u0131 iyile\u015ftirmek ve teknoloji odakl\u0131 yapt\u0131r\u0131mlar\u0131 uygulamak i\u00e7in \u00f6nemli \u00e7abalar sarf etti.<\/p>\n\n\n\n<h2 class=\"wp-block-heading\">Vietnam trafik yasalar\u0131n\u0131 iyile\u015ftirmek i\u00e7in \u00f6nemli \u00e7abalar sarf etti<\/h2>\n\n\n\n<p>\u00dclke, \u00f6zellikle \u00e7ocuklar, hamile kad\u0131nlar ve engelliler gibi savunmas\u0131z gruplar\u0131 korumay\u0131 ama\u00e7layan yeni trafik g\u00fcvenli\u011fi d\u00fczenlemeleri getirdi.<\/p>\n\n\n\n<p>G\u00fcneydo\u011fu Asya \u00fclkesindeki yetkililer ayr\u0131ca kaza e\u011filimli alanlar\u0131 ortadan kald\u0131rmak, toplu ta\u015f\u0131may\u0131 geni\u015fletmek ve kolluk kuvvetlerini iyile\u015ftirmek i\u00e7in yapay zeka destekli trafik izleme sistemlerini entegre etmek i\u00e7in \u00e7al\u0131\u015ft\u0131.<\/p>\n\n\n\n<p>Konferansta, D\u00fcnya Sa\u011fl\u0131k \u00d6rg\u00fct\u00fc ve di\u011fer kat\u0131l\u0131mc\u0131 \u00fclkeler Vietnam&#8217;\u0131n giri\u015fimlerini \u00f6vd\u00fc ve bunlar\u0131 k\u00fcresel yol g\u00fcvenli\u011fine de\u011ferli katk\u0131lar olarak kabul etti.<\/p>\n\n\n\n<p>Vietnam, Birle\u015fmi\u015f Milletler&#8217;in 2021-30 Yol G\u00fcvenli\u011fi Eylem On Y\u0131l\u0131&#8217;na olan ba\u011fl\u0131l\u0131\u011f\u0131n\u0131, s\u00fcrd\u00fcr\u00fclebilir \u00f6nlemlerle y\u0131ll\u0131k yol trafi\u011fi \u00f6l\u00fcmlerini ve yaralanmalar\u0131n\u0131 %5-10 oran\u0131nda azaltma s\u00f6z\u00fc vererek yeniden teyit etti.<\/p>\n\n\n\n<h2 class=\"wp-block-heading\">Mobility Snapshot verileri<\/h2>\n\n\n\n<p>Fas, Marake\u015f&#8217;te ger\u00e7ekle\u015fen 4. K\u00fcresel Yol G\u00fcvenli\u011fi Bakanlar Konferans\u0131 haz\u0131rl\u0131k s\u00fcrecinde, STK&#8217;lar yayalar\u0131n g\u00fcnl\u00fck yolculuklar\u0131nda kar\u015f\u0131la\u015ft\u0131klar\u0131 risklere \u0131\u015f\u0131k tutmak i\u00e7in yerel, sokak d\u00fczeyinde veriler toplad\u0131. . Bu veriler bug\u00fcn K\u00fcresel Yol G\u00fcvenli\u011fi STK&#8217;lar\u0131 \u0130ttifak\u0131&#8217;n\u0131n (\u0130ttifak) yeni raporunda yay\u0131nland\u0131: Mobilite Anl\u0131k G\u00f6r\u00fcnt\u00fcleri: tehlikeli ger\u00e7eklikleri g\u00fcvenli, insan merkezli sokaklara d\u00f6n\u00fc\u015ft\u00fcrmek i\u00e7in yerel veriler kullan\u0131l\u0131yor. Rapor, 44 \u00fclkeden 118 &#8220;Mobilite Anl\u0131k G\u00f6r\u00fcnt\u00fcs\u00fc&#8221;n\u00fc bir araya getiriyor ve her biri bir kav\u015fa\u011f\u0131 onu kullanan yaya say\u0131s\u0131n\u0131 sayarak ve 30 km\/s h\u0131z limitleri, yaya ge\u00e7itleri ve kald\u0131r\u0131mlar ve h\u0131z sakinle\u015ftirme gibi basit ama hayat kurtar\u0131c\u0131 m\u00fcdahalelerin mevcut olup olmad\u0131\u011f\u0131n\u0131 veya eksik olup olmad\u0131\u011f\u0131n\u0131 de\u011ferlendiriyor. Toplamda, 156.000 yaya yo\u011fun saatlerde bu 118 kav\u015fa\u011f\u0131 kulland\u0131, ancak bir\u00e7o\u011funda y\u00fcr\u00fcyenleri korumak i\u00e7in temel m\u00fcdahaleler eksik olanlar;<\/p>\n\n\n\n<ul class=\"wp-block-list\">\n<li>102&#8217;sinde 30 km\/s veya daha d\u00fc\u015f\u00fck bir h\u0131z s\u0131n\u0131r\u0131 yoktu;<\/li>\n\n\n\n<li>106&#8217;s\u0131nda kav\u015fa\u011f\u0131n t\u00fcm bacaklar\u0131nda kullan\u0131labilir yaya ge\u00e7itleri yoktu;<\/li>\n\n\n\n<li>67&#8217;sinde kav\u015fa\u011f\u0131n t\u00fcm bacaklar\u0131nda kullan\u0131labilir kald\u0131r\u0131mlar yoktu;<\/li>\n\n\n\n<li>102&#8217;sinde yayalar\u0131n etraf\u0131ndaki ara\u00e7 h\u0131zlar\u0131n\u0131 azaltmak i\u00e7in trafik sakinle\u015ftirme yoktu.<\/li>\n<\/ul>\n\n\n\n<p>Mobility Snapshot verileri, STK&#8217;lar taraf\u0131ndan yetkilileriyle daha g\u00fcvenli sokaklar i\u00e7in savunuculuk yapmak amac\u0131yla kullan\u0131l\u0131yor. Daha d\u00fc\u015f\u00fck h\u0131z s\u0131n\u0131rlar\u0131, ge\u00e7itler ve kald\u0131r\u0131mlar gibi iyile\u015ftirmeler, halihaz\u0131rda birka\u00e7 Mobility Snapshot kav\u015fa\u011f\u0131nda uyguland\u0131.<\/p>\n\n\n\n<p>Sempozyum, Fas Ulusal G\u00fcvenlik Ajans\u0131 ve D\u00fcnya Sa\u011fl\u0131k \u00d6rg\u00fct\u00fc taraf\u0131ndan ortakla\u015fa d\u00fczenleniyor ve FIA Vakf\u0131 taraf\u0131ndan destekleniyor. Bakanlar Konferans\u0131 delegeleri kat\u0131lmaya davetlidir. <a href=\"#MobilitySnapshots\">#MobilitySnapshots<\/a><\/p>\n\n\n\n<p>18 \u015eubat 2025 MARRAKECH<\/p>\n\n\n\n<p><\/p>","protected":false},"excerpt":{"rendered":"<p>18-20 \u015eubat 2025 tarihinde Marake\u015f&#8217;te ger\u00e7ekle\u015fen D\u00f6rd\u00fcnc\u00fc K\u00fcresel Bakanlar Konferans\u0131, &#8216;Ya\u015fam Taahh\u00fcd\u00fc&#8217; temas\u0131yla liderleri ve&#8230;<\/p>","protected":false},"author":1,"featured_media":1344,"comment_status":"open","ping_status":"open","sticky":false,"template":"","format":"standard","meta":{"footnotes":""},"categories":[29,3],"tags":[444,447,443,442],"class_list":["post-1341","post","type-post","status-publish","format-standard","has-post-thumbnail","hentry","category-sivil-toplum-kuruluslari","category-trafik-guvenligi","tag-dorduncu-kuresel-bakanlar-konferansi","tag-yasam-taah","tag-yol-guvenligi-icin-on-yillik-eylem-plani","tag-yol-olum-ve-yaralanmalari"],"yoast_head":"<!-- This site is optimized with the Yoast SEO plugin v27.5 - https:\/\/yoast.com\/product\/yoast-seo-wordpress\/ -->\n<title>Ya\u015fam taahh\u00fcd\u00fc - Trafik g\u00fcvenli\u011fi Ya\u015fam taahh\u00fcd\u00fc Trafik g\u00fcvenli\u011fi<\/title>\n<meta name=\"description\" content=\"Ya\u015fam taahh\u00fcd\u00fc Trafik g\u00fcvenli\u011fi Ya\u015fam taahh\u00fcd\u00fc Trafik g\u00fcvenli\u011fi - Trafik g\u00fcvenli\u011fi Ya\u015fam taahh\u00fcd\u00fc Trafik g\u00fcvenli\u011fi\" \/>\n<meta name=\"robots\" content=\"index, follow, max-snippet:-1, max-image-preview:large, max-video-preview:-1\" \/>\n<link rel=\"canonical\" href=\"https:\/\/gazetetrafik.com\/en\/2025\/02\/27\/yasam-taahhudu\/\" \/>\n<meta property=\"og:locale\" content=\"en_US\" \/>\n<meta property=\"og:type\" content=\"article\" \/>\n<meta property=\"og:title\" content=\"Ya\u015fam taahh\u00fcd\u00fc - Trafik g\u00fcvenli\u011fi Ya\u015fam taahh\u00fcd\u00fc Trafik g\u00fcvenli\u011fi\" \/>\n<meta property=\"og:description\" content=\"Ya\u015fam taahh\u00fcd\u00fc Trafik g\u00fcvenli\u011fi Ya\u015fam taahh\u00fcd\u00fc Trafik g\u00fcvenli\u011fi - Trafik g\u00fcvenli\u011fi Ya\u015fam taahh\u00fcd\u00fc Trafik g\u00fcvenli\u011fi\" \/>\n<meta property=\"og:url\" content=\"https:\/\/gazetetrafik.com\/en\/2025\/02\/27\/yasam-taahhudu\/\" \/>\n<meta property=\"article:published_time\" content=\"2025-02-27T07:27:24+00:00\" \/>\n<meta property=\"article:modified_time\" content=\"2025-02-27T07:27:45+00:00\" \/>\n<meta property=\"og:image\" content=\"https:\/\/gazetetrafik.com\/wp-content\/uploads\/2025\/02\/Marakes-Yasam-Taahhudu-gt.jpg\" \/>\n\t<meta property=\"og:image:width\" content=\"606\" \/>\n\t<meta property=\"og:image:height\" content=\"535\" \/>\n\t<meta property=\"og:image:type\" content=\"image\/jpeg\" \/>\n<meta name=\"author\" content=\"Gazete Trafik\" \/>\n<meta name=\"twitter:card\" content=\"summary_large_image\" \/>\n<meta name=\"twitter:creator\" content=\"@TrafikGazete\" \/>\n<meta name=\"twitter:site\" content=\"@TrafikGazete\" \/>\n<meta name=\"twitter:label1\" content=\"Written by\" \/>\n\t<meta name=\"twitter:data1\" content=\"Gazete Trafik\" \/>\n\t<meta name=\"twitter:label2\" content=\"Est. reading time\" \/>\n\t<meta name=\"twitter:data2\" content=\"6 minutes\" \/>\n<script type=\"application\/ld+json\" class=\"yoast-schema-graph\">{\"@context\":\"https:\\\/\\\/schema.org\",\"@graph\":[{\"@type\":\"Article\",\"@id\":\"https:\\\/\\\/gazetetrafik.com\\\/2025\\\/02\\\/27\\\/yasam-taahhudu\\\/#article\",\"isPartOf\":{\"@id\":\"https:\\\/\\\/gazetetrafik.com\\\/2025\\\/02\\\/27\\\/yasam-taahhudu\\\/\"},\"author\":{\"name\":\"Gazete Trafik\",\"@id\":\"https:\\\/\\\/gazetetrafik.com\\\/#\\\/schema\\\/person\\\/2f75f4347719ee1b2a8ace54218ecab5\"},\"headline\":\"Ya\u015fam taahh\u00fcd\u00fc\",\"datePublished\":\"2025-02-27T07:27:24+00:00\",\"dateModified\":\"2025-02-27T07:27:45+00:00\",\"mainEntityOfPage\":{\"@id\":\"https:\\\/\\\/gazetetrafik.com\\\/2025\\\/02\\\/27\\\/yasam-taahhudu\\\/\"},\"wordCount\":1138,\"commentCount\":0,\"publisher\":{\"@id\":\"https:\\\/\\\/gazetetrafik.com\\\/#organization\"},\"image\":{\"@id\":\"https:\\\/\\\/gazetetrafik.com\\\/2025\\\/02\\\/27\\\/yasam-taahhudu\\\/#primaryimage\"},\"thumbnailUrl\":\"https:\\\/\\\/gazetetrafik.com\\\/wp-content\\\/uploads\\\/2025\\\/02\\\/Marakes-Yasam-Taahhudu-gt.jpg\",\"keywords\":[\"D\u00f6rd\u00fcnc\u00fc K\u00fcresel Bakanlar Konferans\u0131\",\"Ya\u015fam taah\",\"Yol G\u00fcvenli\u011fi i\u00e7in On Y\u0131ll\u0131k Eylem Plan\u0131\",\"Yol \u00f6l\u00fcm ve yaralanmalar\u0131\"],\"articleSection\":[\"Sivil toplum kurulu\u015flar\u0131\",\"Trafik g\u00fcvenli\u011fi\"],\"inLanguage\":\"en-US\",\"potentialAction\":[{\"@type\":\"CommentAction\",\"name\":\"Comment\",\"target\":[\"https:\\\/\\\/gazetetrafik.com\\\/2025\\\/02\\\/27\\\/yasam-taahhudu\\\/#respond\"]}]},{\"@type\":\"WebPage\",\"@id\":\"https:\\\/\\\/gazetetrafik.com\\\/2025\\\/02\\\/27\\\/yasam-taahhudu\\\/\",\"url\":\"https:\\\/\\\/gazetetrafik.com\\\/2025\\\/02\\\/27\\\/yasam-taahhudu\\\/\",\"name\":\"Ya\u015fam taahh\u00fcd\u00fc - Trafik g\u00fcvenli\u011fi Ya\u015fam taahh\u00fcd\u00fc Trafik g\u00fcvenli\u011fi\",\"isPartOf\":{\"@id\":\"https:\\\/\\\/gazetetrafik.com\\\/#website\"},\"primaryImageOfPage\":{\"@id\":\"https:\\\/\\\/gazetetrafik.com\\\/2025\\\/02\\\/27\\\/yasam-taahhudu\\\/#primaryimage\"},\"image\":{\"@id\":\"https:\\\/\\\/gazetetrafik.com\\\/2025\\\/02\\\/27\\\/yasam-taahhudu\\\/#primaryimage\"},\"thumbnailUrl\":\"https:\\\/\\\/gazetetrafik.com\\\/wp-content\\\/uploads\\\/2025\\\/02\\\/Marakes-Yasam-Taahhudu-gt.jpg\",\"datePublished\":\"2025-02-27T07:27:24+00:00\",\"dateModified\":\"2025-02-27T07:27:45+00:00\",\"description\":\"Ya\u015fam taahh\u00fcd\u00fc Trafik g\u00fcvenli\u011fi Ya\u015fam taahh\u00fcd\u00fc Trafik g\u00fcvenli\u011fi - Trafik g\u00fcvenli\u011fi Ya\u015fam taahh\u00fcd\u00fc Trafik g\u00fcvenli\u011fi\",\"breadcrumb\":{\"@id\":\"https:\\\/\\\/gazetetrafik.com\\\/2025\\\/02\\\/27\\\/yasam-taahhudu\\\/#breadcrumb\"},\"inLanguage\":\"en-US\",\"potentialAction\":[{\"@type\":\"ReadAction\",\"target\":[\"https:\\\/\\\/gazetetrafik.com\\\/2025\\\/02\\\/27\\\/yasam-taahhudu\\\/\"]}]},{\"@type\":\"ImageObject\",\"inLanguage\":\"en-US\",\"@id\":\"https:\\\/\\\/gazetetrafik.com\\\/2025\\\/02\\\/27\\\/yasam-taahhudu\\\/#primaryimage\",\"url\":\"https:\\\/\\\/gazetetrafik.com\\\/wp-content\\\/uploads\\\/2025\\\/02\\\/Marakes-Yasam-Taahhudu-gt.jpg\",\"contentUrl\":\"https:\\\/\\\/gazetetrafik.com\\\/wp-content\\\/uploads\\\/2025\\\/02\\\/Marakes-Yasam-Taahhudu-gt.jpg\",\"width\":606,\"height\":535},{\"@type\":\"BreadcrumbList\",\"@id\":\"https:\\\/\\\/gazetetrafik.com\\\/2025\\\/02\\\/27\\\/yasam-taahhudu\\\/#breadcrumb\",\"itemListElement\":[{\"@type\":\"ListItem\",\"position\":1,\"name\":\"Anasayfa\",\"item\":\"https:\\\/\\\/gazetetrafik.com\\\/\"},{\"@type\":\"ListItem\",\"position\":2,\"name\":\"Ya\u015fam taahh\u00fcd\u00fc\"}]},{\"@type\":\"WebSite\",\"@id\":\"https:\\\/\\\/gazetetrafik.com\\\/#website\",\"url\":\"https:\\\/\\\/gazetetrafik.com\\\/\",\"name\":\"\",\"description\":\"\u0130NSANA VE YA\u015eAM HAKKINA SAYGILI TRAF\u0130K HABER GAZETES\u0130\",\"publisher\":{\"@id\":\"https:\\\/\\\/gazetetrafik.com\\\/#organization\"},\"potentialAction\":[{\"@type\":\"SearchAction\",\"target\":{\"@type\":\"EntryPoint\",\"urlTemplate\":\"https:\\\/\\\/gazetetrafik.com\\\/?s={search_term_string}\"},\"query-input\":{\"@type\":\"PropertyValueSpecification\",\"valueRequired\":true,\"valueName\":\"search_term_string\"}}],\"inLanguage\":\"en-US\"},{\"@type\":\"Organization\",\"@id\":\"https:\\\/\\\/gazetetrafik.com\\\/#organization\",\"name\":\"Gazete Trafik\",\"url\":\"https:\\\/\\\/gazetetrafik.com\\\/\",\"logo\":{\"@type\":\"ImageObject\",\"inLanguage\":\"en-US\",\"@id\":\"https:\\\/\\\/gazetetrafik.com\\\/#\\\/schema\\\/logo\\\/image\\\/\",\"url\":\"https:\\\/\\\/gazetetrafik.com\\\/wp-content\\\/uploads\\\/2022\\\/03\\\/cropped-logo.jpg\",\"contentUrl\":\"https:\\\/\\\/gazetetrafik.com\\\/wp-content\\\/uploads\\\/2022\\\/03\\\/cropped-logo.jpg\",\"width\":800,\"height\":220,\"caption\":\"Gazete Trafik\"},\"image\":{\"@id\":\"https:\\\/\\\/gazetetrafik.com\\\/#\\\/schema\\\/logo\\\/image\\\/\"},\"sameAs\":[\"https:\\\/\\\/x.com\\\/TrafikGazete\",\"https:\\\/\\\/www.instagram.com\\\/gazetetrafik\\\/\"]},{\"@type\":\"Person\",\"@id\":\"https:\\\/\\\/gazetetrafik.com\\\/#\\\/schema\\\/person\\\/2f75f4347719ee1b2a8ace54218ecab5\",\"name\":\"Gazete Trafik\",\"image\":{\"@type\":\"ImageObject\",\"inLanguage\":\"en-US\",\"@id\":\"https:\\\/\\\/secure.gravatar.com\\\/avatar\\\/bff6a4bfd3845f68dabbeea43bcbf9f2651b5ab9a1aad1d9381a89e564d3d208?s=96&d=mm&r=g\",\"url\":\"https:\\\/\\\/secure.gravatar.com\\\/avatar\\\/bff6a4bfd3845f68dabbeea43bcbf9f2651b5ab9a1aad1d9381a89e564d3d208?s=96&d=mm&r=g\",\"contentUrl\":\"https:\\\/\\\/secure.gravatar.com\\\/avatar\\\/bff6a4bfd3845f68dabbeea43bcbf9f2651b5ab9a1aad1d9381a89e564d3d208?s=96&d=mm&r=g\",\"caption\":\"Gazete Trafik\"},\"sameAs\":[\"https:\\\/\\\/gazetetrafik.com\"],\"url\":\"https:\\\/\\\/gazetetrafik.com\\\/en\\\/author\\\/gazete-trafik\\\/\"}]}<\/script>\n<!-- \/ Yoast SEO plugin. -->","yoast_head_json":{"title":"Ya\u015fam taahh\u00fcd\u00fc - Trafik g\u00fcvenli\u011fi Ya\u015fam taahh\u00fcd\u00fc Trafik g\u00fcvenli\u011fi","description":"Ya\u015fam taahh\u00fcd\u00fc Trafik g\u00fcvenli\u011fi Ya\u015fam taahh\u00fcd\u00fc Trafik g\u00fcvenli\u011fi - Trafik g\u00fcvenli\u011fi Ya\u015fam taahh\u00fcd\u00fc Trafik g\u00fcvenli\u011fi","robots":{"index":"index","follow":"follow","max-snippet":"max-snippet:-1","max-image-preview":"max-image-preview:large","max-video-preview":"max-video-preview:-1"},"canonical":"https:\/\/gazetetrafik.com\/en\/2025\/02\/27\/yasam-taahhudu\/","og_locale":"en_US","og_type":"article","og_title":"Ya\u015fam taahh\u00fcd\u00fc - Trafik g\u00fcvenli\u011fi Ya\u015fam taahh\u00fcd\u00fc Trafik g\u00fcvenli\u011fi","og_description":"Ya\u015fam taahh\u00fcd\u00fc Trafik g\u00fcvenli\u011fi Ya\u015fam taahh\u00fcd\u00fc Trafik g\u00fcvenli\u011fi - Trafik g\u00fcvenli\u011fi Ya\u015fam taahh\u00fcd\u00fc Trafik g\u00fcvenli\u011fi","og_url":"https:\/\/gazetetrafik.com\/en\/2025\/02\/27\/yasam-taahhudu\/","article_published_time":"2025-02-27T07:27:24+00:00","article_modified_time":"2025-02-27T07:27:45+00:00","og_image":[{"width":606,"height":535,"url":"https:\/\/gazetetrafik.com\/wp-content\/uploads\/2025\/02\/Marakes-Yasam-Taahhudu-gt.jpg","type":"image\/jpeg"}],"author":"Gazete Trafik","twitter_card":"summary_large_image","twitter_creator":"@TrafikGazete","twitter_site":"@TrafikGazete","twitter_misc":{"Written by":"Gazete Trafik","Est. reading time":"6 minutes"},"schema":{"@context":"https:\/\/schema.org","@graph":[{"@type":"Article","@id":"https:\/\/gazetetrafik.com\/2025\/02\/27\/yasam-taahhudu\/#article","isPartOf":{"@id":"https:\/\/gazetetrafik.com\/2025\/02\/27\/yasam-taahhudu\/"},"author":{"name":"Gazete Trafik","@id":"https:\/\/gazetetrafik.com\/#\/schema\/person\/2f75f4347719ee1b2a8ace54218ecab5"},"headline":"Ya\u015fam taahh\u00fcd\u00fc","datePublished":"2025-02-27T07:27:24+00:00","dateModified":"2025-02-27T07:27:45+00:00","mainEntityOfPage":{"@id":"https:\/\/gazetetrafik.com\/2025\/02\/27\/yasam-taahhudu\/"},"wordCount":1138,"commentCount":0,"publisher":{"@id":"https:\/\/gazetetrafik.com\/#organization"},"image":{"@id":"https:\/\/gazetetrafik.com\/2025\/02\/27\/yasam-taahhudu\/#primaryimage"},"thumbnailUrl":"https:\/\/gazetetrafik.com\/wp-content\/uploads\/2025\/02\/Marakes-Yasam-Taahhudu-gt.jpg","keywords":["D\u00f6rd\u00fcnc\u00fc K\u00fcresel Bakanlar Konferans\u0131","Ya\u015fam taah","Yol G\u00fcvenli\u011fi i\u00e7in On Y\u0131ll\u0131k Eylem Plan\u0131","Yol \u00f6l\u00fcm ve yaralanmalar\u0131"],"articleSection":["Sivil toplum kurulu\u015flar\u0131","Trafik g\u00fcvenli\u011fi"],"inLanguage":"en-US","potentialAction":[{"@type":"CommentAction","name":"Comment","target":["https:\/\/gazetetrafik.com\/2025\/02\/27\/yasam-taahhudu\/#respond"]}]},{"@type":"WebPage","@id":"https:\/\/gazetetrafik.com\/2025\/02\/27\/yasam-taahhudu\/","url":"https:\/\/gazetetrafik.com\/2025\/02\/27\/yasam-taahhudu\/","name":"Ya\u015fam taahh\u00fcd\u00fc - Trafik g\u00fcvenli\u011fi Ya\u015fam taahh\u00fcd\u00fc Trafik g\u00fcvenli\u011fi","isPartOf":{"@id":"https:\/\/gazetetrafik.com\/#website"},"primaryImageOfPage":{"@id":"https:\/\/gazetetrafik.com\/2025\/02\/27\/yasam-taahhudu\/#primaryimage"},"image":{"@id":"https:\/\/gazetetrafik.com\/2025\/02\/27\/yasam-taahhudu\/#primaryimage"},"thumbnailUrl":"https:\/\/gazetetrafik.com\/wp-content\/uploads\/2025\/02\/Marakes-Yasam-Taahhudu-gt.jpg","datePublished":"2025-02-27T07:27:24+00:00","dateModified":"2025-02-27T07:27:45+00:00","description":"Ya\u015fam taahh\u00fcd\u00fc Trafik g\u00fcvenli\u011fi Ya\u015fam taahh\u00fcd\u00fc Trafik g\u00fcvenli\u011fi - Trafik g\u00fcvenli\u011fi Ya\u015fam taahh\u00fcd\u00fc Trafik g\u00fcvenli\u011fi","breadcrumb":{"@id":"https:\/\/gazetetrafik.com\/2025\/02\/27\/yasam-taahhudu\/#breadcrumb"},"inLanguage":"en-US","potentialAction":[{"@type":"ReadAction","target":["https:\/\/gazetetrafik.com\/2025\/02\/27\/yasam-taahhudu\/"]}]},{"@type":"ImageObject","inLanguage":"en-US","@id":"https:\/\/gazetetrafik.com\/2025\/02\/27\/yasam-taahhudu\/#primaryimage","url":"https:\/\/gazetetrafik.com\/wp-content\/uploads\/2025\/02\/Marakes-Yasam-Taahhudu-gt.jpg","contentUrl":"https:\/\/gazetetrafik.com\/wp-content\/uploads\/2025\/02\/Marakes-Yasam-Taahhudu-gt.jpg","width":606,"height":535},{"@type":"BreadcrumbList","@id":"https:\/\/gazetetrafik.com\/2025\/02\/27\/yasam-taahhudu\/#breadcrumb","itemListElement":[{"@type":"ListItem","position":1,"name":"Anasayfa","item":"https:\/\/gazetetrafik.com\/"},{"@type":"ListItem","position":2,"name":"Ya\u015fam taahh\u00fcd\u00fc"}]},{"@type":"WebSite","@id":"https:\/\/gazetetrafik.com\/#website","url":"https:\/\/gazetetrafik.com\/","name":"","description":"\u0130NSANA VE YA\u015eAM HAKKINA SAYGILI TRAF\u0130K HABER GAZETES\u0130","publisher":{"@id":"https:\/\/gazetetrafik.com\/#organization"},"potentialAction":[{"@type":"SearchAction","target":{"@type":"EntryPoint","urlTemplate":"https:\/\/gazetetrafik.com\/?s={search_term_string}"},"query-input":{"@type":"PropertyValueSpecification","valueRequired":true,"valueName":"search_term_string"}}],"inLanguage":"en-US"},{"@type":"Organization","@id":"https:\/\/gazetetrafik.com\/#organization","name":"Gazete Trafik","url":"https:\/\/gazetetrafik.com\/","logo":{"@type":"ImageObject","inLanguage":"en-US","@id":"https:\/\/gazetetrafik.com\/#\/schema\/logo\/image\/","url":"https:\/\/gazetetrafik.com\/wp-content\/uploads\/2022\/03\/cropped-logo.jpg","contentUrl":"https:\/\/gazetetrafik.com\/wp-content\/uploads\/2022\/03\/cropped-logo.jpg","width":800,"height":220,"caption":"Gazete Trafik"},"image":{"@id":"https:\/\/gazetetrafik.com\/#\/schema\/logo\/image\/"},"sameAs":["https:\/\/x.com\/TrafikGazete","https:\/\/www.instagram.com\/gazetetrafik\/"]},{"@type":"Person","@id":"https:\/\/gazetetrafik.com\/#\/schema\/person\/2f75f4347719ee1b2a8ace54218ecab5","name":"Gazete Trafik","image":{"@type":"ImageObject","inLanguage":"en-US","@id":"https:\/\/secure.gravatar.com\/avatar\/bff6a4bfd3845f68dabbeea43bcbf9f2651b5ab9a1aad1d9381a89e564d3d208?s=96&d=mm&r=g","url":"https:\/\/secure.gravatar.com\/avatar\/bff6a4bfd3845f68dabbeea43bcbf9f2651b5ab9a1aad1d9381a89e564d3d208?s=96&d=mm&r=g","contentUrl":"https:\/\/secure.gravatar.com\/avatar\/bff6a4bfd3845f68dabbeea43bcbf9f2651b5ab9a1aad1d9381a89e564d3d208?s=96&d=mm&r=g","caption":"Gazete Trafik"},"sameAs":["https:\/\/gazetetrafik.com"],"url":"https:\/\/gazetetrafik.com\/en\/author\/gazete-trafik\/"}]}},"_links":{"self":[{"href":"https:\/\/gazetetrafik.com\/en\/wp-json\/wp\/v2\/posts\/1341","targetHints":{"allow":["GET"]}}],"collection":[{"href":"https:\/\/gazetetrafik.com\/en\/wp-json\/wp\/v2\/posts"}],"about":[{"href":"https:\/\/gazetetrafik.com\/en\/wp-json\/wp\/v2\/types\/post"}],"author":[{"embeddable":true,"href":"https:\/\/gazetetrafik.com\/en\/wp-json\/wp\/v2\/users\/1"}],"replies":[{"embeddable":true,"href":"https:\/\/gazetetrafik.com\/en\/wp-json\/wp\/v2\/comments?post=1341"}],"version-history":[{"count":1,"href":"https:\/\/gazetetrafik.com\/en\/wp-json\/wp\/v2\/posts\/1341\/revisions"}],"predecessor-version":[{"id":1345,"href":"https:\/\/gazetetrafik.com\/en\/wp-json\/wp\/v2\/posts\/1341\/revisions\/1345"}],"wp:featuredmedia":[{"embeddable":true,"href":"https:\/\/gazetetrafik.com\/en\/wp-json\/wp\/v2\/media\/1344"}],"wp:attachment":[{"href":"https:\/\/gazetetrafik.com\/en\/wp-json\/wp\/v2\/media?parent=1341"}],"wp:term":[{"taxonomy":"category","embeddable":true,"href":"https:\/\/gazetetrafik.com\/en\/wp-json\/wp\/v2\/categories?post=1341"},{"taxonomy":"post_tag","embeddable":true,"href":"https:\/\/gazetetrafik.com\/en\/wp-json\/wp\/v2\/tags?post=1341"}],"curies":[{"name":"wp","href":"https:\/\/api.w.org\/{rel}","templated":true}]}}