{"id":1423,"date":"2025-10-08T21:31:36","date_gmt":"2025-10-08T18:31:36","guid":{"rendered":"https:\/\/gazetetrafik.com\/?p=1423"},"modified":"2025-10-08T21:31:41","modified_gmt":"2025-10-08T18:31:41","slug":"eylul-2025","status":"publish","type":"post","link":"https:\/\/gazetetrafik.com\/en\/2025\/10\/08\/eylul-2025\/","title":{"rendered":"Eyl\u00fcl 2025 EGM istatistikleri"},"content":{"rendered":"<p>Eyl\u00fcl 2025\u2019te EGM istatistiklerine g\u00f6re toplam 62.510 trafik \u00e7arp\u0131\u015fmas\u0131 meydana gelmi\u015f, 260 ki\u015fi olay yerinde hayat\u0131n\u0131 kaybetmi\u015f, 39.286 ki\u015fi de yaralanm\u0131\u015f.<\/p>\n\n\n\n<blockquote class=\"wp-block-quote is-layout-flow wp-block-quote-is-layout-flow\">\n<p>Tekerleklerin alt\u0131ndaki sessiz salg\u0131n!<\/p>\n<\/blockquote>\n\n\n\n<figure class=\"wp-block-image size-full\"><img loading=\"lazy\" decoding=\"async\" width=\"720\" height=\"960\" src=\"https:\/\/gazetetrafik.com\/wp-content\/uploads\/2025\/10\/eylul2025EGM-gt.jpg\" alt=\"\" class=\"wp-image-1424\" srcset=\"https:\/\/gazetetrafik.com\/wp-content\/uploads\/2025\/10\/eylul2025EGM-gt.jpg 720w, https:\/\/gazetetrafik.com\/wp-content\/uploads\/2025\/10\/eylul2025EGM-gt-225x300.jpg 225w, https:\/\/gazetetrafik.com\/wp-content\/uploads\/2025\/10\/eylul2025EGM-gt-9x12.jpg 9w\" sizes=\"auto, (max-width: 720px) 100vw, 720px\" \/><\/figure>\n\n\n\n<p>2025 y\u0131l\u0131n\u0131n ilk dokuz ay\u0131 i\u00e7erisinde meydana gelen trafik \u00e7arp\u0131\u015fmalar\u0131n\u0131n say\u0131s\u0131 toplam 503.358 olmu\u015f, olay yerinde 1.930 ki\u015fi hayat\u0131n\u0131 kaybetmi\u015f, 309.879 ki\u015fi yaralanm\u0131\u015f.<\/p>\n\n\n\n<h2 class=\"wp-block-heading\">Ge\u00e7en ay<\/h2>\n\n\n\n<p>A\u011fustos 2025\u2019te EGM istatistiklerine g\u00f6re, 63.936 trafik \u00e7arp\u0131\u015fmas\u0131 meydana gelmi\u015f, 269 ki\u015fi olay yerinde hayat\u0131n\u0131 kaybetmi\u015f, 43.714 ki\u015fi de yaralanm\u0131\u015f.<\/p>\n\n\n\n<h2 class=\"wp-block-heading\">Eyl\u00fcl 2024<\/h2>\n\n\n\n<p>Eyl\u00fcl 2024 EGM istatistiklerine g\u00f6re 56.930 trafik \u00e7arp\u0131\u015fmas\u0131 meydana gelmi\u015f, 243 ki\u015fi olay yerinde hayat\u0131n\u0131 kaybetmi\u015f, 37.954 ki\u015fi yaralanm\u0131\u015f.<\/p>\n\n\n\n<h2 class=\"wp-block-heading\">Eyl\u00fcl 2025 bas\u0131na yans\u0131yan trafik \u00e7arp\u0131\u015fmalar\u0131<\/h2>\n\n\n\n<p>Eyl\u00fcl 2025\u2019te bas\u0131na yans\u0131yan \u00e7arp\u0131\u015fma haberlerine g\u00f6re 335 ki\u015fi yollarda hayat\u0131n\u0131 kaybetmi\u015f, 1.948 ki\u015fi yaralanm\u0131\u015f.<\/p>\n\n\n\n<figure class=\"wp-block-image size-full\"><img loading=\"lazy\" decoding=\"async\" width=\"1024\" height=\"768\" src=\"https:\/\/gazetetrafik.com\/wp-content\/uploads\/2025\/10\/Eylul2025basinayasiyan-gt.png\" alt=\"\" class=\"wp-image-1425\" srcset=\"https:\/\/gazetetrafik.com\/wp-content\/uploads\/2025\/10\/Eylul2025basinayasiyan-gt.png 1024w, https:\/\/gazetetrafik.com\/wp-content\/uploads\/2025\/10\/Eylul2025basinayasiyan-gt-300x225.png 300w, https:\/\/gazetetrafik.com\/wp-content\/uploads\/2025\/10\/Eylul2025basinayasiyan-gt-768x576.png 768w, https:\/\/gazetetrafik.com\/wp-content\/uploads\/2025\/10\/Eylul2025basinayasiyan-gt-16x12.png 16w\" sizes=\"auto, (max-width: 1024px) 100vw, 1024px\" \/><\/figure>\n\n\n\n<ul class=\"wp-block-list\">\n<li>25 \u00e7ocuk hayat\u0131n\u0131 kaybetmi\u015f, 73 \u00e7ocuk yaralanm\u0131\u015f<\/li>\n\n\n\n<li>6\u2019s\u0131 \u00e7ocuk 45 motosikletli hayat\u0131n\u0131 kaybetmi\u015f, 20\u2019si \u00e7ocuk, 2\u2019si \u00e7arp\u0131p ka\u00e7ma 145 motosikletli yaralanm\u0131\u015f<\/li>\n\n\n\n<li>1\u2019i \u00e7ocuk, 1\u2019i \u00e7arp\u0131p ka\u00e7ma 5 bisikletli hayat\u0131n\u0131 kaybetmi\u015f, 9\u2019u \u00e7ocuk 22 bisikletli yaralanm\u0131\u015f<\/li>\n\n\n\n<li>1\u2019i \u00e7ocuk 33 yaya hayat\u0131n\u0131 kaybetmi\u015f, 1\u2019i \u00e7arp\u0131p ka\u00e7ma 28 yaya yaralanm\u0131\u015f<\/li>\n\n\n\n<li>Otob\u00fcs \u00e7arp\u0131\u015fmalar\u0131nda 1 ki\u015fi hayat\u0131n\u0131 kaybetmi\u015f, 81 ki\u015fi yaralanm\u0131\u015f<\/li>\n<\/ul>\n\n\n\n<h2 class=\"wp-block-heading\">Eyl\u00fcl 2025\u2019te kural ihlalleri<\/h2>\n\n\n\n<ul class=\"wp-block-list\">\n<li>11.048 ki\u015fi ara\u00e7 h\u0131z\u0131n\u0131 yol, hava ve trafi\u011fin gerektirdi\u011fi \u015fartlara uydurmam\u0131\u015f,<\/li>\n\n\n\n<li>Arkadan \u00e7arpma say\u0131s\u0131 2.980<\/li>\n\n\n\n<li>337 ki\u015fi yaya ve okul ge\u00e7itlerinde yava\u015flamam\u0131\u015f, yayalara ge\u00e7i\u015f hakk\u0131 vermemi\u015f,<\/li>\n\n\n\n<li>697 ki\u015fi de k\u0131rm\u0131z\u0131 \u0131\u015f\u0131k veya g\u00f6revlinin dur i\u015faretinde durmam\u0131\u015f<\/li>\n<\/ul>","protected":false},"excerpt":{"rendered":"<p>Eyl\u00fcl 2025\u2019te EGM istatistiklerine g\u00f6re toplam 62.510 trafik \u00e7arp\u0131\u015fmas\u0131 meydana gelmi\u015f, 260 ki\u015fi olay yerinde&#8230;<\/p>","protected":false},"author":1,"featured_media":1427,"comment_status":"open","ping_status":"open","sticky":false,"template":"","format":"standard","meta":{"footnotes":""},"categories":[20],"tags":[130,467,188,119],"class_list":["post-1423","post","type-post","status-publish","format-standard","has-post-thumbnail","hentry","category-trafik-carpismalari","tag-egm","tag-eylul-2025","tag-istatistikler-2","tag-trafik-carpismalari"],"yoast_head":"<!-- This site is optimized with the Yoast SEO plugin v27.5 - https:\/\/yoast.com\/product\/yoast-seo-wordpress\/ -->\n<title>Eyl\u00fcl 2025 EGM istatistikleri - Trafik \u00e7arp\u0131\u015fmalar\u0131 Trafik \u00e7arp\u0131\u015fmalar\u0131<\/title>\n<meta name=\"description\" content=\"Eyl\u00fcl 2025 EGM istatistikleri Trafik \u00e7arp\u0131\u015fmalar\u0131 Eyl\u00fcl 2025 EGM istatistikleri Trafik \u00e7arp\u0131\u015fmalar\u0131 Eyl\u00fcl 2025 EGM istatistikleri\" \/>\n<meta name=\"robots\" content=\"index, follow, max-snippet:-1, max-image-preview:large, max-video-preview:-1\" \/>\n<link rel=\"canonical\" href=\"https:\/\/gazetetrafik.com\/en\/2025\/10\/08\/eylul-2025\/\" \/>\n<meta property=\"og:locale\" content=\"en_US\" \/>\n<meta property=\"og:type\" content=\"article\" \/>\n<meta property=\"og:title\" content=\"Eyl\u00fcl 2025 EGM istatistikleri - Trafik \u00e7arp\u0131\u015fmalar\u0131 Trafik \u00e7arp\u0131\u015fmalar\u0131\" \/>\n<meta property=\"og:description\" content=\"Eyl\u00fcl 2025 EGM istatistikleri Trafik \u00e7arp\u0131\u015fmalar\u0131 Eyl\u00fcl 2025 EGM istatistikleri Trafik \u00e7arp\u0131\u015fmalar\u0131 Eyl\u00fcl 2025 EGM istatistikleri\" \/>\n<meta property=\"og:url\" content=\"https:\/\/gazetetrafik.com\/en\/2025\/10\/08\/eylul-2025\/\" \/>\n<meta property=\"article:published_time\" content=\"2025-10-08T18:31:36+00:00\" \/>\n<meta property=\"article:modified_time\" content=\"2025-10-08T18:31:41+00:00\" \/>\n<meta property=\"og:image\" content=\"https:\/\/gazetetrafik.com\/wp-content\/uploads\/2025\/10\/eylul2025istatistikler-gt.jpg\" \/>\n\t<meta property=\"og:image:width\" content=\"606\" \/>\n\t<meta property=\"og:image:height\" content=\"537\" \/>\n\t<meta property=\"og:image:type\" content=\"image\/jpeg\" \/>\n<meta name=\"author\" content=\"Gazete Trafik\" \/>\n<meta name=\"twitter:card\" content=\"summary_large_image\" \/>\n<meta name=\"twitter:creator\" content=\"@TrafikGazete\" \/>\n<meta name=\"twitter:site\" content=\"@TrafikGazete\" \/>\n<meta name=\"twitter:label1\" content=\"Written by\" \/>\n\t<meta name=\"twitter:data1\" content=\"Gazete Trafik\" \/>\n\t<meta name=\"twitter:label2\" content=\"Est. reading time\" \/>\n\t<meta name=\"twitter:data2\" content=\"2 minutes\" \/>\n<script type=\"application\/ld+json\" class=\"yoast-schema-graph\">{\"@context\":\"https:\\\/\\\/schema.org\",\"@graph\":[{\"@type\":\"Article\",\"@id\":\"https:\\\/\\\/gazetetrafik.com\\\/2025\\\/10\\\/08\\\/eylul-2025\\\/#article\",\"isPartOf\":{\"@id\":\"https:\\\/\\\/gazetetrafik.com\\\/2025\\\/10\\\/08\\\/eylul-2025\\\/\"},\"author\":{\"name\":\"Gazete Trafik\",\"@id\":\"https:\\\/\\\/gazetetrafik.com\\\/#\\\/schema\\\/person\\\/2f75f4347719ee1b2a8ace54218ecab5\"},\"headline\":\"Eyl\u00fcl 2025 EGM istatistikleri\",\"datePublished\":\"2025-10-08T18:31:36+00:00\",\"dateModified\":\"2025-10-08T18:31:41+00:00\",\"mainEntityOfPage\":{\"@id\":\"https:\\\/\\\/gazetetrafik.com\\\/2025\\\/10\\\/08\\\/eylul-2025\\\/\"},\"wordCount\":257,\"commentCount\":0,\"publisher\":{\"@id\":\"https:\\\/\\\/gazetetrafik.com\\\/#organization\"},\"image\":{\"@id\":\"https:\\\/\\\/gazetetrafik.com\\\/2025\\\/10\\\/08\\\/eylul-2025\\\/#primaryimage\"},\"thumbnailUrl\":\"https:\\\/\\\/gazetetrafik.com\\\/wp-content\\\/uploads\\\/2025\\\/10\\\/eylul2025istatistikler-gt.jpg\",\"keywords\":[\"EGM\",\"eyl\u00fcl 2025\",\"istatistikler\",\"trafik \u00e7arp\u0131\u015fmalar\u0131\"],\"articleSection\":[\"Trafik \u00e7arp\u0131\u015fmalar\u0131\"],\"inLanguage\":\"en-US\",\"potentialAction\":[{\"@type\":\"CommentAction\",\"name\":\"Comment\",\"target\":[\"https:\\\/\\\/gazetetrafik.com\\\/2025\\\/10\\\/08\\\/eylul-2025\\\/#respond\"]}]},{\"@type\":\"WebPage\",\"@id\":\"https:\\\/\\\/gazetetrafik.com\\\/2025\\\/10\\\/08\\\/eylul-2025\\\/\",\"url\":\"https:\\\/\\\/gazetetrafik.com\\\/2025\\\/10\\\/08\\\/eylul-2025\\\/\",\"name\":\"Eyl\u00fcl 2025 EGM istatistikleri - Trafik \u00e7arp\u0131\u015fmalar\u0131 Trafik \u00e7arp\u0131\u015fmalar\u0131\",\"isPartOf\":{\"@id\":\"https:\\\/\\\/gazetetrafik.com\\\/#website\"},\"primaryImageOfPage\":{\"@id\":\"https:\\\/\\\/gazetetrafik.com\\\/2025\\\/10\\\/08\\\/eylul-2025\\\/#primaryimage\"},\"image\":{\"@id\":\"https:\\\/\\\/gazetetrafik.com\\\/2025\\\/10\\\/08\\\/eylul-2025\\\/#primaryimage\"},\"thumbnailUrl\":\"https:\\\/\\\/gazetetrafik.com\\\/wp-content\\\/uploads\\\/2025\\\/10\\\/eylul2025istatistikler-gt.jpg\",\"datePublished\":\"2025-10-08T18:31:36+00:00\",\"dateModified\":\"2025-10-08T18:31:41+00:00\",\"description\":\"Eyl\u00fcl 2025 EGM istatistikleri Trafik \u00e7arp\u0131\u015fmalar\u0131 Eyl\u00fcl 2025 EGM istatistikleri Trafik \u00e7arp\u0131\u015fmalar\u0131 Eyl\u00fcl 2025 EGM istatistikleri\",\"breadcrumb\":{\"@id\":\"https:\\\/\\\/gazetetrafik.com\\\/2025\\\/10\\\/08\\\/eylul-2025\\\/#breadcrumb\"},\"inLanguage\":\"en-US\",\"potentialAction\":[{\"@type\":\"ReadAction\",\"target\":[\"https:\\\/\\\/gazetetrafik.com\\\/2025\\\/10\\\/08\\\/eylul-2025\\\/\"]}]},{\"@type\":\"ImageObject\",\"inLanguage\":\"en-US\",\"@id\":\"https:\\\/\\\/gazetetrafik.com\\\/2025\\\/10\\\/08\\\/eylul-2025\\\/#primaryimage\",\"url\":\"https:\\\/\\\/gazetetrafik.com\\\/wp-content\\\/uploads\\\/2025\\\/10\\\/eylul2025istatistikler-gt.jpg\",\"contentUrl\":\"https:\\\/\\\/gazetetrafik.com\\\/wp-content\\\/uploads\\\/2025\\\/10\\\/eylul2025istatistikler-gt.jpg\",\"width\":606,\"height\":537,\"caption\":\"eyl\u00fcl 2025\"},{\"@type\":\"BreadcrumbList\",\"@id\":\"https:\\\/\\\/gazetetrafik.com\\\/2025\\\/10\\\/08\\\/eylul-2025\\\/#breadcrumb\",\"itemListElement\":[{\"@type\":\"ListItem\",\"position\":1,\"name\":\"Anasayfa\",\"item\":\"https:\\\/\\\/gazetetrafik.com\\\/\"},{\"@type\":\"ListItem\",\"position\":2,\"name\":\"Eyl\u00fcl 2025 EGM istatistikleri\"}]},{\"@type\":\"WebSite\",\"@id\":\"https:\\\/\\\/gazetetrafik.com\\\/#website\",\"url\":\"https:\\\/\\\/gazetetrafik.com\\\/\",\"name\":\"\",\"description\":\"\u0130NSANA VE YA\u015eAM HAKKINA SAYGILI TRAF\u0130K HABER GAZETES\u0130\",\"publisher\":{\"@id\":\"https:\\\/\\\/gazetetrafik.com\\\/#organization\"},\"potentialAction\":[{\"@type\":\"SearchAction\",\"target\":{\"@type\":\"EntryPoint\",\"urlTemplate\":\"https:\\\/\\\/gazetetrafik.com\\\/?s={search_term_string}\"},\"query-input\":{\"@type\":\"PropertyValueSpecification\",\"valueRequired\":true,\"valueName\":\"search_term_string\"}}],\"inLanguage\":\"en-US\"},{\"@type\":\"Organization\",\"@id\":\"https:\\\/\\\/gazetetrafik.com\\\/#organization\",\"name\":\"Gazete Trafik\",\"url\":\"https:\\\/\\\/gazetetrafik.com\\\/\",\"logo\":{\"@type\":\"ImageObject\",\"inLanguage\":\"en-US\",\"@id\":\"https:\\\/\\\/gazetetrafik.com\\\/#\\\/schema\\\/logo\\\/image\\\/\",\"url\":\"https:\\\/\\\/gazetetrafik.com\\\/wp-content\\\/uploads\\\/2022\\\/03\\\/cropped-logo.jpg\",\"contentUrl\":\"https:\\\/\\\/gazetetrafik.com\\\/wp-content\\\/uploads\\\/2022\\\/03\\\/cropped-logo.jpg\",\"width\":800,\"height\":220,\"caption\":\"Gazete Trafik\"},\"image\":{\"@id\":\"https:\\\/\\\/gazetetrafik.com\\\/#\\\/schema\\\/logo\\\/image\\\/\"},\"sameAs\":[\"https:\\\/\\\/x.com\\\/TrafikGazete\",\"https:\\\/\\\/www.instagram.com\\\/gazetetrafik\\\/\"]},{\"@type\":\"Person\",\"@id\":\"https:\\\/\\\/gazetetrafik.com\\\/#\\\/schema\\\/person\\\/2f75f4347719ee1b2a8ace54218ecab5\",\"name\":\"Gazete Trafik\",\"image\":{\"@type\":\"ImageObject\",\"inLanguage\":\"en-US\",\"@id\":\"https:\\\/\\\/secure.gravatar.com\\\/avatar\\\/bff6a4bfd3845f68dabbeea43bcbf9f2651b5ab9a1aad1d9381a89e564d3d208?s=96&d=mm&r=g\",\"url\":\"https:\\\/\\\/secure.gravatar.com\\\/avatar\\\/bff6a4bfd3845f68dabbeea43bcbf9f2651b5ab9a1aad1d9381a89e564d3d208?s=96&d=mm&r=g\",\"contentUrl\":\"https:\\\/\\\/secure.gravatar.com\\\/avatar\\\/bff6a4bfd3845f68dabbeea43bcbf9f2651b5ab9a1aad1d9381a89e564d3d208?s=96&d=mm&r=g\",\"caption\":\"Gazete Trafik\"},\"sameAs\":[\"https:\\\/\\\/gazetetrafik.com\"],\"url\":\"https:\\\/\\\/gazetetrafik.com\\\/en\\\/author\\\/gazete-trafik\\\/\"}]}<\/script>\n<!-- \/ Yoast SEO plugin. -->","yoast_head_json":{"title":"Eyl\u00fcl 2025 EGM istatistikleri - Trafik \u00e7arp\u0131\u015fmalar\u0131 Trafik \u00e7arp\u0131\u015fmalar\u0131","description":"Eyl\u00fcl 2025 EGM istatistikleri Trafik \u00e7arp\u0131\u015fmalar\u0131 Eyl\u00fcl 2025 EGM istatistikleri Trafik \u00e7arp\u0131\u015fmalar\u0131 Eyl\u00fcl 2025 EGM istatistikleri","robots":{"index":"index","follow":"follow","max-snippet":"max-snippet:-1","max-image-preview":"max-image-preview:large","max-video-preview":"max-video-preview:-1"},"canonical":"https:\/\/gazetetrafik.com\/en\/2025\/10\/08\/eylul-2025\/","og_locale":"en_US","og_type":"article","og_title":"Eyl\u00fcl 2025 EGM istatistikleri - Trafik \u00e7arp\u0131\u015fmalar\u0131 Trafik \u00e7arp\u0131\u015fmalar\u0131","og_description":"Eyl\u00fcl 2025 EGM istatistikleri Trafik \u00e7arp\u0131\u015fmalar\u0131 Eyl\u00fcl 2025 EGM istatistikleri Trafik \u00e7arp\u0131\u015fmalar\u0131 Eyl\u00fcl 2025 EGM istatistikleri","og_url":"https:\/\/gazetetrafik.com\/en\/2025\/10\/08\/eylul-2025\/","article_published_time":"2025-10-08T18:31:36+00:00","article_modified_time":"2025-10-08T18:31:41+00:00","og_image":[{"width":606,"height":537,"url":"https:\/\/gazetetrafik.com\/wp-content\/uploads\/2025\/10\/eylul2025istatistikler-gt.jpg","type":"image\/jpeg"}],"author":"Gazete Trafik","twitter_card":"summary_large_image","twitter_creator":"@TrafikGazete","twitter_site":"@TrafikGazete","twitter_misc":{"Written by":"Gazete Trafik","Est. reading time":"2 minutes"},"schema":{"@context":"https:\/\/schema.org","@graph":[{"@type":"Article","@id":"https:\/\/gazetetrafik.com\/2025\/10\/08\/eylul-2025\/#article","isPartOf":{"@id":"https:\/\/gazetetrafik.com\/2025\/10\/08\/eylul-2025\/"},"author":{"name":"Gazete Trafik","@id":"https:\/\/gazetetrafik.com\/#\/schema\/person\/2f75f4347719ee1b2a8ace54218ecab5"},"headline":"Eyl\u00fcl 2025 EGM istatistikleri","datePublished":"2025-10-08T18:31:36+00:00","dateModified":"2025-10-08T18:31:41+00:00","mainEntityOfPage":{"@id":"https:\/\/gazetetrafik.com\/2025\/10\/08\/eylul-2025\/"},"wordCount":257,"commentCount":0,"publisher":{"@id":"https:\/\/gazetetrafik.com\/#organization"},"image":{"@id":"https:\/\/gazetetrafik.com\/2025\/10\/08\/eylul-2025\/#primaryimage"},"thumbnailUrl":"https:\/\/gazetetrafik.com\/wp-content\/uploads\/2025\/10\/eylul2025istatistikler-gt.jpg","keywords":["EGM","eyl\u00fcl 2025","istatistikler","trafik \u00e7arp\u0131\u015fmalar\u0131"],"articleSection":["Trafik \u00e7arp\u0131\u015fmalar\u0131"],"inLanguage":"en-US","potentialAction":[{"@type":"CommentAction","name":"Comment","target":["https:\/\/gazetetrafik.com\/2025\/10\/08\/eylul-2025\/#respond"]}]},{"@type":"WebPage","@id":"https:\/\/gazetetrafik.com\/2025\/10\/08\/eylul-2025\/","url":"https:\/\/gazetetrafik.com\/2025\/10\/08\/eylul-2025\/","name":"Eyl\u00fcl 2025 EGM istatistikleri - Trafik \u00e7arp\u0131\u015fmalar\u0131 Trafik \u00e7arp\u0131\u015fmalar\u0131","isPartOf":{"@id":"https:\/\/gazetetrafik.com\/#website"},"primaryImageOfPage":{"@id":"https:\/\/gazetetrafik.com\/2025\/10\/08\/eylul-2025\/#primaryimage"},"image":{"@id":"https:\/\/gazetetrafik.com\/2025\/10\/08\/eylul-2025\/#primaryimage"},"thumbnailUrl":"https:\/\/gazetetrafik.com\/wp-content\/uploads\/2025\/10\/eylul2025istatistikler-gt.jpg","datePublished":"2025-10-08T18:31:36+00:00","dateModified":"2025-10-08T18:31:41+00:00","description":"Eyl\u00fcl 2025 EGM istatistikleri Trafik \u00e7arp\u0131\u015fmalar\u0131 Eyl\u00fcl 2025 EGM istatistikleri Trafik \u00e7arp\u0131\u015fmalar\u0131 Eyl\u00fcl 2025 EGM istatistikleri","breadcrumb":{"@id":"https:\/\/gazetetrafik.com\/2025\/10\/08\/eylul-2025\/#breadcrumb"},"inLanguage":"en-US","potentialAction":[{"@type":"ReadAction","target":["https:\/\/gazetetrafik.com\/2025\/10\/08\/eylul-2025\/"]}]},{"@type":"ImageObject","inLanguage":"en-US","@id":"https:\/\/gazetetrafik.com\/2025\/10\/08\/eylul-2025\/#primaryimage","url":"https:\/\/gazetetrafik.com\/wp-content\/uploads\/2025\/10\/eylul2025istatistikler-gt.jpg","contentUrl":"https:\/\/gazetetrafik.com\/wp-content\/uploads\/2025\/10\/eylul2025istatistikler-gt.jpg","width":606,"height":537,"caption":"eyl\u00fcl 2025"},{"@type":"BreadcrumbList","@id":"https:\/\/gazetetrafik.com\/2025\/10\/08\/eylul-2025\/#breadcrumb","itemListElement":[{"@type":"ListItem","position":1,"name":"Anasayfa","item":"https:\/\/gazetetrafik.com\/"},{"@type":"ListItem","position":2,"name":"Eyl\u00fcl 2025 EGM istatistikleri"}]},{"@type":"WebSite","@id":"https:\/\/gazetetrafik.com\/#website","url":"https:\/\/gazetetrafik.com\/","name":"","description":"\u0130NSANA VE YA\u015eAM HAKKINA SAYGILI TRAF\u0130K HABER GAZETES\u0130","publisher":{"@id":"https:\/\/gazetetrafik.com\/#organization"},"potentialAction":[{"@type":"SearchAction","target":{"@type":"EntryPoint","urlTemplate":"https:\/\/gazetetrafik.com\/?s={search_term_string}"},"query-input":{"@type":"PropertyValueSpecification","valueRequired":true,"valueName":"search_term_string"}}],"inLanguage":"en-US"},{"@type":"Organization","@id":"https:\/\/gazetetrafik.com\/#organization","name":"Gazete Trafik","url":"https:\/\/gazetetrafik.com\/","logo":{"@type":"ImageObject","inLanguage":"en-US","@id":"https:\/\/gazetetrafik.com\/#\/schema\/logo\/image\/","url":"https:\/\/gazetetrafik.com\/wp-content\/uploads\/2022\/03\/cropped-logo.jpg","contentUrl":"https:\/\/gazetetrafik.com\/wp-content\/uploads\/2022\/03\/cropped-logo.jpg","width":800,"height":220,"caption":"Gazete Trafik"},"image":{"@id":"https:\/\/gazetetrafik.com\/#\/schema\/logo\/image\/"},"sameAs":["https:\/\/x.com\/TrafikGazete","https:\/\/www.instagram.com\/gazetetrafik\/"]},{"@type":"Person","@id":"https:\/\/gazetetrafik.com\/#\/schema\/person\/2f75f4347719ee1b2a8ace54218ecab5","name":"Gazete Trafik","image":{"@type":"ImageObject","inLanguage":"en-US","@id":"https:\/\/secure.gravatar.com\/avatar\/bff6a4bfd3845f68dabbeea43bcbf9f2651b5ab9a1aad1d9381a89e564d3d208?s=96&d=mm&r=g","url":"https:\/\/secure.gravatar.com\/avatar\/bff6a4bfd3845f68dabbeea43bcbf9f2651b5ab9a1aad1d9381a89e564d3d208?s=96&d=mm&r=g","contentUrl":"https:\/\/secure.gravatar.com\/avatar\/bff6a4bfd3845f68dabbeea43bcbf9f2651b5ab9a1aad1d9381a89e564d3d208?s=96&d=mm&r=g","caption":"Gazete Trafik"},"sameAs":["https:\/\/gazetetrafik.com"],"url":"https:\/\/gazetetrafik.com\/en\/author\/gazete-trafik\/"}]}},"_links":{"self":[{"href":"https:\/\/gazetetrafik.com\/en\/wp-json\/wp\/v2\/posts\/1423","targetHints":{"allow":["GET"]}}],"collection":[{"href":"https:\/\/gazetetrafik.com\/en\/wp-json\/wp\/v2\/posts"}],"about":[{"href":"https:\/\/gazetetrafik.com\/en\/wp-json\/wp\/v2\/types\/post"}],"author":[{"embeddable":true,"href":"https:\/\/gazetetrafik.com\/en\/wp-json\/wp\/v2\/users\/1"}],"replies":[{"embeddable":true,"href":"https:\/\/gazetetrafik.com\/en\/wp-json\/wp\/v2\/comments?post=1423"}],"version-history":[{"count":1,"href":"https:\/\/gazetetrafik.com\/en\/wp-json\/wp\/v2\/posts\/1423\/revisions"}],"predecessor-version":[{"id":1428,"href":"https:\/\/gazetetrafik.com\/en\/wp-json\/wp\/v2\/posts\/1423\/revisions\/1428"}],"wp:featuredmedia":[{"embeddable":true,"href":"https:\/\/gazetetrafik.com\/en\/wp-json\/wp\/v2\/media\/1427"}],"wp:attachment":[{"href":"https:\/\/gazetetrafik.com\/en\/wp-json\/wp\/v2\/media?parent=1423"}],"wp:term":[{"taxonomy":"category","embeddable":true,"href":"https:\/\/gazetetrafik.com\/en\/wp-json\/wp\/v2\/categories?post=1423"},{"taxonomy":"post_tag","embeddable":true,"href":"https:\/\/gazetetrafik.com\/en\/wp-json\/wp\/v2\/tags?post=1423"}],"curies":[{"name":"wp","href":"https:\/\/api.w.org\/{rel}","templated":true}]}}