{"id":1452,"date":"2025-11-18T09:07:21","date_gmt":"2025-11-18T06:07:21","guid":{"rendered":"https:\/\/gazetetrafik.com\/?p=1452"},"modified":"2025-11-18T09:07:37","modified_gmt":"2025-11-18T06:07:37","slug":"vietnamda","status":"publish","type":"post","link":"https:\/\/gazetetrafik.com\/en\/2025\/11\/18\/vietnamda\/","title":{"rendered":"Vietnam&#8217;da yollarda \u00f6nlenebilir \u00e7ocuk \u00f6l\u00fcmlerine son"},"content":{"rendered":"<p>D\u00fcnya Sa\u011fl\u0131k \u00d6rg\u00fct\u00fc ve AIP Vakf\u0131, Vietnam&#8217;da yollarda \u00f6nlenebilir \u00e7ocuk \u00f6l\u00fcmlerine son vermek i\u00e7in birle\u015fiyor.<\/p>\n\n\n\n<p>Vietnam DS\u00d6 ve AIP Vakf\u0131, her y\u0131l 2.000 gencin hayat\u0131n\u0131 kurtarma misyonuyla \u00f6nlenebilir \u00e7ocuk trafik \u00f6l\u00fcmlerini sona erdirmeye y\u00f6nelik ulusal bir ortakl\u0131k olan Vietnam Projesi 2000&#8217;i ba\u015flat\u0131yor.&nbsp; Vietnam&#8217;da her g\u00fcn 5 \u00e7ocuk trafik \u00e7arp\u0131\u015fmas\u0131 nedeniyle hayat\u0131n\u0131 kaybediyor. Bu da her y\u0131l yakla\u015f\u0131k 2.000 \u00f6nlenebilir \u00f6l\u00fcm anlam\u0131na geliyor. Bu kay\u0131plar sadece aileler i\u00e7in derin bir trajedi olmakla kalm\u0131yor, ayn\u0131 zamanda \u00fclkenin sa\u011fl\u0131k sistemi, ekonomisi ve toplumu \u00fczerinde de ciddi bir y\u00fck olu\u015fturuyor. Bu trajediler ka\u00e7\u0131n\u0131lmaz de\u011fil, \u00f6nlenebilirler.<\/p>\n\n\n\n<p>Vietnam Projesi 2000, koordineli eylem, kan\u0131ta dayal\u0131 \u00e7\u00f6z\u00fcmler ve devlet kurumlar\u0131n\u0131n, STK&#8217;lar\u0131n, uluslararas\u0131 ortaklar\u0131n, \u00f6zel sekt\u00f6r\u00fcn ve toplum liderlerinin ortak iradesi yoluyla karayolu g\u00fcvenli\u011fini geli\u015ftirmeyi ama\u00e7lamaktad\u0131r.&nbsp; DS\u00d6 Vietnam Temsilcisi Dr. Angela Pratt ve AIP Vakf\u0131 Ba\u015fkan\u0131 ve Kurucusu Bay Greig Craft, iki kurulu\u015f aras\u0131ndaki Mutabakat Zapt\u0131n\u0131 imzalamak i\u00e7in Ha Noi&#8217;deki Green One Birle\u015fmi\u015f Milletler Evi&#8217;nde bir araya geldi. Genel olarak bu ortakl\u0131k, Vietnam&#8217;\u0131n yollar\u0131nda \u00f6ld\u00fcr\u00fclen \u00e7ocuk ve gen\u00e7lerin say\u0131s\u0131n\u0131 her y\u0131l 2.000&#8217;den s\u0131f\u0131ra indirmeye y\u00f6nelik \u00f6l\u00e7\u00fclebilir ilerleme sa\u011flamay\u0131 ama\u00e7l\u0131yor.&nbsp;<\/p>\n\n\n\n<figure class=\"wp-block-image size-full\"><img loading=\"lazy\" decoding=\"async\" width=\"894\" height=\"642\" src=\"https:\/\/gazetetrafik.com\/wp-content\/uploads\/2025\/11\/image.png\" alt=\"\" class=\"wp-image-1453\" srcset=\"https:\/\/gazetetrafik.com\/wp-content\/uploads\/2025\/11\/image.png 894w, https:\/\/gazetetrafik.com\/wp-content\/uploads\/2025\/11\/image-300x215.png 300w, https:\/\/gazetetrafik.com\/wp-content\/uploads\/2025\/11\/image-768x552.png 768w, https:\/\/gazetetrafik.com\/wp-content\/uploads\/2025\/11\/image-18x12.png 18w\" sizes=\"auto, (max-width: 894px) 100vw, 894px\" \/><\/figure>\n\n\n\n<blockquote class=\"wp-block-quote is-layout-flow wp-block-quote-is-layout-flow\">\n<p>Pratt, &#8220;Hi\u00e7bir \u00e7ocuk okula giderken hayat\u0131n\u0131 kaybetmemeli. Ba\u015fka bir deyi\u015fle, her \u00e7ocuk ve her insan, g\u00fcnl\u00fck hayatlar\u0131n\u0131 yollarda s\u00fcrd\u00fcr\u00fcrken g\u00fcvende olmal\u0131d\u0131r. \u0130ki k\u00fc\u00e7\u00fck k\u0131z \u00e7ocu\u011fu annesi olarak, Vietnam&#8217;da her g\u00fcn 5 ailenin trafik \u00e7arp\u0131\u015fmas\u0131 sonucu bir \u00e7ocu\u011funu veya gencini kaybetti\u011fini bilmek kalbimi k\u0131r\u0131yor. Dolay\u0131s\u0131yla, Vietnam Projesi 2000 istatistiklerden daha fazlas\u0131d\u0131r; gelecekleri kurtarmak, aileleri desteklemek ve g\u00fcvenli, geli\u015fen topluluklar yaratmakla ilgilidir&#8221; dedi.<\/p>\n<\/blockquote>\n\n\n\n<p>DS\u00d6 Vietnam ve AIP Vakf\u0131 taraf\u0131ndan y\u00f6netilen bir y\u00f6nlendirme komitesi, ortakl\u0131\u011fa genel stratejik y\u00f6n verecek, tematik \u00e7al\u0131\u015fma gruplar\u0131 ise kask kullan\u0131m\u0131, \u00e7ocuk koruma sistemleri ve g\u00fcvenli okul b\u00f6lgeleri gibi \u00f6ncelikli alanlardaki eylemlere \u00f6nc\u00fcl\u00fck edecek. <\/p>\n\n\n\n<h2 class=\"wp-block-heading\">Ortakl\u0131\u011f\u0131n odaklanaca\u011f\u0131 \u00f6ncelikli alanlar:<\/h2>\n\n\n\n<ul class=\"wp-block-list\">\n<li>Motosiklet g\u00fcvenli\u011fi: t\u00fcm \u00e7ocuklar\u0131n sertifikal\u0131\/kaliteli emniyet kasklar\u0131 takmas\u0131n\u0131 sa\u011flamak,<\/li>\n\n\n\n<li>Arabalarda \u00e7ocuk emniyet sistemleri veya \u00e7ocuk koltuklar\u0131: ara\u00e7lardaki t\u00fcm \u00e7ocuklar\u0131n uygun \u00e7ocuk koltuklar\u0131nda emniyetli ve d\u00fczg\u00fcn bir \u015fekilde emniyete al\u0131nmas\u0131n\u0131 sa\u011flamak i\u00e7in benimsenen teknik standartlara dayal\u0131 yeni yasalar\u0131 desteklemek ve<\/li>\n\n\n\n<li>G\u00fcvenli okul b\u00f6lgeleri: destekleyici\/g\u00fcvenli g\u00fcvenlik \u00f6nlemleriyle g\u00fcvenli s\u00fcr\u00fc\u015f\u00fc sa\u011flamaya y\u00f6nelik \u00e7al\u0131\u015fmak \u200b\u200b\u200b\u200bokullar\u0131n \u00e7evresindeki altyap\u0131, \u00f6zellikle &#8216;b\u0131rakma&#8217; ve &#8216;alma&#8217; zamanlar\u0131nda.\u00a0\u00a0<\/li>\n<\/ul>\n\n\n\n<p>Ortakl\u0131k, \u00f6zellikle \u00e7ocuklar ve gen\u00e7ler aras\u0131nda karayolu trafik \u00f6l\u00fcmlerini azaltmay\u0131 ama\u00e7layan daha g\u00fc\u00e7l\u00fc ortakl\u0131klar, sinerjiler ve koordinasyon i\u00e7in H\u00fck\u00fcmet, sivil toplum, \u00f6zel sekt\u00f6r ve uluslararas\u0131 kurulu\u015flar\u0131 bir araya getirmeyi ama\u00e7l\u0131yor.<\/p>\n\n\n\n<p>Proje, \u015eubat ay\u0131nda Fas&#8217;\u0131n Marake\u015f kentinde d\u00fczenlenen D\u00f6rd\u00fcnc\u00fc K\u00fcresel Karayolu G\u00fcvenli\u011fi Bakanlar Konferans\u0131&#8217;nda vurgulanan \u00e7ok sekt\u00f6rl\u00fc ortakl\u0131k ruhuyla, Vietnam&#8217;da halihaz\u0131rda kaydedilen ilerlemeyi geli\u015ftirmeyi ve 2021-2030 On Y\u0131ll\u0131k Eylem Plan\u0131&#8217;n\u0131n hedeflerine do\u011fru daha fazla ilerlemeyi &nbsp;ama\u00e7l\u0131yor.&nbsp;<\/p>\n\n\n\n<blockquote class=\"wp-block-quote is-layout-flow wp-block-quote-is-layout-flow\">\n<p>Bay Craft,&#8221;AIP Vakf\u0131, Vietnam Projesi 2000 Ortakl\u0131\u011f\u0131 i\u00e7in bug\u00fcnk\u00fc Mutabakat Zapt\u0131n\u0131 imzalamak \u00fczere DS\u00d6 Vietnam ile i\u015fbirli\u011fi yapmaktan gurur duymaktad\u0131r. Biz, \u00e7ocuklar\u0131m\u0131z\u0131 korumaya, topluluklar\u0131m\u0131z\u0131 korumaya ve yollarda gereksiz hayatlar\u0131n kaybolmad\u0131\u011f\u0131, herkes i\u00e7in daha g\u00fcvenli bir gelecek in\u015fa etmeye kararl\u0131 birle\u015fik bir hareketiz&#8221; dedi.\u00a0 \u00c7ocuklar\u0131n karayolu g\u00fcvenli\u011fi sadece ulusal bir sorun de\u011fil ayn\u0131 zamanda t\u00fcm \u00fclkeler i\u00e7in k\u00fcresel bir zorunluluktur ve Vietnam Projesi 2000, S\u00fcrd\u00fcr\u00fclebilir Kalk\u0131nma Hedeflerine katk\u0131da bulunmay\u0131 ama\u00e7lamaktad\u0131r. Vietnam cesur ad\u0131mlar atarak b\u00f6lgeye ve d\u00fcnyaya bir \u00f6rnek olu\u015fturuyor: liderlik, i\u015f birli\u011fi ve kararl\u0131l\u0131kla \u00e7ocuklar\u0131m\u0131z\u0131 koruyabilir ve daha g\u00fcvenli yollar ve topluluklar yaratabiliriz.<\/p>\n<\/blockquote>\n\n\n\n<h2 class=\"wp-block-heading\">D\u00fcnya Sa\u011fl\u0131k \u00d6rg\u00fct\u00fc Vietnam<\/h2>\n\n\n\n<p>1948&#8217;de kurulan DS\u00d6, sa\u011fl\u0131\u011f\u0131 geli\u015ftirmek, d\u00fcnyay\u0131 g\u00fcvende tutmak ve savunmas\u0131z ki\u015filere hizmet etmek i\u00e7in \u00fclkeleri, ortaklar\u0131 ve insanlar\u0131 birbirine ba\u011flayan Birle\u015fmi\u015f Milletler ajans\u0131d\u0131r; b\u00f6ylece herkes, her yerde en y\u00fcksek sa\u011fl\u0131k d\u00fczeyine ula\u015fabilir. Birle\u015fmi\u015f Milletler \u2018in karayolu g\u00fcvenli\u011fi konusunda lider kurulu\u015fu olan DS\u00d6, karayolu g\u00fcvenli\u011fini en \u00fcst d\u00fczeyde savunarak, iyi uygulamalar\u0131 derleyip payla\u015farak ve karayolu g\u00fcvenli\u011fi konusunda fark\u0131ndal\u0131\u011f\u0131 art\u0131rarak k\u00fcresel \u00e7abalara rehberlik etmede kilit bir rol oynamaktad\u0131r. DS\u00d6, 1977 y\u0131l\u0131nda Ha Noi&#8217;de bir \u00fclke ofisi kurmu\u015ftur ve daha sa\u011fl\u0131kl\u0131, daha g\u00fc\u00e7l\u00fc ve daha g\u00fcvenli bir Vietnam i\u00e7in Vietnam halk\u0131n\u0131 ve H\u00fck\u00fcmetini desteklemede merkezi bir rol oynamaktad\u0131r.<\/p>\n\n\n\n<h2 class=\"wp-block-heading\">AIP Vakf\u0131<\/h2>\n\n\n\n<p>AIP Vakf\u0131, hayat kurtarmak, gezegeni korumak ve herkes i\u00e7in e\u015fit f\u0131rsatlar yaratmak i\u00e7in mobiliteyi d\u00f6n\u00fc\u015ft\u00fcren kar amac\u0131 g\u00fctmeyen bir kurulu\u015ftur. 1999&#8217;dan bu yana d\u00fcnya \u00e7ap\u0131nda 35&#8217;ten fazla \u00fclkede etki yaratt\u0131k. Bizler, hareketlili\u011fin bir yerden di\u011ferine gitmekten daha fazlas\u0131 oldu\u011funa, eri\u015fim, f\u0131rsat ve refahla ilgili oldu\u011funa inanan de\u011fi\u015fim yarat\u0131c\u0131lar\u0131y\u0131z. Yol g\u00fcvenli\u011fini, s\u00fcrd\u00fcr\u00fclebilir ula\u015f\u0131m\u0131 ve insanlar\u0131n okula gitmeleri, i\u015f bulmalar\u0131 veya sa\u011fl\u0131kl\u0131 kalmalar\u0131 i\u00e7in daha kapsay\u0131c\u0131 hareket etme yollar\u0131n\u0131 te\u015fvik etmek i\u00e7in \u00e7al\u0131\u015f\u0131yoruz. <a href=\"http:\/\/www.aip-foundation.org\">http:\/\/www.aip-foundation.org<\/a><\/p>\n\n\n\n<p>14 Kas\u0131m 2025<strong>\u00a0<\/strong>&#8211; Ha Noi, Viet Nam <a href=\"https:\/\/www.who.int\/vietnam\/news\/detail\/14-10-2025-who-and-aip-foundation-launch-new-road-safety-partnership-to-save-young-lives-in-vietnam\">https:\/\/www.who.int\/vietnam\/news\/detail\/14-10-2025-who-and-aip-foundation-launch-new-road-safety-partnership-to-save-young-lives-in-vietnam<\/a><\/p>","protected":false},"excerpt":{"rendered":"<p>D\u00fcnya Sa\u011fl\u0131k \u00d6rg\u00fct\u00fc ve AIP Vakf\u0131, Vietnam&#8217;da yollarda \u00f6nlenebilir \u00e7ocuk \u00f6l\u00fcmlerine son vermek i\u00e7in birle\u015fiyor&#8230;.<\/p>","protected":false},"author":1,"featured_media":1455,"comment_status":"open","ping_status":"open","sticky":false,"template":"","format":"standard","meta":{"footnotes":""},"categories":[29,3],"tags":[485,482,483,486],"class_list":["post-1452","post","type-post","status-publish","format-standard","has-post-thumbnail","hentry","category-sivil-toplum-kuruluslari","category-trafik-guvenligi","tag-aip-vakfi","tag-dunya-saglik-orgutu","tag-vietnam","tag-yollarda-onlenebilir-cocuk-olumlerine-son"],"yoast_head":"<!-- This site is optimized with the Yoast SEO plugin v27.5 - https:\/\/yoast.com\/product\/yoast-seo-wordpress\/ -->\n<title>Vietnam&#039;da yollarda \u00f6nlenebilir \u00e7ocuk \u00f6l\u00fcmlerine son<\/title>\n<meta name=\"description\" content=\"Trafik g\u00fcvenli\u011fi Vietnam&#039;da yollarda \u00f6nlenebilir \u00e7ocuk \u00f6l\u00fcmlerine son Trafik g\u00fcvenli\u011fi Vietnam&#039;da yollarda \u00f6nlenebilir \u00e7ocuk \u00f6l\u00fcmlerine son\" \/>\n<meta name=\"robots\" content=\"index, follow, max-snippet:-1, max-image-preview:large, max-video-preview:-1\" \/>\n<link rel=\"canonical\" href=\"https:\/\/gazetetrafik.com\/en\/2025\/11\/18\/vietnamda\/\" \/>\n<meta property=\"og:locale\" content=\"en_US\" \/>\n<meta property=\"og:type\" content=\"article\" \/>\n<meta property=\"og:title\" content=\"Vietnam&#039;da yollarda \u00f6nlenebilir \u00e7ocuk \u00f6l\u00fcmlerine son\" \/>\n<meta property=\"og:description\" content=\"Trafik g\u00fcvenli\u011fi Vietnam&#039;da yollarda \u00f6nlenebilir \u00e7ocuk \u00f6l\u00fcmlerine son Trafik g\u00fcvenli\u011fi Vietnam&#039;da yollarda \u00f6nlenebilir \u00e7ocuk \u00f6l\u00fcmlerine son\" \/>\n<meta property=\"og:url\" content=\"https:\/\/gazetetrafik.com\/en\/2025\/11\/18\/vietnamda\/\" \/>\n<meta property=\"article:published_time\" content=\"2025-11-18T06:07:21+00:00\" \/>\n<meta property=\"article:modified_time\" content=\"2025-11-18T06:07:37+00:00\" \/>\n<meta property=\"og:image\" content=\"https:\/\/gazetetrafik.com\/wp-content\/uploads\/2025\/11\/Vietnamkampanya-gt-1.jpg\" \/>\n\t<meta property=\"og:image:width\" content=\"608\" \/>\n\t<meta property=\"og:image:height\" content=\"539\" \/>\n\t<meta property=\"og:image:type\" content=\"image\/jpeg\" \/>\n<meta name=\"author\" content=\"Gazete Trafik\" \/>\n<meta name=\"twitter:card\" content=\"summary_large_image\" \/>\n<meta name=\"twitter:creator\" content=\"@TrafikGazete\" \/>\n<meta name=\"twitter:site\" content=\"@TrafikGazete\" \/>\n<meta name=\"twitter:label1\" content=\"Written by\" \/>\n\t<meta name=\"twitter:data1\" content=\"Gazete Trafik\" \/>\n\t<meta name=\"twitter:label2\" content=\"Est. reading time\" \/>\n\t<meta name=\"twitter:data2\" content=\"4 minutes\" \/>\n<script type=\"application\/ld+json\" class=\"yoast-schema-graph\">{\"@context\":\"https:\\\/\\\/schema.org\",\"@graph\":[{\"@type\":\"Article\",\"@id\":\"https:\\\/\\\/gazetetrafik.com\\\/2025\\\/11\\\/18\\\/vietnamda\\\/#article\",\"isPartOf\":{\"@id\":\"https:\\\/\\\/gazetetrafik.com\\\/2025\\\/11\\\/18\\\/vietnamda\\\/\"},\"author\":{\"name\":\"Gazete Trafik\",\"@id\":\"https:\\\/\\\/gazetetrafik.com\\\/#\\\/schema\\\/person\\\/2f75f4347719ee1b2a8ace54218ecab5\"},\"headline\":\"Vietnam&#8217;da yollarda \u00f6nlenebilir \u00e7ocuk \u00f6l\u00fcmlerine son\",\"datePublished\":\"2025-11-18T06:07:21+00:00\",\"dateModified\":\"2025-11-18T06:07:37+00:00\",\"mainEntityOfPage\":{\"@id\":\"https:\\\/\\\/gazetetrafik.com\\\/2025\\\/11\\\/18\\\/vietnamda\\\/\"},\"wordCount\":976,\"commentCount\":0,\"publisher\":{\"@id\":\"https:\\\/\\\/gazetetrafik.com\\\/#organization\"},\"image\":{\"@id\":\"https:\\\/\\\/gazetetrafik.com\\\/2025\\\/11\\\/18\\\/vietnamda\\\/#primaryimage\"},\"thumbnailUrl\":\"https:\\\/\\\/gazetetrafik.com\\\/wp-content\\\/uploads\\\/2025\\\/11\\\/Vietnamkampanya-gt-1.jpg\",\"keywords\":[\"AIP Vakf\u0131\",\"D\u00fcnya Sa\u011fl\u0131k \u00d6rg\u00fct\u00fc\",\"Vietnam\",\"yollarda \u00f6nlenebilir \u00e7ocuk \u00f6l\u00fcmlerine son\"],\"articleSection\":[\"Sivil toplum kurulu\u015flar\u0131\",\"Trafik g\u00fcvenli\u011fi\"],\"inLanguage\":\"en-US\",\"potentialAction\":[{\"@type\":\"CommentAction\",\"name\":\"Comment\",\"target\":[\"https:\\\/\\\/gazetetrafik.com\\\/2025\\\/11\\\/18\\\/vietnamda\\\/#respond\"]}]},{\"@type\":\"WebPage\",\"@id\":\"https:\\\/\\\/gazetetrafik.com\\\/2025\\\/11\\\/18\\\/vietnamda\\\/\",\"url\":\"https:\\\/\\\/gazetetrafik.com\\\/2025\\\/11\\\/18\\\/vietnamda\\\/\",\"name\":\"Vietnam'da yollarda \u00f6nlenebilir \u00e7ocuk \u00f6l\u00fcmlerine son\",\"isPartOf\":{\"@id\":\"https:\\\/\\\/gazetetrafik.com\\\/#website\"},\"primaryImageOfPage\":{\"@id\":\"https:\\\/\\\/gazetetrafik.com\\\/2025\\\/11\\\/18\\\/vietnamda\\\/#primaryimage\"},\"image\":{\"@id\":\"https:\\\/\\\/gazetetrafik.com\\\/2025\\\/11\\\/18\\\/vietnamda\\\/#primaryimage\"},\"thumbnailUrl\":\"https:\\\/\\\/gazetetrafik.com\\\/wp-content\\\/uploads\\\/2025\\\/11\\\/Vietnamkampanya-gt-1.jpg\",\"datePublished\":\"2025-11-18T06:07:21+00:00\",\"dateModified\":\"2025-11-18T06:07:37+00:00\",\"description\":\"Trafik g\u00fcvenli\u011fi Vietnam'da yollarda \u00f6nlenebilir \u00e7ocuk \u00f6l\u00fcmlerine son Trafik g\u00fcvenli\u011fi Vietnam'da yollarda \u00f6nlenebilir \u00e7ocuk \u00f6l\u00fcmlerine son\",\"breadcrumb\":{\"@id\":\"https:\\\/\\\/gazetetrafik.com\\\/2025\\\/11\\\/18\\\/vietnamda\\\/#breadcrumb\"},\"inLanguage\":\"en-US\",\"potentialAction\":[{\"@type\":\"ReadAction\",\"target\":[\"https:\\\/\\\/gazetetrafik.com\\\/2025\\\/11\\\/18\\\/vietnamda\\\/\"]}]},{\"@type\":\"ImageObject\",\"inLanguage\":\"en-US\",\"@id\":\"https:\\\/\\\/gazetetrafik.com\\\/2025\\\/11\\\/18\\\/vietnamda\\\/#primaryimage\",\"url\":\"https:\\\/\\\/gazetetrafik.com\\\/wp-content\\\/uploads\\\/2025\\\/11\\\/Vietnamkampanya-gt-1.jpg\",\"contentUrl\":\"https:\\\/\\\/gazetetrafik.com\\\/wp-content\\\/uploads\\\/2025\\\/11\\\/Vietnamkampanya-gt-1.jpg\",\"width\":608,\"height\":539,\"caption\":\"D\u00fcnya Sa\u011fl\u0131k \u00d6rg\u00fct\u00fc ve AIP Vakf\u0131, Vietnam'da Yolda \u00d6nlenebilir \u00c7ocuk \u00d6l\u00fcmlerine Son Vermek \u0130\u00e7in Birle\u015fiyor\"},{\"@type\":\"BreadcrumbList\",\"@id\":\"https:\\\/\\\/gazetetrafik.com\\\/2025\\\/11\\\/18\\\/vietnamda\\\/#breadcrumb\",\"itemListElement\":[{\"@type\":\"ListItem\",\"position\":1,\"name\":\"Anasayfa\",\"item\":\"https:\\\/\\\/gazetetrafik.com\\\/\"},{\"@type\":\"ListItem\",\"position\":2,\"name\":\"Vietnam&#8217;da yollarda \u00f6nlenebilir \u00e7ocuk \u00f6l\u00fcmlerine son\"}]},{\"@type\":\"WebSite\",\"@id\":\"https:\\\/\\\/gazetetrafik.com\\\/#website\",\"url\":\"https:\\\/\\\/gazetetrafik.com\\\/\",\"name\":\"\",\"description\":\"\u0130NSANA VE YA\u015eAM HAKKINA SAYGILI TRAF\u0130K HABER GAZETES\u0130\",\"publisher\":{\"@id\":\"https:\\\/\\\/gazetetrafik.com\\\/#organization\"},\"potentialAction\":[{\"@type\":\"SearchAction\",\"target\":{\"@type\":\"EntryPoint\",\"urlTemplate\":\"https:\\\/\\\/gazetetrafik.com\\\/?s={search_term_string}\"},\"query-input\":{\"@type\":\"PropertyValueSpecification\",\"valueRequired\":true,\"valueName\":\"search_term_string\"}}],\"inLanguage\":\"en-US\"},{\"@type\":\"Organization\",\"@id\":\"https:\\\/\\\/gazetetrafik.com\\\/#organization\",\"name\":\"Gazete Trafik\",\"url\":\"https:\\\/\\\/gazetetrafik.com\\\/\",\"logo\":{\"@type\":\"ImageObject\",\"inLanguage\":\"en-US\",\"@id\":\"https:\\\/\\\/gazetetrafik.com\\\/#\\\/schema\\\/logo\\\/image\\\/\",\"url\":\"https:\\\/\\\/gazetetrafik.com\\\/wp-content\\\/uploads\\\/2022\\\/03\\\/cropped-logo.jpg\",\"contentUrl\":\"https:\\\/\\\/gazetetrafik.com\\\/wp-content\\\/uploads\\\/2022\\\/03\\\/cropped-logo.jpg\",\"width\":800,\"height\":220,\"caption\":\"Gazete Trafik\"},\"image\":{\"@id\":\"https:\\\/\\\/gazetetrafik.com\\\/#\\\/schema\\\/logo\\\/image\\\/\"},\"sameAs\":[\"https:\\\/\\\/x.com\\\/TrafikGazete\",\"https:\\\/\\\/www.instagram.com\\\/gazetetrafik\\\/\"]},{\"@type\":\"Person\",\"@id\":\"https:\\\/\\\/gazetetrafik.com\\\/#\\\/schema\\\/person\\\/2f75f4347719ee1b2a8ace54218ecab5\",\"name\":\"Gazete Trafik\",\"image\":{\"@type\":\"ImageObject\",\"inLanguage\":\"en-US\",\"@id\":\"https:\\\/\\\/secure.gravatar.com\\\/avatar\\\/bff6a4bfd3845f68dabbeea43bcbf9f2651b5ab9a1aad1d9381a89e564d3d208?s=96&d=mm&r=g\",\"url\":\"https:\\\/\\\/secure.gravatar.com\\\/avatar\\\/bff6a4bfd3845f68dabbeea43bcbf9f2651b5ab9a1aad1d9381a89e564d3d208?s=96&d=mm&r=g\",\"contentUrl\":\"https:\\\/\\\/secure.gravatar.com\\\/avatar\\\/bff6a4bfd3845f68dabbeea43bcbf9f2651b5ab9a1aad1d9381a89e564d3d208?s=96&d=mm&r=g\",\"caption\":\"Gazete Trafik\"},\"sameAs\":[\"https:\\\/\\\/gazetetrafik.com\"],\"url\":\"https:\\\/\\\/gazetetrafik.com\\\/en\\\/author\\\/gazete-trafik\\\/\"}]}<\/script>\n<!-- \/ Yoast SEO plugin. -->","yoast_head_json":{"title":"Vietnam'da yollarda \u00f6nlenebilir \u00e7ocuk \u00f6l\u00fcmlerine son","description":"Trafik g\u00fcvenli\u011fi Vietnam'da yollarda \u00f6nlenebilir \u00e7ocuk \u00f6l\u00fcmlerine son Trafik g\u00fcvenli\u011fi Vietnam'da yollarda \u00f6nlenebilir \u00e7ocuk \u00f6l\u00fcmlerine son","robots":{"index":"index","follow":"follow","max-snippet":"max-snippet:-1","max-image-preview":"max-image-preview:large","max-video-preview":"max-video-preview:-1"},"canonical":"https:\/\/gazetetrafik.com\/en\/2025\/11\/18\/vietnamda\/","og_locale":"en_US","og_type":"article","og_title":"Vietnam'da yollarda \u00f6nlenebilir \u00e7ocuk \u00f6l\u00fcmlerine son","og_description":"Trafik g\u00fcvenli\u011fi Vietnam'da yollarda \u00f6nlenebilir \u00e7ocuk \u00f6l\u00fcmlerine son Trafik g\u00fcvenli\u011fi Vietnam'da yollarda \u00f6nlenebilir \u00e7ocuk \u00f6l\u00fcmlerine son","og_url":"https:\/\/gazetetrafik.com\/en\/2025\/11\/18\/vietnamda\/","article_published_time":"2025-11-18T06:07:21+00:00","article_modified_time":"2025-11-18T06:07:37+00:00","og_image":[{"width":608,"height":539,"url":"https:\/\/gazetetrafik.com\/wp-content\/uploads\/2025\/11\/Vietnamkampanya-gt-1.jpg","type":"image\/jpeg"}],"author":"Gazete Trafik","twitter_card":"summary_large_image","twitter_creator":"@TrafikGazete","twitter_site":"@TrafikGazete","twitter_misc":{"Written by":"Gazete Trafik","Est. reading time":"4 minutes"},"schema":{"@context":"https:\/\/schema.org","@graph":[{"@type":"Article","@id":"https:\/\/gazetetrafik.com\/2025\/11\/18\/vietnamda\/#article","isPartOf":{"@id":"https:\/\/gazetetrafik.com\/2025\/11\/18\/vietnamda\/"},"author":{"name":"Gazete Trafik","@id":"https:\/\/gazetetrafik.com\/#\/schema\/person\/2f75f4347719ee1b2a8ace54218ecab5"},"headline":"Vietnam&#8217;da yollarda \u00f6nlenebilir \u00e7ocuk \u00f6l\u00fcmlerine son","datePublished":"2025-11-18T06:07:21+00:00","dateModified":"2025-11-18T06:07:37+00:00","mainEntityOfPage":{"@id":"https:\/\/gazetetrafik.com\/2025\/11\/18\/vietnamda\/"},"wordCount":976,"commentCount":0,"publisher":{"@id":"https:\/\/gazetetrafik.com\/#organization"},"image":{"@id":"https:\/\/gazetetrafik.com\/2025\/11\/18\/vietnamda\/#primaryimage"},"thumbnailUrl":"https:\/\/gazetetrafik.com\/wp-content\/uploads\/2025\/11\/Vietnamkampanya-gt-1.jpg","keywords":["AIP Vakf\u0131","D\u00fcnya Sa\u011fl\u0131k \u00d6rg\u00fct\u00fc","Vietnam","yollarda \u00f6nlenebilir \u00e7ocuk \u00f6l\u00fcmlerine son"],"articleSection":["Sivil toplum kurulu\u015flar\u0131","Trafik g\u00fcvenli\u011fi"],"inLanguage":"en-US","potentialAction":[{"@type":"CommentAction","name":"Comment","target":["https:\/\/gazetetrafik.com\/2025\/11\/18\/vietnamda\/#respond"]}]},{"@type":"WebPage","@id":"https:\/\/gazetetrafik.com\/2025\/11\/18\/vietnamda\/","url":"https:\/\/gazetetrafik.com\/2025\/11\/18\/vietnamda\/","name":"Vietnam'da yollarda \u00f6nlenebilir \u00e7ocuk \u00f6l\u00fcmlerine son","isPartOf":{"@id":"https:\/\/gazetetrafik.com\/#website"},"primaryImageOfPage":{"@id":"https:\/\/gazetetrafik.com\/2025\/11\/18\/vietnamda\/#primaryimage"},"image":{"@id":"https:\/\/gazetetrafik.com\/2025\/11\/18\/vietnamda\/#primaryimage"},"thumbnailUrl":"https:\/\/gazetetrafik.com\/wp-content\/uploads\/2025\/11\/Vietnamkampanya-gt-1.jpg","datePublished":"2025-11-18T06:07:21+00:00","dateModified":"2025-11-18T06:07:37+00:00","description":"Trafik g\u00fcvenli\u011fi Vietnam'da yollarda \u00f6nlenebilir \u00e7ocuk \u00f6l\u00fcmlerine son Trafik g\u00fcvenli\u011fi Vietnam'da yollarda \u00f6nlenebilir \u00e7ocuk \u00f6l\u00fcmlerine son","breadcrumb":{"@id":"https:\/\/gazetetrafik.com\/2025\/11\/18\/vietnamda\/#breadcrumb"},"inLanguage":"en-US","potentialAction":[{"@type":"ReadAction","target":["https:\/\/gazetetrafik.com\/2025\/11\/18\/vietnamda\/"]}]},{"@type":"ImageObject","inLanguage":"en-US","@id":"https:\/\/gazetetrafik.com\/2025\/11\/18\/vietnamda\/#primaryimage","url":"https:\/\/gazetetrafik.com\/wp-content\/uploads\/2025\/11\/Vietnamkampanya-gt-1.jpg","contentUrl":"https:\/\/gazetetrafik.com\/wp-content\/uploads\/2025\/11\/Vietnamkampanya-gt-1.jpg","width":608,"height":539,"caption":"D\u00fcnya Sa\u011fl\u0131k \u00d6rg\u00fct\u00fc ve AIP Vakf\u0131, Vietnam'da Yolda \u00d6nlenebilir \u00c7ocuk \u00d6l\u00fcmlerine Son Vermek \u0130\u00e7in Birle\u015fiyor"},{"@type":"BreadcrumbList","@id":"https:\/\/gazetetrafik.com\/2025\/11\/18\/vietnamda\/#breadcrumb","itemListElement":[{"@type":"ListItem","position":1,"name":"Anasayfa","item":"https:\/\/gazetetrafik.com\/"},{"@type":"ListItem","position":2,"name":"Vietnam&#8217;da yollarda \u00f6nlenebilir \u00e7ocuk \u00f6l\u00fcmlerine son"}]},{"@type":"WebSite","@id":"https:\/\/gazetetrafik.com\/#website","url":"https:\/\/gazetetrafik.com\/","name":"","description":"\u0130NSANA VE YA\u015eAM HAKKINA SAYGILI TRAF\u0130K HABER GAZETES\u0130","publisher":{"@id":"https:\/\/gazetetrafik.com\/#organization"},"potentialAction":[{"@type":"SearchAction","target":{"@type":"EntryPoint","urlTemplate":"https:\/\/gazetetrafik.com\/?s={search_term_string}"},"query-input":{"@type":"PropertyValueSpecification","valueRequired":true,"valueName":"search_term_string"}}],"inLanguage":"en-US"},{"@type":"Organization","@id":"https:\/\/gazetetrafik.com\/#organization","name":"Gazete Trafik","url":"https:\/\/gazetetrafik.com\/","logo":{"@type":"ImageObject","inLanguage":"en-US","@id":"https:\/\/gazetetrafik.com\/#\/schema\/logo\/image\/","url":"https:\/\/gazetetrafik.com\/wp-content\/uploads\/2022\/03\/cropped-logo.jpg","contentUrl":"https:\/\/gazetetrafik.com\/wp-content\/uploads\/2022\/03\/cropped-logo.jpg","width":800,"height":220,"caption":"Gazete Trafik"},"image":{"@id":"https:\/\/gazetetrafik.com\/#\/schema\/logo\/image\/"},"sameAs":["https:\/\/x.com\/TrafikGazete","https:\/\/www.instagram.com\/gazetetrafik\/"]},{"@type":"Person","@id":"https:\/\/gazetetrafik.com\/#\/schema\/person\/2f75f4347719ee1b2a8ace54218ecab5","name":"Gazete Trafik","image":{"@type":"ImageObject","inLanguage":"en-US","@id":"https:\/\/secure.gravatar.com\/avatar\/bff6a4bfd3845f68dabbeea43bcbf9f2651b5ab9a1aad1d9381a89e564d3d208?s=96&d=mm&r=g","url":"https:\/\/secure.gravatar.com\/avatar\/bff6a4bfd3845f68dabbeea43bcbf9f2651b5ab9a1aad1d9381a89e564d3d208?s=96&d=mm&r=g","contentUrl":"https:\/\/secure.gravatar.com\/avatar\/bff6a4bfd3845f68dabbeea43bcbf9f2651b5ab9a1aad1d9381a89e564d3d208?s=96&d=mm&r=g","caption":"Gazete Trafik"},"sameAs":["https:\/\/gazetetrafik.com"],"url":"https:\/\/gazetetrafik.com\/en\/author\/gazete-trafik\/"}]}},"_links":{"self":[{"href":"https:\/\/gazetetrafik.com\/en\/wp-json\/wp\/v2\/posts\/1452","targetHints":{"allow":["GET"]}}],"collection":[{"href":"https:\/\/gazetetrafik.com\/en\/wp-json\/wp\/v2\/posts"}],"about":[{"href":"https:\/\/gazetetrafik.com\/en\/wp-json\/wp\/v2\/types\/post"}],"author":[{"embeddable":true,"href":"https:\/\/gazetetrafik.com\/en\/wp-json\/wp\/v2\/users\/1"}],"replies":[{"embeddable":true,"href":"https:\/\/gazetetrafik.com\/en\/wp-json\/wp\/v2\/comments?post=1452"}],"version-history":[{"count":1,"href":"https:\/\/gazetetrafik.com\/en\/wp-json\/wp\/v2\/posts\/1452\/revisions"}],"predecessor-version":[{"id":1456,"href":"https:\/\/gazetetrafik.com\/en\/wp-json\/wp\/v2\/posts\/1452\/revisions\/1456"}],"wp:featuredmedia":[{"embeddable":true,"href":"https:\/\/gazetetrafik.com\/en\/wp-json\/wp\/v2\/media\/1455"}],"wp:attachment":[{"href":"https:\/\/gazetetrafik.com\/en\/wp-json\/wp\/v2\/media?parent=1452"}],"wp:term":[{"taxonomy":"category","embeddable":true,"href":"https:\/\/gazetetrafik.com\/en\/wp-json\/wp\/v2\/categories?post=1452"},{"taxonomy":"post_tag","embeddable":true,"href":"https:\/\/gazetetrafik.com\/en\/wp-json\/wp\/v2\/tags?post=1452"}],"curies":[{"name":"wp","href":"https:\/\/api.w.org\/{rel}","templated":true}]}}