{"id":1491,"date":"2026-01-11T23:08:24","date_gmt":"2026-01-11T20:08:24","guid":{"rendered":"https:\/\/gazetetrafik.com\/?p=1491"},"modified":"2026-01-11T23:08:29","modified_gmt":"2026-01-11T20:08:29","slug":"2025-yili","status":"publish","type":"post","link":"https:\/\/gazetetrafik.com\/en\/2026\/01\/11\/2025-yili\/","title":{"rendered":"2025 y\u0131l\u0131 tekerleklerin alt\u0131ndaki sessiz salg\u0131n!"},"content":{"rendered":"<blockquote class=\"wp-block-quote is-layout-flow wp-block-quote-is-layout-flow\">\n<p>Tekerleklerin alt\u0131ndaki sessiz salg\u0131n!<\/p>\n<\/blockquote>\n\n\n\n<p>2025 y\u0131l\u0131 EGM istatistiklerine g\u00f6re toplam 623.148 trafik \u00e7arp\u0131\u015fmas\u0131 meydana gelmi\u015f, 2.713 ki\u015fi olay yerinde hayat\u0131n\u0131 kaybetmi\u015f, 388.644 ki\u015fi de yaralanm\u0131\u015f.<\/p>\n\n\n\n<figure class=\"wp-block-image aligncenter size-full\"><img loading=\"lazy\" decoding=\"async\" width=\"720\" height=\"960\" src=\"https:\/\/gazetetrafik.com\/wp-content\/uploads\/2026\/01\/2025-EGM.jpg\" alt=\"\" class=\"wp-image-1492\" srcset=\"https:\/\/gazetetrafik.com\/wp-content\/uploads\/2026\/01\/2025-EGM.jpg 720w, https:\/\/gazetetrafik.com\/wp-content\/uploads\/2026\/01\/2025-EGM-225x300.jpg 225w, https:\/\/gazetetrafik.com\/wp-content\/uploads\/2026\/01\/2025-EGM-9x12.jpg 9w\" sizes=\"auto, (max-width: 720px) 100vw, 720px\" \/><\/figure>\n\n\n\n<h2 class=\"wp-block-heading\">2024 y\u0131l\u0131<\/h2>\n\n\n\n<p>Ge\u00e7ti\u011fimiz 2024 y\u0131l\u0131nda ise toplam \u00e7arp\u0131\u015fma say\u0131s\u0131 623.148, olay yerinde hayat\u0131n\u0131 kaybedenler 2.713, yaralanma say\u0131s\u0131 ise 388.644 olmu\u015f. Bu verilere g\u00f6re toplam \u00e7arp\u0131\u015fma say\u0131s\u0131nda %8,59 art\u0131\u015f, olay yerinde hayat\u0131n\u0131 kaybedenlerin say\u0131s\u0131nda %6.34 azalma, yaralanma say\u0131lar\u0131nda ise %4,81 art\u0131\u015f olmu\u015f.<\/p>\n\n\n\n<h2 class=\"wp-block-heading\">Kusurlar<\/h2>\n\n\n\n<p>Her y\u0131l oldu\u011fu gibi s\u00fcr\u00fcc\u00fc kusurlar\u0131 312.986 s\u00fcr\u00fcc\u00fc kurusu \u00f6l\u00fcml\u00fc ve yaralanmal\u0131 \u00e7arp\u0131\u015fmaya neden olan birinci etken olmu\u015f.<\/p>\n\n\n\n<h2 class=\"wp-block-heading\">\u00c7arp\u0131\u015fmaya neden olan etkenler<\/h2>\n\n\n\n<p>Yine her y\u0131l oldu\u011fu gibi 99.982 yandan \u00e7arpma, 39.510 yayaya \u00e7arpma, 33.326 arkadan \u00e7arpma olay\u0131 ya\u015fanm\u0131\u015f. 2025 y\u0131l\u0131nda meydana gelen bisikletli \u00f6l\u00fcmlerinin \u00e7o\u011fu da arkadan \u00e7arpma nedeniyle meydana geldi. Her y\u0131l yayaya yol verelim, yaya \u00f6ncelikli yapal\u0131m deyip duruyoruz ama yayaya \u00e7arpma \u00f6l\u00fcml\u00fc ve yaralanmal\u0131 \u00e7arp\u0131\u015fmaya neden olan ikinci etken olarak yerini koruyor.<\/p>\n\n\n\n<h2 class=\"wp-block-heading\">\u00c7arp\u0131\u015fmaya kar\u0131\u015fan ara\u00e7lar<\/h2>\n\n\n\n<p>50.616 motorlu bisiklet ve bisiklet \u00f6l\u00fcml\u00fc ve yaralanmal\u0131 \u00e7arp\u0131\u015fmaya kar\u0131\u015fm\u0131\u015f. 109.924 motosikletli, 219.168 otomobil, 7.082 kamyon, 7.205 otob\u00fcs, 8.839 \u00e7ekici, 2.960 trakt\u00f6r ve 322 ambulans da \u00f6l\u00fcml\u00fc ve yaralanmal\u0131 \u00e7arp\u0131\u015fmaya kar\u0131\u015fm\u0131\u015f.<\/p>\n\n\n\n<p>2024 y\u0131l\u0131nda ise 41.779 motorlu bisiklet ve bisiklet \u00f6l\u00fcml\u00fc ve yaralanmal\u0131 \u00e7arp\u0131\u015fmaya kar\u0131\u015fm\u0131\u015f. 94.095 motosikletli, 206.188 otomobil, 6.914 kamyon, 7.301 otob\u00fcs, 8.639 \u00e7ekici, 3.139 trakt\u00f6r ve 324 ambulans \u00f6l\u00fcml\u00fc ve yaralanmal\u0131 \u00e7arp\u0131\u015fmaya kar\u0131\u015fm\u0131\u015f. Otob\u00fcs, kamyon, trakt\u00f6rde bir t\u0131k azalma olmu\u015f fakat bisiklet, motorlu bisiklet ve motosiklet say\u0131lar\u0131 y\u00fckselmi\u015f.<\/p>\n\n\n\n<h2 class=\"wp-block-heading\">En \u00e7ok can kayb\u0131 olan iller<\/h2>\n\n\n\n<p>Ankara, \u0130stanbul ve \u0130zmir \u00f6l\u00fcml\u00fc \u00e7arp\u0131\u015fma say\u0131lar\u0131 en y\u00fcksek 3 il olmu\u015f. 2024 y\u0131l\u0131nda ise yine Ankara, \u0130stanbul ve \u0130zmir en \u00e7ok \u00f6l\u00fcml\u00fc \u00e7arp\u0131\u015fma olan iller olarak yer alm\u0131\u015f. Ve 2025 y\u0131l\u0131nda da \u00e7arp\u0131p ka\u00e7ma kaza tespit tutanaklar\u0131nda yer alm\u0131yor.&nbsp;<\/p>","protected":false},"excerpt":{"rendered":"<p>Tekerleklerin alt\u0131ndaki sessiz salg\u0131n! 2025 y\u0131l\u0131 EGM istatistiklerine g\u00f6re toplam 623.148 trafik \u00e7arp\u0131\u015fmas\u0131 meydana gelmi\u015f,&#8230;<\/p>","protected":false},"author":1,"featured_media":1493,"comment_status":"open","ping_status":"open","sticky":false,"template":"","format":"standard","meta":{"footnotes":""},"categories":[20,3],"tags":[492,101,107],"class_list":["post-1491","post","type-post","status-publish","format-standard","has-post-thumbnail","hentry","category-trafik-carpismalari","category-trafik-guvenligi","tag-2025-yili","tag-basina-yansiyan","tag-egm-istatistikler"],"yoast_head":"<!-- This site is optimized with the Yoast SEO plugin v27.5 - https:\/\/yoast.com\/product\/yoast-seo-wordpress\/ -->\n<title>2025 y\u0131l\u0131 tekerleklerin alt\u0131ndaki sessiz salg\u0131n! - Trafik \u00e7arp\u0131\u015fmalar\u0131<\/title>\n<meta name=\"description\" content=\"Trafik \u00e7arp\u0131\u015fmalar\u0131 2025 y\u0131l\u0131 tekerleklerin alt\u0131ndaki sessiz salg\u0131n! - Trafik \u00e7arp\u0131\u015fmalar\u0131 2025 y\u0131l\u0131 tekerleklerin alt\u0131ndaki sessiz salg\u0131n!\" \/>\n<meta name=\"robots\" content=\"index, follow, max-snippet:-1, max-image-preview:large, max-video-preview:-1\" \/>\n<link rel=\"canonical\" href=\"https:\/\/gazetetrafik.com\/en\/2026\/01\/11\/2025-yili\/\" \/>\n<meta property=\"og:locale\" content=\"en_US\" \/>\n<meta property=\"og:type\" content=\"article\" \/>\n<meta property=\"og:title\" content=\"2025 y\u0131l\u0131 tekerleklerin alt\u0131ndaki sessiz salg\u0131n! - Trafik \u00e7arp\u0131\u015fmalar\u0131\" \/>\n<meta property=\"og:description\" content=\"Trafik \u00e7arp\u0131\u015fmalar\u0131 2025 y\u0131l\u0131 tekerleklerin alt\u0131ndaki sessiz salg\u0131n! - Trafik \u00e7arp\u0131\u015fmalar\u0131 2025 y\u0131l\u0131 tekerleklerin alt\u0131ndaki sessiz salg\u0131n!\" \/>\n<meta property=\"og:url\" content=\"https:\/\/gazetetrafik.com\/en\/2026\/01\/11\/2025-yili\/\" \/>\n<meta property=\"article:published_time\" content=\"2026-01-11T20:08:24+00:00\" \/>\n<meta property=\"article:modified_time\" content=\"2026-01-11T20:08:29+00:00\" \/>\n<meta property=\"og:image\" content=\"https:\/\/gazetetrafik.com\/wp-content\/uploads\/2026\/01\/2025-egm-istatistikler.jpg\" \/>\n\t<meta property=\"og:image:width\" content=\"610\" \/>\n\t<meta property=\"og:image:height\" content=\"540\" \/>\n\t<meta property=\"og:image:type\" content=\"image\/jpeg\" \/>\n<meta name=\"author\" content=\"Gazete Trafik\" \/>\n<meta name=\"twitter:card\" content=\"summary_large_image\" \/>\n<meta name=\"twitter:creator\" content=\"@TrafikGazete\" \/>\n<meta name=\"twitter:site\" content=\"@TrafikGazete\" \/>\n<meta name=\"twitter:label1\" content=\"Written by\" \/>\n\t<meta name=\"twitter:data1\" content=\"Gazete Trafik\" \/>\n\t<meta name=\"twitter:label2\" content=\"Est. reading time\" \/>\n\t<meta name=\"twitter:data2\" content=\"3 minutes\" \/>\n<script type=\"application\/ld+json\" class=\"yoast-schema-graph\">{\"@context\":\"https:\\\/\\\/schema.org\",\"@graph\":[{\"@type\":\"Article\",\"@id\":\"https:\\\/\\\/gazetetrafik.com\\\/2026\\\/01\\\/11\\\/2025-yili\\\/#article\",\"isPartOf\":{\"@id\":\"https:\\\/\\\/gazetetrafik.com\\\/2026\\\/01\\\/11\\\/2025-yili\\\/\"},\"author\":{\"name\":\"Gazete Trafik\",\"@id\":\"https:\\\/\\\/gazetetrafik.com\\\/#\\\/schema\\\/person\\\/2f75f4347719ee1b2a8ace54218ecab5\"},\"headline\":\"2025 y\u0131l\u0131 tekerleklerin alt\u0131ndaki sessiz salg\u0131n!\",\"datePublished\":\"2026-01-11T20:08:24+00:00\",\"dateModified\":\"2026-01-11T20:08:29+00:00\",\"mainEntityOfPage\":{\"@id\":\"https:\\\/\\\/gazetetrafik.com\\\/2026\\\/01\\\/11\\\/2025-yili\\\/\"},\"wordCount\":328,\"commentCount\":0,\"publisher\":{\"@id\":\"https:\\\/\\\/gazetetrafik.com\\\/#organization\"},\"image\":{\"@id\":\"https:\\\/\\\/gazetetrafik.com\\\/2026\\\/01\\\/11\\\/2025-yili\\\/#primaryimage\"},\"thumbnailUrl\":\"https:\\\/\\\/gazetetrafik.com\\\/wp-content\\\/uploads\\\/2026\\\/01\\\/2025-egm-istatistikler.jpg\",\"keywords\":[\"2025 y\u0131l\u0131\",\"bas\u0131na yans\u0131yan\",\"EGM istatistikler\"],\"articleSection\":[\"Trafik \u00e7arp\u0131\u015fmalar\u0131\",\"Trafik g\u00fcvenli\u011fi\"],\"inLanguage\":\"en-US\",\"potentialAction\":[{\"@type\":\"CommentAction\",\"name\":\"Comment\",\"target\":[\"https:\\\/\\\/gazetetrafik.com\\\/2026\\\/01\\\/11\\\/2025-yili\\\/#respond\"]}]},{\"@type\":\"WebPage\",\"@id\":\"https:\\\/\\\/gazetetrafik.com\\\/2026\\\/01\\\/11\\\/2025-yili\\\/\",\"url\":\"https:\\\/\\\/gazetetrafik.com\\\/2026\\\/01\\\/11\\\/2025-yili\\\/\",\"name\":\"2025 y\u0131l\u0131 tekerleklerin alt\u0131ndaki sessiz salg\u0131n! - Trafik \u00e7arp\u0131\u015fmalar\u0131\",\"isPartOf\":{\"@id\":\"https:\\\/\\\/gazetetrafik.com\\\/#website\"},\"primaryImageOfPage\":{\"@id\":\"https:\\\/\\\/gazetetrafik.com\\\/2026\\\/01\\\/11\\\/2025-yili\\\/#primaryimage\"},\"image\":{\"@id\":\"https:\\\/\\\/gazetetrafik.com\\\/2026\\\/01\\\/11\\\/2025-yili\\\/#primaryimage\"},\"thumbnailUrl\":\"https:\\\/\\\/gazetetrafik.com\\\/wp-content\\\/uploads\\\/2026\\\/01\\\/2025-egm-istatistikler.jpg\",\"datePublished\":\"2026-01-11T20:08:24+00:00\",\"dateModified\":\"2026-01-11T20:08:29+00:00\",\"description\":\"Trafik \u00e7arp\u0131\u015fmalar\u0131 2025 y\u0131l\u0131 tekerleklerin alt\u0131ndaki sessiz salg\u0131n! - Trafik \u00e7arp\u0131\u015fmalar\u0131 2025 y\u0131l\u0131 tekerleklerin alt\u0131ndaki sessiz salg\u0131n!\",\"breadcrumb\":{\"@id\":\"https:\\\/\\\/gazetetrafik.com\\\/2026\\\/01\\\/11\\\/2025-yili\\\/#breadcrumb\"},\"inLanguage\":\"en-US\",\"potentialAction\":[{\"@type\":\"ReadAction\",\"target\":[\"https:\\\/\\\/gazetetrafik.com\\\/2026\\\/01\\\/11\\\/2025-yili\\\/\"]}]},{\"@type\":\"ImageObject\",\"inLanguage\":\"en-US\",\"@id\":\"https:\\\/\\\/gazetetrafik.com\\\/2026\\\/01\\\/11\\\/2025-yili\\\/#primaryimage\",\"url\":\"https:\\\/\\\/gazetetrafik.com\\\/wp-content\\\/uploads\\\/2026\\\/01\\\/2025-egm-istatistikler.jpg\",\"contentUrl\":\"https:\\\/\\\/gazetetrafik.com\\\/wp-content\\\/uploads\\\/2026\\\/01\\\/2025-egm-istatistikler.jpg\",\"width\":610,\"height\":540,\"caption\":\"12 ayl\u0131k istatistikler\"},{\"@type\":\"BreadcrumbList\",\"@id\":\"https:\\\/\\\/gazetetrafik.com\\\/2026\\\/01\\\/11\\\/2025-yili\\\/#breadcrumb\",\"itemListElement\":[{\"@type\":\"ListItem\",\"position\":1,\"name\":\"Anasayfa\",\"item\":\"https:\\\/\\\/gazetetrafik.com\\\/\"},{\"@type\":\"ListItem\",\"position\":2,\"name\":\"2025 y\u0131l\u0131 tekerleklerin alt\u0131ndaki sessiz salg\u0131n!\"}]},{\"@type\":\"WebSite\",\"@id\":\"https:\\\/\\\/gazetetrafik.com\\\/#website\",\"url\":\"https:\\\/\\\/gazetetrafik.com\\\/\",\"name\":\"\",\"description\":\"\u0130NSANA VE YA\u015eAM HAKKINA SAYGILI TRAF\u0130K HABER GAZETES\u0130\",\"publisher\":{\"@id\":\"https:\\\/\\\/gazetetrafik.com\\\/#organization\"},\"potentialAction\":[{\"@type\":\"SearchAction\",\"target\":{\"@type\":\"EntryPoint\",\"urlTemplate\":\"https:\\\/\\\/gazetetrafik.com\\\/?s={search_term_string}\"},\"query-input\":{\"@type\":\"PropertyValueSpecification\",\"valueRequired\":true,\"valueName\":\"search_term_string\"}}],\"inLanguage\":\"en-US\"},{\"@type\":\"Organization\",\"@id\":\"https:\\\/\\\/gazetetrafik.com\\\/#organization\",\"name\":\"Gazete Trafik\",\"url\":\"https:\\\/\\\/gazetetrafik.com\\\/\",\"logo\":{\"@type\":\"ImageObject\",\"inLanguage\":\"en-US\",\"@id\":\"https:\\\/\\\/gazetetrafik.com\\\/#\\\/schema\\\/logo\\\/image\\\/\",\"url\":\"https:\\\/\\\/gazetetrafik.com\\\/wp-content\\\/uploads\\\/2022\\\/03\\\/cropped-logo.jpg\",\"contentUrl\":\"https:\\\/\\\/gazetetrafik.com\\\/wp-content\\\/uploads\\\/2022\\\/03\\\/cropped-logo.jpg\",\"width\":800,\"height\":220,\"caption\":\"Gazete Trafik\"},\"image\":{\"@id\":\"https:\\\/\\\/gazetetrafik.com\\\/#\\\/schema\\\/logo\\\/image\\\/\"},\"sameAs\":[\"https:\\\/\\\/x.com\\\/TrafikGazete\",\"https:\\\/\\\/www.instagram.com\\\/gazetetrafik\\\/\"]},{\"@type\":\"Person\",\"@id\":\"https:\\\/\\\/gazetetrafik.com\\\/#\\\/schema\\\/person\\\/2f75f4347719ee1b2a8ace54218ecab5\",\"name\":\"Gazete Trafik\",\"image\":{\"@type\":\"ImageObject\",\"inLanguage\":\"en-US\",\"@id\":\"https:\\\/\\\/secure.gravatar.com\\\/avatar\\\/bff6a4bfd3845f68dabbeea43bcbf9f2651b5ab9a1aad1d9381a89e564d3d208?s=96&d=mm&r=g\",\"url\":\"https:\\\/\\\/secure.gravatar.com\\\/avatar\\\/bff6a4bfd3845f68dabbeea43bcbf9f2651b5ab9a1aad1d9381a89e564d3d208?s=96&d=mm&r=g\",\"contentUrl\":\"https:\\\/\\\/secure.gravatar.com\\\/avatar\\\/bff6a4bfd3845f68dabbeea43bcbf9f2651b5ab9a1aad1d9381a89e564d3d208?s=96&d=mm&r=g\",\"caption\":\"Gazete Trafik\"},\"sameAs\":[\"https:\\\/\\\/gazetetrafik.com\"],\"url\":\"https:\\\/\\\/gazetetrafik.com\\\/en\\\/author\\\/gazete-trafik\\\/\"}]}<\/script>\n<!-- \/ Yoast SEO plugin. -->","yoast_head_json":{"title":"2025 y\u0131l\u0131 tekerleklerin alt\u0131ndaki sessiz salg\u0131n! - Trafik \u00e7arp\u0131\u015fmalar\u0131","description":"Trafik \u00e7arp\u0131\u015fmalar\u0131 2025 y\u0131l\u0131 tekerleklerin alt\u0131ndaki sessiz salg\u0131n! - Trafik \u00e7arp\u0131\u015fmalar\u0131 2025 y\u0131l\u0131 tekerleklerin alt\u0131ndaki sessiz salg\u0131n!","robots":{"index":"index","follow":"follow","max-snippet":"max-snippet:-1","max-image-preview":"max-image-preview:large","max-video-preview":"max-video-preview:-1"},"canonical":"https:\/\/gazetetrafik.com\/en\/2026\/01\/11\/2025-yili\/","og_locale":"en_US","og_type":"article","og_title":"2025 y\u0131l\u0131 tekerleklerin alt\u0131ndaki sessiz salg\u0131n! - Trafik \u00e7arp\u0131\u015fmalar\u0131","og_description":"Trafik \u00e7arp\u0131\u015fmalar\u0131 2025 y\u0131l\u0131 tekerleklerin alt\u0131ndaki sessiz salg\u0131n! - Trafik \u00e7arp\u0131\u015fmalar\u0131 2025 y\u0131l\u0131 tekerleklerin alt\u0131ndaki sessiz salg\u0131n!","og_url":"https:\/\/gazetetrafik.com\/en\/2026\/01\/11\/2025-yili\/","article_published_time":"2026-01-11T20:08:24+00:00","article_modified_time":"2026-01-11T20:08:29+00:00","og_image":[{"width":610,"height":540,"url":"https:\/\/gazetetrafik.com\/wp-content\/uploads\/2026\/01\/2025-egm-istatistikler.jpg","type":"image\/jpeg"}],"author":"Gazete Trafik","twitter_card":"summary_large_image","twitter_creator":"@TrafikGazete","twitter_site":"@TrafikGazete","twitter_misc":{"Written by":"Gazete Trafik","Est. reading time":"3 minutes"},"schema":{"@context":"https:\/\/schema.org","@graph":[{"@type":"Article","@id":"https:\/\/gazetetrafik.com\/2026\/01\/11\/2025-yili\/#article","isPartOf":{"@id":"https:\/\/gazetetrafik.com\/2026\/01\/11\/2025-yili\/"},"author":{"name":"Gazete Trafik","@id":"https:\/\/gazetetrafik.com\/#\/schema\/person\/2f75f4347719ee1b2a8ace54218ecab5"},"headline":"2025 y\u0131l\u0131 tekerleklerin alt\u0131ndaki sessiz salg\u0131n!","datePublished":"2026-01-11T20:08:24+00:00","dateModified":"2026-01-11T20:08:29+00:00","mainEntityOfPage":{"@id":"https:\/\/gazetetrafik.com\/2026\/01\/11\/2025-yili\/"},"wordCount":328,"commentCount":0,"publisher":{"@id":"https:\/\/gazetetrafik.com\/#organization"},"image":{"@id":"https:\/\/gazetetrafik.com\/2026\/01\/11\/2025-yili\/#primaryimage"},"thumbnailUrl":"https:\/\/gazetetrafik.com\/wp-content\/uploads\/2026\/01\/2025-egm-istatistikler.jpg","keywords":["2025 y\u0131l\u0131","bas\u0131na yans\u0131yan","EGM istatistikler"],"articleSection":["Trafik \u00e7arp\u0131\u015fmalar\u0131","Trafik g\u00fcvenli\u011fi"],"inLanguage":"en-US","potentialAction":[{"@type":"CommentAction","name":"Comment","target":["https:\/\/gazetetrafik.com\/2026\/01\/11\/2025-yili\/#respond"]}]},{"@type":"WebPage","@id":"https:\/\/gazetetrafik.com\/2026\/01\/11\/2025-yili\/","url":"https:\/\/gazetetrafik.com\/2026\/01\/11\/2025-yili\/","name":"2025 y\u0131l\u0131 tekerleklerin alt\u0131ndaki sessiz salg\u0131n! - Trafik \u00e7arp\u0131\u015fmalar\u0131","isPartOf":{"@id":"https:\/\/gazetetrafik.com\/#website"},"primaryImageOfPage":{"@id":"https:\/\/gazetetrafik.com\/2026\/01\/11\/2025-yili\/#primaryimage"},"image":{"@id":"https:\/\/gazetetrafik.com\/2026\/01\/11\/2025-yili\/#primaryimage"},"thumbnailUrl":"https:\/\/gazetetrafik.com\/wp-content\/uploads\/2026\/01\/2025-egm-istatistikler.jpg","datePublished":"2026-01-11T20:08:24+00:00","dateModified":"2026-01-11T20:08:29+00:00","description":"Trafik \u00e7arp\u0131\u015fmalar\u0131 2025 y\u0131l\u0131 tekerleklerin alt\u0131ndaki sessiz salg\u0131n! - Trafik \u00e7arp\u0131\u015fmalar\u0131 2025 y\u0131l\u0131 tekerleklerin alt\u0131ndaki sessiz salg\u0131n!","breadcrumb":{"@id":"https:\/\/gazetetrafik.com\/2026\/01\/11\/2025-yili\/#breadcrumb"},"inLanguage":"en-US","potentialAction":[{"@type":"ReadAction","target":["https:\/\/gazetetrafik.com\/2026\/01\/11\/2025-yili\/"]}]},{"@type":"ImageObject","inLanguage":"en-US","@id":"https:\/\/gazetetrafik.com\/2026\/01\/11\/2025-yili\/#primaryimage","url":"https:\/\/gazetetrafik.com\/wp-content\/uploads\/2026\/01\/2025-egm-istatistikler.jpg","contentUrl":"https:\/\/gazetetrafik.com\/wp-content\/uploads\/2026\/01\/2025-egm-istatistikler.jpg","width":610,"height":540,"caption":"12 ayl\u0131k istatistikler"},{"@type":"BreadcrumbList","@id":"https:\/\/gazetetrafik.com\/2026\/01\/11\/2025-yili\/#breadcrumb","itemListElement":[{"@type":"ListItem","position":1,"name":"Anasayfa","item":"https:\/\/gazetetrafik.com\/"},{"@type":"ListItem","position":2,"name":"2025 y\u0131l\u0131 tekerleklerin alt\u0131ndaki sessiz salg\u0131n!"}]},{"@type":"WebSite","@id":"https:\/\/gazetetrafik.com\/#website","url":"https:\/\/gazetetrafik.com\/","name":"","description":"\u0130NSANA VE YA\u015eAM HAKKINA SAYGILI TRAF\u0130K HABER GAZETES\u0130","publisher":{"@id":"https:\/\/gazetetrafik.com\/#organization"},"potentialAction":[{"@type":"SearchAction","target":{"@type":"EntryPoint","urlTemplate":"https:\/\/gazetetrafik.com\/?s={search_term_string}"},"query-input":{"@type":"PropertyValueSpecification","valueRequired":true,"valueName":"search_term_string"}}],"inLanguage":"en-US"},{"@type":"Organization","@id":"https:\/\/gazetetrafik.com\/#organization","name":"Gazete Trafik","url":"https:\/\/gazetetrafik.com\/","logo":{"@type":"ImageObject","inLanguage":"en-US","@id":"https:\/\/gazetetrafik.com\/#\/schema\/logo\/image\/","url":"https:\/\/gazetetrafik.com\/wp-content\/uploads\/2022\/03\/cropped-logo.jpg","contentUrl":"https:\/\/gazetetrafik.com\/wp-content\/uploads\/2022\/03\/cropped-logo.jpg","width":800,"height":220,"caption":"Gazete Trafik"},"image":{"@id":"https:\/\/gazetetrafik.com\/#\/schema\/logo\/image\/"},"sameAs":["https:\/\/x.com\/TrafikGazete","https:\/\/www.instagram.com\/gazetetrafik\/"]},{"@type":"Person","@id":"https:\/\/gazetetrafik.com\/#\/schema\/person\/2f75f4347719ee1b2a8ace54218ecab5","name":"Gazete Trafik","image":{"@type":"ImageObject","inLanguage":"en-US","@id":"https:\/\/secure.gravatar.com\/avatar\/bff6a4bfd3845f68dabbeea43bcbf9f2651b5ab9a1aad1d9381a89e564d3d208?s=96&d=mm&r=g","url":"https:\/\/secure.gravatar.com\/avatar\/bff6a4bfd3845f68dabbeea43bcbf9f2651b5ab9a1aad1d9381a89e564d3d208?s=96&d=mm&r=g","contentUrl":"https:\/\/secure.gravatar.com\/avatar\/bff6a4bfd3845f68dabbeea43bcbf9f2651b5ab9a1aad1d9381a89e564d3d208?s=96&d=mm&r=g","caption":"Gazete Trafik"},"sameAs":["https:\/\/gazetetrafik.com"],"url":"https:\/\/gazetetrafik.com\/en\/author\/gazete-trafik\/"}]}},"_links":{"self":[{"href":"https:\/\/gazetetrafik.com\/en\/wp-json\/wp\/v2\/posts\/1491","targetHints":{"allow":["GET"]}}],"collection":[{"href":"https:\/\/gazetetrafik.com\/en\/wp-json\/wp\/v2\/posts"}],"about":[{"href":"https:\/\/gazetetrafik.com\/en\/wp-json\/wp\/v2\/types\/post"}],"author":[{"embeddable":true,"href":"https:\/\/gazetetrafik.com\/en\/wp-json\/wp\/v2\/users\/1"}],"replies":[{"embeddable":true,"href":"https:\/\/gazetetrafik.com\/en\/wp-json\/wp\/v2\/comments?post=1491"}],"version-history":[{"count":1,"href":"https:\/\/gazetetrafik.com\/en\/wp-json\/wp\/v2\/posts\/1491\/revisions"}],"predecessor-version":[{"id":1494,"href":"https:\/\/gazetetrafik.com\/en\/wp-json\/wp\/v2\/posts\/1491\/revisions\/1494"}],"wp:featuredmedia":[{"embeddable":true,"href":"https:\/\/gazetetrafik.com\/en\/wp-json\/wp\/v2\/media\/1493"}],"wp:attachment":[{"href":"https:\/\/gazetetrafik.com\/en\/wp-json\/wp\/v2\/media?parent=1491"}],"wp:term":[{"taxonomy":"category","embeddable":true,"href":"https:\/\/gazetetrafik.com\/en\/wp-json\/wp\/v2\/categories?post=1491"},{"taxonomy":"post_tag","embeddable":true,"href":"https:\/\/gazetetrafik.com\/en\/wp-json\/wp\/v2\/tags?post=1491"}],"curies":[{"name":"wp","href":"https:\/\/api.w.org\/{rel}","templated":true}]}}