{"id":1548,"date":"2026-05-03T09:18:46","date_gmt":"2026-05-03T06:18:46","guid":{"rendered":"https:\/\/gazetetrafik.com\/?p=1548"},"modified":"2026-05-03T09:18:50","modified_gmt":"2026-05-03T06:18:50","slug":"kavsaktaki-gercek","status":"publish","type":"post","link":"https:\/\/gazetetrafik.com\/en\/2026\/05\/03\/kavsaktaki-gercek\/","title":{"rendered":"Kav\u015faktaki ger\u00e7ek: Kural ihlali de\u011fil, sistem ihmali"},"content":{"rendered":"<p>Kav\u015faktaki ger\u00e7ek: Kural ihlali de\u011fil, sistem ihmali&#8230; Bart\u0131n \u00dcniversitesi Kutlubay Kamp\u00fcs\u00fc \u00f6n\u00fcnde meydana gelen trafik \u00e7arp\u0131\u015fmas\u0131nda \u00e7o\u011fu \u00f6\u011frenci 44 ki\u015fi yaraland\u0131. Olay\u0131n g\u00f6r\u00fcnt\u00fcleri, kav\u015faklarda ge\u00e7i\u015f \u00fcst\u00fcnl\u00fc\u011f\u00fc kural\u0131n\u0131n uygulanmamas\u0131n\u0131n T\u00fcrkiye\u2019deki trafik g\u00fcvenli\u011fi sorunlar\u0131n\u0131n temel g\u00f6stergelerinden biri oldu\u011funu bir kez daha ortaya koydu.<\/p>\n\n\n\n<p>\u201cBart\u0131n\u2019da H.K. y\u00f6netimindeki halk otob\u00fcs\u00fc, kav\u015fa\u011fa giri\u015f yapt\u0131\u011f\u0131 s\u0131rada \u0130.\u00c7. idaresindeki otomobilin \u00e7arpmas\u0131 sonucu devrildi. Otob\u00fcs\u00fcn devrilmesiyle yolcular b\u00fcy\u00fck panik ya\u015fad\u0131. \u0130hbar \u00fczerine olay yerine \u00e7ok say\u0131da sa\u011fl\u0131k, itfaiye ve polis ekibi sevk edildi. \u0130lk belirlemelere g\u00f6re \u00e7o\u011funlu\u011fu \u00f6\u011frenci 44 ki\u015fi yaraland\u0131; yaral\u0131lardan 32\u2019si \u00e7evre hastanelere kald\u0131r\u0131larak tedavi alt\u0131na al\u0131nd\u0131.\u201d<\/p>\n\n\n\n<h2 class=\"wp-block-heading\">Ge\u00e7i\u015f \u00dcst\u00fcnl\u00fc\u011f\u00fc Kural\u0131: Yaz\u0131yor Ama Uygulanm\u0131yor<\/h2>\n\n\n\n<p>G\u00f6r\u00fcnt\u00fclerde otob\u00fcs\u00fcn kav\u015fakta ge\u00e7i\u015f \u00fcst\u00fcnl\u00fc\u011f\u00fcn\u00fc kulland\u0131\u011f\u0131 a\u00e7\u0131k\u00e7a g\u00f6r\u00fcl\u00fcyor. Mevzuata g\u00f6re kav\u015fak i\u00e7inde bulunan ara\u00e7 \u00f6nceliklidir; kav\u015fa\u011fa giri\u015f yapan s\u00fcr\u00fcc\u00fcn\u00fcn i\u00e7erideki arac\u0131 beklemesi gerekir. Ancak bu kadar net bir kural\u0131n bu kadar s\u0131k ihlal edilmesi, bireysel hatadan \u00e7ok sistemsel bir soruna i\u015faret ediyor.<\/p>\n\n\n\n<p>T\u00fcrkiye\u2019de kav\u015faklarda ya\u015fanan \u00e7arp\u0131\u015fmalar\u0131n \u00f6nemli bir b\u00f6l\u00fcm\u00fc, tam da bu kural\u0131n uygulanmamas\u0131 nedeniyle meydana geliyor. Yarg\u0131 kararlar\u0131nda tali yoldan ana yola kontrols\u00fcz \u00e7\u0131k\u0131\u015f neredeyse otomatik olarak \u201casli kusur\u201d say\u0131lmas\u0131na ra\u011fmen, bu bilgi s\u00fcr\u00fcc\u00fc e\u011fitimlerinde yeterince yer bulmuyor; denetimlerde \u00f6ncelik verilmiyor, yol tasar\u0131mlar\u0131nda dikkate al\u0131nm\u0131yor.<\/p>\n\n\n\n<h2 class=\"wp-block-heading\">44 \u00d6\u011frencinin Hayatta Kalmas\u0131 Bir Ba\u015far\u0131 De\u011fil, Bir Tesad\u00fcf<\/h2>\n\n\n\n<p>Bart\u0131n\u2019da ger\u00e7ekle\u015fen trafik \u00e7arp\u0131\u015fmas\u0131n\u0131n ard\u0131ndan can kayb\u0131 ya\u015fanmam\u0131\u015f olmas\u0131 sevindirici olsa da bu durum bir g\u00fcvenlik ba\u015far\u0131s\u0131 olarak g\u00f6r\u00fclemez. T\u00fcrkiye\u2019de trafik g\u00fcvenli\u011fi h\u00e2l\u00e2 b\u00fcy\u00fck \u00f6l\u00e7\u00fcde \u201c\u015fans\u201d kavram\u0131na teslim edilmi\u015f durumda. Her b\u00fcy\u00fck \u00e7arp\u0131\u015fmadan sonra duyulan \u201cAllah korudu\u201d c\u00fcmlesi, asl\u0131nda sistemin korumad\u0131\u011f\u0131n\u0131 g\u00f6steriyor.<\/p>\n\n\n\n<p>\u2018Oysa korumas\u0131 gereken \u015fey kural, denetim ve ak\u0131l.\u2019<\/p>\n\n\n\n<h2 class=\"wp-block-heading\">Sorun S\u00fcr\u00fcc\u00fcde De\u011fil, D\u00fczenin Kendisi Bozuk<\/h2>\n\n\n\n<p>T\u00fcrkiye\u2019de trafik g\u00fcvenli\u011fi sorunlar\u0131 bireysel hatalar\u0131n \u00e7ok \u00f6tesinde:<\/p>\n\n\n\n<p>Denetim zay\u0131f: Kav\u015faklarda h\u0131z ve ge\u00e7i\u015f hakk\u0131 ihlalleri \u00e7o\u011fu zaman cezas\u0131z kal\u0131yor.<\/p>\n\n\n\n<p>E\u011fitim yetersiz: S\u00fcr\u00fcc\u00fc kurslar\u0131 davran\u0131\u015f de\u011fi\u015fikli\u011fi yaratm\u0131yor.<\/p>\n\n\n\n<p>Altyap\u0131 sorunlu: Kontrols\u00fcz kav\u015faklar, dar g\u00f6r\u00fc\u015f alanlar\u0131, yanl\u0131\u015f tasarlanm\u0131\u015f d\u00f6n\u00fc\u015fler risk yarat\u0131yor.<\/p>\n\n\n\n<p>Y\u00f6netimsel tutars\u0131zl\u0131k: Kurallar var ama uygulanm\u0131yor; uygulanmad\u0131\u011f\u0131 i\u00e7in cayd\u0131r\u0131c\u0131l\u0131k olu\u015fmuyor.<\/p>\n\n\n\n<p>Bu tablo, \u201cakl\u0131n\u0131 kullanarak ya\u015famak\u201d dedi\u011fimiz \u015feyin neden giderek zorla\u015ft\u0131\u011f\u0131n\u0131 a\u00e7\u0131kl\u0131yor. \u00c7\u00fcnk\u00fc ak\u0131l, ancak ak\u0131lc\u0131 bir sistem i\u00e7inde anlam kazan\u0131r.<\/p>\n\n\n\n<h2 class=\"wp-block-heading\">Kav\u015faklar Trafik K\u00fclt\u00fcr\u00fcn\u00fcn Aynas\u0131d\u0131r<\/h2>\n\n\n\n<p>Bir \u00fclkenin trafik k\u00fclt\u00fcr\u00fcn\u00fc anlamak i\u00e7in otoyollara de\u011fil, kav\u015faklara bakmak gerekir.<\/p>\n\n\n\n<p>Kav\u015fak, s\u00fcr\u00fcc\u00fcn\u00fcn hem kendi g\u00fcvenli\u011fini hem de ba\u015fkas\u0131n\u0131n hakk\u0131n\u0131 g\u00f6zetti\u011fi yerdir.<\/p>\n\n\n\n<p>Bart\u0131n\u2019daki olay, bu s\u0131navdan bir kez daha kal\u0131nd\u0131\u011f\u0131n\u0131 g\u00f6steriyor.<\/p>\n\n\n\n<h2 class=\"wp-block-heading\">Sonu\u00e7: Trafik \u00c7arp\u0131\u015fmalar\u0131 Kader De\u011fil, Y\u00f6netim Tercihidir<\/h2>\n\n\n\n<p>T\u00fcrkiye\u2019de trafik g\u00fcvenli\u011fi h\u00e2l\u00e2 bireysel hatalar \u00fczerinden tart\u0131\u015f\u0131l\u0131yor. Oysa ger\u00e7ek \u00e7ok daha a\u00e7\u0131k:<\/p>\n\n\n\n<p>\u2018Trafik \u00e7arp\u0131\u015fmalar\u0131 kader de\u011fil, y\u00f6netim tercihlerinin sonucudur.\u2019<\/p>\n\n\n\n<p>Kural\u0131n uygulanmad\u0131\u011f\u0131, denetimin yap\u0131lmad\u0131\u011f\u0131, e\u011fitimin ciddiye al\u0131nmad\u0131\u011f\u0131 bir \u00fclkede \u00e7arp\u0131\u015fmalar \u201colmas\u0131 gereken\u201d de\u011fil, \u201cka\u00e7\u0131n\u0131lmaz\u201d hale gelir.<\/p>\n\n\n\n<blockquote class=\"wp-block-quote is-layout-flow wp-block-quote-is-layout-flow\">\n<p>Bart\u0131n\u2019daki g\u00f6r\u00fcnt\u00fcler bir kez daha \u015fu soruyu g\u00fcndeme getiriyor:<\/p>\n\n\n\n<p>Kav\u015fakta ge\u00e7i\u015f \u00fcst\u00fcnl\u00fc\u011f\u00fc kimin hakk\u0131yd\u0131 sorusu kadar, bu \u00fclkenin trafik d\u00fczeninde akl\u0131n \u00fcst\u00fcnl\u00fc\u011f\u00fc var m\u0131?<\/p>\n<\/blockquote>","protected":false},"excerpt":{"rendered":"<p>Kav\u015faktaki ger\u00e7ek: Kural ihlali de\u011fil, sistem ihmali&#8230; Bart\u0131n \u00dcniversitesi Kutlubay Kamp\u00fcs\u00fc \u00f6n\u00fcnde meydana gelen trafik&#8230;<\/p>","protected":false},"author":1,"featured_media":1549,"comment_status":"open","ping_status":"open","sticky":false,"template":"","format":"standard","meta":{"footnotes":""},"categories":[2],"tags":[517,515],"class_list":["post-1548","post","type-post","status-publish","format-standard","has-post-thumbnail","hentry","category-serbest-kose","tag-hmali","tag-kavsaktaki-gercek"],"yoast_head":"<!-- This site is optimized with the Yoast SEO plugin v27.5 - https:\/\/yoast.com\/product\/yoast-seo-wordpress\/ -->\n<title>Kav\u015faktaki ger\u00e7ek: Kural ihlali de\u011fil, sistem ihmali - Serbest k\u00f6\u015fe<\/title>\n<meta name=\"description\" content=\"Kav\u015faktaki ger\u00e7ek: Kural ihlali de\u011fil, sistem ihmali Serbest k\u00f6\u015fe Kav\u015faktaki ger\u00e7ek: Kural ihlali de\u011fil, sistem ihmali\" \/>\n<meta name=\"robots\" content=\"index, follow, max-snippet:-1, max-image-preview:large, max-video-preview:-1\" \/>\n<link rel=\"canonical\" href=\"https:\/\/gazetetrafik.com\/en\/2026\/05\/03\/kavsaktaki-gercek\/\" \/>\n<meta property=\"og:locale\" content=\"en_US\" \/>\n<meta property=\"og:type\" content=\"article\" \/>\n<meta property=\"og:title\" content=\"Kav\u015faktaki ger\u00e7ek: Kural ihlali de\u011fil, sistem ihmali - Serbest k\u00f6\u015fe\" \/>\n<meta property=\"og:description\" content=\"Kav\u015faktaki ger\u00e7ek: Kural ihlali de\u011fil, sistem ihmali Serbest k\u00f6\u015fe Kav\u015faktaki ger\u00e7ek: Kural ihlali de\u011fil, sistem ihmali\" \/>\n<meta property=\"og:url\" content=\"https:\/\/gazetetrafik.com\/en\/2026\/05\/03\/kavsaktaki-gercek\/\" \/>\n<meta property=\"article:published_time\" content=\"2026-05-03T06:18:46+00:00\" \/>\n<meta property=\"article:modified_time\" content=\"2026-05-03T06:18:50+00:00\" \/>\n<meta property=\"og:image\" content=\"https:\/\/gazetetrafik.com\/wp-content\/uploads\/2026\/05\/kavsak-gt.jpg\" \/>\n\t<meta property=\"og:image:width\" content=\"606\" \/>\n\t<meta property=\"og:image:height\" content=\"537\" \/>\n\t<meta property=\"og:image:type\" content=\"image\/jpeg\" \/>\n<meta name=\"author\" content=\"Gazete Trafik\" \/>\n<meta name=\"twitter:card\" content=\"summary_large_image\" \/>\n<meta name=\"twitter:creator\" content=\"@TrafikGazete\" \/>\n<meta name=\"twitter:site\" content=\"@TrafikGazete\" \/>\n<meta name=\"twitter:label1\" content=\"Written by\" \/>\n\t<meta name=\"twitter:data1\" content=\"Gazete Trafik\" \/>\n\t<meta name=\"twitter:label2\" content=\"Est. reading time\" \/>\n\t<meta name=\"twitter:data2\" content=\"3 minutes\" \/>\n<script type=\"application\/ld+json\" class=\"yoast-schema-graph\">{\"@context\":\"https:\\\/\\\/schema.org\",\"@graph\":[{\"@type\":\"Article\",\"@id\":\"https:\\\/\\\/gazetetrafik.com\\\/2026\\\/05\\\/03\\\/kavsaktaki-gercek\\\/#article\",\"isPartOf\":{\"@id\":\"https:\\\/\\\/gazetetrafik.com\\\/2026\\\/05\\\/03\\\/kavsaktaki-gercek\\\/\"},\"author\":{\"name\":\"Gazete Trafik\",\"@id\":\"https:\\\/\\\/gazetetrafik.com\\\/#\\\/schema\\\/person\\\/2f75f4347719ee1b2a8ace54218ecab5\"},\"headline\":\"Kav\u015faktaki ger\u00e7ek: Kural ihlali de\u011fil, sistem ihmali\",\"datePublished\":\"2026-05-03T06:18:46+00:00\",\"dateModified\":\"2026-05-03T06:18:50+00:00\",\"mainEntityOfPage\":{\"@id\":\"https:\\\/\\\/gazetetrafik.com\\\/2026\\\/05\\\/03\\\/kavsaktaki-gercek\\\/\"},\"wordCount\":684,\"commentCount\":0,\"publisher\":{\"@id\":\"https:\\\/\\\/gazetetrafik.com\\\/#organization\"},\"image\":{\"@id\":\"https:\\\/\\\/gazetetrafik.com\\\/2026\\\/05\\\/03\\\/kavsaktaki-gercek\\\/#primaryimage\"},\"thumbnailUrl\":\"https:\\\/\\\/gazetetrafik.com\\\/wp-content\\\/uploads\\\/2026\\\/05\\\/kavsak-gt.jpg\",\"keywords\":[\"hmali\",\"Kav\u015faktaki ger\u00e7ek\"],\"articleSection\":[\"Serbest k\u00f6\u015fe\"],\"inLanguage\":\"en-US\",\"potentialAction\":[{\"@type\":\"CommentAction\",\"name\":\"Comment\",\"target\":[\"https:\\\/\\\/gazetetrafik.com\\\/2026\\\/05\\\/03\\\/kavsaktaki-gercek\\\/#respond\"]}]},{\"@type\":\"WebPage\",\"@id\":\"https:\\\/\\\/gazetetrafik.com\\\/2026\\\/05\\\/03\\\/kavsaktaki-gercek\\\/\",\"url\":\"https:\\\/\\\/gazetetrafik.com\\\/2026\\\/05\\\/03\\\/kavsaktaki-gercek\\\/\",\"name\":\"Kav\u015faktaki ger\u00e7ek: Kural ihlali de\u011fil, sistem ihmali - Serbest k\u00f6\u015fe\",\"isPartOf\":{\"@id\":\"https:\\\/\\\/gazetetrafik.com\\\/#website\"},\"primaryImageOfPage\":{\"@id\":\"https:\\\/\\\/gazetetrafik.com\\\/2026\\\/05\\\/03\\\/kavsaktaki-gercek\\\/#primaryimage\"},\"image\":{\"@id\":\"https:\\\/\\\/gazetetrafik.com\\\/2026\\\/05\\\/03\\\/kavsaktaki-gercek\\\/#primaryimage\"},\"thumbnailUrl\":\"https:\\\/\\\/gazetetrafik.com\\\/wp-content\\\/uploads\\\/2026\\\/05\\\/kavsak-gt.jpg\",\"datePublished\":\"2026-05-03T06:18:46+00:00\",\"dateModified\":\"2026-05-03T06:18:50+00:00\",\"description\":\"Kav\u015faktaki ger\u00e7ek: Kural ihlali de\u011fil, sistem ihmali Serbest k\u00f6\u015fe Kav\u015faktaki ger\u00e7ek: Kural ihlali de\u011fil, sistem ihmali\",\"breadcrumb\":{\"@id\":\"https:\\\/\\\/gazetetrafik.com\\\/2026\\\/05\\\/03\\\/kavsaktaki-gercek\\\/#breadcrumb\"},\"inLanguage\":\"en-US\",\"potentialAction\":[{\"@type\":\"ReadAction\",\"target\":[\"https:\\\/\\\/gazetetrafik.com\\\/2026\\\/05\\\/03\\\/kavsaktaki-gercek\\\/\"]}]},{\"@type\":\"ImageObject\",\"inLanguage\":\"en-US\",\"@id\":\"https:\\\/\\\/gazetetrafik.com\\\/2026\\\/05\\\/03\\\/kavsaktaki-gercek\\\/#primaryimage\",\"url\":\"https:\\\/\\\/gazetetrafik.com\\\/wp-content\\\/uploads\\\/2026\\\/05\\\/kavsak-gt.jpg\",\"contentUrl\":\"https:\\\/\\\/gazetetrafik.com\\\/wp-content\\\/uploads\\\/2026\\\/05\\\/kavsak-gt.jpg\",\"width\":606,\"height\":537,\"caption\":\"Kural ihlali de\u011fil, sistem ihmali\"},{\"@type\":\"BreadcrumbList\",\"@id\":\"https:\\\/\\\/gazetetrafik.com\\\/2026\\\/05\\\/03\\\/kavsaktaki-gercek\\\/#breadcrumb\",\"itemListElement\":[{\"@type\":\"ListItem\",\"position\":1,\"name\":\"Anasayfa\",\"item\":\"https:\\\/\\\/gazetetrafik.com\\\/\"},{\"@type\":\"ListItem\",\"position\":2,\"name\":\"Kav\u015faktaki ger\u00e7ek: Kural ihlali de\u011fil, sistem ihmali\"}]},{\"@type\":\"WebSite\",\"@id\":\"https:\\\/\\\/gazetetrafik.com\\\/#website\",\"url\":\"https:\\\/\\\/gazetetrafik.com\\\/\",\"name\":\"\",\"description\":\"\u0130NSANA VE YA\u015eAM HAKKINA SAYGILI TRAF\u0130K HABER GAZETES\u0130\",\"publisher\":{\"@id\":\"https:\\\/\\\/gazetetrafik.com\\\/#organization\"},\"potentialAction\":[{\"@type\":\"SearchAction\",\"target\":{\"@type\":\"EntryPoint\",\"urlTemplate\":\"https:\\\/\\\/gazetetrafik.com\\\/?s={search_term_string}\"},\"query-input\":{\"@type\":\"PropertyValueSpecification\",\"valueRequired\":true,\"valueName\":\"search_term_string\"}}],\"inLanguage\":\"en-US\"},{\"@type\":\"Organization\",\"@id\":\"https:\\\/\\\/gazetetrafik.com\\\/#organization\",\"name\":\"Gazete Trafik\",\"url\":\"https:\\\/\\\/gazetetrafik.com\\\/\",\"logo\":{\"@type\":\"ImageObject\",\"inLanguage\":\"en-US\",\"@id\":\"https:\\\/\\\/gazetetrafik.com\\\/#\\\/schema\\\/logo\\\/image\\\/\",\"url\":\"https:\\\/\\\/gazetetrafik.com\\\/wp-content\\\/uploads\\\/2022\\\/03\\\/cropped-logo.jpg\",\"contentUrl\":\"https:\\\/\\\/gazetetrafik.com\\\/wp-content\\\/uploads\\\/2022\\\/03\\\/cropped-logo.jpg\",\"width\":800,\"height\":220,\"caption\":\"Gazete Trafik\"},\"image\":{\"@id\":\"https:\\\/\\\/gazetetrafik.com\\\/#\\\/schema\\\/logo\\\/image\\\/\"},\"sameAs\":[\"https:\\\/\\\/x.com\\\/TrafikGazete\",\"https:\\\/\\\/www.instagram.com\\\/gazetetrafik\\\/\"]},{\"@type\":\"Person\",\"@id\":\"https:\\\/\\\/gazetetrafik.com\\\/#\\\/schema\\\/person\\\/2f75f4347719ee1b2a8ace54218ecab5\",\"name\":\"Gazete Trafik\",\"image\":{\"@type\":\"ImageObject\",\"inLanguage\":\"en-US\",\"@id\":\"https:\\\/\\\/secure.gravatar.com\\\/avatar\\\/bff6a4bfd3845f68dabbeea43bcbf9f2651b5ab9a1aad1d9381a89e564d3d208?s=96&d=mm&r=g\",\"url\":\"https:\\\/\\\/secure.gravatar.com\\\/avatar\\\/bff6a4bfd3845f68dabbeea43bcbf9f2651b5ab9a1aad1d9381a89e564d3d208?s=96&d=mm&r=g\",\"contentUrl\":\"https:\\\/\\\/secure.gravatar.com\\\/avatar\\\/bff6a4bfd3845f68dabbeea43bcbf9f2651b5ab9a1aad1d9381a89e564d3d208?s=96&d=mm&r=g\",\"caption\":\"Gazete Trafik\"},\"sameAs\":[\"https:\\\/\\\/gazetetrafik.com\"],\"url\":\"https:\\\/\\\/gazetetrafik.com\\\/en\\\/author\\\/gazete-trafik\\\/\"}]}<\/script>\n<!-- \/ Yoast SEO plugin. -->","yoast_head_json":{"title":"Kav\u015faktaki ger\u00e7ek: Kural ihlali de\u011fil, sistem ihmali - Serbest k\u00f6\u015fe","description":"Kav\u015faktaki ger\u00e7ek: Kural ihlali de\u011fil, sistem ihmali Serbest k\u00f6\u015fe Kav\u015faktaki ger\u00e7ek: Kural ihlali de\u011fil, sistem ihmali","robots":{"index":"index","follow":"follow","max-snippet":"max-snippet:-1","max-image-preview":"max-image-preview:large","max-video-preview":"max-video-preview:-1"},"canonical":"https:\/\/gazetetrafik.com\/en\/2026\/05\/03\/kavsaktaki-gercek\/","og_locale":"en_US","og_type":"article","og_title":"Kav\u015faktaki ger\u00e7ek: Kural ihlali de\u011fil, sistem ihmali - Serbest k\u00f6\u015fe","og_description":"Kav\u015faktaki ger\u00e7ek: Kural ihlali de\u011fil, sistem ihmali Serbest k\u00f6\u015fe Kav\u015faktaki ger\u00e7ek: Kural ihlali de\u011fil, sistem ihmali","og_url":"https:\/\/gazetetrafik.com\/en\/2026\/05\/03\/kavsaktaki-gercek\/","article_published_time":"2026-05-03T06:18:46+00:00","article_modified_time":"2026-05-03T06:18:50+00:00","og_image":[{"width":606,"height":537,"url":"https:\/\/gazetetrafik.com\/wp-content\/uploads\/2026\/05\/kavsak-gt.jpg","type":"image\/jpeg"}],"author":"Gazete Trafik","twitter_card":"summary_large_image","twitter_creator":"@TrafikGazete","twitter_site":"@TrafikGazete","twitter_misc":{"Written by":"Gazete Trafik","Est. reading time":"3 minutes"},"schema":{"@context":"https:\/\/schema.org","@graph":[{"@type":"Article","@id":"https:\/\/gazetetrafik.com\/2026\/05\/03\/kavsaktaki-gercek\/#article","isPartOf":{"@id":"https:\/\/gazetetrafik.com\/2026\/05\/03\/kavsaktaki-gercek\/"},"author":{"name":"Gazete Trafik","@id":"https:\/\/gazetetrafik.com\/#\/schema\/person\/2f75f4347719ee1b2a8ace54218ecab5"},"headline":"Kav\u015faktaki ger\u00e7ek: Kural ihlali de\u011fil, sistem ihmali","datePublished":"2026-05-03T06:18:46+00:00","dateModified":"2026-05-03T06:18:50+00:00","mainEntityOfPage":{"@id":"https:\/\/gazetetrafik.com\/2026\/05\/03\/kavsaktaki-gercek\/"},"wordCount":684,"commentCount":0,"publisher":{"@id":"https:\/\/gazetetrafik.com\/#organization"},"image":{"@id":"https:\/\/gazetetrafik.com\/2026\/05\/03\/kavsaktaki-gercek\/#primaryimage"},"thumbnailUrl":"https:\/\/gazetetrafik.com\/wp-content\/uploads\/2026\/05\/kavsak-gt.jpg","keywords":["hmali","Kav\u015faktaki ger\u00e7ek"],"articleSection":["Serbest k\u00f6\u015fe"],"inLanguage":"en-US","potentialAction":[{"@type":"CommentAction","name":"Comment","target":["https:\/\/gazetetrafik.com\/2026\/05\/03\/kavsaktaki-gercek\/#respond"]}]},{"@type":"WebPage","@id":"https:\/\/gazetetrafik.com\/2026\/05\/03\/kavsaktaki-gercek\/","url":"https:\/\/gazetetrafik.com\/2026\/05\/03\/kavsaktaki-gercek\/","name":"Kav\u015faktaki ger\u00e7ek: Kural ihlali de\u011fil, sistem ihmali - Serbest k\u00f6\u015fe","isPartOf":{"@id":"https:\/\/gazetetrafik.com\/#website"},"primaryImageOfPage":{"@id":"https:\/\/gazetetrafik.com\/2026\/05\/03\/kavsaktaki-gercek\/#primaryimage"},"image":{"@id":"https:\/\/gazetetrafik.com\/2026\/05\/03\/kavsaktaki-gercek\/#primaryimage"},"thumbnailUrl":"https:\/\/gazetetrafik.com\/wp-content\/uploads\/2026\/05\/kavsak-gt.jpg","datePublished":"2026-05-03T06:18:46+00:00","dateModified":"2026-05-03T06:18:50+00:00","description":"Kav\u015faktaki ger\u00e7ek: Kural ihlali de\u011fil, sistem ihmali Serbest k\u00f6\u015fe Kav\u015faktaki ger\u00e7ek: Kural ihlali de\u011fil, sistem ihmali","breadcrumb":{"@id":"https:\/\/gazetetrafik.com\/2026\/05\/03\/kavsaktaki-gercek\/#breadcrumb"},"inLanguage":"en-US","potentialAction":[{"@type":"ReadAction","target":["https:\/\/gazetetrafik.com\/2026\/05\/03\/kavsaktaki-gercek\/"]}]},{"@type":"ImageObject","inLanguage":"en-US","@id":"https:\/\/gazetetrafik.com\/2026\/05\/03\/kavsaktaki-gercek\/#primaryimage","url":"https:\/\/gazetetrafik.com\/wp-content\/uploads\/2026\/05\/kavsak-gt.jpg","contentUrl":"https:\/\/gazetetrafik.com\/wp-content\/uploads\/2026\/05\/kavsak-gt.jpg","width":606,"height":537,"caption":"Kural ihlali de\u011fil, sistem ihmali"},{"@type":"BreadcrumbList","@id":"https:\/\/gazetetrafik.com\/2026\/05\/03\/kavsaktaki-gercek\/#breadcrumb","itemListElement":[{"@type":"ListItem","position":1,"name":"Anasayfa","item":"https:\/\/gazetetrafik.com\/"},{"@type":"ListItem","position":2,"name":"Kav\u015faktaki ger\u00e7ek: Kural ihlali de\u011fil, sistem ihmali"}]},{"@type":"WebSite","@id":"https:\/\/gazetetrafik.com\/#website","url":"https:\/\/gazetetrafik.com\/","name":"","description":"\u0130NSANA VE YA\u015eAM HAKKINA SAYGILI TRAF\u0130K HABER GAZETES\u0130","publisher":{"@id":"https:\/\/gazetetrafik.com\/#organization"},"potentialAction":[{"@type":"SearchAction","target":{"@type":"EntryPoint","urlTemplate":"https:\/\/gazetetrafik.com\/?s={search_term_string}"},"query-input":{"@type":"PropertyValueSpecification","valueRequired":true,"valueName":"search_term_string"}}],"inLanguage":"en-US"},{"@type":"Organization","@id":"https:\/\/gazetetrafik.com\/#organization","name":"Gazete Trafik","url":"https:\/\/gazetetrafik.com\/","logo":{"@type":"ImageObject","inLanguage":"en-US","@id":"https:\/\/gazetetrafik.com\/#\/schema\/logo\/image\/","url":"https:\/\/gazetetrafik.com\/wp-content\/uploads\/2022\/03\/cropped-logo.jpg","contentUrl":"https:\/\/gazetetrafik.com\/wp-content\/uploads\/2022\/03\/cropped-logo.jpg","width":800,"height":220,"caption":"Gazete Trafik"},"image":{"@id":"https:\/\/gazetetrafik.com\/#\/schema\/logo\/image\/"},"sameAs":["https:\/\/x.com\/TrafikGazete","https:\/\/www.instagram.com\/gazetetrafik\/"]},{"@type":"Person","@id":"https:\/\/gazetetrafik.com\/#\/schema\/person\/2f75f4347719ee1b2a8ace54218ecab5","name":"Gazete Trafik","image":{"@type":"ImageObject","inLanguage":"en-US","@id":"https:\/\/secure.gravatar.com\/avatar\/bff6a4bfd3845f68dabbeea43bcbf9f2651b5ab9a1aad1d9381a89e564d3d208?s=96&d=mm&r=g","url":"https:\/\/secure.gravatar.com\/avatar\/bff6a4bfd3845f68dabbeea43bcbf9f2651b5ab9a1aad1d9381a89e564d3d208?s=96&d=mm&r=g","contentUrl":"https:\/\/secure.gravatar.com\/avatar\/bff6a4bfd3845f68dabbeea43bcbf9f2651b5ab9a1aad1d9381a89e564d3d208?s=96&d=mm&r=g","caption":"Gazete Trafik"},"sameAs":["https:\/\/gazetetrafik.com"],"url":"https:\/\/gazetetrafik.com\/en\/author\/gazete-trafik\/"}]}},"_links":{"self":[{"href":"https:\/\/gazetetrafik.com\/en\/wp-json\/wp\/v2\/posts\/1548","targetHints":{"allow":["GET"]}}],"collection":[{"href":"https:\/\/gazetetrafik.com\/en\/wp-json\/wp\/v2\/posts"}],"about":[{"href":"https:\/\/gazetetrafik.com\/en\/wp-json\/wp\/v2\/types\/post"}],"author":[{"embeddable":true,"href":"https:\/\/gazetetrafik.com\/en\/wp-json\/wp\/v2\/users\/1"}],"replies":[{"embeddable":true,"href":"https:\/\/gazetetrafik.com\/en\/wp-json\/wp\/v2\/comments?post=1548"}],"version-history":[{"count":1,"href":"https:\/\/gazetetrafik.com\/en\/wp-json\/wp\/v2\/posts\/1548\/revisions"}],"predecessor-version":[{"id":1550,"href":"https:\/\/gazetetrafik.com\/en\/wp-json\/wp\/v2\/posts\/1548\/revisions\/1550"}],"wp:featuredmedia":[{"embeddable":true,"href":"https:\/\/gazetetrafik.com\/en\/wp-json\/wp\/v2\/media\/1549"}],"wp:attachment":[{"href":"https:\/\/gazetetrafik.com\/en\/wp-json\/wp\/v2\/media?parent=1548"}],"wp:term":[{"taxonomy":"category","embeddable":true,"href":"https:\/\/gazetetrafik.com\/en\/wp-json\/wp\/v2\/categories?post=1548"},{"taxonomy":"post_tag","embeddable":true,"href":"https:\/\/gazetetrafik.com\/en\/wp-json\/wp\/v2\/tags?post=1548"}],"curies":[{"name":"wp","href":"https:\/\/api.w.org\/{rel}","templated":true}]}}