{"id":510,"date":"2022-05-07T11:26:26","date_gmt":"2022-05-07T08:26:26","guid":{"rendered":"https:\/\/gazetetrafik.com\/?p=510"},"modified":"2022-05-07T11:26:32","modified_gmt":"2022-05-07T08:26:32","slug":"karayolu-trafik-haftasi","status":"publish","type":"post","link":"https:\/\/gazetetrafik.com\/en\/2022\/05\/07\/karayolu-trafik-haftasi\/","title":{"rendered":"7-13 May\u0131s KarayoluTrafik Haftas\u0131"},"content":{"rendered":"<blockquote class=\"wp-block-quote is-layout-flow wp-block-quote-is-layout-flow\"><p>\u0130\u00e7i\u015fleri bakanl\u0131\u011f\u0131 taraf\u0131ndan \u00a07-13 May\u0131s Trafik Haftas\u0131 dolay\u0131s\u0131yla 81 \u0130l Valili\u011fine genelge g\u00f6nderildi. Genelgede\u00a0 her y\u0131l May\u0131s ay\u0131n\u0131n ilk cumartesi g\u00fcn\u00fc \u201cKarayolu Trafik G\u00fcvenli\u011fi G\u00fcn\u00fc\u201d, takip eden hafta ise \u201cKarayolu Trafik Haftas\u0131\u201d oldu\u011fu belirtildi.<\/p><\/blockquote>\n\n\n\n<figure class=\"wp-block-image size-large\"><img loading=\"lazy\" decoding=\"async\" width=\"819\" height=\"1024\" src=\"https:\/\/gazetetrafik.com\/wp-content\/uploads\/2022\/05\/trafik1-819x1024.jpg\" alt=\"\" class=\"wp-image-511\" srcset=\"https:\/\/gazetetrafik.com\/wp-content\/uploads\/2022\/05\/trafik1-819x1024.jpg 819w, https:\/\/gazetetrafik.com\/wp-content\/uploads\/2022\/05\/trafik1-240x300.jpg 240w, https:\/\/gazetetrafik.com\/wp-content\/uploads\/2022\/05\/trafik1-768x960.jpg 768w, https:\/\/gazetetrafik.com\/wp-content\/uploads\/2022\/05\/trafik1-10x12.jpg 10w, https:\/\/gazetetrafik.com\/wp-content\/uploads\/2022\/05\/trafik1.jpg 1080w\" sizes=\"auto, (max-width: 819px) 100vw, 819px\" \/><\/figure>\n\n\n\n<h2 class=\"wp-block-heading\">\u201cYayalar \u0130\u00e7in 5 Ad\u0131mda G\u00fcvenli Trafik\u201d<\/h2>\n\n\n\n<p>\u201cYayalar \u0130\u00e7in 5 Ad\u0131mda G\u00fcvenli Trafik\u201d mottosunun etkin olarak kullan\u0131lmas\u0131 ve tan\u0131t\u0131lmas\u0131 amac\u0131yla 07.05.2022 Cumartesi g\u00fcn\u00fc saat 11:00\u2019de \u00fclke genelinde e\u015f zamanl\u0131 olarak t\u00fcm il ve il\u00e7elerde vali, kaymakam ve kolluk amirlerinin kat\u0131l\u0131m\u0131yla il\/il\u00e7ede belirlenen noktada medya kurulu\u015flar\u0131 da davet edilerek vatanda\u015flara kampanya hakk\u0131nda bilgilendirme yap\u0131lacak.<\/p>\n\n\n\n<figure class=\"wp-block-image size-large\"><img loading=\"lazy\" decoding=\"async\" width=\"819\" height=\"1024\" src=\"https:\/\/gazetetrafik.com\/wp-content\/uploads\/2022\/05\/trafik2-819x1024.jpg\" alt=\"\" class=\"wp-image-512\" srcset=\"https:\/\/gazetetrafik.com\/wp-content\/uploads\/2022\/05\/trafik2-819x1024.jpg 819w, https:\/\/gazetetrafik.com\/wp-content\/uploads\/2022\/05\/trafik2-240x300.jpg 240w, https:\/\/gazetetrafik.com\/wp-content\/uploads\/2022\/05\/trafik2-768x960.jpg 768w, https:\/\/gazetetrafik.com\/wp-content\/uploads\/2022\/05\/trafik2-10x12.jpg 10w, https:\/\/gazetetrafik.com\/wp-content\/uploads\/2022\/05\/trafik2.jpg 1080w\" sizes=\"auto, (max-width: 819px) 100vw, 819px\" \/><\/figure>\n\n\n\n<p>www.trafik.gov.tr adresi \u00fczerinden temin edilen \u201cYayalar \u0130\u00e7in 5 Ad\u0131mda G\u00fcvenli Trafik\u201d mottosu g\u00f6rselleri billboardlarda ve sosyal medya platformlar\u0131 ba\u015fta olmak \u00fczere yerel\/ulusal bas\u0131n\/yay\u0131n organlar\u0131, kamu kurum ve kurulu\u015flar\u0131, vatanda\u015flar\u0131m\u0131z\u0131n yo\u011fun olarak bulundu\u011fu alanlar (otogar, havaliman\u0131, AVM, otob\u00fcs\/metro duraklar\u0131 vb.) ve kurumsal ileti\u015fim sayfalar\u0131 vb. yerlerde kullan\u0131lacak ve as\u0131lacak.<\/p>\n\n\n\n<figure class=\"wp-block-image size-large\"><img loading=\"lazy\" decoding=\"async\" width=\"819\" height=\"1024\" src=\"https:\/\/gazetetrafik.com\/wp-content\/uploads\/2022\/05\/trafik3-819x1024.jpg\" alt=\"\" class=\"wp-image-513\" srcset=\"https:\/\/gazetetrafik.com\/wp-content\/uploads\/2022\/05\/trafik3-819x1024.jpg 819w, https:\/\/gazetetrafik.com\/wp-content\/uploads\/2022\/05\/trafik3-240x300.jpg 240w, https:\/\/gazetetrafik.com\/wp-content\/uploads\/2022\/05\/trafik3-768x960.jpg 768w, https:\/\/gazetetrafik.com\/wp-content\/uploads\/2022\/05\/trafik3-10x12.jpg 10w, https:\/\/gazetetrafik.com\/wp-content\/uploads\/2022\/05\/trafik3.jpg 1080w\" sizes=\"auto, (max-width: 819px) 100vw, 819px\" \/><\/figure>\n\n\n\n<h2 class=\"wp-block-heading\">Emniyet kemeri kullan\u0131m\u0131<\/h2>\n\n\n\n<p>Ayr\u0131ca 2021 y\u0131l\u0131nda trafikte emniyet kemeri kullan\u0131m\u0131n\u0131n te\u015fvik edilmesine y\u00f6nelik kullan\u0131lan \u201cBi Hareketine Bakar Hayat\u201d, \u201cKemerinle Yol Ver Hayata\u201d, \u201cKemerim Hep Akl\u0131mda Annem Hep Yan\u0131mda\u201d ve trafikte yaya \u00f6nceli\u011fi konusunda \u201cYayalar K\u0131rm\u0131z\u0131 \u00c7izgimiz\u201d ve \u201cTrafikte Her Y\u0131l Daha \u0130yiye\u201d mottolar\u0131 etkin olarak kullan\u0131lacak.<\/p>\n\n\n\n<p>Trafikte emniyet kemeri kullan\u0131m\u0131n\u0131 yol kullan\u0131c\u0131lar\u0131 nezdinde yayg\u0131nla\u015ft\u0131rmak, ara\u00e7 i\u00e7erisinde emniyet kemeri kullan\u0131m\u0131n\u0131n \u00f6nemini vurgulamak amac\u0131yla Karayolu Trafik Haftas\u0131 s\u00fcresince emniyet kemeri kullan\u0131m\u0131 ba\u015fta olmak \u00fczere trafik g\u00fcvenli\u011fine katk\u0131 sa\u011flayacak hususlarda ulusal, yerel bas\u0131n yay\u0131n organlar\u0131 ve sosyal medyada payla\u015f\u0131m\u0131na y\u00f6nelik \u00e7al\u0131\u015fmalar y\u00fcr\u00fct\u00fclecek.<\/p>\n\n\n\n<figure class=\"wp-block-image size-large\"><img loading=\"lazy\" decoding=\"async\" width=\"819\" height=\"1024\" src=\"https:\/\/gazetetrafik.com\/wp-content\/uploads\/2022\/05\/trafik3-1-819x1024.jpg\" alt=\"\" class=\"wp-image-514\" srcset=\"https:\/\/gazetetrafik.com\/wp-content\/uploads\/2022\/05\/trafik3-1-819x1024.jpg 819w, https:\/\/gazetetrafik.com\/wp-content\/uploads\/2022\/05\/trafik3-1-240x300.jpg 240w, https:\/\/gazetetrafik.com\/wp-content\/uploads\/2022\/05\/trafik3-1-768x960.jpg 768w, https:\/\/gazetetrafik.com\/wp-content\/uploads\/2022\/05\/trafik3-1-10x12.jpg 10w, https:\/\/gazetetrafik.com\/wp-content\/uploads\/2022\/05\/trafik3-1.jpg 1080w\" sizes=\"auto, (max-width: 819px) 100vw, 819px\" \/><\/figure>\n\n\n\n<p>Trafik g\u00fcvenli\u011fi kapsam\u0131nda y\u00fcr\u00fct\u00fclen faaliyetlere toplumsal deste\u011fi art\u0131rmak i\u00e7in bilgilendirme\/bilin\u00e7lendirme ve denetim faaliyetleri ile trafik g\u00fcvenli\u011fine katk\u0131 sa\u011flayacak ve \u00f6rnek te\u015fkil edecek davran\u0131\u015flar ulusal, yerel bas\u0131n yay\u0131n organlar\u0131 ve sosyal medyada payla\u015f\u0131lacak.<\/p>\n\n\n\n<p>Hafta boyunca yerel TV ve radyo kanallar\u0131nda trafik g\u00fcvenli\u011fine ili\u015fkin d\u00fczenlenecek programlara konusunda uzman personel\/e\u011fiticilerin kat\u0131larak vatanda\u015flar\u0131m\u0131z bilgilendirilecek.<\/p>\n\n\n\n<p>Emniyet Genel M\u00fcd\u00fcrl\u00fc\u011f\u00fc Trafik Ba\u015fkanl\u0131\u011f\u0131 Pol-Net ana sayfas\u0131nda bulunan radyo ve TV spotlar\u0131n\u0131n hafta boyunca yerel TV ve radyo kanallar\u0131nda yay\u0131nlanmas\u0131 ve ayn\u0131 sayfada bulunan afi\u015f, pankart ve billboard g\u00f6rsellerinin \u015fehrin yaya ve ara\u00e7 trafi\u011finin yo\u011fun oldu\u011fu kesimlerinde bulunan yol g\u00fczergahlar\u0131nda, dijital ve \u0131\u015f\u0131kl\u0131 reklam panolar\u0131nda hafta boyunca sergilenecek.<\/p>\n\n\n\n<p>Karayolu Trafik Haftas\u0131 s\u00fcresince il\/il\u00e7e m\u00fcft\u00fcl\u00fckleriyle gerekli koordinasyon sa\u011flanarak camilerde verilecek vaazlarda trafik g\u00fcvenli\u011fine ili\u015fkin mesajlar iletilecek.<\/p>\n\n\n\n<figure class=\"wp-block-image size-large\"><img loading=\"lazy\" decoding=\"async\" width=\"819\" height=\"1024\" src=\"https:\/\/gazetetrafik.com\/wp-content\/uploads\/2022\/05\/trafik4-819x1024.jpg\" alt=\"\" class=\"wp-image-515\" srcset=\"https:\/\/gazetetrafik.com\/wp-content\/uploads\/2022\/05\/trafik4-819x1024.jpg 819w, https:\/\/gazetetrafik.com\/wp-content\/uploads\/2022\/05\/trafik4-240x300.jpg 240w, https:\/\/gazetetrafik.com\/wp-content\/uploads\/2022\/05\/trafik4-768x960.jpg 768w, https:\/\/gazetetrafik.com\/wp-content\/uploads\/2022\/05\/trafik4-10x12.jpg 10w, https:\/\/gazetetrafik.com\/wp-content\/uploads\/2022\/05\/trafik4.jpg 1080w\" sizes=\"auto, (max-width: 819px) 100vw, 819px\" \/><\/figure>\n\n\n\n<p>\u0130l Milli E\u011fitim M\u00fcd\u00fcrl\u00fckleri ile koordine kurularak okullarda trafik g\u00fcvenli\u011fine y\u00f6nelik e\u011fitim faaliyetleri&nbsp; yo\u011funla\u015ft\u0131r\u0131lacak.<\/p>\n\n\n\n<p>Karayolu Trafik Haftas\u0131 boyunca yap\u0131lacak denetimlerde ticari taksiler, \u015fehir i\u00e7i ve \u015fehirler aras\u0131 toplu ta\u015f\u0131ma ara\u00e7lar\u0131nda \u00f6n ve arka koltuklarda emniyet kemeri kullan\u0131m\u0131 denetimlerine a\u011f\u0131rl\u0131k verilerek emniyet kemeri takmalar\u0131 konusunda uyar\u0131lacak.<\/p>\n\n\n\n<figure class=\"wp-block-image size-large\"><img loading=\"lazy\" decoding=\"async\" width=\"819\" height=\"1024\" src=\"https:\/\/gazetetrafik.com\/wp-content\/uploads\/2022\/05\/trafik5-819x1024.jpg\" alt=\"\" class=\"wp-image-516\" srcset=\"https:\/\/gazetetrafik.com\/wp-content\/uploads\/2022\/05\/trafik5-819x1024.jpg 819w, https:\/\/gazetetrafik.com\/wp-content\/uploads\/2022\/05\/trafik5-240x300.jpg 240w, https:\/\/gazetetrafik.com\/wp-content\/uploads\/2022\/05\/trafik5-768x960.jpg 768w, https:\/\/gazetetrafik.com\/wp-content\/uploads\/2022\/05\/trafik5-10x12.jpg 10w, https:\/\/gazetetrafik.com\/wp-content\/uploads\/2022\/05\/trafik5.jpg 1080w\" sizes=\"auto, (max-width: 819px) 100vw, 819px\" \/><\/figure>\n\n\n\n<p>\u0130llerde bulunan Emniyet Kemeri Sim\u00fclasyon Ara\u00e7lar\u0131yla halk\u0131n yo\u011fun olanak bulundu\u011fu alanlarda emniyet kemerinin \u00f6nemini g\u00f6stermek amac\u0131yla uygulamal\u0131 e\u011fitimler verilecek. Emniyet kemeri sim\u00fclasyon arac\u0131 bulunmayan illerimizde ise Ya\u015fam T\u00fcneli bulunan denetim noktalar\u0131nda emniyet kemeri kullan\u0131m\u0131 konusunda s\u00fcr\u00fcc\u00fc ve yolculara y\u00f6nelik e\u011fitim ve bilgilendirme faaliyetleri d\u00fczenlenecek. <a href=\"https:\/\/www.icisleri.gov.tr\/\">https:\/\/www.icisleri.gov.tr\/<\/a><\/p>","protected":false},"excerpt":{"rendered":"<p>\u0130\u00e7i\u015fleri bakanl\u0131\u011f\u0131 taraf\u0131ndan \u00a07-13 May\u0131s Trafik Haftas\u0131 dolay\u0131s\u0131yla 81 \u0130l Valili\u011fine genelge g\u00f6nderildi. Genelgede\u00a0 her&#8230;<\/p>","protected":false},"author":1,"featured_media":517,"comment_status":"open","ping_status":"open","sticky":false,"template":"","format":"standard","meta":{"footnotes":""},"categories":[3],"tags":[77,78],"class_list":["post-510","post","type-post","status-publish","format-standard","has-post-thumbnail","hentry","category-trafik-guvenligi","tag-7-13-mayis","tag-trafik-haftasi"],"yoast_head":"<!-- This site is optimized with the Yoast SEO plugin v27.5 - https:\/\/yoast.com\/product\/yoast-seo-wordpress\/ -->\n<title>7-13 May\u0131s KarayoluTrafik Haftas\u0131 - Trafik g\u00fcvenli\u011fi<\/title>\n<meta name=\"description\" content=\"7-13 May\u0131s KarayoluTrafik Haftas\u0131 Trafik g\u00fcvenli\u011fi 7-13 May\u0131s KarayoluTrafik Haftas\u0131 Trafik g\u00fcvenli\u011fi\" \/>\n<meta name=\"robots\" content=\"index, follow, max-snippet:-1, max-image-preview:large, max-video-preview:-1\" \/>\n<link rel=\"canonical\" href=\"https:\/\/gazetetrafik.com\/en\/2022\/05\/07\/karayolu-trafik-haftasi\/\" \/>\n<meta property=\"og:locale\" content=\"en_US\" \/>\n<meta property=\"og:type\" content=\"article\" \/>\n<meta property=\"og:title\" content=\"7-13 May\u0131s KarayoluTrafik Haftas\u0131 - Trafik g\u00fcvenli\u011fi\" \/>\n<meta property=\"og:description\" content=\"7-13 May\u0131s KarayoluTrafik Haftas\u0131 Trafik g\u00fcvenli\u011fi 7-13 May\u0131s KarayoluTrafik Haftas\u0131 Trafik g\u00fcvenli\u011fi\" \/>\n<meta property=\"og:url\" content=\"https:\/\/gazetetrafik.com\/en\/2022\/05\/07\/karayolu-trafik-haftasi\/\" \/>\n<meta property=\"article:published_time\" content=\"2022-05-07T08:26:26+00:00\" \/>\n<meta property=\"article:modified_time\" content=\"2022-05-07T08:26:32+00:00\" \/>\n<meta property=\"og:image\" content=\"https:\/\/gazetetrafik.com\/wp-content\/uploads\/2022\/05\/karayolu-trafik-haftasi.jpg\" \/>\n\t<meta property=\"og:image:width\" content=\"551\" \/>\n\t<meta property=\"og:image:height\" content=\"480\" \/>\n\t<meta property=\"og:image:type\" content=\"image\/jpeg\" \/>\n<meta name=\"author\" content=\"Gazete Trafik\" \/>\n<meta name=\"twitter:card\" content=\"summary_large_image\" \/>\n<meta name=\"twitter:creator\" content=\"@TrafikGazete\" \/>\n<meta name=\"twitter:site\" content=\"@TrafikGazete\" \/>\n<meta name=\"twitter:label1\" content=\"Written by\" \/>\n\t<meta name=\"twitter:data1\" content=\"Gazete Trafik\" \/>\n\t<meta name=\"twitter:label2\" content=\"Est. reading time\" \/>\n\t<meta name=\"twitter:data2\" content=\"4 minutes\" \/>\n<script type=\"application\/ld+json\" class=\"yoast-schema-graph\">{\"@context\":\"https:\\\/\\\/schema.org\",\"@graph\":[{\"@type\":\"Article\",\"@id\":\"https:\\\/\\\/gazetetrafik.com\\\/2022\\\/05\\\/07\\\/karayolu-trafik-haftasi\\\/#article\",\"isPartOf\":{\"@id\":\"https:\\\/\\\/gazetetrafik.com\\\/2022\\\/05\\\/07\\\/karayolu-trafik-haftasi\\\/\"},\"author\":{\"name\":\"Gazete Trafik\",\"@id\":\"https:\\\/\\\/gazetetrafik.com\\\/#\\\/schema\\\/person\\\/2f75f4347719ee1b2a8ace54218ecab5\"},\"headline\":\"7-13 May\u0131s KarayoluTrafik Haftas\u0131\",\"datePublished\":\"2022-05-07T08:26:26+00:00\",\"dateModified\":\"2022-05-07T08:26:32+00:00\",\"mainEntityOfPage\":{\"@id\":\"https:\\\/\\\/gazetetrafik.com\\\/2022\\\/05\\\/07\\\/karayolu-trafik-haftasi\\\/\"},\"wordCount\":631,\"commentCount\":0,\"publisher\":{\"@id\":\"https:\\\/\\\/gazetetrafik.com\\\/#organization\"},\"image\":{\"@id\":\"https:\\\/\\\/gazetetrafik.com\\\/2022\\\/05\\\/07\\\/karayolu-trafik-haftasi\\\/#primaryimage\"},\"thumbnailUrl\":\"https:\\\/\\\/gazetetrafik.com\\\/wp-content\\\/uploads\\\/2022\\\/05\\\/karayolu-trafik-haftasi.jpg\",\"keywords\":[\"7-13 may\u0131s\",\"Trafik haftas\u0131\"],\"articleSection\":[\"Trafik g\u00fcvenli\u011fi\"],\"inLanguage\":\"en-US\",\"potentialAction\":[{\"@type\":\"CommentAction\",\"name\":\"Comment\",\"target\":[\"https:\\\/\\\/gazetetrafik.com\\\/2022\\\/05\\\/07\\\/karayolu-trafik-haftasi\\\/#respond\"]}]},{\"@type\":\"WebPage\",\"@id\":\"https:\\\/\\\/gazetetrafik.com\\\/2022\\\/05\\\/07\\\/karayolu-trafik-haftasi\\\/\",\"url\":\"https:\\\/\\\/gazetetrafik.com\\\/2022\\\/05\\\/07\\\/karayolu-trafik-haftasi\\\/\",\"name\":\"7-13 May\u0131s KarayoluTrafik Haftas\u0131 - Trafik g\u00fcvenli\u011fi\",\"isPartOf\":{\"@id\":\"https:\\\/\\\/gazetetrafik.com\\\/#website\"},\"primaryImageOfPage\":{\"@id\":\"https:\\\/\\\/gazetetrafik.com\\\/2022\\\/05\\\/07\\\/karayolu-trafik-haftasi\\\/#primaryimage\"},\"image\":{\"@id\":\"https:\\\/\\\/gazetetrafik.com\\\/2022\\\/05\\\/07\\\/karayolu-trafik-haftasi\\\/#primaryimage\"},\"thumbnailUrl\":\"https:\\\/\\\/gazetetrafik.com\\\/wp-content\\\/uploads\\\/2022\\\/05\\\/karayolu-trafik-haftasi.jpg\",\"datePublished\":\"2022-05-07T08:26:26+00:00\",\"dateModified\":\"2022-05-07T08:26:32+00:00\",\"description\":\"7-13 May\u0131s KarayoluTrafik Haftas\u0131 Trafik g\u00fcvenli\u011fi 7-13 May\u0131s KarayoluTrafik Haftas\u0131 Trafik g\u00fcvenli\u011fi\",\"breadcrumb\":{\"@id\":\"https:\\\/\\\/gazetetrafik.com\\\/2022\\\/05\\\/07\\\/karayolu-trafik-haftasi\\\/#breadcrumb\"},\"inLanguage\":\"en-US\",\"potentialAction\":[{\"@type\":\"ReadAction\",\"target\":[\"https:\\\/\\\/gazetetrafik.com\\\/2022\\\/05\\\/07\\\/karayolu-trafik-haftasi\\\/\"]}]},{\"@type\":\"ImageObject\",\"inLanguage\":\"en-US\",\"@id\":\"https:\\\/\\\/gazetetrafik.com\\\/2022\\\/05\\\/07\\\/karayolu-trafik-haftasi\\\/#primaryimage\",\"url\":\"https:\\\/\\\/gazetetrafik.com\\\/wp-content\\\/uploads\\\/2022\\\/05\\\/karayolu-trafik-haftasi.jpg\",\"contentUrl\":\"https:\\\/\\\/gazetetrafik.com\\\/wp-content\\\/uploads\\\/2022\\\/05\\\/karayolu-trafik-haftasi.jpg\",\"width\":551,\"height\":480},{\"@type\":\"BreadcrumbList\",\"@id\":\"https:\\\/\\\/gazetetrafik.com\\\/2022\\\/05\\\/07\\\/karayolu-trafik-haftasi\\\/#breadcrumb\",\"itemListElement\":[{\"@type\":\"ListItem\",\"position\":1,\"name\":\"Anasayfa\",\"item\":\"https:\\\/\\\/gazetetrafik.com\\\/\"},{\"@type\":\"ListItem\",\"position\":2,\"name\":\"7-13 May\u0131s KarayoluTrafik Haftas\u0131\"}]},{\"@type\":\"WebSite\",\"@id\":\"https:\\\/\\\/gazetetrafik.com\\\/#website\",\"url\":\"https:\\\/\\\/gazetetrafik.com\\\/\",\"name\":\"\",\"description\":\"\u0130NSANA VE YA\u015eAM HAKKINA SAYGILI TRAF\u0130K HABER GAZETES\u0130\",\"publisher\":{\"@id\":\"https:\\\/\\\/gazetetrafik.com\\\/#organization\"},\"potentialAction\":[{\"@type\":\"SearchAction\",\"target\":{\"@type\":\"EntryPoint\",\"urlTemplate\":\"https:\\\/\\\/gazetetrafik.com\\\/?s={search_term_string}\"},\"query-input\":{\"@type\":\"PropertyValueSpecification\",\"valueRequired\":true,\"valueName\":\"search_term_string\"}}],\"inLanguage\":\"en-US\"},{\"@type\":\"Organization\",\"@id\":\"https:\\\/\\\/gazetetrafik.com\\\/#organization\",\"name\":\"Gazete Trafik\",\"url\":\"https:\\\/\\\/gazetetrafik.com\\\/\",\"logo\":{\"@type\":\"ImageObject\",\"inLanguage\":\"en-US\",\"@id\":\"https:\\\/\\\/gazetetrafik.com\\\/#\\\/schema\\\/logo\\\/image\\\/\",\"url\":\"https:\\\/\\\/gazetetrafik.com\\\/wp-content\\\/uploads\\\/2022\\\/03\\\/cropped-logo.jpg\",\"contentUrl\":\"https:\\\/\\\/gazetetrafik.com\\\/wp-content\\\/uploads\\\/2022\\\/03\\\/cropped-logo.jpg\",\"width\":800,\"height\":220,\"caption\":\"Gazete Trafik\"},\"image\":{\"@id\":\"https:\\\/\\\/gazetetrafik.com\\\/#\\\/schema\\\/logo\\\/image\\\/\"},\"sameAs\":[\"https:\\\/\\\/x.com\\\/TrafikGazete\",\"https:\\\/\\\/www.instagram.com\\\/gazetetrafik\\\/\"]},{\"@type\":\"Person\",\"@id\":\"https:\\\/\\\/gazetetrafik.com\\\/#\\\/schema\\\/person\\\/2f75f4347719ee1b2a8ace54218ecab5\",\"name\":\"Gazete Trafik\",\"image\":{\"@type\":\"ImageObject\",\"inLanguage\":\"en-US\",\"@id\":\"https:\\\/\\\/secure.gravatar.com\\\/avatar\\\/bff6a4bfd3845f68dabbeea43bcbf9f2651b5ab9a1aad1d9381a89e564d3d208?s=96&d=mm&r=g\",\"url\":\"https:\\\/\\\/secure.gravatar.com\\\/avatar\\\/bff6a4bfd3845f68dabbeea43bcbf9f2651b5ab9a1aad1d9381a89e564d3d208?s=96&d=mm&r=g\",\"contentUrl\":\"https:\\\/\\\/secure.gravatar.com\\\/avatar\\\/bff6a4bfd3845f68dabbeea43bcbf9f2651b5ab9a1aad1d9381a89e564d3d208?s=96&d=mm&r=g\",\"caption\":\"Gazete Trafik\"},\"sameAs\":[\"https:\\\/\\\/gazetetrafik.com\"],\"url\":\"https:\\\/\\\/gazetetrafik.com\\\/en\\\/author\\\/gazete-trafik\\\/\"}]}<\/script>\n<!-- \/ Yoast SEO plugin. -->","yoast_head_json":{"title":"7-13 May\u0131s KarayoluTrafik Haftas\u0131 - Trafik g\u00fcvenli\u011fi","description":"7-13 May\u0131s KarayoluTrafik Haftas\u0131 Trafik g\u00fcvenli\u011fi 7-13 May\u0131s KarayoluTrafik Haftas\u0131 Trafik g\u00fcvenli\u011fi","robots":{"index":"index","follow":"follow","max-snippet":"max-snippet:-1","max-image-preview":"max-image-preview:large","max-video-preview":"max-video-preview:-1"},"canonical":"https:\/\/gazetetrafik.com\/en\/2022\/05\/07\/karayolu-trafik-haftasi\/","og_locale":"en_US","og_type":"article","og_title":"7-13 May\u0131s KarayoluTrafik Haftas\u0131 - Trafik g\u00fcvenli\u011fi","og_description":"7-13 May\u0131s KarayoluTrafik Haftas\u0131 Trafik g\u00fcvenli\u011fi 7-13 May\u0131s KarayoluTrafik Haftas\u0131 Trafik g\u00fcvenli\u011fi","og_url":"https:\/\/gazetetrafik.com\/en\/2022\/05\/07\/karayolu-trafik-haftasi\/","article_published_time":"2022-05-07T08:26:26+00:00","article_modified_time":"2022-05-07T08:26:32+00:00","og_image":[{"width":551,"height":480,"url":"https:\/\/gazetetrafik.com\/wp-content\/uploads\/2022\/05\/karayolu-trafik-haftasi.jpg","type":"image\/jpeg"}],"author":"Gazete Trafik","twitter_card":"summary_large_image","twitter_creator":"@TrafikGazete","twitter_site":"@TrafikGazete","twitter_misc":{"Written by":"Gazete Trafik","Est. reading time":"4 minutes"},"schema":{"@context":"https:\/\/schema.org","@graph":[{"@type":"Article","@id":"https:\/\/gazetetrafik.com\/2022\/05\/07\/karayolu-trafik-haftasi\/#article","isPartOf":{"@id":"https:\/\/gazetetrafik.com\/2022\/05\/07\/karayolu-trafik-haftasi\/"},"author":{"name":"Gazete Trafik","@id":"https:\/\/gazetetrafik.com\/#\/schema\/person\/2f75f4347719ee1b2a8ace54218ecab5"},"headline":"7-13 May\u0131s KarayoluTrafik Haftas\u0131","datePublished":"2022-05-07T08:26:26+00:00","dateModified":"2022-05-07T08:26:32+00:00","mainEntityOfPage":{"@id":"https:\/\/gazetetrafik.com\/2022\/05\/07\/karayolu-trafik-haftasi\/"},"wordCount":631,"commentCount":0,"publisher":{"@id":"https:\/\/gazetetrafik.com\/#organization"},"image":{"@id":"https:\/\/gazetetrafik.com\/2022\/05\/07\/karayolu-trafik-haftasi\/#primaryimage"},"thumbnailUrl":"https:\/\/gazetetrafik.com\/wp-content\/uploads\/2022\/05\/karayolu-trafik-haftasi.jpg","keywords":["7-13 may\u0131s","Trafik haftas\u0131"],"articleSection":["Trafik g\u00fcvenli\u011fi"],"inLanguage":"en-US","potentialAction":[{"@type":"CommentAction","name":"Comment","target":["https:\/\/gazetetrafik.com\/2022\/05\/07\/karayolu-trafik-haftasi\/#respond"]}]},{"@type":"WebPage","@id":"https:\/\/gazetetrafik.com\/2022\/05\/07\/karayolu-trafik-haftasi\/","url":"https:\/\/gazetetrafik.com\/2022\/05\/07\/karayolu-trafik-haftasi\/","name":"7-13 May\u0131s KarayoluTrafik Haftas\u0131 - Trafik g\u00fcvenli\u011fi","isPartOf":{"@id":"https:\/\/gazetetrafik.com\/#website"},"primaryImageOfPage":{"@id":"https:\/\/gazetetrafik.com\/2022\/05\/07\/karayolu-trafik-haftasi\/#primaryimage"},"image":{"@id":"https:\/\/gazetetrafik.com\/2022\/05\/07\/karayolu-trafik-haftasi\/#primaryimage"},"thumbnailUrl":"https:\/\/gazetetrafik.com\/wp-content\/uploads\/2022\/05\/karayolu-trafik-haftasi.jpg","datePublished":"2022-05-07T08:26:26+00:00","dateModified":"2022-05-07T08:26:32+00:00","description":"7-13 May\u0131s KarayoluTrafik Haftas\u0131 Trafik g\u00fcvenli\u011fi 7-13 May\u0131s KarayoluTrafik Haftas\u0131 Trafik g\u00fcvenli\u011fi","breadcrumb":{"@id":"https:\/\/gazetetrafik.com\/2022\/05\/07\/karayolu-trafik-haftasi\/#breadcrumb"},"inLanguage":"en-US","potentialAction":[{"@type":"ReadAction","target":["https:\/\/gazetetrafik.com\/2022\/05\/07\/karayolu-trafik-haftasi\/"]}]},{"@type":"ImageObject","inLanguage":"en-US","@id":"https:\/\/gazetetrafik.com\/2022\/05\/07\/karayolu-trafik-haftasi\/#primaryimage","url":"https:\/\/gazetetrafik.com\/wp-content\/uploads\/2022\/05\/karayolu-trafik-haftasi.jpg","contentUrl":"https:\/\/gazetetrafik.com\/wp-content\/uploads\/2022\/05\/karayolu-trafik-haftasi.jpg","width":551,"height":480},{"@type":"BreadcrumbList","@id":"https:\/\/gazetetrafik.com\/2022\/05\/07\/karayolu-trafik-haftasi\/#breadcrumb","itemListElement":[{"@type":"ListItem","position":1,"name":"Anasayfa","item":"https:\/\/gazetetrafik.com\/"},{"@type":"ListItem","position":2,"name":"7-13 May\u0131s KarayoluTrafik Haftas\u0131"}]},{"@type":"WebSite","@id":"https:\/\/gazetetrafik.com\/#website","url":"https:\/\/gazetetrafik.com\/","name":"","description":"\u0130NSANA VE YA\u015eAM HAKKINA SAYGILI TRAF\u0130K HABER GAZETES\u0130","publisher":{"@id":"https:\/\/gazetetrafik.com\/#organization"},"potentialAction":[{"@type":"SearchAction","target":{"@type":"EntryPoint","urlTemplate":"https:\/\/gazetetrafik.com\/?s={search_term_string}"},"query-input":{"@type":"PropertyValueSpecification","valueRequired":true,"valueName":"search_term_string"}}],"inLanguage":"en-US"},{"@type":"Organization","@id":"https:\/\/gazetetrafik.com\/#organization","name":"Gazete Trafik","url":"https:\/\/gazetetrafik.com\/","logo":{"@type":"ImageObject","inLanguage":"en-US","@id":"https:\/\/gazetetrafik.com\/#\/schema\/logo\/image\/","url":"https:\/\/gazetetrafik.com\/wp-content\/uploads\/2022\/03\/cropped-logo.jpg","contentUrl":"https:\/\/gazetetrafik.com\/wp-content\/uploads\/2022\/03\/cropped-logo.jpg","width":800,"height":220,"caption":"Gazete Trafik"},"image":{"@id":"https:\/\/gazetetrafik.com\/#\/schema\/logo\/image\/"},"sameAs":["https:\/\/x.com\/TrafikGazete","https:\/\/www.instagram.com\/gazetetrafik\/"]},{"@type":"Person","@id":"https:\/\/gazetetrafik.com\/#\/schema\/person\/2f75f4347719ee1b2a8ace54218ecab5","name":"Gazete Trafik","image":{"@type":"ImageObject","inLanguage":"en-US","@id":"https:\/\/secure.gravatar.com\/avatar\/bff6a4bfd3845f68dabbeea43bcbf9f2651b5ab9a1aad1d9381a89e564d3d208?s=96&d=mm&r=g","url":"https:\/\/secure.gravatar.com\/avatar\/bff6a4bfd3845f68dabbeea43bcbf9f2651b5ab9a1aad1d9381a89e564d3d208?s=96&d=mm&r=g","contentUrl":"https:\/\/secure.gravatar.com\/avatar\/bff6a4bfd3845f68dabbeea43bcbf9f2651b5ab9a1aad1d9381a89e564d3d208?s=96&d=mm&r=g","caption":"Gazete Trafik"},"sameAs":["https:\/\/gazetetrafik.com"],"url":"https:\/\/gazetetrafik.com\/en\/author\/gazete-trafik\/"}]}},"_links":{"self":[{"href":"https:\/\/gazetetrafik.com\/en\/wp-json\/wp\/v2\/posts\/510","targetHints":{"allow":["GET"]}}],"collection":[{"href":"https:\/\/gazetetrafik.com\/en\/wp-json\/wp\/v2\/posts"}],"about":[{"href":"https:\/\/gazetetrafik.com\/en\/wp-json\/wp\/v2\/types\/post"}],"author":[{"embeddable":true,"href":"https:\/\/gazetetrafik.com\/en\/wp-json\/wp\/v2\/users\/1"}],"replies":[{"embeddable":true,"href":"https:\/\/gazetetrafik.com\/en\/wp-json\/wp\/v2\/comments?post=510"}],"version-history":[{"count":1,"href":"https:\/\/gazetetrafik.com\/en\/wp-json\/wp\/v2\/posts\/510\/revisions"}],"predecessor-version":[{"id":518,"href":"https:\/\/gazetetrafik.com\/en\/wp-json\/wp\/v2\/posts\/510\/revisions\/518"}],"wp:featuredmedia":[{"embeddable":true,"href":"https:\/\/gazetetrafik.com\/en\/wp-json\/wp\/v2\/media\/517"}],"wp:attachment":[{"href":"https:\/\/gazetetrafik.com\/en\/wp-json\/wp\/v2\/media?parent=510"}],"wp:term":[{"taxonomy":"category","embeddable":true,"href":"https:\/\/gazetetrafik.com\/en\/wp-json\/wp\/v2\/categories?post=510"},{"taxonomy":"post_tag","embeddable":true,"href":"https:\/\/gazetetrafik.com\/en\/wp-json\/wp\/v2\/tags?post=510"}],"curies":[{"name":"wp","href":"https:\/\/api.w.org\/{rel}","templated":true}]}}