{"id":525,"date":"2022-06-19T13:44:16","date_gmt":"2022-06-19T10:44:16","guid":{"rendered":"https:\/\/gazetetrafik.com\/?p=525"},"modified":"2022-06-19T13:44:20","modified_gmt":"2022-06-19T10:44:20","slug":"denetimler","status":"publish","type":"post","link":"https:\/\/gazetetrafik.com\/en\/2022\/06\/19\/denetimler\/","title":{"rendered":"Emniyet Genel M\u00fcd\u00fcrl\u00fc\u011f\u00fc 10-12 Haziran 2022 denetimler"},"content":{"rendered":"<p>Emniyet Genel M\u00fcd\u00fcrl\u00fc\u011f\u00fc taraf\u0131ndan, trafik g\u00fcvenli\u011finin sa\u011flanmas\u0131, trafik \u00e7arp\u0131\u015fmalar\u0131n\u0131n en aza indirilmesi ve denetim faaliyetleri yoluyla yol kullan\u0131c\u0131lar\u0131 \u00fczerindeki alg\u0131lanan yakalanma riski duygusunun artt\u0131r\u0131lmas\u0131 amac\u0131yla 10-12 Haziran 2022 tarihleri aras\u0131nda \u00fclke genelinde \u00f6zel denetimler \u00a0ger\u00e7ekle\u015ftirildi.<\/p>\n\n\n\n<h2 class=\"wp-block-heading\">Emniyet Genel M\u00fcd\u00fcrl\u00fc\u011f\u00fc taraf\u0131ndan \u00fclke genelinde alkol ve uyu\u015fturucu\/uyar\u0131c\u0131 madde denetimi ger\u00e7ekle\u015ftirildi<\/h2>\n\n\n\n<ul class=\"wp-block-list\"><li>79 bin 869 ara\u00e7\/s\u00fcr\u00fcc\u00fc denetlendi.<\/li><li>1.901 s\u00fcr\u00fcc\u00fcn\u00fcn alkol etkisinde ara\u00e7 kulland\u0131\u011f\u0131 tespit edilerek s\u00fcr\u00fcc\u00fc belgesi ge\u00e7ici olarak geri al\u0131nd\u0131.<\/li><li>5 s\u00fcr\u00fcc\u00fcn\u00fcn ise uyu\u015fturucu ve uyar\u0131c\u0131 madde etkisinde ara\u00e7 kulland\u0131\u011f\u0131 tespit edilerek idari ve adli i\u015flem ba\u015flat\u0131ld\u0131.<\/li><\/ul>\n\n\n\n<h2 class=\"wp-block-heading\">\u00dclke genelinde motosiklet ve motorlu bisiklet denetimi ger\u00e7ekle\u015ftirildi<\/h2>\n\n\n\n<figure class=\"wp-block-image alignleft size-full\"><img loading=\"lazy\" decoding=\"async\" width=\"448\" height=\"336\" src=\"https:\/\/gazetetrafik.com\/wp-content\/uploads\/2022\/06\/denetim16.6.2022.jpeg\" alt=\"\" class=\"wp-image-526\" srcset=\"https:\/\/gazetetrafik.com\/wp-content\/uploads\/2022\/06\/denetim16.6.2022.jpeg 448w, https:\/\/gazetetrafik.com\/wp-content\/uploads\/2022\/06\/denetim16.6.2022-300x225.jpeg 300w, https:\/\/gazetetrafik.com\/wp-content\/uploads\/2022\/06\/denetim16.6.2022-16x12.jpeg 16w\" sizes=\"auto, (max-width: 448px) 100vw, 448px\" \/><\/figure>\n\n\n\n<p>Yap\u0131lan denetimlerde 46 bin 65 motosiklet ve motorlu bisiklet s\u00fcr\u00fcc\u00fcs\u00fc denetlendi.<\/p>\n\n\n\n<ul class=\"wp-block-list\"><li>6.320 s\u00fcr\u00fcc\u00fc\/yolcunun koruma ba\u015fl\u0131\u011f\u0131 kullanmad\u0131\u011f\u0131, bin 463 s\u00fcr\u00fcc\u00fcn\u00fcn s\u00fcr\u00fcc\u00fc belgesiz olarak motosiklet ve motorlu bisiklet kulland\u0131\u011f\u0131, 574 motosikletin ge\u00e7erli zorunlu mali sorumluluk sigortas\u0131n\u0131n olmad\u0131\u011f\u0131, 381 motosiklet ve motorlu bisikletin tescil belgesi ve plakas\u0131n\u0131n uygun durumda bulunmad\u0131\u011f\u0131 tespit edildi.<\/li><li>\u00a01.014 motosiklet ve motorlu bisiklet trafikten men edildi.<\/li><li>84 s\u00fcr\u00fcc\u00fc belgesi ge\u00e7ici olarak geri al\u0131nd\u0131.<\/li><\/ul>\n\n\n\n<h2 class=\"wp-block-heading\">\u00dclke genelinde trakt\u00f6r ve tar\u0131m i\u015f\u00e7ileri ta\u015f\u0131mac\u0131l\u0131\u011f\u0131 denetimi ger\u00e7ekle\u015ftirildi<\/h2>\n\n\n\n<p>Yap\u0131lan a\u00e7\u0131klamaya g\u00f6re, mevsimsel ko\u015fullara ba\u011fl\u0131 olarak y\u0131l\u0131n sadece belirli d\u00f6nemlerinde trafikte bulunan ve k\u0131rsal kesimlerde tar\u0131msal faaliyetlerde \u00e7al\u0131\u015fan i\u015f\u00e7ileri ta\u015f\u0131yan ara\u00e7lar ile trakt\u00f6rlerin yo\u011fun bir \u015fekilde karayolunda seyretti\u011fi g\u00f6zlenmektedir. Trakt\u00f6rlerin kar\u0131\u015ft\u0131klar\u0131 kazalar incelendi\u011finde emniyet ropsu\/kabini bulunmamas\u0131 nedeniyle devrilen ara\u00e7 alt\u0131nda kalma \u015feklinde \u00f6l\u00fcm ve a\u011f\u0131r yaralanmalar\u0131n ger\u00e7ekle\u015fti\u011fi g\u00f6r\u00fclmektedir.<\/p>\n\n\n\n<figure class=\"wp-block-image alignright size-full\"><img loading=\"lazy\" decoding=\"async\" width=\"448\" height=\"336\" src=\"https:\/\/gazetetrafik.com\/wp-content\/uploads\/2022\/06\/16.6.2022denetim.jpg\" alt=\"\" class=\"wp-image-527\" srcset=\"https:\/\/gazetetrafik.com\/wp-content\/uploads\/2022\/06\/16.6.2022denetim.jpg 448w, https:\/\/gazetetrafik.com\/wp-content\/uploads\/2022\/06\/16.6.2022denetim-300x225.jpg 300w, https:\/\/gazetetrafik.com\/wp-content\/uploads\/2022\/06\/16.6.2022denetim-16x12.jpg 16w\" sizes=\"auto, (max-width: 448px) 100vw, 448px\" \/><\/figure>\n\n\n\n<p>Konunun \u00f6nemi g\u00f6z \u00f6n\u00fcnde bulundurularak, trafik g\u00fcvenli\u011finin sa\u011flanmas\u0131, trafik kazalar\u0131n\u0131n en aza indirilmesi ve denetim faaliyetleri yoluyla yol kullan\u0131c\u0131lar\u0131 \u00fczerindeki alg\u0131lanan yakalanma riski duygusunun artt\u0131r\u0131lmas\u0131 amac\u0131yla 10-12 Haziran 2022 tarihleri aras\u0131nda \u00fclke genelinde \u00f6zel denetim ger\u00e7ekle\u015ftirildi.<\/p>\n\n\n\n<p>Yap\u0131lan denetimlerde 3.991 ara\u00e7\/s\u00fcr\u00fcc\u00fc denetlenmi\u015f olup,<\/p>\n\n\n\n<ul class=\"wp-block-list\"><li>134 arac\u0131n fenni muayenesinin bulunmad\u0131\u011f\u0131,<\/li><li>55 s\u00fcr\u00fcc\u00fcn\u00fcn belgesinin bulunmad\u0131\u011f\u0131,<\/li><li>20 ara\u00e7ta y\u00fckleme kurallar\u0131na uyulmad\u0131\u011f\u0131,<\/li><li>10 trakt\u00f6r\u00fcn \u0131\u015f\u0131k donan\u0131m\u0131n\u0131n ar\u0131zal\u0131 oldu\u011fu,<\/li><li>9 trakt\u00f6r\u00fcn fla\u015f\u00f6r\/reflekt\u00f6r\u00fcn\u00fcn bulunmad\u0131\u011f\u0131,<\/li><li>4 trakt\u00f6r\u00fcn ropsu\/kabini bulunmad\u0131\u011f\u0131,<\/li><li>79 arac\u0131n zorunlu mali sorumluluk sigortas\u0131n\u0131n bulunmad\u0131\u011f\u0131 tespit edilerek i\u015flem yap\u0131ld\u0131 ve 68 ara\u00e7 trafikten men edildi.<\/li><\/ul>\n\n\n\n<p>.<\/p>","protected":false},"excerpt":{"rendered":"<p>Emniyet Genel M\u00fcd\u00fcrl\u00fc\u011f\u00fc taraf\u0131ndan, trafik g\u00fcvenli\u011finin sa\u011flanmas\u0131, trafik \u00e7arp\u0131\u015fmalar\u0131n\u0131n en aza indirilmesi ve denetim faaliyetleri&#8230;<\/p>","protected":false},"author":1,"featured_media":528,"comment_status":"open","ping_status":"open","sticky":false,"template":"","format":"standard","meta":{"footnotes":""},"categories":[3],"tags":[83,82,80],"class_list":["post-525","post","type-post","status-publish","format-standard","has-post-thumbnail","hentry","category-trafik-guvenligi","tag-10-12-haziran-2022","tag-denetim","tag-trafik-guvenligi"],"yoast_head":"<!-- This site is optimized with the Yoast SEO plugin v27.5 - https:\/\/yoast.com\/product\/yoast-seo-wordpress\/ -->\n<title>Emniyet Genel M\u00fcd\u00fcrl\u00fc\u011f\u00fc 10-12 Haziran 2022 denetimler -<\/title>\n<meta name=\"description\" content=\"Emniyet Genel M\u00fcd\u00fcrl\u00fc\u011f\u00fc 10-12 Haziran 2022 denetimler Trafik g\u00fcvenli\u011fi - Emniyet Genel M\u00fcd\u00fcrl\u00fc\u011f\u00fc 10-12 Haziran 2022 denetimler\" \/>\n<meta name=\"robots\" content=\"index, follow, max-snippet:-1, max-image-preview:large, max-video-preview:-1\" \/>\n<link rel=\"canonical\" href=\"https:\/\/gazetetrafik.com\/en\/2022\/06\/19\/denetimler\/\" \/>\n<meta property=\"og:locale\" content=\"en_US\" \/>\n<meta property=\"og:type\" content=\"article\" \/>\n<meta property=\"og:title\" content=\"Emniyet Genel M\u00fcd\u00fcrl\u00fc\u011f\u00fc 10-12 Haziran 2022 denetimler -\" \/>\n<meta property=\"og:description\" content=\"Emniyet Genel M\u00fcd\u00fcrl\u00fc\u011f\u00fc 10-12 Haziran 2022 denetimler Trafik g\u00fcvenli\u011fi - Emniyet Genel M\u00fcd\u00fcrl\u00fc\u011f\u00fc 10-12 Haziran 2022 denetimler\" \/>\n<meta property=\"og:url\" content=\"https:\/\/gazetetrafik.com\/en\/2022\/06\/19\/denetimler\/\" \/>\n<meta property=\"article:published_time\" content=\"2022-06-19T10:44:16+00:00\" \/>\n<meta property=\"article:modified_time\" content=\"2022-06-19T10:44:20+00:00\" \/>\n<meta property=\"og:image\" content=\"https:\/\/gazetetrafik.com\/wp-content\/uploads\/2022\/06\/denetimler-gazetetrafik.jpg\" \/>\n\t<meta property=\"og:image:width\" content=\"546\" \/>\n\t<meta property=\"og:image:height\" content=\"480\" \/>\n\t<meta property=\"og:image:type\" content=\"image\/jpeg\" \/>\n<meta name=\"author\" content=\"Gazete Trafik\" \/>\n<meta name=\"twitter:card\" content=\"summary_large_image\" \/>\n<meta name=\"twitter:creator\" content=\"@TrafikGazete\" \/>\n<meta name=\"twitter:site\" content=\"@TrafikGazete\" \/>\n<meta name=\"twitter:label1\" content=\"Written by\" \/>\n\t<meta name=\"twitter:data1\" content=\"Gazete Trafik\" \/>\n\t<meta name=\"twitter:label2\" content=\"Est. reading time\" \/>\n\t<meta name=\"twitter:data2\" content=\"3 minutes\" \/>\n<script type=\"application\/ld+json\" class=\"yoast-schema-graph\">{\"@context\":\"https:\\\/\\\/schema.org\",\"@graph\":[{\"@type\":\"Article\",\"@id\":\"https:\\\/\\\/gazetetrafik.com\\\/2022\\\/06\\\/19\\\/denetimler\\\/#article\",\"isPartOf\":{\"@id\":\"https:\\\/\\\/gazetetrafik.com\\\/2022\\\/06\\\/19\\\/denetimler\\\/\"},\"author\":{\"name\":\"Gazete Trafik\",\"@id\":\"https:\\\/\\\/gazetetrafik.com\\\/#\\\/schema\\\/person\\\/2f75f4347719ee1b2a8ace54218ecab5\"},\"headline\":\"Emniyet Genel M\u00fcd\u00fcrl\u00fc\u011f\u00fc 10-12 Haziran 2022 denetimler\",\"datePublished\":\"2022-06-19T10:44:16+00:00\",\"dateModified\":\"2022-06-19T10:44:20+00:00\",\"mainEntityOfPage\":{\"@id\":\"https:\\\/\\\/gazetetrafik.com\\\/2022\\\/06\\\/19\\\/denetimler\\\/\"},\"wordCount\":445,\"commentCount\":0,\"publisher\":{\"@id\":\"https:\\\/\\\/gazetetrafik.com\\\/#organization\"},\"image\":{\"@id\":\"https:\\\/\\\/gazetetrafik.com\\\/2022\\\/06\\\/19\\\/denetimler\\\/#primaryimage\"},\"thumbnailUrl\":\"https:\\\/\\\/gazetetrafik.com\\\/wp-content\\\/uploads\\\/2022\\\/06\\\/denetimler-gazetetrafik.jpg\",\"keywords\":[\"10-12 haziran 2022\",\"Denetim\",\"trafik g\u00fcvenli\u011fi\"],\"articleSection\":[\"Trafik g\u00fcvenli\u011fi\"],\"inLanguage\":\"en-US\",\"potentialAction\":[{\"@type\":\"CommentAction\",\"name\":\"Comment\",\"target\":[\"https:\\\/\\\/gazetetrafik.com\\\/2022\\\/06\\\/19\\\/denetimler\\\/#respond\"]}]},{\"@type\":\"WebPage\",\"@id\":\"https:\\\/\\\/gazetetrafik.com\\\/2022\\\/06\\\/19\\\/denetimler\\\/\",\"url\":\"https:\\\/\\\/gazetetrafik.com\\\/2022\\\/06\\\/19\\\/denetimler\\\/\",\"name\":\"Emniyet Genel M\u00fcd\u00fcrl\u00fc\u011f\u00fc 10-12 Haziran 2022 denetimler -\",\"isPartOf\":{\"@id\":\"https:\\\/\\\/gazetetrafik.com\\\/#website\"},\"primaryImageOfPage\":{\"@id\":\"https:\\\/\\\/gazetetrafik.com\\\/2022\\\/06\\\/19\\\/denetimler\\\/#primaryimage\"},\"image\":{\"@id\":\"https:\\\/\\\/gazetetrafik.com\\\/2022\\\/06\\\/19\\\/denetimler\\\/#primaryimage\"},\"thumbnailUrl\":\"https:\\\/\\\/gazetetrafik.com\\\/wp-content\\\/uploads\\\/2022\\\/06\\\/denetimler-gazetetrafik.jpg\",\"datePublished\":\"2022-06-19T10:44:16+00:00\",\"dateModified\":\"2022-06-19T10:44:20+00:00\",\"description\":\"Emniyet Genel M\u00fcd\u00fcrl\u00fc\u011f\u00fc 10-12 Haziran 2022 denetimler Trafik g\u00fcvenli\u011fi - Emniyet Genel M\u00fcd\u00fcrl\u00fc\u011f\u00fc 10-12 Haziran 2022 denetimler\",\"breadcrumb\":{\"@id\":\"https:\\\/\\\/gazetetrafik.com\\\/2022\\\/06\\\/19\\\/denetimler\\\/#breadcrumb\"},\"inLanguage\":\"en-US\",\"potentialAction\":[{\"@type\":\"ReadAction\",\"target\":[\"https:\\\/\\\/gazetetrafik.com\\\/2022\\\/06\\\/19\\\/denetimler\\\/\"]}]},{\"@type\":\"ImageObject\",\"inLanguage\":\"en-US\",\"@id\":\"https:\\\/\\\/gazetetrafik.com\\\/2022\\\/06\\\/19\\\/denetimler\\\/#primaryimage\",\"url\":\"https:\\\/\\\/gazetetrafik.com\\\/wp-content\\\/uploads\\\/2022\\\/06\\\/denetimler-gazetetrafik.jpg\",\"contentUrl\":\"https:\\\/\\\/gazetetrafik.com\\\/wp-content\\\/uploads\\\/2022\\\/06\\\/denetimler-gazetetrafik.jpg\",\"width\":546,\"height\":480,\"caption\":\"10-12 haziran 2022 denetimler\"},{\"@type\":\"BreadcrumbList\",\"@id\":\"https:\\\/\\\/gazetetrafik.com\\\/2022\\\/06\\\/19\\\/denetimler\\\/#breadcrumb\",\"itemListElement\":[{\"@type\":\"ListItem\",\"position\":1,\"name\":\"Anasayfa\",\"item\":\"https:\\\/\\\/gazetetrafik.com\\\/\"},{\"@type\":\"ListItem\",\"position\":2,\"name\":\"Emniyet Genel M\u00fcd\u00fcrl\u00fc\u011f\u00fc 10-12 Haziran 2022 denetimler\"}]},{\"@type\":\"WebSite\",\"@id\":\"https:\\\/\\\/gazetetrafik.com\\\/#website\",\"url\":\"https:\\\/\\\/gazetetrafik.com\\\/\",\"name\":\"\",\"description\":\"\u0130NSANA VE YA\u015eAM HAKKINA SAYGILI TRAF\u0130K HABER GAZETES\u0130\",\"publisher\":{\"@id\":\"https:\\\/\\\/gazetetrafik.com\\\/#organization\"},\"potentialAction\":[{\"@type\":\"SearchAction\",\"target\":{\"@type\":\"EntryPoint\",\"urlTemplate\":\"https:\\\/\\\/gazetetrafik.com\\\/?s={search_term_string}\"},\"query-input\":{\"@type\":\"PropertyValueSpecification\",\"valueRequired\":true,\"valueName\":\"search_term_string\"}}],\"inLanguage\":\"en-US\"},{\"@type\":\"Organization\",\"@id\":\"https:\\\/\\\/gazetetrafik.com\\\/#organization\",\"name\":\"Gazete Trafik\",\"url\":\"https:\\\/\\\/gazetetrafik.com\\\/\",\"logo\":{\"@type\":\"ImageObject\",\"inLanguage\":\"en-US\",\"@id\":\"https:\\\/\\\/gazetetrafik.com\\\/#\\\/schema\\\/logo\\\/image\\\/\",\"url\":\"https:\\\/\\\/gazetetrafik.com\\\/wp-content\\\/uploads\\\/2022\\\/03\\\/cropped-logo.jpg\",\"contentUrl\":\"https:\\\/\\\/gazetetrafik.com\\\/wp-content\\\/uploads\\\/2022\\\/03\\\/cropped-logo.jpg\",\"width\":800,\"height\":220,\"caption\":\"Gazete Trafik\"},\"image\":{\"@id\":\"https:\\\/\\\/gazetetrafik.com\\\/#\\\/schema\\\/logo\\\/image\\\/\"},\"sameAs\":[\"https:\\\/\\\/x.com\\\/TrafikGazete\",\"https:\\\/\\\/www.instagram.com\\\/gazetetrafik\\\/\"]},{\"@type\":\"Person\",\"@id\":\"https:\\\/\\\/gazetetrafik.com\\\/#\\\/schema\\\/person\\\/2f75f4347719ee1b2a8ace54218ecab5\",\"name\":\"Gazete Trafik\",\"image\":{\"@type\":\"ImageObject\",\"inLanguage\":\"en-US\",\"@id\":\"https:\\\/\\\/secure.gravatar.com\\\/avatar\\\/bff6a4bfd3845f68dabbeea43bcbf9f2651b5ab9a1aad1d9381a89e564d3d208?s=96&d=mm&r=g\",\"url\":\"https:\\\/\\\/secure.gravatar.com\\\/avatar\\\/bff6a4bfd3845f68dabbeea43bcbf9f2651b5ab9a1aad1d9381a89e564d3d208?s=96&d=mm&r=g\",\"contentUrl\":\"https:\\\/\\\/secure.gravatar.com\\\/avatar\\\/bff6a4bfd3845f68dabbeea43bcbf9f2651b5ab9a1aad1d9381a89e564d3d208?s=96&d=mm&r=g\",\"caption\":\"Gazete Trafik\"},\"sameAs\":[\"https:\\\/\\\/gazetetrafik.com\"],\"url\":\"https:\\\/\\\/gazetetrafik.com\\\/en\\\/author\\\/gazete-trafik\\\/\"}]}<\/script>\n<!-- \/ Yoast SEO plugin. -->","yoast_head_json":{"title":"Emniyet Genel M\u00fcd\u00fcrl\u00fc\u011f\u00fc 10-12 Haziran 2022 denetimler -","description":"Emniyet Genel M\u00fcd\u00fcrl\u00fc\u011f\u00fc 10-12 Haziran 2022 denetimler Trafik g\u00fcvenli\u011fi - Emniyet Genel M\u00fcd\u00fcrl\u00fc\u011f\u00fc 10-12 Haziran 2022 denetimler","robots":{"index":"index","follow":"follow","max-snippet":"max-snippet:-1","max-image-preview":"max-image-preview:large","max-video-preview":"max-video-preview:-1"},"canonical":"https:\/\/gazetetrafik.com\/en\/2022\/06\/19\/denetimler\/","og_locale":"en_US","og_type":"article","og_title":"Emniyet Genel M\u00fcd\u00fcrl\u00fc\u011f\u00fc 10-12 Haziran 2022 denetimler -","og_description":"Emniyet Genel M\u00fcd\u00fcrl\u00fc\u011f\u00fc 10-12 Haziran 2022 denetimler Trafik g\u00fcvenli\u011fi - Emniyet Genel M\u00fcd\u00fcrl\u00fc\u011f\u00fc 10-12 Haziran 2022 denetimler","og_url":"https:\/\/gazetetrafik.com\/en\/2022\/06\/19\/denetimler\/","article_published_time":"2022-06-19T10:44:16+00:00","article_modified_time":"2022-06-19T10:44:20+00:00","og_image":[{"width":546,"height":480,"url":"https:\/\/gazetetrafik.com\/wp-content\/uploads\/2022\/06\/denetimler-gazetetrafik.jpg","type":"image\/jpeg"}],"author":"Gazete Trafik","twitter_card":"summary_large_image","twitter_creator":"@TrafikGazete","twitter_site":"@TrafikGazete","twitter_misc":{"Written by":"Gazete Trafik","Est. reading time":"3 minutes"},"schema":{"@context":"https:\/\/schema.org","@graph":[{"@type":"Article","@id":"https:\/\/gazetetrafik.com\/2022\/06\/19\/denetimler\/#article","isPartOf":{"@id":"https:\/\/gazetetrafik.com\/2022\/06\/19\/denetimler\/"},"author":{"name":"Gazete Trafik","@id":"https:\/\/gazetetrafik.com\/#\/schema\/person\/2f75f4347719ee1b2a8ace54218ecab5"},"headline":"Emniyet Genel M\u00fcd\u00fcrl\u00fc\u011f\u00fc 10-12 Haziran 2022 denetimler","datePublished":"2022-06-19T10:44:16+00:00","dateModified":"2022-06-19T10:44:20+00:00","mainEntityOfPage":{"@id":"https:\/\/gazetetrafik.com\/2022\/06\/19\/denetimler\/"},"wordCount":445,"commentCount":0,"publisher":{"@id":"https:\/\/gazetetrafik.com\/#organization"},"image":{"@id":"https:\/\/gazetetrafik.com\/2022\/06\/19\/denetimler\/#primaryimage"},"thumbnailUrl":"https:\/\/gazetetrafik.com\/wp-content\/uploads\/2022\/06\/denetimler-gazetetrafik.jpg","keywords":["10-12 haziran 2022","Denetim","trafik g\u00fcvenli\u011fi"],"articleSection":["Trafik g\u00fcvenli\u011fi"],"inLanguage":"en-US","potentialAction":[{"@type":"CommentAction","name":"Comment","target":["https:\/\/gazetetrafik.com\/2022\/06\/19\/denetimler\/#respond"]}]},{"@type":"WebPage","@id":"https:\/\/gazetetrafik.com\/2022\/06\/19\/denetimler\/","url":"https:\/\/gazetetrafik.com\/2022\/06\/19\/denetimler\/","name":"Emniyet Genel M\u00fcd\u00fcrl\u00fc\u011f\u00fc 10-12 Haziran 2022 denetimler -","isPartOf":{"@id":"https:\/\/gazetetrafik.com\/#website"},"primaryImageOfPage":{"@id":"https:\/\/gazetetrafik.com\/2022\/06\/19\/denetimler\/#primaryimage"},"image":{"@id":"https:\/\/gazetetrafik.com\/2022\/06\/19\/denetimler\/#primaryimage"},"thumbnailUrl":"https:\/\/gazetetrafik.com\/wp-content\/uploads\/2022\/06\/denetimler-gazetetrafik.jpg","datePublished":"2022-06-19T10:44:16+00:00","dateModified":"2022-06-19T10:44:20+00:00","description":"Emniyet Genel M\u00fcd\u00fcrl\u00fc\u011f\u00fc 10-12 Haziran 2022 denetimler Trafik g\u00fcvenli\u011fi - Emniyet Genel M\u00fcd\u00fcrl\u00fc\u011f\u00fc 10-12 Haziran 2022 denetimler","breadcrumb":{"@id":"https:\/\/gazetetrafik.com\/2022\/06\/19\/denetimler\/#breadcrumb"},"inLanguage":"en-US","potentialAction":[{"@type":"ReadAction","target":["https:\/\/gazetetrafik.com\/2022\/06\/19\/denetimler\/"]}]},{"@type":"ImageObject","inLanguage":"en-US","@id":"https:\/\/gazetetrafik.com\/2022\/06\/19\/denetimler\/#primaryimage","url":"https:\/\/gazetetrafik.com\/wp-content\/uploads\/2022\/06\/denetimler-gazetetrafik.jpg","contentUrl":"https:\/\/gazetetrafik.com\/wp-content\/uploads\/2022\/06\/denetimler-gazetetrafik.jpg","width":546,"height":480,"caption":"10-12 haziran 2022 denetimler"},{"@type":"BreadcrumbList","@id":"https:\/\/gazetetrafik.com\/2022\/06\/19\/denetimler\/#breadcrumb","itemListElement":[{"@type":"ListItem","position":1,"name":"Anasayfa","item":"https:\/\/gazetetrafik.com\/"},{"@type":"ListItem","position":2,"name":"Emniyet Genel M\u00fcd\u00fcrl\u00fc\u011f\u00fc 10-12 Haziran 2022 denetimler"}]},{"@type":"WebSite","@id":"https:\/\/gazetetrafik.com\/#website","url":"https:\/\/gazetetrafik.com\/","name":"","description":"\u0130NSANA VE YA\u015eAM HAKKINA SAYGILI TRAF\u0130K HABER GAZETES\u0130","publisher":{"@id":"https:\/\/gazetetrafik.com\/#organization"},"potentialAction":[{"@type":"SearchAction","target":{"@type":"EntryPoint","urlTemplate":"https:\/\/gazetetrafik.com\/?s={search_term_string}"},"query-input":{"@type":"PropertyValueSpecification","valueRequired":true,"valueName":"search_term_string"}}],"inLanguage":"en-US"},{"@type":"Organization","@id":"https:\/\/gazetetrafik.com\/#organization","name":"Gazete Trafik","url":"https:\/\/gazetetrafik.com\/","logo":{"@type":"ImageObject","inLanguage":"en-US","@id":"https:\/\/gazetetrafik.com\/#\/schema\/logo\/image\/","url":"https:\/\/gazetetrafik.com\/wp-content\/uploads\/2022\/03\/cropped-logo.jpg","contentUrl":"https:\/\/gazetetrafik.com\/wp-content\/uploads\/2022\/03\/cropped-logo.jpg","width":800,"height":220,"caption":"Gazete Trafik"},"image":{"@id":"https:\/\/gazetetrafik.com\/#\/schema\/logo\/image\/"},"sameAs":["https:\/\/x.com\/TrafikGazete","https:\/\/www.instagram.com\/gazetetrafik\/"]},{"@type":"Person","@id":"https:\/\/gazetetrafik.com\/#\/schema\/person\/2f75f4347719ee1b2a8ace54218ecab5","name":"Gazete Trafik","image":{"@type":"ImageObject","inLanguage":"en-US","@id":"https:\/\/secure.gravatar.com\/avatar\/bff6a4bfd3845f68dabbeea43bcbf9f2651b5ab9a1aad1d9381a89e564d3d208?s=96&d=mm&r=g","url":"https:\/\/secure.gravatar.com\/avatar\/bff6a4bfd3845f68dabbeea43bcbf9f2651b5ab9a1aad1d9381a89e564d3d208?s=96&d=mm&r=g","contentUrl":"https:\/\/secure.gravatar.com\/avatar\/bff6a4bfd3845f68dabbeea43bcbf9f2651b5ab9a1aad1d9381a89e564d3d208?s=96&d=mm&r=g","caption":"Gazete Trafik"},"sameAs":["https:\/\/gazetetrafik.com"],"url":"https:\/\/gazetetrafik.com\/en\/author\/gazete-trafik\/"}]}},"_links":{"self":[{"href":"https:\/\/gazetetrafik.com\/en\/wp-json\/wp\/v2\/posts\/525","targetHints":{"allow":["GET"]}}],"collection":[{"href":"https:\/\/gazetetrafik.com\/en\/wp-json\/wp\/v2\/posts"}],"about":[{"href":"https:\/\/gazetetrafik.com\/en\/wp-json\/wp\/v2\/types\/post"}],"author":[{"embeddable":true,"href":"https:\/\/gazetetrafik.com\/en\/wp-json\/wp\/v2\/users\/1"}],"replies":[{"embeddable":true,"href":"https:\/\/gazetetrafik.com\/en\/wp-json\/wp\/v2\/comments?post=525"}],"version-history":[{"count":1,"href":"https:\/\/gazetetrafik.com\/en\/wp-json\/wp\/v2\/posts\/525\/revisions"}],"predecessor-version":[{"id":529,"href":"https:\/\/gazetetrafik.com\/en\/wp-json\/wp\/v2\/posts\/525\/revisions\/529"}],"wp:featuredmedia":[{"embeddable":true,"href":"https:\/\/gazetetrafik.com\/en\/wp-json\/wp\/v2\/media\/528"}],"wp:attachment":[{"href":"https:\/\/gazetetrafik.com\/en\/wp-json\/wp\/v2\/media?parent=525"}],"wp:term":[{"taxonomy":"category","embeddable":true,"href":"https:\/\/gazetetrafik.com\/en\/wp-json\/wp\/v2\/categories?post=525"},{"taxonomy":"post_tag","embeddable":true,"href":"https:\/\/gazetetrafik.com\/en\/wp-json\/wp\/v2\/tags?post=525"}],"curies":[{"name":"wp","href":"https:\/\/api.w.org\/{rel}","templated":true}]}}