{"id":619,"date":"2022-10-12T22:35:50","date_gmt":"2022-10-12T19:35:50","guid":{"rendered":"https:\/\/gazetetrafik.com\/?p=619"},"modified":"2022-10-12T22:35:55","modified_gmt":"2022-10-12T19:35:55","slug":"otomatik-taslaktrafik-carpismasi","status":"publish","type":"post","link":"https:\/\/gazetetrafik.com\/en\/2022\/10\/12\/otomatik-taslaktrafik-carpismasi\/","title":{"rendered":"Eyl\u00fcl 2022 &#8216;de 43.734 trafik \u00e7arp\u0131\u015fmas\u0131 meydana geldi"},"content":{"rendered":"<p>Emniyet Genel M\u00fcd\u00fcrl\u00fc\u011f\u00fc istatistiklerine g\u00f6re 2022 y\u0131l\u0131 ilk 9 ay\u0131nda yurt genelinde, \u00a0357.931 trafik \u00e7arp\u0131\u015fmas\u0131 meydana gelmi\u015f. 9 ayda 1.683 ki\u015fi olay yerinde hayat\u0131n\u0131 kaybetmi\u015f, 217.328 ki\u015fi de yaralanm\u0131\u015f.<\/p>\n\n\n\n<p>Eyl\u00fcl 2022 de toplam 43.734 trafik \u00e7arp\u0131\u015fmas\u0131 meydana gelmi\u015f. 214 ki\u015fi olay yerinde hayat\u0131n\u0131 kaybetmi\u015f. 27.611 ki\u015fi eyl\u00fcl 2022 de meydana gelen trafik \u00e7arp\u0131\u015fmalar\u0131nda yaralanm\u0131\u015f.<\/p>\n\n\n\n<p><strong>\u00d6l\u00fcml\u00fc yaralanmal\u0131 trafik \u00e7arp\u0131\u015fmalar\u0131nda kusur oranlar\u0131i eyl\u00fcl 2022 de yine de\u011fi\u015fmemi\u015f.<\/strong><\/p>\n\n\n\n<ul class=\"wp-block-list\"><li>S\u00fcr\u00fcc\u00fc 18.775\u00a0<\/li><li>Yaya 2.111<\/li><li>Ara\u00e7 \u00a0518<\/li><\/ul>\n\n\n\n<p><strong>\u00d6l\u00fcml\u00fc yaralanmal\u0131 trafik \u00e7arp\u0131\u015fmalar\u0131n\u0131n olu\u015f \u015fekline g\u00f6re s\u0131ralamas\u0131 da Eyl\u00fcl 2022 de de\u011fi\u015fmedi. H\u0131z yine ana etken.\u00a0<\/strong><\/p>\n\n\n\n<ul class=\"wp-block-list\"><li>Yandan \u00e7arpma 6.006 \u00a0\u00a0<\/li><li>Yayaya \u00e7arpma 3.265<\/li><li>Devrilme savrulma takla atma 2.277<\/li><\/ul>\n\n\n\n<figure class=\"wp-block-gallery has-nested-images columns-default is-cropped wp-block-gallery-1 is-layout-flex wp-block-gallery-is-layout-flex\">\n<figure class=\"wp-block-image size-large\"><img loading=\"lazy\" decoding=\"async\" width=\"480\" height=\"640\" data-id=\"620\" src=\"https:\/\/gazetetrafik.com\/wp-content\/uploads\/2022\/10\/2022-eylul.jpg\" alt=\"\" class=\"wp-image-620\" srcset=\"https:\/\/gazetetrafik.com\/wp-content\/uploads\/2022\/10\/2022-eylul.jpg 480w, https:\/\/gazetetrafik.com\/wp-content\/uploads\/2022\/10\/2022-eylul-225x300.jpg 225w, https:\/\/gazetetrafik.com\/wp-content\/uploads\/2022\/10\/2022-eylul-9x12.jpg 9w\" sizes=\"auto, (max-width: 480px) 100vw, 480px\" \/><\/figure>\n<\/figure>\n\n\n\n<p><strong>Eyl\u00fcl 2022 de, olay yerinde en fazla \u00f6l\u00fcm ya\u015fanan iller\u00a0<\/strong><\/p>\n\n\n\n<ul class=\"wp-block-list\"><li>Antalya 17 ki\u015fi<\/li><li>\u0130zmir 15 ki\u015fi<\/li><li>Ankara 11 ki\u015fi<\/li><\/ul>\n\n\n\n<p><strong>\u00d6l\u00fcml\u00fc yaralanmal\u0131 trafik \u00e7arp\u0131\u015fmalar\u0131na kar\u0131\u015fan ara\u00e7lar<\/strong><\/p>\n\n\n\n<ul class=\"wp-block-list\"><li>Bisiklet 987<\/li><li>Otomobil 14.634<\/li><li>Motosiklet 5.792<\/li><li>Kamyonet 4.183<\/li><\/ul>\n\n\n\n<p><strong>Eyl\u00fcl 2022 de 125.856 ara\u00e7 trafikten men edildi.<\/strong><\/p>","protected":false},"excerpt":{"rendered":"<p>Emniyet Genel M\u00fcd\u00fcrl\u00fc\u011f\u00fc istatistiklerine g\u00f6re 2022 y\u0131l\u0131 ilk 9 ay\u0131nda yurt genelinde, \u00a0357.931 trafik \u00e7arp\u0131\u015fmas\u0131&#8230;<\/p>","protected":false},"author":1,"featured_media":621,"comment_status":"open","ping_status":"open","sticky":false,"template":"","format":"standard","meta":{"footnotes":""},"categories":[1,20],"tags":[124,131],"class_list":["post-619","post","type-post","status-publish","format-standard","has-post-thumbnail","hentry","category-genel","category-trafik-carpismalari","tag-eylul-2022","tag-istatistikler"],"yoast_head":"<!-- This site is optimized with the Yoast SEO plugin v27.5 - https:\/\/yoast.com\/product\/yoast-seo-wordpress\/ -->\n<title>Eyl\u00fcl 2022 &#039;de 43.734 trafik \u00e7arp\u0131\u015fmas\u0131 meydana geldi -<\/title>\n<meta name=\"description\" content=\"Eyl\u00fcl 2022 &#039;de 43.734 trafik \u00e7arp\u0131\u015fmas\u0131 meydana geldi Trafik \u00e7arp\u0131\u015fmalar\u0131 Eyl\u00fcl 2022 &#039;de 43.734 trafik \u00e7arp\u0131\u015fmas\u0131 meydana geldi\" \/>\n<meta name=\"robots\" content=\"index, follow, max-snippet:-1, max-image-preview:large, max-video-preview:-1\" \/>\n<link rel=\"canonical\" href=\"https:\/\/gazetetrafik.com\/en\/2022\/10\/12\/otomatik-taslaktrafik-carpismasi\/\" \/>\n<meta property=\"og:locale\" content=\"en_US\" \/>\n<meta property=\"og:type\" content=\"article\" \/>\n<meta property=\"og:title\" content=\"Eyl\u00fcl 2022 &#039;de 43.734 trafik \u00e7arp\u0131\u015fmas\u0131 meydana geldi -\" \/>\n<meta property=\"og:description\" content=\"Eyl\u00fcl 2022 &#039;de 43.734 trafik \u00e7arp\u0131\u015fmas\u0131 meydana geldi Trafik \u00e7arp\u0131\u015fmalar\u0131 Eyl\u00fcl 2022 &#039;de 43.734 trafik \u00e7arp\u0131\u015fmas\u0131 meydana geldi\" \/>\n<meta property=\"og:url\" content=\"https:\/\/gazetetrafik.com\/en\/2022\/10\/12\/otomatik-taslaktrafik-carpismasi\/\" \/>\n<meta property=\"article:published_time\" content=\"2022-10-12T19:35:50+00:00\" \/>\n<meta property=\"article:modified_time\" content=\"2022-10-12T19:35:55+00:00\" \/>\n<meta property=\"og:image\" content=\"https:\/\/gazetetrafik.com\/wp-content\/uploads\/2022\/10\/EGM-eylul-gazetetrafik.jpg\" \/>\n\t<meta property=\"og:image:width\" content=\"609\" \/>\n\t<meta property=\"og:image:height\" content=\"539\" \/>\n\t<meta property=\"og:image:type\" content=\"image\/jpeg\" \/>\n<meta name=\"author\" content=\"Gazete Trafik\" \/>\n<meta name=\"twitter:card\" content=\"summary_large_image\" \/>\n<meta name=\"twitter:creator\" content=\"@TrafikGazete\" \/>\n<meta name=\"twitter:site\" content=\"@TrafikGazete\" \/>\n<meta name=\"twitter:label1\" content=\"Written by\" \/>\n\t<meta name=\"twitter:data1\" content=\"Gazete Trafik\" \/>\n\t<meta name=\"twitter:label2\" content=\"Est. reading time\" \/>\n\t<meta name=\"twitter:data2\" content=\"2 minutes\" \/>\n<script type=\"application\/ld+json\" class=\"yoast-schema-graph\">{\"@context\":\"https:\\\/\\\/schema.org\",\"@graph\":[{\"@type\":\"Article\",\"@id\":\"https:\\\/\\\/gazetetrafik.com\\\/2022\\\/10\\\/12\\\/otomatik-taslaktrafik-carpismasi\\\/#article\",\"isPartOf\":{\"@id\":\"https:\\\/\\\/gazetetrafik.com\\\/2022\\\/10\\\/12\\\/otomatik-taslaktrafik-carpismasi\\\/\"},\"author\":{\"name\":\"Gazete Trafik\",\"@id\":\"https:\\\/\\\/gazetetrafik.com\\\/#\\\/schema\\\/person\\\/2f75f4347719ee1b2a8ace54218ecab5\"},\"headline\":\"Eyl\u00fcl 2022 &#8216;de 43.734 trafik \u00e7arp\u0131\u015fmas\u0131 meydana geldi\",\"datePublished\":\"2022-10-12T19:35:50+00:00\",\"dateModified\":\"2022-10-12T19:35:55+00:00\",\"mainEntityOfPage\":{\"@id\":\"https:\\\/\\\/gazetetrafik.com\\\/2022\\\/10\\\/12\\\/otomatik-taslaktrafik-carpismasi\\\/\"},\"wordCount\":167,\"commentCount\":0,\"publisher\":{\"@id\":\"https:\\\/\\\/gazetetrafik.com\\\/#organization\"},\"image\":{\"@id\":\"https:\\\/\\\/gazetetrafik.com\\\/2022\\\/10\\\/12\\\/otomatik-taslaktrafik-carpismasi\\\/#primaryimage\"},\"thumbnailUrl\":\"https:\\\/\\\/gazetetrafik.com\\\/wp-content\\\/uploads\\\/2022\\\/10\\\/EGM-eylul-gazetetrafik.jpg\",\"keywords\":[\"Eyl\u00fcl 2022\",\"\u0130statistikler\"],\"articleSection\":[\"Genel\",\"Trafik \u00e7arp\u0131\u015fmalar\u0131\"],\"inLanguage\":\"en-US\",\"potentialAction\":[{\"@type\":\"CommentAction\",\"name\":\"Comment\",\"target\":[\"https:\\\/\\\/gazetetrafik.com\\\/2022\\\/10\\\/12\\\/otomatik-taslaktrafik-carpismasi\\\/#respond\"]}]},{\"@type\":\"WebPage\",\"@id\":\"https:\\\/\\\/gazetetrafik.com\\\/2022\\\/10\\\/12\\\/otomatik-taslaktrafik-carpismasi\\\/\",\"url\":\"https:\\\/\\\/gazetetrafik.com\\\/2022\\\/10\\\/12\\\/otomatik-taslaktrafik-carpismasi\\\/\",\"name\":\"Eyl\u00fcl 2022 'de 43.734 trafik \u00e7arp\u0131\u015fmas\u0131 meydana geldi -\",\"isPartOf\":{\"@id\":\"https:\\\/\\\/gazetetrafik.com\\\/#website\"},\"primaryImageOfPage\":{\"@id\":\"https:\\\/\\\/gazetetrafik.com\\\/2022\\\/10\\\/12\\\/otomatik-taslaktrafik-carpismasi\\\/#primaryimage\"},\"image\":{\"@id\":\"https:\\\/\\\/gazetetrafik.com\\\/2022\\\/10\\\/12\\\/otomatik-taslaktrafik-carpismasi\\\/#primaryimage\"},\"thumbnailUrl\":\"https:\\\/\\\/gazetetrafik.com\\\/wp-content\\\/uploads\\\/2022\\\/10\\\/EGM-eylul-gazetetrafik.jpg\",\"datePublished\":\"2022-10-12T19:35:50+00:00\",\"dateModified\":\"2022-10-12T19:35:55+00:00\",\"description\":\"Eyl\u00fcl 2022 'de 43.734 trafik \u00e7arp\u0131\u015fmas\u0131 meydana geldi Trafik \u00e7arp\u0131\u015fmalar\u0131 Eyl\u00fcl 2022 'de 43.734 trafik \u00e7arp\u0131\u015fmas\u0131 meydana geldi\",\"breadcrumb\":{\"@id\":\"https:\\\/\\\/gazetetrafik.com\\\/2022\\\/10\\\/12\\\/otomatik-taslaktrafik-carpismasi\\\/#breadcrumb\"},\"inLanguage\":\"en-US\",\"potentialAction\":[{\"@type\":\"ReadAction\",\"target\":[\"https:\\\/\\\/gazetetrafik.com\\\/2022\\\/10\\\/12\\\/otomatik-taslaktrafik-carpismasi\\\/\"]}]},{\"@type\":\"ImageObject\",\"inLanguage\":\"en-US\",\"@id\":\"https:\\\/\\\/gazetetrafik.com\\\/2022\\\/10\\\/12\\\/otomatik-taslaktrafik-carpismasi\\\/#primaryimage\",\"url\":\"https:\\\/\\\/gazetetrafik.com\\\/wp-content\\\/uploads\\\/2022\\\/10\\\/EGM-eylul-gazetetrafik.jpg\",\"contentUrl\":\"https:\\\/\\\/gazetetrafik.com\\\/wp-content\\\/uploads\\\/2022\\\/10\\\/EGM-eylul-gazetetrafik.jpg\",\"width\":609,\"height\":539,\"caption\":\"EGM eyl\u00fcl istatistikleri\"},{\"@type\":\"BreadcrumbList\",\"@id\":\"https:\\\/\\\/gazetetrafik.com\\\/2022\\\/10\\\/12\\\/otomatik-taslaktrafik-carpismasi\\\/#breadcrumb\",\"itemListElement\":[{\"@type\":\"ListItem\",\"position\":1,\"name\":\"Anasayfa\",\"item\":\"https:\\\/\\\/gazetetrafik.com\\\/\"},{\"@type\":\"ListItem\",\"position\":2,\"name\":\"Eyl\u00fcl 2022 &#8216;de 43.734 trafik \u00e7arp\u0131\u015fmas\u0131 meydana geldi\"}]},{\"@type\":\"WebSite\",\"@id\":\"https:\\\/\\\/gazetetrafik.com\\\/#website\",\"url\":\"https:\\\/\\\/gazetetrafik.com\\\/\",\"name\":\"\",\"description\":\"\u0130NSANA VE YA\u015eAM HAKKINA SAYGILI TRAF\u0130K HABER GAZETES\u0130\",\"publisher\":{\"@id\":\"https:\\\/\\\/gazetetrafik.com\\\/#organization\"},\"potentialAction\":[{\"@type\":\"SearchAction\",\"target\":{\"@type\":\"EntryPoint\",\"urlTemplate\":\"https:\\\/\\\/gazetetrafik.com\\\/?s={search_term_string}\"},\"query-input\":{\"@type\":\"PropertyValueSpecification\",\"valueRequired\":true,\"valueName\":\"search_term_string\"}}],\"inLanguage\":\"en-US\"},{\"@type\":\"Organization\",\"@id\":\"https:\\\/\\\/gazetetrafik.com\\\/#organization\",\"name\":\"Gazete Trafik\",\"url\":\"https:\\\/\\\/gazetetrafik.com\\\/\",\"logo\":{\"@type\":\"ImageObject\",\"inLanguage\":\"en-US\",\"@id\":\"https:\\\/\\\/gazetetrafik.com\\\/#\\\/schema\\\/logo\\\/image\\\/\",\"url\":\"https:\\\/\\\/gazetetrafik.com\\\/wp-content\\\/uploads\\\/2022\\\/03\\\/cropped-logo.jpg\",\"contentUrl\":\"https:\\\/\\\/gazetetrafik.com\\\/wp-content\\\/uploads\\\/2022\\\/03\\\/cropped-logo.jpg\",\"width\":800,\"height\":220,\"caption\":\"Gazete Trafik\"},\"image\":{\"@id\":\"https:\\\/\\\/gazetetrafik.com\\\/#\\\/schema\\\/logo\\\/image\\\/\"},\"sameAs\":[\"https:\\\/\\\/x.com\\\/TrafikGazete\",\"https:\\\/\\\/www.instagram.com\\\/gazetetrafik\\\/\"]},{\"@type\":\"Person\",\"@id\":\"https:\\\/\\\/gazetetrafik.com\\\/#\\\/schema\\\/person\\\/2f75f4347719ee1b2a8ace54218ecab5\",\"name\":\"Gazete Trafik\",\"image\":{\"@type\":\"ImageObject\",\"inLanguage\":\"en-US\",\"@id\":\"https:\\\/\\\/secure.gravatar.com\\\/avatar\\\/bff6a4bfd3845f68dabbeea43bcbf9f2651b5ab9a1aad1d9381a89e564d3d208?s=96&d=mm&r=g\",\"url\":\"https:\\\/\\\/secure.gravatar.com\\\/avatar\\\/bff6a4bfd3845f68dabbeea43bcbf9f2651b5ab9a1aad1d9381a89e564d3d208?s=96&d=mm&r=g\",\"contentUrl\":\"https:\\\/\\\/secure.gravatar.com\\\/avatar\\\/bff6a4bfd3845f68dabbeea43bcbf9f2651b5ab9a1aad1d9381a89e564d3d208?s=96&d=mm&r=g\",\"caption\":\"Gazete Trafik\"},\"sameAs\":[\"https:\\\/\\\/gazetetrafik.com\"],\"url\":\"https:\\\/\\\/gazetetrafik.com\\\/en\\\/author\\\/gazete-trafik\\\/\"}]}<\/script>\n<!-- \/ Yoast SEO plugin. -->","yoast_head_json":{"title":"Eyl\u00fcl 2022 'de 43.734 trafik \u00e7arp\u0131\u015fmas\u0131 meydana geldi -","description":"Eyl\u00fcl 2022 'de 43.734 trafik \u00e7arp\u0131\u015fmas\u0131 meydana geldi Trafik \u00e7arp\u0131\u015fmalar\u0131 Eyl\u00fcl 2022 'de 43.734 trafik \u00e7arp\u0131\u015fmas\u0131 meydana geldi","robots":{"index":"index","follow":"follow","max-snippet":"max-snippet:-1","max-image-preview":"max-image-preview:large","max-video-preview":"max-video-preview:-1"},"canonical":"https:\/\/gazetetrafik.com\/en\/2022\/10\/12\/otomatik-taslaktrafik-carpismasi\/","og_locale":"en_US","og_type":"article","og_title":"Eyl\u00fcl 2022 'de 43.734 trafik \u00e7arp\u0131\u015fmas\u0131 meydana geldi -","og_description":"Eyl\u00fcl 2022 'de 43.734 trafik \u00e7arp\u0131\u015fmas\u0131 meydana geldi Trafik \u00e7arp\u0131\u015fmalar\u0131 Eyl\u00fcl 2022 'de 43.734 trafik \u00e7arp\u0131\u015fmas\u0131 meydana geldi","og_url":"https:\/\/gazetetrafik.com\/en\/2022\/10\/12\/otomatik-taslaktrafik-carpismasi\/","article_published_time":"2022-10-12T19:35:50+00:00","article_modified_time":"2022-10-12T19:35:55+00:00","og_image":[{"width":609,"height":539,"url":"https:\/\/gazetetrafik.com\/wp-content\/uploads\/2022\/10\/EGM-eylul-gazetetrafik.jpg","type":"image\/jpeg"}],"author":"Gazete Trafik","twitter_card":"summary_large_image","twitter_creator":"@TrafikGazete","twitter_site":"@TrafikGazete","twitter_misc":{"Written by":"Gazete Trafik","Est. reading time":"2 minutes"},"schema":{"@context":"https:\/\/schema.org","@graph":[{"@type":"Article","@id":"https:\/\/gazetetrafik.com\/2022\/10\/12\/otomatik-taslaktrafik-carpismasi\/#article","isPartOf":{"@id":"https:\/\/gazetetrafik.com\/2022\/10\/12\/otomatik-taslaktrafik-carpismasi\/"},"author":{"name":"Gazete Trafik","@id":"https:\/\/gazetetrafik.com\/#\/schema\/person\/2f75f4347719ee1b2a8ace54218ecab5"},"headline":"Eyl\u00fcl 2022 &#8216;de 43.734 trafik \u00e7arp\u0131\u015fmas\u0131 meydana geldi","datePublished":"2022-10-12T19:35:50+00:00","dateModified":"2022-10-12T19:35:55+00:00","mainEntityOfPage":{"@id":"https:\/\/gazetetrafik.com\/2022\/10\/12\/otomatik-taslaktrafik-carpismasi\/"},"wordCount":167,"commentCount":0,"publisher":{"@id":"https:\/\/gazetetrafik.com\/#organization"},"image":{"@id":"https:\/\/gazetetrafik.com\/2022\/10\/12\/otomatik-taslaktrafik-carpismasi\/#primaryimage"},"thumbnailUrl":"https:\/\/gazetetrafik.com\/wp-content\/uploads\/2022\/10\/EGM-eylul-gazetetrafik.jpg","keywords":["Eyl\u00fcl 2022","\u0130statistikler"],"articleSection":["Genel","Trafik \u00e7arp\u0131\u015fmalar\u0131"],"inLanguage":"en-US","potentialAction":[{"@type":"CommentAction","name":"Comment","target":["https:\/\/gazetetrafik.com\/2022\/10\/12\/otomatik-taslaktrafik-carpismasi\/#respond"]}]},{"@type":"WebPage","@id":"https:\/\/gazetetrafik.com\/2022\/10\/12\/otomatik-taslaktrafik-carpismasi\/","url":"https:\/\/gazetetrafik.com\/2022\/10\/12\/otomatik-taslaktrafik-carpismasi\/","name":"Eyl\u00fcl 2022 'de 43.734 trafik \u00e7arp\u0131\u015fmas\u0131 meydana geldi -","isPartOf":{"@id":"https:\/\/gazetetrafik.com\/#website"},"primaryImageOfPage":{"@id":"https:\/\/gazetetrafik.com\/2022\/10\/12\/otomatik-taslaktrafik-carpismasi\/#primaryimage"},"image":{"@id":"https:\/\/gazetetrafik.com\/2022\/10\/12\/otomatik-taslaktrafik-carpismasi\/#primaryimage"},"thumbnailUrl":"https:\/\/gazetetrafik.com\/wp-content\/uploads\/2022\/10\/EGM-eylul-gazetetrafik.jpg","datePublished":"2022-10-12T19:35:50+00:00","dateModified":"2022-10-12T19:35:55+00:00","description":"Eyl\u00fcl 2022 'de 43.734 trafik \u00e7arp\u0131\u015fmas\u0131 meydana geldi Trafik \u00e7arp\u0131\u015fmalar\u0131 Eyl\u00fcl 2022 'de 43.734 trafik \u00e7arp\u0131\u015fmas\u0131 meydana geldi","breadcrumb":{"@id":"https:\/\/gazetetrafik.com\/2022\/10\/12\/otomatik-taslaktrafik-carpismasi\/#breadcrumb"},"inLanguage":"en-US","potentialAction":[{"@type":"ReadAction","target":["https:\/\/gazetetrafik.com\/2022\/10\/12\/otomatik-taslaktrafik-carpismasi\/"]}]},{"@type":"ImageObject","inLanguage":"en-US","@id":"https:\/\/gazetetrafik.com\/2022\/10\/12\/otomatik-taslaktrafik-carpismasi\/#primaryimage","url":"https:\/\/gazetetrafik.com\/wp-content\/uploads\/2022\/10\/EGM-eylul-gazetetrafik.jpg","contentUrl":"https:\/\/gazetetrafik.com\/wp-content\/uploads\/2022\/10\/EGM-eylul-gazetetrafik.jpg","width":609,"height":539,"caption":"EGM eyl\u00fcl istatistikleri"},{"@type":"BreadcrumbList","@id":"https:\/\/gazetetrafik.com\/2022\/10\/12\/otomatik-taslaktrafik-carpismasi\/#breadcrumb","itemListElement":[{"@type":"ListItem","position":1,"name":"Anasayfa","item":"https:\/\/gazetetrafik.com\/"},{"@type":"ListItem","position":2,"name":"Eyl\u00fcl 2022 &#8216;de 43.734 trafik \u00e7arp\u0131\u015fmas\u0131 meydana geldi"}]},{"@type":"WebSite","@id":"https:\/\/gazetetrafik.com\/#website","url":"https:\/\/gazetetrafik.com\/","name":"","description":"\u0130NSANA VE YA\u015eAM HAKKINA SAYGILI TRAF\u0130K HABER GAZETES\u0130","publisher":{"@id":"https:\/\/gazetetrafik.com\/#organization"},"potentialAction":[{"@type":"SearchAction","target":{"@type":"EntryPoint","urlTemplate":"https:\/\/gazetetrafik.com\/?s={search_term_string}"},"query-input":{"@type":"PropertyValueSpecification","valueRequired":true,"valueName":"search_term_string"}}],"inLanguage":"en-US"},{"@type":"Organization","@id":"https:\/\/gazetetrafik.com\/#organization","name":"Gazete Trafik","url":"https:\/\/gazetetrafik.com\/","logo":{"@type":"ImageObject","inLanguage":"en-US","@id":"https:\/\/gazetetrafik.com\/#\/schema\/logo\/image\/","url":"https:\/\/gazetetrafik.com\/wp-content\/uploads\/2022\/03\/cropped-logo.jpg","contentUrl":"https:\/\/gazetetrafik.com\/wp-content\/uploads\/2022\/03\/cropped-logo.jpg","width":800,"height":220,"caption":"Gazete Trafik"},"image":{"@id":"https:\/\/gazetetrafik.com\/#\/schema\/logo\/image\/"},"sameAs":["https:\/\/x.com\/TrafikGazete","https:\/\/www.instagram.com\/gazetetrafik\/"]},{"@type":"Person","@id":"https:\/\/gazetetrafik.com\/#\/schema\/person\/2f75f4347719ee1b2a8ace54218ecab5","name":"Gazete Trafik","image":{"@type":"ImageObject","inLanguage":"en-US","@id":"https:\/\/secure.gravatar.com\/avatar\/bff6a4bfd3845f68dabbeea43bcbf9f2651b5ab9a1aad1d9381a89e564d3d208?s=96&d=mm&r=g","url":"https:\/\/secure.gravatar.com\/avatar\/bff6a4bfd3845f68dabbeea43bcbf9f2651b5ab9a1aad1d9381a89e564d3d208?s=96&d=mm&r=g","contentUrl":"https:\/\/secure.gravatar.com\/avatar\/bff6a4bfd3845f68dabbeea43bcbf9f2651b5ab9a1aad1d9381a89e564d3d208?s=96&d=mm&r=g","caption":"Gazete Trafik"},"sameAs":["https:\/\/gazetetrafik.com"],"url":"https:\/\/gazetetrafik.com\/en\/author\/gazete-trafik\/"}]}},"_links":{"self":[{"href":"https:\/\/gazetetrafik.com\/en\/wp-json\/wp\/v2\/posts\/619","targetHints":{"allow":["GET"]}}],"collection":[{"href":"https:\/\/gazetetrafik.com\/en\/wp-json\/wp\/v2\/posts"}],"about":[{"href":"https:\/\/gazetetrafik.com\/en\/wp-json\/wp\/v2\/types\/post"}],"author":[{"embeddable":true,"href":"https:\/\/gazetetrafik.com\/en\/wp-json\/wp\/v2\/users\/1"}],"replies":[{"embeddable":true,"href":"https:\/\/gazetetrafik.com\/en\/wp-json\/wp\/v2\/comments?post=619"}],"version-history":[{"count":1,"href":"https:\/\/gazetetrafik.com\/en\/wp-json\/wp\/v2\/posts\/619\/revisions"}],"predecessor-version":[{"id":622,"href":"https:\/\/gazetetrafik.com\/en\/wp-json\/wp\/v2\/posts\/619\/revisions\/622"}],"wp:featuredmedia":[{"embeddable":true,"href":"https:\/\/gazetetrafik.com\/en\/wp-json\/wp\/v2\/media\/621"}],"wp:attachment":[{"href":"https:\/\/gazetetrafik.com\/en\/wp-json\/wp\/v2\/media?parent=619"}],"wp:term":[{"taxonomy":"category","embeddable":true,"href":"https:\/\/gazetetrafik.com\/en\/wp-json\/wp\/v2\/categories?post=619"},{"taxonomy":"post_tag","embeddable":true,"href":"https:\/\/gazetetrafik.com\/en\/wp-json\/wp\/v2\/tags?post=619"}],"curies":[{"name":"wp","href":"https:\/\/api.w.org\/{rel}","templated":true}]}}