{"id":662,"date":"2022-11-07T12:25:24","date_gmt":"2022-11-07T09:25:24","guid":{"rendered":"https:\/\/gazetetrafik.com\/?p=662"},"modified":"2022-11-07T12:25:28","modified_gmt":"2022-11-07T09:25:28","slug":"deniz-hatti","status":"publish","type":"post","link":"https:\/\/gazetetrafik.com\/en\/2022\/11\/07\/deniz-hatti\/","title":{"rendered":"\u0130stanbul\u2019da 7 yeni deniz hatt\u0131 seferleri ba\u015flad\u0131"},"content":{"rendered":"<p>\u0130stanbul \u015eehir Hatlar\u0131nda Marmara Denizi, \u0130stanbul Bo\u011faz\u0131 ve Hali\u00e7&#8217;te yeni deniz hatt\u0131 seferleri ba\u015flad\u0131. \u00a0\u00a0Kas\u0131m&#8217;dan itibaren deniz hatlar\u0131na ya da deniz hatlar\u0131ndan yap\u0131lan t\u00fcm aktarmalar y\u00fczde 50 indirimli olacak.<\/p>\n\n\n\n<h2 class=\"wp-block-heading\">Yeni hatlar\u0131n \u00fccretleri <\/h2>\n\n\n\n<ul class=\"wp-block-list\">\n<li>Kad\u0131k\u00f6y-Kas\u0131mpa\u015fa-Fener-S\u00fctl\u00fcce-Ey\u00fcp hatt\u0131 11,50 lira,<\/li>\n\n\n\n<li>Avc\u0131lar-Bak\u0131rk\u00f6y-Kad\u0131k\u00f6y hatt\u0131nda 28,74 lira,<\/li>\n\n\n\n<li>Avc\u0131lar-Bostanc\u0131 hatt\u0131nda 31,85 lira,<\/li>\n\n\n\n<li>Maltepe-B\u00fcy\u00fckada-Heybeliada-Burgazada-K\u0131nal\u0131ada hatt\u0131nda 21,90 lira,<\/li>\n\n\n\n<li>\u00c7engelk\u00f6y-Kabata\u015f hatt\u0131nda 9,47 lira,<\/li>\n\n\n\n<li>Be\u015fikta\u015f-Kabata\u015f-Karak\u00f6y-Kas\u0131mpa\u015fa-S\u00fctl\u00fcce-Ey\u00fcp hatt\u0131nda 11,50 lira,<\/li>\n\n\n\n<li>Bostanc\u0131-Caddebostan-Moda-Kad\u0131k\u00f6y-Kabata\u015f hatt\u0131nda 11,50 lira. <\/li>\n<\/ul>\n\n\n\n<h2 class=\"wp-block-heading\">Yeni hatlar\u0131n s\u00fcreleri<\/h2>\n\n\n\n<p><strong>KADIK\u00d6Y &#8211; KASIMPA\u015eA &#8211; FENER &#8211; S\u00dcTL\u00dcCE &#8211; EY\u00dcP HATTI<\/strong><\/p>\n\n\n\n<p>Sefer s\u00fcresi 50 dakika olarak \u00f6ng\u00f6r\u00fclen Kad\u0131k\u00f6y &#8211; Kas\u0131mpa\u015fa &#8211; Fener &#8211; S\u00fctl\u00fcce &#8211; Ey\u00fcp Hatt\u0131nda, her saat ba\u015f\u0131 olacak \u015fekilde g\u00fcnl\u00fck 24 sefer yap\u0131lmas\u0131 planlan\u0131yor.<\/p>\n\n\n\n<p><strong>BE\u015e\u0130KTA\u015e \u2013 KABATA\u015e \u2013 KARAK\u00d6Y \u2013 KASIMPA\u015eA \u2013 S\u00dcTL\u00dcCE \u2013 EY\u00dcP HATTI<\/strong><\/p>\n\n\n\n<p>Sefer s\u00fcresi 50 dakika olarak \u00f6ng\u00f6r\u00fclen Be\u015fikta\u015f &#8211; Kabata\u015f &#8211; Karak\u00f6y &#8211; Kas\u0131mpa\u015fa &#8211; S\u00fctl\u00fcce &#8211; Ey\u00fcp Hatt\u0131nda g\u00fcnl\u00fck 12 sefer yap\u0131lmas\u0131 planlan\u0131yor.<\/p>\n\n\n\n<p><strong>MALTEPE \u2013 B\u00dcY\u00dcKADA \u2013 HEYBEL\u0130ADA \u2013 BURGAZADA \u2013 KINALIADA HATTI<\/strong><\/p>\n\n\n\n<p>Sefer s\u00fcresi 1 saat 5 dakika olarak \u00f6ng\u00f6r\u00fclen Maltepe &#8211; B\u00fcy\u00fckada &#8211; Heybeliada &#8211; Burgazada &#8211; K\u0131nal\u0131ada Hatt\u0131nda g\u00fcnl\u00fck 24 sefer yap\u0131lmas\u0131 planlan\u0131yor.<\/p>\n\n\n\n<p><strong>\u00c7ENGELK\u00d6Y \u2013 KABATA\u015e HATTI<\/strong><\/p>\n\n\n\n<p>Sefer s\u00fcresi 20 dakika olarak \u00f6ng\u00f6r\u00fclen \u00c7engelk\u00f6y &#8211; Kabata\u015f Hatt\u0131nda g\u00fcnl\u00fck 24 sefer yap\u0131lmas\u0131 planlan\u0131yor.<\/p>\n\n\n\n<p><strong>BOSTANCI \u2013 MODA \u2013 KADIK\u00d6Y \u2013 KABATA\u015e HATTI<\/strong><\/p>\n\n\n\n<p>Sefer s\u00fcresi 1 saat 10 dakika olarak \u00f6ng\u00f6r\u00fclen Bostanc\u0131 &#8211; Moda &#8211; Kad\u0131k\u00f6y &#8211; Kabata\u015f Hatt\u0131nda g\u00fcnl\u00fck 10 sefer yap\u0131lmas\u0131 planlan\u0131yor.<\/p>\n\n\n\n<p><strong>AVCILAR \u2013 BAKIRK\u00d6Y \u2013 KADIK\u00d6Y HATTI<\/strong><\/p>\n\n\n\n<p>Sefer s\u00fcresi 50 dakika olarak \u00f6ng\u00f6r\u00fclen Avc\u0131lar &#8211; Bak\u0131rk\u00f6y &#8211; Kad\u0131k\u00f6y Hatt\u0131 g\u00fcnl\u00fck 24 sefer yap\u0131lmas\u0131 planlan\u0131yor.<\/p>\n\n\n\n<p><strong>AVCILAR \u2013 BOSTANCI HATTI<\/strong><\/p>\n\n\n\n<p>Sefer s\u00fcresi 45 dakika olarak \u00f6ng\u00f6r\u00fclen Avc\u0131lar &#8211; Bostanc\u0131 Hatt\u0131nda g\u00fcnl\u00fck 20 sefer yap\u0131lmas\u0131 planlan\u0131yor.<\/p>\n\n\n\n<p><strong>BOSTANCI \u2013 MODA \u2013 KADIK\u00d6Y \u2013 KABATA\u015e HATTI<\/strong><\/p>\n\n\n\n<p>Sefer s\u00fcresi 1 saat 10 dakika olarak \u00f6ng\u00f6r\u00fclen Bostanc\u0131 &#8211; Moda &#8211; Kad\u0131k\u00f6y &#8211; Kabata\u015f Hatt\u0131nda g\u00fcnl\u00fck 10 sefer yap\u0131lmas\u0131 planlan\u0131yor.<\/p>\n\n\n\n<p>28 Ekim 2022 de sefere ba\u015flayan A\u015fiyan-Anadolu Hisar\u0131-K\u00fc\u00e7\u00fcksu ve \u00dcsk\u00fcdar-A\u015fiyan deniz yolu hatlar\u0131, Rumeli Hisar\u00fcst\u00fc-A\u015fiyan F\u00fcnik\u00fcler hatt\u0131na entegre olacak.<\/p>\n\n\n\n<h2 class=\"wp-block-heading\">\u015eehir hatlar\u0131 vapurlar\u0131n\u0131n \u0130stanbul i\u00e7i hatlar\u0131<\/h2>\n\n\n\n<ul class=\"wp-block-list\">\n<li>KADIK\u00d6Y &#8211; KABATA\u015e<\/li>\n\n\n\n<li>KADIK\u00d6Y &#8211; KARAK\u00d6Y &#8211; EM\u0130N\u00d6N\u00dc<\/li>\n\n\n\n<li>\u00dcSK\u00dcDAR &#8211; KARAK\u00d6Y &#8211; EM\u0130N\u00d6N\u00dc<\/li>\n\n\n\n<li>KADIK\u00d6Y &#8211; BE\u015e\u0130KTA\u015e<\/li>\n\n\n\n<li>KADIK\u00d6Y &#8211; KARAK\u00d6Y &#8211; BE\u015e\u0130KTA\u015e<\/li>\n\n\n\n<li>HAL\u0130\u00c7 HATTI<\/li>\n\n\n\n<li>BOSTANCI &#8211; KARAK\u00d6Y &#8211; KABATA\u015e<\/li>\n\n\n\n<li>A\u015e\u0130YAN &#8211; ANADOLU H\u0130SARI &#8211; K\u00dc\u00c7\u00dcKSU R\u0130NG HATTI<\/li>\n\n\n\n<li>\u00dcSK\u00dcDAR &#8211; A\u015e\u0130YAN<\/li>\n\n\n\n<li>KADIK\u00d6Y &#8211; KASIMPA\u015eA &#8211; FENER &#8211; S\u00dcTL\u00dcCE &#8211; EY\u00dcP HATTI<\/li>\n\n\n\n<li>BE\u015e\u0130KTA\u015e &#8211; KABATA\u015e &#8211; KARAK\u00d6Y &#8211; KASIMPA\u015eA &#8211; S\u00dcTL\u00dcCE &#8211; EY\u00dcP HATTI<\/li>\n\n\n\n<li>\u00c7ENGELK\u00d6Y &#8211; KABATA\u015e HATTI<\/li>\n\n\n\n<li>BOSTANCI &#8211; MODA &#8211; KADIK\u00d6Y &#8211; KABATA\u015e HATTI<\/li>\n\n\n\n<li>AVCILAR &#8211; BAKIRK\u00d6Y &#8211; KADIK\u00d6Y HATTI<\/li>\n\n\n\n<li>AVCILAR &#8211; BOSTANCI HATTI<\/li>\n\n\n\n<li>&nbsp;BO\u011eAZ HATLARI<\/li>\n\n\n\n<li>BO\u011eAZ&#8217;DAN GEL\u0130\u015e &#8211; BO\u011eAZ&#8217;A G\u0130D\u0130\u015e<\/li>\n\n\n\n<li>ANADOLUKAVA\u011eI &#8211; RUMEL\u0130KAVA\u011eI &#8211; SARIYER<\/li>\n\n\n\n<li>K\u00dc\u00c7\u00dcKSU &#8211; BE\u015e\u0130KTA\u015e &#8211; KABATA\u015e<\/li>\n\n\n\n<li>\u00c7ENGELK\u00d6Y &#8211; \u0130ST\u0130NYE<\/li>\n\n\n\n<li>KADIK\u00d6Y &#8211; SARIYER<\/li>\n\n\n\n<li>ANADOLUKAVA\u011eI &#8211; \u00dcSK\u00dcDAR<\/li>\n\n\n\n<li>ORTAK\u00d6Y &#8211; \u00dcSK\u00dcDAR &#8211; KADIK\u00d6Y<\/li>\n\n\n\n<li>RUMEL\u0130KAVA\u011eI &#8211; EM\u0130N\u00d6N\u00dc<\/li>\n\n\n\n<li>K\u00dc\u00c7\u00dcKSU &#8211; \u0130ST\u0130NYE<\/li>\n\n\n\n<li>BEBEK &#8211; EM\u0130RGAN<\/li>\n\n\n\n<li>BEYKOZ &#8211; SARIYER<\/li>\n\n\n\n<li>&nbsp;ADALAR HATLARI<\/li>\n\n\n\n<li>KABATA\u015e &#8211; ADALAR<\/li>\n\n\n\n<li>ADALAR &#8211; BE\u015e\u0130KTA\u015e<\/li>\n\n\n\n<li>BOSTANCI &#8211; ADALAR R\u0130NG HATTI<\/li>\n\n\n\n<li>MALTEPE &#8211; B\u00dcY\u00dcKADA &#8211; HEYBEL\u0130ADA &#8211; BURGAZADA &#8211; KINALIADA HATTI<\/li>\n<\/ul>\n\n\n\n<p><strong>BOSTANCI &#8211; MODA &#8211; KADIK\u00d6Y &#8211; KABATA\u015e HATTI<\/strong><\/p>\n\n\n\n<p>Her G\u00fcn<\/p>\n\n\n\n<p>Bostanc\u0131 Moda Kad\u0131k\u00f6y&nbsp;&nbsp;&nbsp;&nbsp;&nbsp;&nbsp;&nbsp;&nbsp;&nbsp;&nbsp;&nbsp;&nbsp;&nbsp;&nbsp; Kabata\u015f<\/p>\n\n\n\n<p>07:00 * 07:30 * 07:45 * 08:10 *<\/p>\n\n\n\n<p>10:35&nbsp;&nbsp;&nbsp;&nbsp; 11:05&nbsp;&nbsp;&nbsp;&nbsp; 11:20&nbsp;&nbsp;&nbsp;&nbsp; 11:45<\/p>\n\n\n\n<p>13:35&nbsp;&nbsp;&nbsp;&nbsp; 14:05&nbsp;&nbsp;&nbsp;&nbsp; 14:20&nbsp;&nbsp;&nbsp;&nbsp; 14:45<\/p>\n\n\n\n<p>16:25&nbsp;&nbsp;&nbsp;&nbsp; 16:55&nbsp;&nbsp;&nbsp;&nbsp; 17:10&nbsp;&nbsp;&nbsp;&nbsp; 17:35<\/p>\n\n\n\n<p>19:10&nbsp;&nbsp;&nbsp;&nbsp; 19:40&nbsp;&nbsp;&nbsp;&nbsp; 19:55&nbsp;&nbsp;&nbsp;&nbsp; 20:20<\/p>\n\n\n\n<p>* Pazar ve Resmi Tatil G\u00fcnleri Yap\u0131lmaz.  <a href=\"http:\/\/www.ibb.istanbul\/\">http:\/\/www.ibb.istanbul\/<\/a><\/p>\n\n\n\n<p><\/p>","protected":false},"excerpt":{"rendered":"<p>\u0130stanbul \u015eehir Hatlar\u0131nda Marmara Denizi, \u0130stanbul Bo\u011faz\u0131 ve Hali\u00e7&#8217;te yeni deniz hatt\u0131 seferleri ba\u015flad\u0131. \u00a0\u00a0Kas\u0131m&#8217;dan&#8230;<\/p>","protected":false},"author":1,"featured_media":663,"comment_status":"open","ping_status":"open","sticky":false,"template":"","format":"standard","meta":{"footnotes":""},"categories":[4,31],"tags":[156,157],"class_list":["post-662","post","type-post","status-publish","format-standard","has-post-thumbnail","hentry","category-erisimulasim","category-toplu-tasima","tag-sehir-hatlari","tag-yeni-deniz-hatlari"],"yoast_head":"<!-- This site is optimized with the Yoast SEO plugin v27.5 - https:\/\/yoast.com\/product\/yoast-seo-wordpress\/ -->\n<title>\u0130stanbul\u2019da 7 yeni deniz hatt\u0131 seferleri ba\u015flad\u0131 -<\/title>\n<meta name=\"description\" content=\"\u0130stanbul\u2019da 7 yeni deniz hatt\u0131 seferleri ba\u015flad\u0131 Eri\u015fim&amp;Ula\u015f\u0131m \u0130stanbul\u2019da 7 yeni deniz hatt\u0131 seferleri ba\u015flad\u0131\" \/>\n<meta name=\"robots\" content=\"index, follow, max-snippet:-1, max-image-preview:large, max-video-preview:-1\" \/>\n<link rel=\"canonical\" href=\"https:\/\/gazetetrafik.com\/en\/2022\/11\/07\/deniz-hatti\/\" \/>\n<meta property=\"og:locale\" content=\"en_US\" \/>\n<meta property=\"og:type\" content=\"article\" \/>\n<meta property=\"og:title\" content=\"\u0130stanbul\u2019da 7 yeni deniz hatt\u0131 seferleri ba\u015flad\u0131 -\" \/>\n<meta property=\"og:description\" content=\"\u0130stanbul\u2019da 7 yeni deniz hatt\u0131 seferleri ba\u015flad\u0131 Eri\u015fim&amp;Ula\u015f\u0131m \u0130stanbul\u2019da 7 yeni deniz hatt\u0131 seferleri ba\u015flad\u0131\" \/>\n<meta property=\"og:url\" content=\"https:\/\/gazetetrafik.com\/en\/2022\/11\/07\/deniz-hatti\/\" \/>\n<meta property=\"article:published_time\" content=\"2022-11-07T09:25:24+00:00\" \/>\n<meta property=\"article:modified_time\" content=\"2022-11-07T09:25:28+00:00\" \/>\n<meta property=\"og:image\" content=\"https:\/\/gazetetrafik.com\/wp-content\/uploads\/2022\/11\/7-yeni-deniz-hatti-gazetetrafik.jpg\" \/>\n\t<meta property=\"og:image:width\" content=\"609\" \/>\n\t<meta property=\"og:image:height\" content=\"542\" \/>\n\t<meta property=\"og:image:type\" content=\"image\/jpeg\" \/>\n<meta name=\"author\" content=\"Gazete Trafik\" \/>\n<meta name=\"twitter:card\" content=\"summary_large_image\" \/>\n<meta name=\"twitter:creator\" content=\"@TrafikGazete\" \/>\n<meta name=\"twitter:site\" content=\"@TrafikGazete\" \/>\n<meta name=\"twitter:label1\" content=\"Written by\" \/>\n\t<meta name=\"twitter:data1\" content=\"Gazete Trafik\" \/>\n\t<meta name=\"twitter:label2\" content=\"Est. reading time\" \/>\n\t<meta name=\"twitter:data2\" content=\"3 minutes\" \/>\n<script type=\"application\/ld+json\" class=\"yoast-schema-graph\">{\"@context\":\"https:\\\/\\\/schema.org\",\"@graph\":[{\"@type\":\"Article\",\"@id\":\"https:\\\/\\\/gazetetrafik.com\\\/2022\\\/11\\\/07\\\/deniz-hatti\\\/#article\",\"isPartOf\":{\"@id\":\"https:\\\/\\\/gazetetrafik.com\\\/2022\\\/11\\\/07\\\/deniz-hatti\\\/\"},\"author\":{\"name\":\"Gazete Trafik\",\"@id\":\"https:\\\/\\\/gazetetrafik.com\\\/#\\\/schema\\\/person\\\/2f75f4347719ee1b2a8ace54218ecab5\"},\"headline\":\"\u0130stanbul\u2019da 7 yeni deniz hatt\u0131 seferleri ba\u015flad\u0131\",\"datePublished\":\"2022-11-07T09:25:24+00:00\",\"dateModified\":\"2022-11-07T09:25:28+00:00\",\"mainEntityOfPage\":{\"@id\":\"https:\\\/\\\/gazetetrafik.com\\\/2022\\\/11\\\/07\\\/deniz-hatti\\\/\"},\"wordCount\":754,\"commentCount\":0,\"publisher\":{\"@id\":\"https:\\\/\\\/gazetetrafik.com\\\/#organization\"},\"image\":{\"@id\":\"https:\\\/\\\/gazetetrafik.com\\\/2022\\\/11\\\/07\\\/deniz-hatti\\\/#primaryimage\"},\"thumbnailUrl\":\"https:\\\/\\\/gazetetrafik.com\\\/wp-content\\\/uploads\\\/2022\\\/11\\\/7-yeni-deniz-hatti-gazetetrafik.jpg\",\"keywords\":[\"\u015fehir hatlar\u0131\",\"yeni deniz hatlar\u0131\"],\"articleSection\":[\"Eri\u015fim&amp;Ula\u015f\u0131m\",\"Toplu ta\u015f\u0131ma\"],\"inLanguage\":\"en-US\",\"potentialAction\":[{\"@type\":\"CommentAction\",\"name\":\"Comment\",\"target\":[\"https:\\\/\\\/gazetetrafik.com\\\/2022\\\/11\\\/07\\\/deniz-hatti\\\/#respond\"]}]},{\"@type\":\"WebPage\",\"@id\":\"https:\\\/\\\/gazetetrafik.com\\\/2022\\\/11\\\/07\\\/deniz-hatti\\\/\",\"url\":\"https:\\\/\\\/gazetetrafik.com\\\/2022\\\/11\\\/07\\\/deniz-hatti\\\/\",\"name\":\"\u0130stanbul\u2019da 7 yeni deniz hatt\u0131 seferleri ba\u015flad\u0131 -\",\"isPartOf\":{\"@id\":\"https:\\\/\\\/gazetetrafik.com\\\/#website\"},\"primaryImageOfPage\":{\"@id\":\"https:\\\/\\\/gazetetrafik.com\\\/2022\\\/11\\\/07\\\/deniz-hatti\\\/#primaryimage\"},\"image\":{\"@id\":\"https:\\\/\\\/gazetetrafik.com\\\/2022\\\/11\\\/07\\\/deniz-hatti\\\/#primaryimage\"},\"thumbnailUrl\":\"https:\\\/\\\/gazetetrafik.com\\\/wp-content\\\/uploads\\\/2022\\\/11\\\/7-yeni-deniz-hatti-gazetetrafik.jpg\",\"datePublished\":\"2022-11-07T09:25:24+00:00\",\"dateModified\":\"2022-11-07T09:25:28+00:00\",\"description\":\"\u0130stanbul\u2019da 7 yeni deniz hatt\u0131 seferleri ba\u015flad\u0131 Eri\u015fim&amp;Ula\u015f\u0131m \u0130stanbul\u2019da 7 yeni deniz hatt\u0131 seferleri ba\u015flad\u0131\",\"breadcrumb\":{\"@id\":\"https:\\\/\\\/gazetetrafik.com\\\/2022\\\/11\\\/07\\\/deniz-hatti\\\/#breadcrumb\"},\"inLanguage\":\"en-US\",\"potentialAction\":[{\"@type\":\"ReadAction\",\"target\":[\"https:\\\/\\\/gazetetrafik.com\\\/2022\\\/11\\\/07\\\/deniz-hatti\\\/\"]}]},{\"@type\":\"ImageObject\",\"inLanguage\":\"en-US\",\"@id\":\"https:\\\/\\\/gazetetrafik.com\\\/2022\\\/11\\\/07\\\/deniz-hatti\\\/#primaryimage\",\"url\":\"https:\\\/\\\/gazetetrafik.com\\\/wp-content\\\/uploads\\\/2022\\\/11\\\/7-yeni-deniz-hatti-gazetetrafik.jpg\",\"contentUrl\":\"https:\\\/\\\/gazetetrafik.com\\\/wp-content\\\/uploads\\\/2022\\\/11\\\/7-yeni-deniz-hatti-gazetetrafik.jpg\",\"width\":609,\"height\":542,\"caption\":\"7 yeni deniz hatt\u0131 ula\u015f\u0131ma a\u00e7\u0131ld\u0131\"},{\"@type\":\"BreadcrumbList\",\"@id\":\"https:\\\/\\\/gazetetrafik.com\\\/2022\\\/11\\\/07\\\/deniz-hatti\\\/#breadcrumb\",\"itemListElement\":[{\"@type\":\"ListItem\",\"position\":1,\"name\":\"Anasayfa\",\"item\":\"https:\\\/\\\/gazetetrafik.com\\\/\"},{\"@type\":\"ListItem\",\"position\":2,\"name\":\"\u0130stanbul\u2019da 7 yeni deniz hatt\u0131 seferleri ba\u015flad\u0131\"}]},{\"@type\":\"WebSite\",\"@id\":\"https:\\\/\\\/gazetetrafik.com\\\/#website\",\"url\":\"https:\\\/\\\/gazetetrafik.com\\\/\",\"name\":\"\",\"description\":\"\u0130NSANA VE YA\u015eAM HAKKINA SAYGILI TRAF\u0130K HABER GAZETES\u0130\",\"publisher\":{\"@id\":\"https:\\\/\\\/gazetetrafik.com\\\/#organization\"},\"potentialAction\":[{\"@type\":\"SearchAction\",\"target\":{\"@type\":\"EntryPoint\",\"urlTemplate\":\"https:\\\/\\\/gazetetrafik.com\\\/?s={search_term_string}\"},\"query-input\":{\"@type\":\"PropertyValueSpecification\",\"valueRequired\":true,\"valueName\":\"search_term_string\"}}],\"inLanguage\":\"en-US\"},{\"@type\":\"Organization\",\"@id\":\"https:\\\/\\\/gazetetrafik.com\\\/#organization\",\"name\":\"Gazete Trafik\",\"url\":\"https:\\\/\\\/gazetetrafik.com\\\/\",\"logo\":{\"@type\":\"ImageObject\",\"inLanguage\":\"en-US\",\"@id\":\"https:\\\/\\\/gazetetrafik.com\\\/#\\\/schema\\\/logo\\\/image\\\/\",\"url\":\"https:\\\/\\\/gazetetrafik.com\\\/wp-content\\\/uploads\\\/2022\\\/03\\\/cropped-logo.jpg\",\"contentUrl\":\"https:\\\/\\\/gazetetrafik.com\\\/wp-content\\\/uploads\\\/2022\\\/03\\\/cropped-logo.jpg\",\"width\":800,\"height\":220,\"caption\":\"Gazete Trafik\"},\"image\":{\"@id\":\"https:\\\/\\\/gazetetrafik.com\\\/#\\\/schema\\\/logo\\\/image\\\/\"},\"sameAs\":[\"https:\\\/\\\/x.com\\\/TrafikGazete\",\"https:\\\/\\\/www.instagram.com\\\/gazetetrafik\\\/\"]},{\"@type\":\"Person\",\"@id\":\"https:\\\/\\\/gazetetrafik.com\\\/#\\\/schema\\\/person\\\/2f75f4347719ee1b2a8ace54218ecab5\",\"name\":\"Gazete Trafik\",\"image\":{\"@type\":\"ImageObject\",\"inLanguage\":\"en-US\",\"@id\":\"https:\\\/\\\/secure.gravatar.com\\\/avatar\\\/bff6a4bfd3845f68dabbeea43bcbf9f2651b5ab9a1aad1d9381a89e564d3d208?s=96&d=mm&r=g\",\"url\":\"https:\\\/\\\/secure.gravatar.com\\\/avatar\\\/bff6a4bfd3845f68dabbeea43bcbf9f2651b5ab9a1aad1d9381a89e564d3d208?s=96&d=mm&r=g\",\"contentUrl\":\"https:\\\/\\\/secure.gravatar.com\\\/avatar\\\/bff6a4bfd3845f68dabbeea43bcbf9f2651b5ab9a1aad1d9381a89e564d3d208?s=96&d=mm&r=g\",\"caption\":\"Gazete Trafik\"},\"sameAs\":[\"https:\\\/\\\/gazetetrafik.com\"],\"url\":\"https:\\\/\\\/gazetetrafik.com\\\/en\\\/author\\\/gazete-trafik\\\/\"}]}<\/script>\n<!-- \/ Yoast SEO plugin. -->","yoast_head_json":{"title":"\u0130stanbul\u2019da 7 yeni deniz hatt\u0131 seferleri ba\u015flad\u0131 -","description":"\u0130stanbul\u2019da 7 yeni deniz hatt\u0131 seferleri ba\u015flad\u0131 Eri\u015fim&amp;Ula\u015f\u0131m \u0130stanbul\u2019da 7 yeni deniz hatt\u0131 seferleri ba\u015flad\u0131","robots":{"index":"index","follow":"follow","max-snippet":"max-snippet:-1","max-image-preview":"max-image-preview:large","max-video-preview":"max-video-preview:-1"},"canonical":"https:\/\/gazetetrafik.com\/en\/2022\/11\/07\/deniz-hatti\/","og_locale":"en_US","og_type":"article","og_title":"\u0130stanbul\u2019da 7 yeni deniz hatt\u0131 seferleri ba\u015flad\u0131 -","og_description":"\u0130stanbul\u2019da 7 yeni deniz hatt\u0131 seferleri ba\u015flad\u0131 Eri\u015fim&amp;Ula\u015f\u0131m \u0130stanbul\u2019da 7 yeni deniz hatt\u0131 seferleri ba\u015flad\u0131","og_url":"https:\/\/gazetetrafik.com\/en\/2022\/11\/07\/deniz-hatti\/","article_published_time":"2022-11-07T09:25:24+00:00","article_modified_time":"2022-11-07T09:25:28+00:00","og_image":[{"width":609,"height":542,"url":"https:\/\/gazetetrafik.com\/wp-content\/uploads\/2022\/11\/7-yeni-deniz-hatti-gazetetrafik.jpg","type":"image\/jpeg"}],"author":"Gazete Trafik","twitter_card":"summary_large_image","twitter_creator":"@TrafikGazete","twitter_site":"@TrafikGazete","twitter_misc":{"Written by":"Gazete Trafik","Est. reading time":"3 minutes"},"schema":{"@context":"https:\/\/schema.org","@graph":[{"@type":"Article","@id":"https:\/\/gazetetrafik.com\/2022\/11\/07\/deniz-hatti\/#article","isPartOf":{"@id":"https:\/\/gazetetrafik.com\/2022\/11\/07\/deniz-hatti\/"},"author":{"name":"Gazete Trafik","@id":"https:\/\/gazetetrafik.com\/#\/schema\/person\/2f75f4347719ee1b2a8ace54218ecab5"},"headline":"\u0130stanbul\u2019da 7 yeni deniz hatt\u0131 seferleri ba\u015flad\u0131","datePublished":"2022-11-07T09:25:24+00:00","dateModified":"2022-11-07T09:25:28+00:00","mainEntityOfPage":{"@id":"https:\/\/gazetetrafik.com\/2022\/11\/07\/deniz-hatti\/"},"wordCount":754,"commentCount":0,"publisher":{"@id":"https:\/\/gazetetrafik.com\/#organization"},"image":{"@id":"https:\/\/gazetetrafik.com\/2022\/11\/07\/deniz-hatti\/#primaryimage"},"thumbnailUrl":"https:\/\/gazetetrafik.com\/wp-content\/uploads\/2022\/11\/7-yeni-deniz-hatti-gazetetrafik.jpg","keywords":["\u015fehir hatlar\u0131","yeni deniz hatlar\u0131"],"articleSection":["Eri\u015fim&amp;Ula\u015f\u0131m","Toplu ta\u015f\u0131ma"],"inLanguage":"en-US","potentialAction":[{"@type":"CommentAction","name":"Comment","target":["https:\/\/gazetetrafik.com\/2022\/11\/07\/deniz-hatti\/#respond"]}]},{"@type":"WebPage","@id":"https:\/\/gazetetrafik.com\/2022\/11\/07\/deniz-hatti\/","url":"https:\/\/gazetetrafik.com\/2022\/11\/07\/deniz-hatti\/","name":"\u0130stanbul\u2019da 7 yeni deniz hatt\u0131 seferleri ba\u015flad\u0131 -","isPartOf":{"@id":"https:\/\/gazetetrafik.com\/#website"},"primaryImageOfPage":{"@id":"https:\/\/gazetetrafik.com\/2022\/11\/07\/deniz-hatti\/#primaryimage"},"image":{"@id":"https:\/\/gazetetrafik.com\/2022\/11\/07\/deniz-hatti\/#primaryimage"},"thumbnailUrl":"https:\/\/gazetetrafik.com\/wp-content\/uploads\/2022\/11\/7-yeni-deniz-hatti-gazetetrafik.jpg","datePublished":"2022-11-07T09:25:24+00:00","dateModified":"2022-11-07T09:25:28+00:00","description":"\u0130stanbul\u2019da 7 yeni deniz hatt\u0131 seferleri ba\u015flad\u0131 Eri\u015fim&amp;Ula\u015f\u0131m \u0130stanbul\u2019da 7 yeni deniz hatt\u0131 seferleri ba\u015flad\u0131","breadcrumb":{"@id":"https:\/\/gazetetrafik.com\/2022\/11\/07\/deniz-hatti\/#breadcrumb"},"inLanguage":"en-US","potentialAction":[{"@type":"ReadAction","target":["https:\/\/gazetetrafik.com\/2022\/11\/07\/deniz-hatti\/"]}]},{"@type":"ImageObject","inLanguage":"en-US","@id":"https:\/\/gazetetrafik.com\/2022\/11\/07\/deniz-hatti\/#primaryimage","url":"https:\/\/gazetetrafik.com\/wp-content\/uploads\/2022\/11\/7-yeni-deniz-hatti-gazetetrafik.jpg","contentUrl":"https:\/\/gazetetrafik.com\/wp-content\/uploads\/2022\/11\/7-yeni-deniz-hatti-gazetetrafik.jpg","width":609,"height":542,"caption":"7 yeni deniz hatt\u0131 ula\u015f\u0131ma a\u00e7\u0131ld\u0131"},{"@type":"BreadcrumbList","@id":"https:\/\/gazetetrafik.com\/2022\/11\/07\/deniz-hatti\/#breadcrumb","itemListElement":[{"@type":"ListItem","position":1,"name":"Anasayfa","item":"https:\/\/gazetetrafik.com\/"},{"@type":"ListItem","position":2,"name":"\u0130stanbul\u2019da 7 yeni deniz hatt\u0131 seferleri ba\u015flad\u0131"}]},{"@type":"WebSite","@id":"https:\/\/gazetetrafik.com\/#website","url":"https:\/\/gazetetrafik.com\/","name":"","description":"\u0130NSANA VE YA\u015eAM HAKKINA SAYGILI TRAF\u0130K HABER GAZETES\u0130","publisher":{"@id":"https:\/\/gazetetrafik.com\/#organization"},"potentialAction":[{"@type":"SearchAction","target":{"@type":"EntryPoint","urlTemplate":"https:\/\/gazetetrafik.com\/?s={search_term_string}"},"query-input":{"@type":"PropertyValueSpecification","valueRequired":true,"valueName":"search_term_string"}}],"inLanguage":"en-US"},{"@type":"Organization","@id":"https:\/\/gazetetrafik.com\/#organization","name":"Gazete Trafik","url":"https:\/\/gazetetrafik.com\/","logo":{"@type":"ImageObject","inLanguage":"en-US","@id":"https:\/\/gazetetrafik.com\/#\/schema\/logo\/image\/","url":"https:\/\/gazetetrafik.com\/wp-content\/uploads\/2022\/03\/cropped-logo.jpg","contentUrl":"https:\/\/gazetetrafik.com\/wp-content\/uploads\/2022\/03\/cropped-logo.jpg","width":800,"height":220,"caption":"Gazete Trafik"},"image":{"@id":"https:\/\/gazetetrafik.com\/#\/schema\/logo\/image\/"},"sameAs":["https:\/\/x.com\/TrafikGazete","https:\/\/www.instagram.com\/gazetetrafik\/"]},{"@type":"Person","@id":"https:\/\/gazetetrafik.com\/#\/schema\/person\/2f75f4347719ee1b2a8ace54218ecab5","name":"Gazete Trafik","image":{"@type":"ImageObject","inLanguage":"en-US","@id":"https:\/\/secure.gravatar.com\/avatar\/bff6a4bfd3845f68dabbeea43bcbf9f2651b5ab9a1aad1d9381a89e564d3d208?s=96&d=mm&r=g","url":"https:\/\/secure.gravatar.com\/avatar\/bff6a4bfd3845f68dabbeea43bcbf9f2651b5ab9a1aad1d9381a89e564d3d208?s=96&d=mm&r=g","contentUrl":"https:\/\/secure.gravatar.com\/avatar\/bff6a4bfd3845f68dabbeea43bcbf9f2651b5ab9a1aad1d9381a89e564d3d208?s=96&d=mm&r=g","caption":"Gazete Trafik"},"sameAs":["https:\/\/gazetetrafik.com"],"url":"https:\/\/gazetetrafik.com\/en\/author\/gazete-trafik\/"}]}},"_links":{"self":[{"href":"https:\/\/gazetetrafik.com\/en\/wp-json\/wp\/v2\/posts\/662","targetHints":{"allow":["GET"]}}],"collection":[{"href":"https:\/\/gazetetrafik.com\/en\/wp-json\/wp\/v2\/posts"}],"about":[{"href":"https:\/\/gazetetrafik.com\/en\/wp-json\/wp\/v2\/types\/post"}],"author":[{"embeddable":true,"href":"https:\/\/gazetetrafik.com\/en\/wp-json\/wp\/v2\/users\/1"}],"replies":[{"embeddable":true,"href":"https:\/\/gazetetrafik.com\/en\/wp-json\/wp\/v2\/comments?post=662"}],"version-history":[{"count":1,"href":"https:\/\/gazetetrafik.com\/en\/wp-json\/wp\/v2\/posts\/662\/revisions"}],"predecessor-version":[{"id":664,"href":"https:\/\/gazetetrafik.com\/en\/wp-json\/wp\/v2\/posts\/662\/revisions\/664"}],"wp:featuredmedia":[{"embeddable":true,"href":"https:\/\/gazetetrafik.com\/en\/wp-json\/wp\/v2\/media\/663"}],"wp:attachment":[{"href":"https:\/\/gazetetrafik.com\/en\/wp-json\/wp\/v2\/media?parent=662"}],"wp:term":[{"taxonomy":"category","embeddable":true,"href":"https:\/\/gazetetrafik.com\/en\/wp-json\/wp\/v2\/categories?post=662"},{"taxonomy":"post_tag","embeddable":true,"href":"https:\/\/gazetetrafik.com\/en\/wp-json\/wp\/v2\/tags?post=662"}],"curies":[{"name":"wp","href":"https:\/\/api.w.org\/{rel}","templated":true}]}}