{"id":793,"date":"2023-02-05T13:02:33","date_gmt":"2023-02-05T10:02:33","guid":{"rendered":"https:\/\/gazetetrafik.com\/?p=793"},"modified":"2023-02-05T13:02:41","modified_gmt":"2023-02-05T10:02:41","slug":"karbonsuz","status":"publish","type":"post","link":"https:\/\/gazetetrafik.com\/en\/2023\/02\/05\/karbonsuz\/","title":{"rendered":"Karbonsuz ula\u015f\u0131m ara\u00e7lar\u0131 \u0130stanbul\u2019da"},"content":{"rendered":"<p>\u0130BB, \u0130stanbul\u2019u iklim de\u011fi\u015fikli\u011fine kar\u015f\u0131 daha diren\u00e7li k\u0131lmak ve karbonsuz ula\u015f\u0131m\u0131 desteklemek i\u00e7in lojistik sekt\u00f6r\u00fcne \u00f6nc\u00fcl\u00fck ediyor. Karbonsuz ula\u015f\u0131m ara\u00e7lar\u0131 istanbul&#8217;da lojistik sekt\u00f6r\u00fcnde yer alacak. Sekt\u00f6r payda\u015flar\u0131n\u0131n kat\u0131l\u0131m\u0131yla Avrupa Birli\u011fi Ufuk Avrupa (Horizon Europe) kapsam\u0131nda desteklenen DECARBOMILE projesi uygulamaya konuyor. T\u00fcrkiye\u2019de ilk kez hayata ge\u00e7ecek projeyle lojistik sekt\u00f6r\u00fc, 18 ay boyunca karbonsuz ula\u015f\u0131m ara\u00e7lar\u0131yla teslimatlar yapacak.<\/p>\n\n\n\n<p>Avrupa Birli\u011fi Ufuk Avrupa (Horizon Europe) kapsam\u0131nda desteklenen \u2018kentsel konsolidasyon merkezi\u2019 konulu DECARBOMILE isimli projeye 1 Eyl\u00fcl 2022 tarihi itibariyle ba\u015flad\u0131. T\u00fcrkiye, Almanya, Fransa ve \u0130spanya\u2019n\u0131n pilot \u00fclke; \u0130spanya, Estonya, Bel\u00e7ika ve Bosna Hersek\u2019in de uydu \u00fclke olarak yer ald\u0131\u011f\u0131 projede \u0130talya, Danimarka Polonya ve Bulgaristan partner \u00fclke stat\u00fcs\u00fcne sahip. Proje farkl\u0131 sekt\u00f6rden lojistik operasyonu yapan firmalar\u0131n, tek bir merkezden ayn\u0131 hizmeti daha az ara\u00e7 ve ye\u015fil ula\u015f\u0131m y\u00f6ntemleriyle yapmas\u0131n\u0131 ama\u00e7l\u0131yor. \u015eehirlerin karbonsuzla\u015fma s\u00fcrecine \u00f6nemli katk\u0131lar sunan projede \u0130stanbul B\u00fcy\u00fck\u015fehir Belediyesi (\u0130BB); Ak\u0131ll\u0131 \u015eehir, Ula\u015f\u0131m Planlama, Lojistik Y\u00f6netim ve Terminaller m\u00fcd\u00fcrl\u00fckleriyle destek veriyor.<\/p>\n\n\n\n<h2 class=\"wp-block-heading\">Lojistikte hedef karbon n\u00f6tr<\/h2>\n\n\n\n<p>10 farkl\u0131 \u00fclkeden 31 kurumun kat\u0131ld\u0131\u011f\u0131 proje kapsam\u0131nda \u0130BB\u2019nin ev sahipli\u011finde DECARBOMILE Payda\u015f Kat\u0131l\u0131m \u00c7al\u0131\u015ftay\u0131 ger\u00e7ekle\u015ftirildi. \u00dcniversitelerin, derneklerin ve lojistik firmas\u0131ndan payda\u015flar\u0131n kat\u0131ld\u0131\u011f\u0131 toplant\u0131da karbon sal\u0131n\u0131m\u0131 yapmayan elektrikli ara\u00e7larla ula\u015f\u0131m\u0131n mevcut durumu ve gelece\u011fi ele al\u0131nd\u0131. Kentsel lojistik alan\u0131nda sekt\u00f6r\u00fcn i\u00e7erisinde olan ki\u015fi ve firmalarca de\u011ferlendirildi.<\/p>\n\n\n\n<h2 class=\"wp-block-heading\">Test edilecek<\/h2>\n\n\n\n<p>Projenin sonraki a\u015famas\u0131nda DECARBOMILE projesi ile kentsel konsolidasyon merkezlerinden elektrikli kargo bisikletleri ve di\u011fer teslimat y\u00f6ntemleriyle ilgili testler ger\u00e7ekle\u015ftirilecek.&nbsp; 18 ay s\u00fcresince devam etmesi planlanan testlerde elektrikli kargo bisikletleriyle teslimatlar ger\u00e7ekle\u015ftirilecek. Proje s\u00fcreci tamamland\u0131\u011f\u0131nda lojistik merkezlerinden ye\u015fil ula\u015f\u0131m y\u00f6ntemleriyle uygulama kullan\u0131ma ba\u015flanacak<\/p>","protected":false},"excerpt":{"rendered":"<p>\u0130BB, \u0130stanbul\u2019u iklim de\u011fi\u015fikli\u011fine kar\u015f\u0131 daha diren\u00e7li k\u0131lmak ve karbonsuz ula\u015f\u0131m\u0131 desteklemek i\u00e7in lojistik sekt\u00f6r\u00fcne&#8230;<\/p>","protected":false},"author":1,"featured_media":794,"comment_status":"open","ping_status":"open","sticky":false,"template":"","format":"standard","meta":{"footnotes":""},"categories":[4,1],"tags":[39,219,220,221],"class_list":["post-793","post","type-post","status-publish","format-standard","has-post-thumbnail","hentry","category-erisimulasim","category-genel","tag-ibb","tag-karbonsuz","tag-lojistik","tag-ulasim-araclari"],"yoast_head":"<!-- This site is optimized with the Yoast SEO plugin v27.5 - https:\/\/yoast.com\/product\/yoast-seo-wordpress\/ -->\n<title>Karbonsuz ula\u015f\u0131m ara\u00e7lar\u0131 \u0130stanbul\u2019da -<\/title>\n<meta name=\"description\" content=\"Karbonsuz ula\u015f\u0131m ara\u00e7lar\u0131 \u0130stanbul\u2019da Eri\u015fim&amp;Ula\u015f\u0131m Karbonsuz ula\u015f\u0131m ara\u00e7lar\u0131 \u0130stanbul\u2019da\" \/>\n<meta name=\"robots\" content=\"index, follow, max-snippet:-1, max-image-preview:large, max-video-preview:-1\" \/>\n<link rel=\"canonical\" href=\"https:\/\/gazetetrafik.com\/en\/2023\/02\/05\/karbonsuz\/\" \/>\n<meta property=\"og:locale\" content=\"en_US\" \/>\n<meta property=\"og:type\" content=\"article\" \/>\n<meta property=\"og:title\" content=\"Karbonsuz ula\u015f\u0131m ara\u00e7lar\u0131 \u0130stanbul\u2019da -\" \/>\n<meta property=\"og:description\" content=\"Karbonsuz ula\u015f\u0131m ara\u00e7lar\u0131 \u0130stanbul\u2019da Eri\u015fim&amp;Ula\u015f\u0131m Karbonsuz ula\u015f\u0131m ara\u00e7lar\u0131 \u0130stanbul\u2019da\" \/>\n<meta property=\"og:url\" content=\"https:\/\/gazetetrafik.com\/en\/2023\/02\/05\/karbonsuz\/\" \/>\n<meta property=\"article:published_time\" content=\"2023-02-05T10:02:33+00:00\" \/>\n<meta property=\"article:modified_time\" content=\"2023-02-05T10:02:41+00:00\" \/>\n<meta property=\"og:image\" content=\"https:\/\/gazetetrafik.com\/wp-content\/uploads\/2023\/02\/IBBkarbonsuzulasim-gazetetrafik.jpg\" \/>\n\t<meta property=\"og:image:width\" content=\"540\" \/>\n\t<meta property=\"og:image:height\" content=\"480\" \/>\n\t<meta property=\"og:image:type\" content=\"image\/jpeg\" \/>\n<meta name=\"author\" content=\"Gazete Trafik\" \/>\n<meta name=\"twitter:card\" content=\"summary_large_image\" \/>\n<meta name=\"twitter:creator\" content=\"@TrafikGazete\" \/>\n<meta name=\"twitter:site\" content=\"@TrafikGazete\" \/>\n<meta name=\"twitter:label1\" content=\"Written by\" \/>\n\t<meta name=\"twitter:data1\" content=\"Gazete Trafik\" \/>\n\t<meta name=\"twitter:label2\" content=\"Est. reading time\" \/>\n\t<meta name=\"twitter:data2\" content=\"2 minutes\" \/>\n<script type=\"application\/ld+json\" class=\"yoast-schema-graph\">{\"@context\":\"https:\\\/\\\/schema.org\",\"@graph\":[{\"@type\":\"Article\",\"@id\":\"https:\\\/\\\/gazetetrafik.com\\\/2023\\\/02\\\/05\\\/karbonsuz\\\/#article\",\"isPartOf\":{\"@id\":\"https:\\\/\\\/gazetetrafik.com\\\/2023\\\/02\\\/05\\\/karbonsuz\\\/\"},\"author\":{\"name\":\"Gazete Trafik\",\"@id\":\"https:\\\/\\\/gazetetrafik.com\\\/#\\\/schema\\\/person\\\/2f75f4347719ee1b2a8ace54218ecab5\"},\"headline\":\"Karbonsuz ula\u015f\u0131m ara\u00e7lar\u0131 \u0130stanbul\u2019da\",\"datePublished\":\"2023-02-05T10:02:33+00:00\",\"dateModified\":\"2023-02-05T10:02:41+00:00\",\"mainEntityOfPage\":{\"@id\":\"https:\\\/\\\/gazetetrafik.com\\\/2023\\\/02\\\/05\\\/karbonsuz\\\/\"},\"wordCount\":352,\"commentCount\":0,\"publisher\":{\"@id\":\"https:\\\/\\\/gazetetrafik.com\\\/#organization\"},\"image\":{\"@id\":\"https:\\\/\\\/gazetetrafik.com\\\/2023\\\/02\\\/05\\\/karbonsuz\\\/#primaryimage\"},\"thumbnailUrl\":\"https:\\\/\\\/gazetetrafik.com\\\/wp-content\\\/uploads\\\/2023\\\/02\\\/IBBkarbonsuzulasim-gazetetrafik.jpg\",\"keywords\":[\"\u0130BB\",\"karbonsuz\",\"lojistik\",\"ula\u015f\u0131m ara\u00e7lar\u0131\"],\"articleSection\":[\"Eri\u015fim&amp;Ula\u015f\u0131m\",\"Genel\"],\"inLanguage\":\"en-US\",\"potentialAction\":[{\"@type\":\"CommentAction\",\"name\":\"Comment\",\"target\":[\"https:\\\/\\\/gazetetrafik.com\\\/2023\\\/02\\\/05\\\/karbonsuz\\\/#respond\"]}]},{\"@type\":\"WebPage\",\"@id\":\"https:\\\/\\\/gazetetrafik.com\\\/2023\\\/02\\\/05\\\/karbonsuz\\\/\",\"url\":\"https:\\\/\\\/gazetetrafik.com\\\/2023\\\/02\\\/05\\\/karbonsuz\\\/\",\"name\":\"Karbonsuz ula\u015f\u0131m ara\u00e7lar\u0131 \u0130stanbul\u2019da -\",\"isPartOf\":{\"@id\":\"https:\\\/\\\/gazetetrafik.com\\\/#website\"},\"primaryImageOfPage\":{\"@id\":\"https:\\\/\\\/gazetetrafik.com\\\/2023\\\/02\\\/05\\\/karbonsuz\\\/#primaryimage\"},\"image\":{\"@id\":\"https:\\\/\\\/gazetetrafik.com\\\/2023\\\/02\\\/05\\\/karbonsuz\\\/#primaryimage\"},\"thumbnailUrl\":\"https:\\\/\\\/gazetetrafik.com\\\/wp-content\\\/uploads\\\/2023\\\/02\\\/IBBkarbonsuzulasim-gazetetrafik.jpg\",\"datePublished\":\"2023-02-05T10:02:33+00:00\",\"dateModified\":\"2023-02-05T10:02:41+00:00\",\"description\":\"Karbonsuz ula\u015f\u0131m ara\u00e7lar\u0131 \u0130stanbul\u2019da Eri\u015fim&amp;Ula\u015f\u0131m Karbonsuz ula\u015f\u0131m ara\u00e7lar\u0131 \u0130stanbul\u2019da\",\"breadcrumb\":{\"@id\":\"https:\\\/\\\/gazetetrafik.com\\\/2023\\\/02\\\/05\\\/karbonsuz\\\/#breadcrumb\"},\"inLanguage\":\"en-US\",\"potentialAction\":[{\"@type\":\"ReadAction\",\"target\":[\"https:\\\/\\\/gazetetrafik.com\\\/2023\\\/02\\\/05\\\/karbonsuz\\\/\"]}]},{\"@type\":\"ImageObject\",\"inLanguage\":\"en-US\",\"@id\":\"https:\\\/\\\/gazetetrafik.com\\\/2023\\\/02\\\/05\\\/karbonsuz\\\/#primaryimage\",\"url\":\"https:\\\/\\\/gazetetrafik.com\\\/wp-content\\\/uploads\\\/2023\\\/02\\\/IBBkarbonsuzulasim-gazetetrafik.jpg\",\"contentUrl\":\"https:\\\/\\\/gazetetrafik.com\\\/wp-content\\\/uploads\\\/2023\\\/02\\\/IBBkarbonsuzulasim-gazetetrafik.jpg\",\"width\":540,\"height\":480,\"caption\":\"\u0130BB, karbonsuz ula\u015f\u0131m ara\u00e7lar\u0131 lojistik sekt\u00f6r\u00fcnde hizmet verecek\"},{\"@type\":\"BreadcrumbList\",\"@id\":\"https:\\\/\\\/gazetetrafik.com\\\/2023\\\/02\\\/05\\\/karbonsuz\\\/#breadcrumb\",\"itemListElement\":[{\"@type\":\"ListItem\",\"position\":1,\"name\":\"Anasayfa\",\"item\":\"https:\\\/\\\/gazetetrafik.com\\\/\"},{\"@type\":\"ListItem\",\"position\":2,\"name\":\"Karbonsuz ula\u015f\u0131m ara\u00e7lar\u0131 \u0130stanbul\u2019da\"}]},{\"@type\":\"WebSite\",\"@id\":\"https:\\\/\\\/gazetetrafik.com\\\/#website\",\"url\":\"https:\\\/\\\/gazetetrafik.com\\\/\",\"name\":\"\",\"description\":\"\u0130NSANA VE YA\u015eAM HAKKINA SAYGILI TRAF\u0130K HABER GAZETES\u0130\",\"publisher\":{\"@id\":\"https:\\\/\\\/gazetetrafik.com\\\/#organization\"},\"potentialAction\":[{\"@type\":\"SearchAction\",\"target\":{\"@type\":\"EntryPoint\",\"urlTemplate\":\"https:\\\/\\\/gazetetrafik.com\\\/?s={search_term_string}\"},\"query-input\":{\"@type\":\"PropertyValueSpecification\",\"valueRequired\":true,\"valueName\":\"search_term_string\"}}],\"inLanguage\":\"en-US\"},{\"@type\":\"Organization\",\"@id\":\"https:\\\/\\\/gazetetrafik.com\\\/#organization\",\"name\":\"Gazete Trafik\",\"url\":\"https:\\\/\\\/gazetetrafik.com\\\/\",\"logo\":{\"@type\":\"ImageObject\",\"inLanguage\":\"en-US\",\"@id\":\"https:\\\/\\\/gazetetrafik.com\\\/#\\\/schema\\\/logo\\\/image\\\/\",\"url\":\"https:\\\/\\\/gazetetrafik.com\\\/wp-content\\\/uploads\\\/2022\\\/03\\\/cropped-logo.jpg\",\"contentUrl\":\"https:\\\/\\\/gazetetrafik.com\\\/wp-content\\\/uploads\\\/2022\\\/03\\\/cropped-logo.jpg\",\"width\":800,\"height\":220,\"caption\":\"Gazete Trafik\"},\"image\":{\"@id\":\"https:\\\/\\\/gazetetrafik.com\\\/#\\\/schema\\\/logo\\\/image\\\/\"},\"sameAs\":[\"https:\\\/\\\/x.com\\\/TrafikGazete\",\"https:\\\/\\\/www.instagram.com\\\/gazetetrafik\\\/\"]},{\"@type\":\"Person\",\"@id\":\"https:\\\/\\\/gazetetrafik.com\\\/#\\\/schema\\\/person\\\/2f75f4347719ee1b2a8ace54218ecab5\",\"name\":\"Gazete Trafik\",\"image\":{\"@type\":\"ImageObject\",\"inLanguage\":\"en-US\",\"@id\":\"https:\\\/\\\/secure.gravatar.com\\\/avatar\\\/bff6a4bfd3845f68dabbeea43bcbf9f2651b5ab9a1aad1d9381a89e564d3d208?s=96&d=mm&r=g\",\"url\":\"https:\\\/\\\/secure.gravatar.com\\\/avatar\\\/bff6a4bfd3845f68dabbeea43bcbf9f2651b5ab9a1aad1d9381a89e564d3d208?s=96&d=mm&r=g\",\"contentUrl\":\"https:\\\/\\\/secure.gravatar.com\\\/avatar\\\/bff6a4bfd3845f68dabbeea43bcbf9f2651b5ab9a1aad1d9381a89e564d3d208?s=96&d=mm&r=g\",\"caption\":\"Gazete Trafik\"},\"sameAs\":[\"https:\\\/\\\/gazetetrafik.com\"],\"url\":\"https:\\\/\\\/gazetetrafik.com\\\/en\\\/author\\\/gazete-trafik\\\/\"}]}<\/script>\n<!-- \/ Yoast SEO plugin. -->","yoast_head_json":{"title":"Karbonsuz ula\u015f\u0131m ara\u00e7lar\u0131 \u0130stanbul\u2019da -","description":"Karbonsuz ula\u015f\u0131m ara\u00e7lar\u0131 \u0130stanbul\u2019da Eri\u015fim&amp;Ula\u015f\u0131m Karbonsuz ula\u015f\u0131m ara\u00e7lar\u0131 \u0130stanbul\u2019da","robots":{"index":"index","follow":"follow","max-snippet":"max-snippet:-1","max-image-preview":"max-image-preview:large","max-video-preview":"max-video-preview:-1"},"canonical":"https:\/\/gazetetrafik.com\/en\/2023\/02\/05\/karbonsuz\/","og_locale":"en_US","og_type":"article","og_title":"Karbonsuz ula\u015f\u0131m ara\u00e7lar\u0131 \u0130stanbul\u2019da -","og_description":"Karbonsuz ula\u015f\u0131m ara\u00e7lar\u0131 \u0130stanbul\u2019da Eri\u015fim&amp;Ula\u015f\u0131m Karbonsuz ula\u015f\u0131m ara\u00e7lar\u0131 \u0130stanbul\u2019da","og_url":"https:\/\/gazetetrafik.com\/en\/2023\/02\/05\/karbonsuz\/","article_published_time":"2023-02-05T10:02:33+00:00","article_modified_time":"2023-02-05T10:02:41+00:00","og_image":[{"width":540,"height":480,"url":"https:\/\/gazetetrafik.com\/wp-content\/uploads\/2023\/02\/IBBkarbonsuzulasim-gazetetrafik.jpg","type":"image\/jpeg"}],"author":"Gazete Trafik","twitter_card":"summary_large_image","twitter_creator":"@TrafikGazete","twitter_site":"@TrafikGazete","twitter_misc":{"Written by":"Gazete Trafik","Est. reading time":"2 minutes"},"schema":{"@context":"https:\/\/schema.org","@graph":[{"@type":"Article","@id":"https:\/\/gazetetrafik.com\/2023\/02\/05\/karbonsuz\/#article","isPartOf":{"@id":"https:\/\/gazetetrafik.com\/2023\/02\/05\/karbonsuz\/"},"author":{"name":"Gazete Trafik","@id":"https:\/\/gazetetrafik.com\/#\/schema\/person\/2f75f4347719ee1b2a8ace54218ecab5"},"headline":"Karbonsuz ula\u015f\u0131m ara\u00e7lar\u0131 \u0130stanbul\u2019da","datePublished":"2023-02-05T10:02:33+00:00","dateModified":"2023-02-05T10:02:41+00:00","mainEntityOfPage":{"@id":"https:\/\/gazetetrafik.com\/2023\/02\/05\/karbonsuz\/"},"wordCount":352,"commentCount":0,"publisher":{"@id":"https:\/\/gazetetrafik.com\/#organization"},"image":{"@id":"https:\/\/gazetetrafik.com\/2023\/02\/05\/karbonsuz\/#primaryimage"},"thumbnailUrl":"https:\/\/gazetetrafik.com\/wp-content\/uploads\/2023\/02\/IBBkarbonsuzulasim-gazetetrafik.jpg","keywords":["\u0130BB","karbonsuz","lojistik","ula\u015f\u0131m ara\u00e7lar\u0131"],"articleSection":["Eri\u015fim&amp;Ula\u015f\u0131m","Genel"],"inLanguage":"en-US","potentialAction":[{"@type":"CommentAction","name":"Comment","target":["https:\/\/gazetetrafik.com\/2023\/02\/05\/karbonsuz\/#respond"]}]},{"@type":"WebPage","@id":"https:\/\/gazetetrafik.com\/2023\/02\/05\/karbonsuz\/","url":"https:\/\/gazetetrafik.com\/2023\/02\/05\/karbonsuz\/","name":"Karbonsuz ula\u015f\u0131m ara\u00e7lar\u0131 \u0130stanbul\u2019da -","isPartOf":{"@id":"https:\/\/gazetetrafik.com\/#website"},"primaryImageOfPage":{"@id":"https:\/\/gazetetrafik.com\/2023\/02\/05\/karbonsuz\/#primaryimage"},"image":{"@id":"https:\/\/gazetetrafik.com\/2023\/02\/05\/karbonsuz\/#primaryimage"},"thumbnailUrl":"https:\/\/gazetetrafik.com\/wp-content\/uploads\/2023\/02\/IBBkarbonsuzulasim-gazetetrafik.jpg","datePublished":"2023-02-05T10:02:33+00:00","dateModified":"2023-02-05T10:02:41+00:00","description":"Karbonsuz ula\u015f\u0131m ara\u00e7lar\u0131 \u0130stanbul\u2019da Eri\u015fim&amp;Ula\u015f\u0131m Karbonsuz ula\u015f\u0131m ara\u00e7lar\u0131 \u0130stanbul\u2019da","breadcrumb":{"@id":"https:\/\/gazetetrafik.com\/2023\/02\/05\/karbonsuz\/#breadcrumb"},"inLanguage":"en-US","potentialAction":[{"@type":"ReadAction","target":["https:\/\/gazetetrafik.com\/2023\/02\/05\/karbonsuz\/"]}]},{"@type":"ImageObject","inLanguage":"en-US","@id":"https:\/\/gazetetrafik.com\/2023\/02\/05\/karbonsuz\/#primaryimage","url":"https:\/\/gazetetrafik.com\/wp-content\/uploads\/2023\/02\/IBBkarbonsuzulasim-gazetetrafik.jpg","contentUrl":"https:\/\/gazetetrafik.com\/wp-content\/uploads\/2023\/02\/IBBkarbonsuzulasim-gazetetrafik.jpg","width":540,"height":480,"caption":"\u0130BB, karbonsuz ula\u015f\u0131m ara\u00e7lar\u0131 lojistik sekt\u00f6r\u00fcnde hizmet verecek"},{"@type":"BreadcrumbList","@id":"https:\/\/gazetetrafik.com\/2023\/02\/05\/karbonsuz\/#breadcrumb","itemListElement":[{"@type":"ListItem","position":1,"name":"Anasayfa","item":"https:\/\/gazetetrafik.com\/"},{"@type":"ListItem","position":2,"name":"Karbonsuz ula\u015f\u0131m ara\u00e7lar\u0131 \u0130stanbul\u2019da"}]},{"@type":"WebSite","@id":"https:\/\/gazetetrafik.com\/#website","url":"https:\/\/gazetetrafik.com\/","name":"","description":"\u0130NSANA VE YA\u015eAM HAKKINA SAYGILI TRAF\u0130K HABER GAZETES\u0130","publisher":{"@id":"https:\/\/gazetetrafik.com\/#organization"},"potentialAction":[{"@type":"SearchAction","target":{"@type":"EntryPoint","urlTemplate":"https:\/\/gazetetrafik.com\/?s={search_term_string}"},"query-input":{"@type":"PropertyValueSpecification","valueRequired":true,"valueName":"search_term_string"}}],"inLanguage":"en-US"},{"@type":"Organization","@id":"https:\/\/gazetetrafik.com\/#organization","name":"Gazete Trafik","url":"https:\/\/gazetetrafik.com\/","logo":{"@type":"ImageObject","inLanguage":"en-US","@id":"https:\/\/gazetetrafik.com\/#\/schema\/logo\/image\/","url":"https:\/\/gazetetrafik.com\/wp-content\/uploads\/2022\/03\/cropped-logo.jpg","contentUrl":"https:\/\/gazetetrafik.com\/wp-content\/uploads\/2022\/03\/cropped-logo.jpg","width":800,"height":220,"caption":"Gazete Trafik"},"image":{"@id":"https:\/\/gazetetrafik.com\/#\/schema\/logo\/image\/"},"sameAs":["https:\/\/x.com\/TrafikGazete","https:\/\/www.instagram.com\/gazetetrafik\/"]},{"@type":"Person","@id":"https:\/\/gazetetrafik.com\/#\/schema\/person\/2f75f4347719ee1b2a8ace54218ecab5","name":"Gazete Trafik","image":{"@type":"ImageObject","inLanguage":"en-US","@id":"https:\/\/secure.gravatar.com\/avatar\/bff6a4bfd3845f68dabbeea43bcbf9f2651b5ab9a1aad1d9381a89e564d3d208?s=96&d=mm&r=g","url":"https:\/\/secure.gravatar.com\/avatar\/bff6a4bfd3845f68dabbeea43bcbf9f2651b5ab9a1aad1d9381a89e564d3d208?s=96&d=mm&r=g","contentUrl":"https:\/\/secure.gravatar.com\/avatar\/bff6a4bfd3845f68dabbeea43bcbf9f2651b5ab9a1aad1d9381a89e564d3d208?s=96&d=mm&r=g","caption":"Gazete Trafik"},"sameAs":["https:\/\/gazetetrafik.com"],"url":"https:\/\/gazetetrafik.com\/en\/author\/gazete-trafik\/"}]}},"_links":{"self":[{"href":"https:\/\/gazetetrafik.com\/en\/wp-json\/wp\/v2\/posts\/793","targetHints":{"allow":["GET"]}}],"collection":[{"href":"https:\/\/gazetetrafik.com\/en\/wp-json\/wp\/v2\/posts"}],"about":[{"href":"https:\/\/gazetetrafik.com\/en\/wp-json\/wp\/v2\/types\/post"}],"author":[{"embeddable":true,"href":"https:\/\/gazetetrafik.com\/en\/wp-json\/wp\/v2\/users\/1"}],"replies":[{"embeddable":true,"href":"https:\/\/gazetetrafik.com\/en\/wp-json\/wp\/v2\/comments?post=793"}],"version-history":[{"count":1,"href":"https:\/\/gazetetrafik.com\/en\/wp-json\/wp\/v2\/posts\/793\/revisions"}],"predecessor-version":[{"id":795,"href":"https:\/\/gazetetrafik.com\/en\/wp-json\/wp\/v2\/posts\/793\/revisions\/795"}],"wp:featuredmedia":[{"embeddable":true,"href":"https:\/\/gazetetrafik.com\/en\/wp-json\/wp\/v2\/media\/794"}],"wp:attachment":[{"href":"https:\/\/gazetetrafik.com\/en\/wp-json\/wp\/v2\/media?parent=793"}],"wp:term":[{"taxonomy":"category","embeddable":true,"href":"https:\/\/gazetetrafik.com\/en\/wp-json\/wp\/v2\/categories?post=793"},{"taxonomy":"post_tag","embeddable":true,"href":"https:\/\/gazetetrafik.com\/en\/wp-json\/wp\/v2\/tags?post=793"}],"curies":[{"name":"wp","href":"https:\/\/api.w.org\/{rel}","templated":true}]}}