{"id":799,"date":"2023-02-05T13:22:22","date_gmt":"2023-02-05T10:22:22","guid":{"rendered":"https:\/\/gazetetrafik.com\/?p=799"},"modified":"2023-02-05T13:23:07","modified_gmt":"2023-02-05T10:23:07","slug":"kar-hazirliklari","status":"publish","type":"post","link":"https:\/\/gazetetrafik.com\/en\/2023\/02\/05\/kar-hazirliklari\/","title":{"rendered":"\u0130stanbul\u2019da kar haz\u0131rl\u0131klar\u0131 tamam"},"content":{"rendered":"<p>\u0130BB\u2019nin ger\u00e7ekle\u015ftirdi\u011fi k\u0131\u015f tatbikat\u0131na \u0130stanbul\u2019un \u00e7e\u015fitli noktalar\u0131nda haz\u0131r bulunan yakla\u015f\u0131k 1.600 personel ve 354 kar k\u00fcreme arac\u0131, g\u00f6rev g\u00fczergahlar\u0131nda seferler yapt\u0131. Ekipler g\u00fcvenli s\u00fcr\u00fc\u015ften, sinyalizasyona kadar teknolojik donan\u0131mlar kazand\u0131r\u0131lan ara\u00e7lar\u0131 test etti.<\/p>\n\n\n\n<h2 class=\"wp-block-heading\">Ekipler haz\u0131r<\/h2>\n\n\n\n<p>\u0130BB, \u00f6n\u00fcm\u00fczdeki aylarda ya\u015fanabilecek olumsuz hava ko\u015fullar\u0131na kar\u015f\u0131 \u00f6nlemlerini ald\u0131. 9 bin 649 personel ve 2 bin 275 ara\u00e7 ile \u0130stanbul\u2019da k\u0131\u015f \u015fartlar\u0131yla m\u00fccadele edilecek.&nbsp; Kar k\u00fcreme ve tuzlama ekipleri, \u0130stanbul\u2019da 4 bin 23 kilometrelik sorumlu yol a\u011f\u0131nda, 598 m\u00fcdahale noktas\u0131nda haz\u0131r bekletilecek ve gerekli hallerde m\u00fcdahale \u00e7al\u0131\u015fmalar\u0131n\u0131 y\u00fcr\u00fctecek. Yollarda 64 tank sol\u00fcsyon kullan\u0131lacak, kritik noktalara 377 adet kutu tuz b\u0131rak\u0131lacak. Ekipler, kar ya\u011f\u0131\u015f\u0131 ile birlikte yollarda, meydanlarda, metro giri\u015f ve \u00e7\u0131k\u0131\u015flar\u0131nda, otob\u00fcs duraklar\u0131nda, alt ve \u00fcstge\u00e7itlerde, iskele \u00f6nlerinde, hastane ve okul gibi noktalarda kar k\u00fcreme ve tuzlama \u00e7al\u0131\u015fmalar\u0131n\u0131 y\u00fcr\u00fctecek, tehlike arz eden par\u00e7alara\/buz sark\u0131nt\u0131lar\u0131na, devrilen a\u011fa\u00e7lara m\u00fcdahale edecek.<\/p>\n\n\n\n<h2 class=\"wp-block-heading\">60 noktada BEUS<\/h2>\n\n\n\n<p>\u0130stanbul genelinde 60 noktada kurulan Buzlanma Erken Uyar\u0131 Sistemi\u2019nden (BEUS) gelen mesajlar do\u011frultusunda ekipler \u00e7al\u0131\u015fmalar\u0131n\u0131 y\u00fcr\u00fctecek. Ekiplerin takibi ve y\u00f6nlendirilmesi ara\u00e7 takip sistemi \u00fczerinden sa\u011flanacak. Ana arter ve \u00e7evre yollar\u0131nda \u00e7ekici ve kurtar\u0131c\u0131 ara\u00e7lar haz\u0131r bekletilerek, olas\u0131 trafik kazalar\u0131 ve yolda kalmalara h\u0131zla m\u00fcdahale edilecek. Muhtarlar\u0131n kontrol\u00fcne verilen 168&nbsp; k\u00fcreme aparatl\u0131 trakt\u00f6rler ile k\u00f6y yollar\u0131n a\u00e7\u0131k tutulacak.<\/p>\n\n\n\n<h2 class=\"wp-block-heading\">Mobil b\u00fcfe ve tuvalet<\/h2>\n\n\n\n<p>\u0130BB, sokakta ya\u015fayan evsiz vatanda\u015flara k\u0131\u015f hizmeti \u00e7al\u0131\u015fmas\u0131n\u0131 22 Kas\u0131m 2022\u2019de ba\u015flatt\u0131. Halihaz\u0131rda 595 erkek, 102 kad\u0131n olmak \u00fczere 697 evsiz vatanda\u015f (erkekler Esenyurt, kad\u0131nlar Kay\u0131\u015fda\u011f\u0131 \u0130BB Tesislerinde, ayr\u0131ca aileler ve erkekler Fatih ve Ba\u011fc\u0131lar\u2019da bulunan anla\u015fmal\u0131 3 otelde) misafir ediliyor.<\/p>\n\n\n\n<p>Sokak hayvanlar\u0131n\u0131n beslenmelerine ve tedavilerine y\u00f6nelik Veteriner Hizmetleri M\u00fcd\u00fcrl\u00fc\u011f\u00fc ekipleri \u00e7al\u0131\u015fmalar y\u00fcr\u00fct\u00fcyor. Yo\u011fun kar ya\u011f\u0131\u015flar\u0131nda mobil b\u00fcfeler ile hastanelerin acil servisleri, iskeleler ve yollarda trafikte bekleyen s\u00fcr\u00fcc\u00fclere s\u0131cak i\u00e7ecek, \u00e7orba ve su servisi sunulacak; kritik noktalarda konu\u015fland\u0131r\u0131lacak mobil tuvaletler ile vatanda\u015flara hizmet verilecek. \u0130ETT, Metro \u0130stanbul ve \u015eehir Hatlar\u0131 taraf\u0131ndan yo\u011fun kar ya\u011f\u0131\u015f\u0131n\u0131n oldu\u011fu tarihlerde ek seferler d\u00fczenlenecek.<a href=\"http:\/\/www.ibb.istanbul\">http:\/\/www.ibb.istanbul<\/a><\/p>","protected":false},"excerpt":{"rendered":"<p>\u0130BB\u2019nin ger\u00e7ekle\u015ftirdi\u011fi k\u0131\u015f tatbikat\u0131na \u0130stanbul\u2019un \u00e7e\u015fitli noktalar\u0131nda haz\u0131r bulunan yakla\u015f\u0131k 1.600 personel ve 354 kar&#8230;<\/p>","protected":false},"author":1,"featured_media":800,"comment_status":"open","ping_status":"open","sticky":false,"template":"","format":"standard","meta":{"footnotes":""},"categories":[4,1],"tags":[222,39,104,225],"class_list":["post-799","post","type-post","status-publish","format-standard","has-post-thumbnail","hentry","category-erisimulasim","category-genel","tag-akom","tag-ibb","tag-istanbul","tag-kar-hazirliklari"],"yoast_head":"<!-- This site is optimized with the Yoast SEO plugin v27.5 - https:\/\/yoast.com\/product\/yoast-seo-wordpress\/ -->\n<title>\u0130stanbul\u2019da kar haz\u0131rl\u0131klar\u0131 tamam - Eri\u015fim&amp;Ula\u015f\u0131m<\/title>\n<meta name=\"description\" content=\"\u0130stanbul\u2019da kar haz\u0131rl\u0131klar\u0131 tamam Eri\u015fim&amp;Ula\u015f\u0131m \u0130stanbul\u2019da kar haz\u0131rl\u0131klar\u0131 tamam Eri\u015fim&amp;Ula\u015f\u0131m\" \/>\n<meta name=\"robots\" content=\"index, follow, max-snippet:-1, max-image-preview:large, max-video-preview:-1\" \/>\n<link rel=\"canonical\" href=\"https:\/\/gazetetrafik.com\/en\/2023\/02\/05\/kar-hazirliklari\/\" \/>\n<meta property=\"og:locale\" content=\"en_US\" \/>\n<meta property=\"og:type\" content=\"article\" \/>\n<meta property=\"og:title\" content=\"\u0130stanbul\u2019da kar haz\u0131rl\u0131klar\u0131 tamam - Eri\u015fim&amp;Ula\u015f\u0131m\" \/>\n<meta property=\"og:description\" content=\"\u0130stanbul\u2019da kar haz\u0131rl\u0131klar\u0131 tamam Eri\u015fim&amp;Ula\u015f\u0131m \u0130stanbul\u2019da kar haz\u0131rl\u0131klar\u0131 tamam Eri\u015fim&amp;Ula\u015f\u0131m\" \/>\n<meta property=\"og:url\" content=\"https:\/\/gazetetrafik.com\/en\/2023\/02\/05\/kar-hazirliklari\/\" \/>\n<meta property=\"article:published_time\" content=\"2023-02-05T10:22:22+00:00\" \/>\n<meta property=\"article:modified_time\" content=\"2023-02-05T10:23:07+00:00\" \/>\n<meta property=\"og:image\" content=\"https:\/\/gazetetrafik.com\/wp-content\/uploads\/2023\/02\/Istanbulkarhazirlik-gazetetrafik.jpg\" \/>\n\t<meta property=\"og:image:width\" content=\"543\" \/>\n\t<meta property=\"og:image:height\" content=\"480\" \/>\n\t<meta property=\"og:image:type\" content=\"image\/jpeg\" \/>\n<meta name=\"author\" content=\"Gazete Trafik\" \/>\n<meta name=\"twitter:card\" content=\"summary_large_image\" \/>\n<meta name=\"twitter:creator\" content=\"@TrafikGazete\" \/>\n<meta name=\"twitter:site\" content=\"@TrafikGazete\" \/>\n<meta name=\"twitter:label1\" content=\"Written by\" \/>\n\t<meta name=\"twitter:data1\" content=\"Gazete Trafik\" \/>\n\t<meta name=\"twitter:label2\" content=\"Est. reading time\" \/>\n\t<meta name=\"twitter:data2\" content=\"2 minutes\" \/>\n<script type=\"application\/ld+json\" class=\"yoast-schema-graph\">{\"@context\":\"https:\\\/\\\/schema.org\",\"@graph\":[{\"@type\":\"Article\",\"@id\":\"https:\\\/\\\/gazetetrafik.com\\\/2023\\\/02\\\/05\\\/kar-hazirliklari\\\/#article\",\"isPartOf\":{\"@id\":\"https:\\\/\\\/gazetetrafik.com\\\/2023\\\/02\\\/05\\\/kar-hazirliklari\\\/\"},\"author\":{\"name\":\"Gazete Trafik\",\"@id\":\"https:\\\/\\\/gazetetrafik.com\\\/#\\\/schema\\\/person\\\/2f75f4347719ee1b2a8ace54218ecab5\"},\"headline\":\"\u0130stanbul\u2019da kar haz\u0131rl\u0131klar\u0131 tamam\",\"datePublished\":\"2023-02-05T10:22:22+00:00\",\"dateModified\":\"2023-02-05T10:23:07+00:00\",\"mainEntityOfPage\":{\"@id\":\"https:\\\/\\\/gazetetrafik.com\\\/2023\\\/02\\\/05\\\/kar-hazirliklari\\\/\"},\"wordCount\":418,\"commentCount\":0,\"publisher\":{\"@id\":\"https:\\\/\\\/gazetetrafik.com\\\/#organization\"},\"image\":{\"@id\":\"https:\\\/\\\/gazetetrafik.com\\\/2023\\\/02\\\/05\\\/kar-hazirliklari\\\/#primaryimage\"},\"thumbnailUrl\":\"https:\\\/\\\/gazetetrafik.com\\\/wp-content\\\/uploads\\\/2023\\\/02\\\/Istanbulkarhazirlik-gazetetrafik.jpg\",\"keywords\":[\"Akom\",\"\u0130BB\",\"\u0130stanbul\",\"kar haz\u0131rl\u0131klar\u0131\"],\"articleSection\":[\"Eri\u015fim&amp;Ula\u015f\u0131m\",\"Genel\"],\"inLanguage\":\"en-US\",\"potentialAction\":[{\"@type\":\"CommentAction\",\"name\":\"Comment\",\"target\":[\"https:\\\/\\\/gazetetrafik.com\\\/2023\\\/02\\\/05\\\/kar-hazirliklari\\\/#respond\"]}]},{\"@type\":\"WebPage\",\"@id\":\"https:\\\/\\\/gazetetrafik.com\\\/2023\\\/02\\\/05\\\/kar-hazirliklari\\\/\",\"url\":\"https:\\\/\\\/gazetetrafik.com\\\/2023\\\/02\\\/05\\\/kar-hazirliklari\\\/\",\"name\":\"\u0130stanbul\u2019da kar haz\u0131rl\u0131klar\u0131 tamam - Eri\u015fim&amp;Ula\u015f\u0131m\",\"isPartOf\":{\"@id\":\"https:\\\/\\\/gazetetrafik.com\\\/#website\"},\"primaryImageOfPage\":{\"@id\":\"https:\\\/\\\/gazetetrafik.com\\\/2023\\\/02\\\/05\\\/kar-hazirliklari\\\/#primaryimage\"},\"image\":{\"@id\":\"https:\\\/\\\/gazetetrafik.com\\\/2023\\\/02\\\/05\\\/kar-hazirliklari\\\/#primaryimage\"},\"thumbnailUrl\":\"https:\\\/\\\/gazetetrafik.com\\\/wp-content\\\/uploads\\\/2023\\\/02\\\/Istanbulkarhazirlik-gazetetrafik.jpg\",\"datePublished\":\"2023-02-05T10:22:22+00:00\",\"dateModified\":\"2023-02-05T10:23:07+00:00\",\"description\":\"\u0130stanbul\u2019da kar haz\u0131rl\u0131klar\u0131 tamam Eri\u015fim&amp;Ula\u015f\u0131m \u0130stanbul\u2019da kar haz\u0131rl\u0131klar\u0131 tamam Eri\u015fim&amp;Ula\u015f\u0131m\",\"breadcrumb\":{\"@id\":\"https:\\\/\\\/gazetetrafik.com\\\/2023\\\/02\\\/05\\\/kar-hazirliklari\\\/#breadcrumb\"},\"inLanguage\":\"en-US\",\"potentialAction\":[{\"@type\":\"ReadAction\",\"target\":[\"https:\\\/\\\/gazetetrafik.com\\\/2023\\\/02\\\/05\\\/kar-hazirliklari\\\/\"]}]},{\"@type\":\"ImageObject\",\"inLanguage\":\"en-US\",\"@id\":\"https:\\\/\\\/gazetetrafik.com\\\/2023\\\/02\\\/05\\\/kar-hazirliklari\\\/#primaryimage\",\"url\":\"https:\\\/\\\/gazetetrafik.com\\\/wp-content\\\/uploads\\\/2023\\\/02\\\/Istanbulkarhazirlik-gazetetrafik.jpg\",\"contentUrl\":\"https:\\\/\\\/gazetetrafik.com\\\/wp-content\\\/uploads\\\/2023\\\/02\\\/Istanbulkarhazirlik-gazetetrafik.jpg\",\"width\":543,\"height\":480,\"caption\":\"\u0130stanbul'da kar haz\u0131rl\u0131klar\u0131 tamamland\u0131\"},{\"@type\":\"BreadcrumbList\",\"@id\":\"https:\\\/\\\/gazetetrafik.com\\\/2023\\\/02\\\/05\\\/kar-hazirliklari\\\/#breadcrumb\",\"itemListElement\":[{\"@type\":\"ListItem\",\"position\":1,\"name\":\"Anasayfa\",\"item\":\"https:\\\/\\\/gazetetrafik.com\\\/\"},{\"@type\":\"ListItem\",\"position\":2,\"name\":\"\u0130stanbul\u2019da kar haz\u0131rl\u0131klar\u0131 tamam\"}]},{\"@type\":\"WebSite\",\"@id\":\"https:\\\/\\\/gazetetrafik.com\\\/#website\",\"url\":\"https:\\\/\\\/gazetetrafik.com\\\/\",\"name\":\"\",\"description\":\"\u0130NSANA VE YA\u015eAM HAKKINA SAYGILI TRAF\u0130K HABER GAZETES\u0130\",\"publisher\":{\"@id\":\"https:\\\/\\\/gazetetrafik.com\\\/#organization\"},\"potentialAction\":[{\"@type\":\"SearchAction\",\"target\":{\"@type\":\"EntryPoint\",\"urlTemplate\":\"https:\\\/\\\/gazetetrafik.com\\\/?s={search_term_string}\"},\"query-input\":{\"@type\":\"PropertyValueSpecification\",\"valueRequired\":true,\"valueName\":\"search_term_string\"}}],\"inLanguage\":\"en-US\"},{\"@type\":\"Organization\",\"@id\":\"https:\\\/\\\/gazetetrafik.com\\\/#organization\",\"name\":\"Gazete Trafik\",\"url\":\"https:\\\/\\\/gazetetrafik.com\\\/\",\"logo\":{\"@type\":\"ImageObject\",\"inLanguage\":\"en-US\",\"@id\":\"https:\\\/\\\/gazetetrafik.com\\\/#\\\/schema\\\/logo\\\/image\\\/\",\"url\":\"https:\\\/\\\/gazetetrafik.com\\\/wp-content\\\/uploads\\\/2022\\\/03\\\/cropped-logo.jpg\",\"contentUrl\":\"https:\\\/\\\/gazetetrafik.com\\\/wp-content\\\/uploads\\\/2022\\\/03\\\/cropped-logo.jpg\",\"width\":800,\"height\":220,\"caption\":\"Gazete Trafik\"},\"image\":{\"@id\":\"https:\\\/\\\/gazetetrafik.com\\\/#\\\/schema\\\/logo\\\/image\\\/\"},\"sameAs\":[\"https:\\\/\\\/x.com\\\/TrafikGazete\",\"https:\\\/\\\/www.instagram.com\\\/gazetetrafik\\\/\"]},{\"@type\":\"Person\",\"@id\":\"https:\\\/\\\/gazetetrafik.com\\\/#\\\/schema\\\/person\\\/2f75f4347719ee1b2a8ace54218ecab5\",\"name\":\"Gazete Trafik\",\"image\":{\"@type\":\"ImageObject\",\"inLanguage\":\"en-US\",\"@id\":\"https:\\\/\\\/secure.gravatar.com\\\/avatar\\\/bff6a4bfd3845f68dabbeea43bcbf9f2651b5ab9a1aad1d9381a89e564d3d208?s=96&d=mm&r=g\",\"url\":\"https:\\\/\\\/secure.gravatar.com\\\/avatar\\\/bff6a4bfd3845f68dabbeea43bcbf9f2651b5ab9a1aad1d9381a89e564d3d208?s=96&d=mm&r=g\",\"contentUrl\":\"https:\\\/\\\/secure.gravatar.com\\\/avatar\\\/bff6a4bfd3845f68dabbeea43bcbf9f2651b5ab9a1aad1d9381a89e564d3d208?s=96&d=mm&r=g\",\"caption\":\"Gazete Trafik\"},\"sameAs\":[\"https:\\\/\\\/gazetetrafik.com\"],\"url\":\"https:\\\/\\\/gazetetrafik.com\\\/en\\\/author\\\/gazete-trafik\\\/\"}]}<\/script>\n<!-- \/ Yoast SEO plugin. -->","yoast_head_json":{"title":"\u0130stanbul\u2019da kar haz\u0131rl\u0131klar\u0131 tamam - Eri\u015fim&amp;Ula\u015f\u0131m","description":"\u0130stanbul\u2019da kar haz\u0131rl\u0131klar\u0131 tamam Eri\u015fim&amp;Ula\u015f\u0131m \u0130stanbul\u2019da kar haz\u0131rl\u0131klar\u0131 tamam Eri\u015fim&amp;Ula\u015f\u0131m","robots":{"index":"index","follow":"follow","max-snippet":"max-snippet:-1","max-image-preview":"max-image-preview:large","max-video-preview":"max-video-preview:-1"},"canonical":"https:\/\/gazetetrafik.com\/en\/2023\/02\/05\/kar-hazirliklari\/","og_locale":"en_US","og_type":"article","og_title":"\u0130stanbul\u2019da kar haz\u0131rl\u0131klar\u0131 tamam - Eri\u015fim&amp;Ula\u015f\u0131m","og_description":"\u0130stanbul\u2019da kar haz\u0131rl\u0131klar\u0131 tamam Eri\u015fim&amp;Ula\u015f\u0131m \u0130stanbul\u2019da kar haz\u0131rl\u0131klar\u0131 tamam Eri\u015fim&amp;Ula\u015f\u0131m","og_url":"https:\/\/gazetetrafik.com\/en\/2023\/02\/05\/kar-hazirliklari\/","article_published_time":"2023-02-05T10:22:22+00:00","article_modified_time":"2023-02-05T10:23:07+00:00","og_image":[{"width":543,"height":480,"url":"https:\/\/gazetetrafik.com\/wp-content\/uploads\/2023\/02\/Istanbulkarhazirlik-gazetetrafik.jpg","type":"image\/jpeg"}],"author":"Gazete Trafik","twitter_card":"summary_large_image","twitter_creator":"@TrafikGazete","twitter_site":"@TrafikGazete","twitter_misc":{"Written by":"Gazete Trafik","Est. reading time":"2 minutes"},"schema":{"@context":"https:\/\/schema.org","@graph":[{"@type":"Article","@id":"https:\/\/gazetetrafik.com\/2023\/02\/05\/kar-hazirliklari\/#article","isPartOf":{"@id":"https:\/\/gazetetrafik.com\/2023\/02\/05\/kar-hazirliklari\/"},"author":{"name":"Gazete Trafik","@id":"https:\/\/gazetetrafik.com\/#\/schema\/person\/2f75f4347719ee1b2a8ace54218ecab5"},"headline":"\u0130stanbul\u2019da kar haz\u0131rl\u0131klar\u0131 tamam","datePublished":"2023-02-05T10:22:22+00:00","dateModified":"2023-02-05T10:23:07+00:00","mainEntityOfPage":{"@id":"https:\/\/gazetetrafik.com\/2023\/02\/05\/kar-hazirliklari\/"},"wordCount":418,"commentCount":0,"publisher":{"@id":"https:\/\/gazetetrafik.com\/#organization"},"image":{"@id":"https:\/\/gazetetrafik.com\/2023\/02\/05\/kar-hazirliklari\/#primaryimage"},"thumbnailUrl":"https:\/\/gazetetrafik.com\/wp-content\/uploads\/2023\/02\/Istanbulkarhazirlik-gazetetrafik.jpg","keywords":["Akom","\u0130BB","\u0130stanbul","kar haz\u0131rl\u0131klar\u0131"],"articleSection":["Eri\u015fim&amp;Ula\u015f\u0131m","Genel"],"inLanguage":"en-US","potentialAction":[{"@type":"CommentAction","name":"Comment","target":["https:\/\/gazetetrafik.com\/2023\/02\/05\/kar-hazirliklari\/#respond"]}]},{"@type":"WebPage","@id":"https:\/\/gazetetrafik.com\/2023\/02\/05\/kar-hazirliklari\/","url":"https:\/\/gazetetrafik.com\/2023\/02\/05\/kar-hazirliklari\/","name":"\u0130stanbul\u2019da kar haz\u0131rl\u0131klar\u0131 tamam - Eri\u015fim&amp;Ula\u015f\u0131m","isPartOf":{"@id":"https:\/\/gazetetrafik.com\/#website"},"primaryImageOfPage":{"@id":"https:\/\/gazetetrafik.com\/2023\/02\/05\/kar-hazirliklari\/#primaryimage"},"image":{"@id":"https:\/\/gazetetrafik.com\/2023\/02\/05\/kar-hazirliklari\/#primaryimage"},"thumbnailUrl":"https:\/\/gazetetrafik.com\/wp-content\/uploads\/2023\/02\/Istanbulkarhazirlik-gazetetrafik.jpg","datePublished":"2023-02-05T10:22:22+00:00","dateModified":"2023-02-05T10:23:07+00:00","description":"\u0130stanbul\u2019da kar haz\u0131rl\u0131klar\u0131 tamam Eri\u015fim&amp;Ula\u015f\u0131m \u0130stanbul\u2019da kar haz\u0131rl\u0131klar\u0131 tamam Eri\u015fim&amp;Ula\u015f\u0131m","breadcrumb":{"@id":"https:\/\/gazetetrafik.com\/2023\/02\/05\/kar-hazirliklari\/#breadcrumb"},"inLanguage":"en-US","potentialAction":[{"@type":"ReadAction","target":["https:\/\/gazetetrafik.com\/2023\/02\/05\/kar-hazirliklari\/"]}]},{"@type":"ImageObject","inLanguage":"en-US","@id":"https:\/\/gazetetrafik.com\/2023\/02\/05\/kar-hazirliklari\/#primaryimage","url":"https:\/\/gazetetrafik.com\/wp-content\/uploads\/2023\/02\/Istanbulkarhazirlik-gazetetrafik.jpg","contentUrl":"https:\/\/gazetetrafik.com\/wp-content\/uploads\/2023\/02\/Istanbulkarhazirlik-gazetetrafik.jpg","width":543,"height":480,"caption":"\u0130stanbul'da kar haz\u0131rl\u0131klar\u0131 tamamland\u0131"},{"@type":"BreadcrumbList","@id":"https:\/\/gazetetrafik.com\/2023\/02\/05\/kar-hazirliklari\/#breadcrumb","itemListElement":[{"@type":"ListItem","position":1,"name":"Anasayfa","item":"https:\/\/gazetetrafik.com\/"},{"@type":"ListItem","position":2,"name":"\u0130stanbul\u2019da kar haz\u0131rl\u0131klar\u0131 tamam"}]},{"@type":"WebSite","@id":"https:\/\/gazetetrafik.com\/#website","url":"https:\/\/gazetetrafik.com\/","name":"","description":"\u0130NSANA VE YA\u015eAM HAKKINA SAYGILI TRAF\u0130K HABER GAZETES\u0130","publisher":{"@id":"https:\/\/gazetetrafik.com\/#organization"},"potentialAction":[{"@type":"SearchAction","target":{"@type":"EntryPoint","urlTemplate":"https:\/\/gazetetrafik.com\/?s={search_term_string}"},"query-input":{"@type":"PropertyValueSpecification","valueRequired":true,"valueName":"search_term_string"}}],"inLanguage":"en-US"},{"@type":"Organization","@id":"https:\/\/gazetetrafik.com\/#organization","name":"Gazete Trafik","url":"https:\/\/gazetetrafik.com\/","logo":{"@type":"ImageObject","inLanguage":"en-US","@id":"https:\/\/gazetetrafik.com\/#\/schema\/logo\/image\/","url":"https:\/\/gazetetrafik.com\/wp-content\/uploads\/2022\/03\/cropped-logo.jpg","contentUrl":"https:\/\/gazetetrafik.com\/wp-content\/uploads\/2022\/03\/cropped-logo.jpg","width":800,"height":220,"caption":"Gazete Trafik"},"image":{"@id":"https:\/\/gazetetrafik.com\/#\/schema\/logo\/image\/"},"sameAs":["https:\/\/x.com\/TrafikGazete","https:\/\/www.instagram.com\/gazetetrafik\/"]},{"@type":"Person","@id":"https:\/\/gazetetrafik.com\/#\/schema\/person\/2f75f4347719ee1b2a8ace54218ecab5","name":"Gazete Trafik","image":{"@type":"ImageObject","inLanguage":"en-US","@id":"https:\/\/secure.gravatar.com\/avatar\/bff6a4bfd3845f68dabbeea43bcbf9f2651b5ab9a1aad1d9381a89e564d3d208?s=96&d=mm&r=g","url":"https:\/\/secure.gravatar.com\/avatar\/bff6a4bfd3845f68dabbeea43bcbf9f2651b5ab9a1aad1d9381a89e564d3d208?s=96&d=mm&r=g","contentUrl":"https:\/\/secure.gravatar.com\/avatar\/bff6a4bfd3845f68dabbeea43bcbf9f2651b5ab9a1aad1d9381a89e564d3d208?s=96&d=mm&r=g","caption":"Gazete Trafik"},"sameAs":["https:\/\/gazetetrafik.com"],"url":"https:\/\/gazetetrafik.com\/en\/author\/gazete-trafik\/"}]}},"_links":{"self":[{"href":"https:\/\/gazetetrafik.com\/en\/wp-json\/wp\/v2\/posts\/799","targetHints":{"allow":["GET"]}}],"collection":[{"href":"https:\/\/gazetetrafik.com\/en\/wp-json\/wp\/v2\/posts"}],"about":[{"href":"https:\/\/gazetetrafik.com\/en\/wp-json\/wp\/v2\/types\/post"}],"author":[{"embeddable":true,"href":"https:\/\/gazetetrafik.com\/en\/wp-json\/wp\/v2\/users\/1"}],"replies":[{"embeddable":true,"href":"https:\/\/gazetetrafik.com\/en\/wp-json\/wp\/v2\/comments?post=799"}],"version-history":[{"count":1,"href":"https:\/\/gazetetrafik.com\/en\/wp-json\/wp\/v2\/posts\/799\/revisions"}],"predecessor-version":[{"id":801,"href":"https:\/\/gazetetrafik.com\/en\/wp-json\/wp\/v2\/posts\/799\/revisions\/801"}],"wp:featuredmedia":[{"embeddable":true,"href":"https:\/\/gazetetrafik.com\/en\/wp-json\/wp\/v2\/media\/800"}],"wp:attachment":[{"href":"https:\/\/gazetetrafik.com\/en\/wp-json\/wp\/v2\/media?parent=799"}],"wp:term":[{"taxonomy":"category","embeddable":true,"href":"https:\/\/gazetetrafik.com\/en\/wp-json\/wp\/v2\/categories?post=799"},{"taxonomy":"post_tag","embeddable":true,"href":"https:\/\/gazetetrafik.com\/en\/wp-json\/wp\/v2\/tags?post=799"}],"curies":[{"name":"wp","href":"https:\/\/api.w.org\/{rel}","templated":true}]}}