{"id":808,"date":"2023-02-05T14:26:04","date_gmt":"2023-02-05T11:26:04","guid":{"rendered":"https:\/\/gazetetrafik.com\/?p=808"},"modified":"2023-02-05T14:27:03","modified_gmt":"2023-02-05T11:27:03","slug":"izmir-ulasim","status":"publish","type":"post","link":"https:\/\/gazetetrafik.com\/en\/2023\/02\/05\/izmir-ulasim\/","title":{"rendered":"\u0130zmir ula\u015f\u0131m haberleri"},"content":{"rendered":"<p>\u0130zmir B\u00fcy\u00fck\u015fehir Belediyesinin ula\u015f\u0131m haberlerinde, \u0130ZBAN\u2019a 4 yeni durak daha a\u00e7\u0131laca\u011f\u0131 yer al\u0131yor. <\/p>\n\n\n\n<p>\u0130zmir B\u00fcy\u00fck\u015fehir Belediyesi 3 il\u00e7ede \u0130ZBAN\u2019a&nbsp; 4 yeni durak eklemek i\u00e7in \u00e7al\u0131\u015fmalara ba\u015flad\u0131. Konak\u2019ta Lale Mahallesi ve \u00c7i\u011fli\u2019de Katip \u00c7elebi \u00dcniversitesi istasyonlar\u0131 i\u00e7in \u015fubat ay\u0131nda yeniden ihaleye \u00e7\u0131kacak \u0130zmir B\u00fcy\u00fck\u015fehir Belediyesi, Menemen\u2019de ise Koyundere ve Asarl\u0131k istasyonlar\u0131 i\u00e7in TCDD ile g\u00f6r\u00fc\u015fmelere ba\u015flad\u0131.<\/p>\n\n\n\n<p>\u0130zmir B\u00fcy\u00fck\u015fehir Belediyesi ve T\u00fcrkiye Cumhuriyeti Devlet Demiryollar\u0131 (TCDD) i\u015fbirli\u011fiyle kente kazand\u0131r\u0131lan 136 kilometrelik \u0130ZBAN hatt\u0131na d\u00f6rt yeni istasyon daha eklemek i\u00e7in \u00e7al\u0131\u015fmalar ba\u015flat\u0131ld\u0131.<\/p>\n\n\n\n<h2 class=\"wp-block-heading\">Menemen\u2019e iki yeni durak<\/h2>\n\n\n\n<p>\u0130zmir B\u00fcy\u00fck\u015fehir Belediye Ba\u015fkan\u0131 Tun\u00e7 Soyer\u2019in Menemen\u2019de m\u00fcjdesini verdi\u011fi Koyundere ve Asarl\u0131k istasyonlar\u0131 i\u00e7in TCDD\u2019den teknik g\u00f6r\u00fc\u015f istendi. B\u00f6lgede ya\u015fayan yo\u011fun n\u00fcfusun \u0130ZBAN\u2019a eri\u015fimini kolayla\u015ft\u0131rmak i\u00e7in yap\u0131lmas\u0131 planlanan Koyundere ve Asarl\u0131k istasyonlar\u0131, TCDD\u2018nin istasyon yerlerini uygun g\u00f6rmesiyle ilk olarak proje ihalesine \u00e7\u0131kacak. \u0130hale sonras\u0131 haz\u0131rlanacak projeye TCDD\u2019nin onay vermesinin ard\u0131ndan yap\u0131m ihalesi s\u00fcreci ba\u015flat\u0131lacak.<\/p>\n\n\n\n<h2 class=\"wp-block-heading\">Lale ve Katip \u00c7elebi duraklar\u0131 i\u00e7in tekrar ihaleye \u00e7\u0131k\u0131l\u0131yor<\/h2>\n\n\n\n<p>Menemen\u2019deki durak \u00e7al\u0131\u015fmalar\u0131n\u0131n yan\u0131 s\u0131ra \u0130zmir B\u00fcy\u00fck\u015fehir Belediyesi, Konak\u2019ta Lale Mahallesi ve \u00c7i\u011fli\u2019de Katip \u00c7elebi \u00dcniversitesi istasyonlar\u0131 i\u00e7in tekrar ihale s\u00fcrecini ba\u015flat\u0131yor. 2021 y\u0131l\u0131nda Lale Mahallesi\u2019nde yap\u0131m \u00e7al\u0131\u015fmalar\u0131n\u0131n ba\u015flat\u0131lmas\u0131na kar\u015f\u0131n y\u00fcklenici firma, ekonomik kriz nedeniyle ihaleyi feshedip \u00e7al\u0131\u015fmalar\u0131 durdurmu\u015ftu. Katip \u00c7elebi \u00dcniversitesi istasyon projesinin tamamlanmas\u0131 \u00fczerine,&nbsp; iki istasyon i\u00e7in ortak ihaleye \u00e7\u0131k\u0131lm\u0131\u015ft\u0131. \u0130ki il\u00e7ede de ula\u015f\u0131m sorununa \u00e7are olacak istasyonlar\u0131n ihalelerine teklif \u00e7\u0131kmamas\u0131 \u00fczerine, \u015fubat ay\u0131 i\u00e7inde tekrar yap\u0131m ihalesine \u00e7\u0131k\u0131lacak. \u0130hale s\u00fcrecinin ard\u0131ndan ba\u015flayacak yap\u0131m \u00e7al\u0131\u015fmalar\u0131n\u0131n 18 ayda tamamlanmas\u0131 planlan\u0131yor. Yap\u0131m \u00e7al\u0131\u015fmalar\u0131 kapsam\u0131nda, \u0130ZBAN\u2019a entegre olacak iki istasyon da yer\u00fcst\u00fcnde in\u015fa edilerek hizmete a\u00e7\u0131lacak.<\/p>\n\n\n\n<h2 class=\"wp-block-heading\">136 kilometrelik hatta durak say\u0131s\u0131 45\u2019e \u00e7\u0131kacak<\/h2>\n\n\n\n<p>T\u00fcrkiye&#8217;nin en uzun banliy\u00f6 hatt\u0131 2010 y\u0131l\u0131nda 80 kilometre ile Alia\u011fa ile Menderes aras\u0131nda hizmete girdi. TCDD ile \u0130zmir B\u00fcy\u00fck\u015fehir Belediyesi ortakl\u0131\u011f\u0131nda yap\u0131lan \u0130zmir Banliy\u00f6 Sistemi \u0130ZBAN hatt\u0131 \u00f6nce Torbal\u0131&#8217;ya kadar uzat\u0131ld\u0131. Ard\u0131ndan Tepek\u00f6y &#8211; Sel\u00e7uk aras\u0131ndaki 26 kilometrelik b\u00f6l\u00fcm hizmete a\u00e7\u0131ld\u0131. \u0130ZBAN hatt\u0131 Sel\u00e7uk \u0130stasyonu&#8217;nun da kat\u0131l\u0131m\u0131yla 136 kilometreye eri\u015fti. \u0130ZBAN hatt\u0131nda 41 olan istasyon say\u0131s\u0131 yeni istasyonlar\u0131n\u0131n devreye girmesi ile 45\u2019e \u00e7\u0131kacak.<a href=\"http:\/\/www.izmir.bel.tr\">http:\/\/www.izmir.bel.tr<\/a><\/p>","protected":false},"excerpt":{"rendered":"<p>\u0130zmir B\u00fcy\u00fck\u015fehir Belediyesinin ula\u015f\u0131m haberlerinde, \u0130ZBAN\u2019a 4 yeni durak daha a\u00e7\u0131laca\u011f\u0131 yer al\u0131yor. \u0130zmir B\u00fcy\u00fck\u015fehir&#8230;<\/p>","protected":false},"author":1,"featured_media":809,"comment_status":"open","ping_status":"open","sticky":false,"template":"","format":"standard","meta":{"footnotes":""},"categories":[4,1],"tags":[232,231],"class_list":["post-808","post","type-post","status-publish","format-standard","has-post-thumbnail","hentry","category-erisimulasim","category-genel","tag-izban","tag-izmir-buyuksehir-belediyesi-2"],"yoast_head":"<!-- This site is optimized with the Yoast SEO plugin v27.5 - https:\/\/yoast.com\/product\/yoast-seo-wordpress\/ -->\n<title>\u0130zmir ula\u015f\u0131m haberleri - Eri\u015fim&amp;Ula\u015f\u0131m<\/title>\n<meta name=\"description\" content=\"\u0130zmir ula\u015f\u0131m haberleri Eri\u015fim&amp;Ula\u015f\u0131m \u0130zmir ula\u015f\u0131m haberleri Eri\u015fim&amp;Ula\u015f\u0131m - \u0130zmir ula\u015f\u0131m haberleri\" \/>\n<meta name=\"robots\" content=\"index, follow, max-snippet:-1, max-image-preview:large, max-video-preview:-1\" \/>\n<link rel=\"canonical\" href=\"https:\/\/gazetetrafik.com\/en\/2023\/02\/05\/izmir-ulasim\/\" \/>\n<meta property=\"og:locale\" content=\"en_US\" \/>\n<meta property=\"og:type\" content=\"article\" \/>\n<meta property=\"og:title\" content=\"\u0130zmir ula\u015f\u0131m haberleri - Eri\u015fim&amp;Ula\u015f\u0131m\" \/>\n<meta property=\"og:description\" content=\"\u0130zmir ula\u015f\u0131m haberleri Eri\u015fim&amp;Ula\u015f\u0131m \u0130zmir ula\u015f\u0131m haberleri Eri\u015fim&amp;Ula\u015f\u0131m - \u0130zmir ula\u015f\u0131m haberleri\" \/>\n<meta property=\"og:url\" content=\"https:\/\/gazetetrafik.com\/en\/2023\/02\/05\/izmir-ulasim\/\" \/>\n<meta property=\"article:published_time\" content=\"2023-02-05T11:26:04+00:00\" \/>\n<meta property=\"article:modified_time\" content=\"2023-02-05T11:27:03+00:00\" \/>\n<meta property=\"og:image\" content=\"https:\/\/gazetetrafik.com\/wp-content\/uploads\/2023\/02\/Izmirulasim-gazetetrafik.jpg\" \/>\n\t<meta property=\"og:image:width\" content=\"540\" \/>\n\t<meta property=\"og:image:height\" content=\"480\" \/>\n\t<meta property=\"og:image:type\" content=\"image\/jpeg\" \/>\n<meta name=\"author\" content=\"Gazete Trafik\" \/>\n<meta name=\"twitter:card\" content=\"summary_large_image\" \/>\n<meta name=\"twitter:creator\" content=\"@TrafikGazete\" \/>\n<meta name=\"twitter:site\" content=\"@TrafikGazete\" \/>\n<meta name=\"twitter:label1\" content=\"Written by\" \/>\n\t<meta name=\"twitter:data1\" content=\"Gazete Trafik\" \/>\n\t<meta name=\"twitter:label2\" content=\"Est. reading time\" \/>\n\t<meta name=\"twitter:data2\" content=\"2 minutes\" \/>\n<script type=\"application\/ld+json\" class=\"yoast-schema-graph\">{\"@context\":\"https:\\\/\\\/schema.org\",\"@graph\":[{\"@type\":\"Article\",\"@id\":\"https:\\\/\\\/gazetetrafik.com\\\/2023\\\/02\\\/05\\\/izmir-ulasim\\\/#article\",\"isPartOf\":{\"@id\":\"https:\\\/\\\/gazetetrafik.com\\\/2023\\\/02\\\/05\\\/izmir-ulasim\\\/\"},\"author\":{\"name\":\"Gazete Trafik\",\"@id\":\"https:\\\/\\\/gazetetrafik.com\\\/#\\\/schema\\\/person\\\/2f75f4347719ee1b2a8ace54218ecab5\"},\"headline\":\"\u0130zmir ula\u015f\u0131m haberleri\",\"datePublished\":\"2023-02-05T11:26:04+00:00\",\"dateModified\":\"2023-02-05T11:27:03+00:00\",\"mainEntityOfPage\":{\"@id\":\"https:\\\/\\\/gazetetrafik.com\\\/2023\\\/02\\\/05\\\/izmir-ulasim\\\/\"},\"wordCount\":473,\"commentCount\":0,\"publisher\":{\"@id\":\"https:\\\/\\\/gazetetrafik.com\\\/#organization\"},\"image\":{\"@id\":\"https:\\\/\\\/gazetetrafik.com\\\/2023\\\/02\\\/05\\\/izmir-ulasim\\\/#primaryimage\"},\"thumbnailUrl\":\"https:\\\/\\\/gazetetrafik.com\\\/wp-content\\\/uploads\\\/2023\\\/02\\\/Izmirulasim-gazetetrafik.jpg\",\"keywords\":[\"\u0130zban\",\"izmir B\u00fcy\u00fck\u015fehir belediyesi\"],\"articleSection\":[\"Eri\u015fim&amp;Ula\u015f\u0131m\",\"Genel\"],\"inLanguage\":\"en-US\",\"potentialAction\":[{\"@type\":\"CommentAction\",\"name\":\"Comment\",\"target\":[\"https:\\\/\\\/gazetetrafik.com\\\/2023\\\/02\\\/05\\\/izmir-ulasim\\\/#respond\"]}]},{\"@type\":\"WebPage\",\"@id\":\"https:\\\/\\\/gazetetrafik.com\\\/2023\\\/02\\\/05\\\/izmir-ulasim\\\/\",\"url\":\"https:\\\/\\\/gazetetrafik.com\\\/2023\\\/02\\\/05\\\/izmir-ulasim\\\/\",\"name\":\"\u0130zmir ula\u015f\u0131m haberleri - Eri\u015fim&amp;Ula\u015f\u0131m\",\"isPartOf\":{\"@id\":\"https:\\\/\\\/gazetetrafik.com\\\/#website\"},\"primaryImageOfPage\":{\"@id\":\"https:\\\/\\\/gazetetrafik.com\\\/2023\\\/02\\\/05\\\/izmir-ulasim\\\/#primaryimage\"},\"image\":{\"@id\":\"https:\\\/\\\/gazetetrafik.com\\\/2023\\\/02\\\/05\\\/izmir-ulasim\\\/#primaryimage\"},\"thumbnailUrl\":\"https:\\\/\\\/gazetetrafik.com\\\/wp-content\\\/uploads\\\/2023\\\/02\\\/Izmirulasim-gazetetrafik.jpg\",\"datePublished\":\"2023-02-05T11:26:04+00:00\",\"dateModified\":\"2023-02-05T11:27:03+00:00\",\"description\":\"\u0130zmir ula\u015f\u0131m haberleri Eri\u015fim&amp;Ula\u015f\u0131m \u0130zmir ula\u015f\u0131m haberleri Eri\u015fim&amp;Ula\u015f\u0131m - \u0130zmir ula\u015f\u0131m haberleri\",\"breadcrumb\":{\"@id\":\"https:\\\/\\\/gazetetrafik.com\\\/2023\\\/02\\\/05\\\/izmir-ulasim\\\/#breadcrumb\"},\"inLanguage\":\"en-US\",\"potentialAction\":[{\"@type\":\"ReadAction\",\"target\":[\"https:\\\/\\\/gazetetrafik.com\\\/2023\\\/02\\\/05\\\/izmir-ulasim\\\/\"]}]},{\"@type\":\"ImageObject\",\"inLanguage\":\"en-US\",\"@id\":\"https:\\\/\\\/gazetetrafik.com\\\/2023\\\/02\\\/05\\\/izmir-ulasim\\\/#primaryimage\",\"url\":\"https:\\\/\\\/gazetetrafik.com\\\/wp-content\\\/uploads\\\/2023\\\/02\\\/Izmirulasim-gazetetrafik.jpg\",\"contentUrl\":\"https:\\\/\\\/gazetetrafik.com\\\/wp-content\\\/uploads\\\/2023\\\/02\\\/Izmirulasim-gazetetrafik.jpg\",\"width\":540,\"height\":480,\"caption\":\"\u0130zban'a 4 yeni durak\"},{\"@type\":\"BreadcrumbList\",\"@id\":\"https:\\\/\\\/gazetetrafik.com\\\/2023\\\/02\\\/05\\\/izmir-ulasim\\\/#breadcrumb\",\"itemListElement\":[{\"@type\":\"ListItem\",\"position\":1,\"name\":\"Anasayfa\",\"item\":\"https:\\\/\\\/gazetetrafik.com\\\/\"},{\"@type\":\"ListItem\",\"position\":2,\"name\":\"\u0130zmir ula\u015f\u0131m haberleri\"}]},{\"@type\":\"WebSite\",\"@id\":\"https:\\\/\\\/gazetetrafik.com\\\/#website\",\"url\":\"https:\\\/\\\/gazetetrafik.com\\\/\",\"name\":\"\",\"description\":\"\u0130NSANA VE YA\u015eAM HAKKINA SAYGILI TRAF\u0130K HABER GAZETES\u0130\",\"publisher\":{\"@id\":\"https:\\\/\\\/gazetetrafik.com\\\/#organization\"},\"potentialAction\":[{\"@type\":\"SearchAction\",\"target\":{\"@type\":\"EntryPoint\",\"urlTemplate\":\"https:\\\/\\\/gazetetrafik.com\\\/?s={search_term_string}\"},\"query-input\":{\"@type\":\"PropertyValueSpecification\",\"valueRequired\":true,\"valueName\":\"search_term_string\"}}],\"inLanguage\":\"en-US\"},{\"@type\":\"Organization\",\"@id\":\"https:\\\/\\\/gazetetrafik.com\\\/#organization\",\"name\":\"Gazete Trafik\",\"url\":\"https:\\\/\\\/gazetetrafik.com\\\/\",\"logo\":{\"@type\":\"ImageObject\",\"inLanguage\":\"en-US\",\"@id\":\"https:\\\/\\\/gazetetrafik.com\\\/#\\\/schema\\\/logo\\\/image\\\/\",\"url\":\"https:\\\/\\\/gazetetrafik.com\\\/wp-content\\\/uploads\\\/2022\\\/03\\\/cropped-logo.jpg\",\"contentUrl\":\"https:\\\/\\\/gazetetrafik.com\\\/wp-content\\\/uploads\\\/2022\\\/03\\\/cropped-logo.jpg\",\"width\":800,\"height\":220,\"caption\":\"Gazete Trafik\"},\"image\":{\"@id\":\"https:\\\/\\\/gazetetrafik.com\\\/#\\\/schema\\\/logo\\\/image\\\/\"},\"sameAs\":[\"https:\\\/\\\/x.com\\\/TrafikGazete\",\"https:\\\/\\\/www.instagram.com\\\/gazetetrafik\\\/\"]},{\"@type\":\"Person\",\"@id\":\"https:\\\/\\\/gazetetrafik.com\\\/#\\\/schema\\\/person\\\/2f75f4347719ee1b2a8ace54218ecab5\",\"name\":\"Gazete Trafik\",\"image\":{\"@type\":\"ImageObject\",\"inLanguage\":\"en-US\",\"@id\":\"https:\\\/\\\/secure.gravatar.com\\\/avatar\\\/bff6a4bfd3845f68dabbeea43bcbf9f2651b5ab9a1aad1d9381a89e564d3d208?s=96&d=mm&r=g\",\"url\":\"https:\\\/\\\/secure.gravatar.com\\\/avatar\\\/bff6a4bfd3845f68dabbeea43bcbf9f2651b5ab9a1aad1d9381a89e564d3d208?s=96&d=mm&r=g\",\"contentUrl\":\"https:\\\/\\\/secure.gravatar.com\\\/avatar\\\/bff6a4bfd3845f68dabbeea43bcbf9f2651b5ab9a1aad1d9381a89e564d3d208?s=96&d=mm&r=g\",\"caption\":\"Gazete Trafik\"},\"sameAs\":[\"https:\\\/\\\/gazetetrafik.com\"],\"url\":\"https:\\\/\\\/gazetetrafik.com\\\/en\\\/author\\\/gazete-trafik\\\/\"}]}<\/script>\n<!-- \/ Yoast SEO plugin. -->","yoast_head_json":{"title":"\u0130zmir ula\u015f\u0131m haberleri - Eri\u015fim&amp;Ula\u015f\u0131m","description":"\u0130zmir ula\u015f\u0131m haberleri Eri\u015fim&amp;Ula\u015f\u0131m \u0130zmir ula\u015f\u0131m haberleri Eri\u015fim&amp;Ula\u015f\u0131m - \u0130zmir ula\u015f\u0131m haberleri","robots":{"index":"index","follow":"follow","max-snippet":"max-snippet:-1","max-image-preview":"max-image-preview:large","max-video-preview":"max-video-preview:-1"},"canonical":"https:\/\/gazetetrafik.com\/en\/2023\/02\/05\/izmir-ulasim\/","og_locale":"en_US","og_type":"article","og_title":"\u0130zmir ula\u015f\u0131m haberleri - Eri\u015fim&amp;Ula\u015f\u0131m","og_description":"\u0130zmir ula\u015f\u0131m haberleri Eri\u015fim&amp;Ula\u015f\u0131m \u0130zmir ula\u015f\u0131m haberleri Eri\u015fim&amp;Ula\u015f\u0131m - \u0130zmir ula\u015f\u0131m haberleri","og_url":"https:\/\/gazetetrafik.com\/en\/2023\/02\/05\/izmir-ulasim\/","article_published_time":"2023-02-05T11:26:04+00:00","article_modified_time":"2023-02-05T11:27:03+00:00","og_image":[{"width":540,"height":480,"url":"https:\/\/gazetetrafik.com\/wp-content\/uploads\/2023\/02\/Izmirulasim-gazetetrafik.jpg","type":"image\/jpeg"}],"author":"Gazete Trafik","twitter_card":"summary_large_image","twitter_creator":"@TrafikGazete","twitter_site":"@TrafikGazete","twitter_misc":{"Written by":"Gazete Trafik","Est. reading time":"2 minutes"},"schema":{"@context":"https:\/\/schema.org","@graph":[{"@type":"Article","@id":"https:\/\/gazetetrafik.com\/2023\/02\/05\/izmir-ulasim\/#article","isPartOf":{"@id":"https:\/\/gazetetrafik.com\/2023\/02\/05\/izmir-ulasim\/"},"author":{"name":"Gazete Trafik","@id":"https:\/\/gazetetrafik.com\/#\/schema\/person\/2f75f4347719ee1b2a8ace54218ecab5"},"headline":"\u0130zmir ula\u015f\u0131m haberleri","datePublished":"2023-02-05T11:26:04+00:00","dateModified":"2023-02-05T11:27:03+00:00","mainEntityOfPage":{"@id":"https:\/\/gazetetrafik.com\/2023\/02\/05\/izmir-ulasim\/"},"wordCount":473,"commentCount":0,"publisher":{"@id":"https:\/\/gazetetrafik.com\/#organization"},"image":{"@id":"https:\/\/gazetetrafik.com\/2023\/02\/05\/izmir-ulasim\/#primaryimage"},"thumbnailUrl":"https:\/\/gazetetrafik.com\/wp-content\/uploads\/2023\/02\/Izmirulasim-gazetetrafik.jpg","keywords":["\u0130zban","izmir B\u00fcy\u00fck\u015fehir belediyesi"],"articleSection":["Eri\u015fim&amp;Ula\u015f\u0131m","Genel"],"inLanguage":"en-US","potentialAction":[{"@type":"CommentAction","name":"Comment","target":["https:\/\/gazetetrafik.com\/2023\/02\/05\/izmir-ulasim\/#respond"]}]},{"@type":"WebPage","@id":"https:\/\/gazetetrafik.com\/2023\/02\/05\/izmir-ulasim\/","url":"https:\/\/gazetetrafik.com\/2023\/02\/05\/izmir-ulasim\/","name":"\u0130zmir ula\u015f\u0131m haberleri - Eri\u015fim&amp;Ula\u015f\u0131m","isPartOf":{"@id":"https:\/\/gazetetrafik.com\/#website"},"primaryImageOfPage":{"@id":"https:\/\/gazetetrafik.com\/2023\/02\/05\/izmir-ulasim\/#primaryimage"},"image":{"@id":"https:\/\/gazetetrafik.com\/2023\/02\/05\/izmir-ulasim\/#primaryimage"},"thumbnailUrl":"https:\/\/gazetetrafik.com\/wp-content\/uploads\/2023\/02\/Izmirulasim-gazetetrafik.jpg","datePublished":"2023-02-05T11:26:04+00:00","dateModified":"2023-02-05T11:27:03+00:00","description":"\u0130zmir ula\u015f\u0131m haberleri Eri\u015fim&amp;Ula\u015f\u0131m \u0130zmir ula\u015f\u0131m haberleri Eri\u015fim&amp;Ula\u015f\u0131m - \u0130zmir ula\u015f\u0131m haberleri","breadcrumb":{"@id":"https:\/\/gazetetrafik.com\/2023\/02\/05\/izmir-ulasim\/#breadcrumb"},"inLanguage":"en-US","potentialAction":[{"@type":"ReadAction","target":["https:\/\/gazetetrafik.com\/2023\/02\/05\/izmir-ulasim\/"]}]},{"@type":"ImageObject","inLanguage":"en-US","@id":"https:\/\/gazetetrafik.com\/2023\/02\/05\/izmir-ulasim\/#primaryimage","url":"https:\/\/gazetetrafik.com\/wp-content\/uploads\/2023\/02\/Izmirulasim-gazetetrafik.jpg","contentUrl":"https:\/\/gazetetrafik.com\/wp-content\/uploads\/2023\/02\/Izmirulasim-gazetetrafik.jpg","width":540,"height":480,"caption":"\u0130zban'a 4 yeni durak"},{"@type":"BreadcrumbList","@id":"https:\/\/gazetetrafik.com\/2023\/02\/05\/izmir-ulasim\/#breadcrumb","itemListElement":[{"@type":"ListItem","position":1,"name":"Anasayfa","item":"https:\/\/gazetetrafik.com\/"},{"@type":"ListItem","position":2,"name":"\u0130zmir ula\u015f\u0131m haberleri"}]},{"@type":"WebSite","@id":"https:\/\/gazetetrafik.com\/#website","url":"https:\/\/gazetetrafik.com\/","name":"","description":"\u0130NSANA VE YA\u015eAM HAKKINA SAYGILI TRAF\u0130K HABER GAZETES\u0130","publisher":{"@id":"https:\/\/gazetetrafik.com\/#organization"},"potentialAction":[{"@type":"SearchAction","target":{"@type":"EntryPoint","urlTemplate":"https:\/\/gazetetrafik.com\/?s={search_term_string}"},"query-input":{"@type":"PropertyValueSpecification","valueRequired":true,"valueName":"search_term_string"}}],"inLanguage":"en-US"},{"@type":"Organization","@id":"https:\/\/gazetetrafik.com\/#organization","name":"Gazete Trafik","url":"https:\/\/gazetetrafik.com\/","logo":{"@type":"ImageObject","inLanguage":"en-US","@id":"https:\/\/gazetetrafik.com\/#\/schema\/logo\/image\/","url":"https:\/\/gazetetrafik.com\/wp-content\/uploads\/2022\/03\/cropped-logo.jpg","contentUrl":"https:\/\/gazetetrafik.com\/wp-content\/uploads\/2022\/03\/cropped-logo.jpg","width":800,"height":220,"caption":"Gazete Trafik"},"image":{"@id":"https:\/\/gazetetrafik.com\/#\/schema\/logo\/image\/"},"sameAs":["https:\/\/x.com\/TrafikGazete","https:\/\/www.instagram.com\/gazetetrafik\/"]},{"@type":"Person","@id":"https:\/\/gazetetrafik.com\/#\/schema\/person\/2f75f4347719ee1b2a8ace54218ecab5","name":"Gazete Trafik","image":{"@type":"ImageObject","inLanguage":"en-US","@id":"https:\/\/secure.gravatar.com\/avatar\/bff6a4bfd3845f68dabbeea43bcbf9f2651b5ab9a1aad1d9381a89e564d3d208?s=96&d=mm&r=g","url":"https:\/\/secure.gravatar.com\/avatar\/bff6a4bfd3845f68dabbeea43bcbf9f2651b5ab9a1aad1d9381a89e564d3d208?s=96&d=mm&r=g","contentUrl":"https:\/\/secure.gravatar.com\/avatar\/bff6a4bfd3845f68dabbeea43bcbf9f2651b5ab9a1aad1d9381a89e564d3d208?s=96&d=mm&r=g","caption":"Gazete Trafik"},"sameAs":["https:\/\/gazetetrafik.com"],"url":"https:\/\/gazetetrafik.com\/en\/author\/gazete-trafik\/"}]}},"_links":{"self":[{"href":"https:\/\/gazetetrafik.com\/en\/wp-json\/wp\/v2\/posts\/808","targetHints":{"allow":["GET"]}}],"collection":[{"href":"https:\/\/gazetetrafik.com\/en\/wp-json\/wp\/v2\/posts"}],"about":[{"href":"https:\/\/gazetetrafik.com\/en\/wp-json\/wp\/v2\/types\/post"}],"author":[{"embeddable":true,"href":"https:\/\/gazetetrafik.com\/en\/wp-json\/wp\/v2\/users\/1"}],"replies":[{"embeddable":true,"href":"https:\/\/gazetetrafik.com\/en\/wp-json\/wp\/v2\/comments?post=808"}],"version-history":[{"count":1,"href":"https:\/\/gazetetrafik.com\/en\/wp-json\/wp\/v2\/posts\/808\/revisions"}],"predecessor-version":[{"id":810,"href":"https:\/\/gazetetrafik.com\/en\/wp-json\/wp\/v2\/posts\/808\/revisions\/810"}],"wp:featuredmedia":[{"embeddable":true,"href":"https:\/\/gazetetrafik.com\/en\/wp-json\/wp\/v2\/media\/809"}],"wp:attachment":[{"href":"https:\/\/gazetetrafik.com\/en\/wp-json\/wp\/v2\/media?parent=808"}],"wp:term":[{"taxonomy":"category","embeddable":true,"href":"https:\/\/gazetetrafik.com\/en\/wp-json\/wp\/v2\/categories?post=808"},{"taxonomy":"post_tag","embeddable":true,"href":"https:\/\/gazetetrafik.com\/en\/wp-json\/wp\/v2\/tags?post=808"}],"curies":[{"name":"wp","href":"https:\/\/api.w.org\/{rel}","templated":true}]}}