{"id":811,"date":"2023-02-05T14:42:40","date_gmt":"2023-02-05T11:42:40","guid":{"rendered":"https:\/\/gazetetrafik.com\/?p=811"},"modified":"2023-02-05T14:43:01","modified_gmt":"2023-02-05T11:43:01","slug":"yol-durumu-2","status":"publish","type":"post","link":"https:\/\/gazetetrafik.com\/en\/2023\/02\/05\/yol-durumu-2\/","title":{"rendered":"5 \u015eubat kapal\u0131 yollar ve yol durumu"},"content":{"rendered":"<p>Karayollar\u0131 Genel M\u00fcd\u00fcrl\u00fc\u011f\u00fc, 5 \u015eubat 2023 kapal\u0131 yollar ve yol durumu b\u00fclteni.<\/p>\n\n\n\n<ul class=\"wp-block-list\">\n<li>Tarsus-Adana-Gaziantep (TAG) Otoyolunun Bah\u00e7e Kav\u015fa\u011f\u0131-Nurda\u011f\u0131 Kav\u015fa\u011f\u0131 aras\u0131nda trafik i\u015faretleme \u00e7al\u0131\u015fmalar\u0131 nedeniyle ula\u015f\u0131m kontroll\u00fc olarak sa\u011flanmaktad\u0131r.<\/li>\n\n\n\n<li>Ankara-\u00c7ank\u0131r\u0131 yolunun 15-17.km.leri aras\u0131nda yol yap\u0131m \u00e7al\u0131\u015fmalar\u0131 nedeniyle ula\u015f\u0131m kontroll\u00fc olarak sa\u011flanmaktad\u0131r.<\/li>\n\n\n\n<li>Denizli-\u00c7ardak yolunun 5-7.km.leri aras\u0131nda (Denizli Organize Sanayi B\u00f6lgesi) kav\u015fak yap\u0131m \u00e7al\u0131\u015fmalar\u0131 nedeniyle ula\u015f\u0131m trafik i\u015faretlemeleri ile kontroll\u00fc olarak sa\u011flanmaktad\u0131r.<\/li>\n\n\n\n<li>\u00c7erkezk\u00f6y-Saray yolunun 20-21.km.leri aras\u0131nda bulunan Kapakl\u0131 K\u00f6pr\u00fcl\u00fc Kav\u015fa\u011f\u0131nda k\u00f6pr\u00fc yap\u0131m \u00e7al\u0131\u015fmalar\u0131 nedeniyle 11:00-18:00 saatleri aras\u0131nda Saray-\u00c7erkezk\u00f6y istikameti trafi\u011fe kapat\u0131larak ula\u015f\u0131m servis yollar\u0131ndan sa\u011flanacakt\u0131r.<\/li>\n\n\n\n<li>Bey\u015fehir-Seydi\u015fehir yolunun 10-11 ve 22-25.km.leri aras\u0131nda yol yap\u0131m \u00e7al\u0131\u015fmalar\u0131 nedeniyle ula\u015f\u0131m b\u00f6l\u00fcnm\u00fc\u015f yolun bir b\u00f6l\u00fcm\u00fcnden iki y\u00f6nl\u00fc olarak sa\u011flanmaktad\u0131r.<\/li>\n\n\n\n<li>Lapseki-\u00c7anakkale-Ezine yolunun 2-3.km.leri aras\u0131nda \u00c7anakkale Onsekiz Mart Seviyeli Kav\u015fak yap\u0131m \u00e7al\u0131\u015fmalar\u0131 nedeniyle kav\u015fak kollar\u0131 trafi\u011fe kapat\u0131larak ula\u015f\u0131m alternatif g\u00fczergahlardan sa\u011flanmaktad\u0131r.<\/li>\n\n\n\n<li>Adapazar\u0131-Karasu yolunun 40-42.km.leri aras\u0131nda yol yap\u0131m \u00e7al\u0131\u015fmalar\u0131 nedeniyle ula\u015f\u0131m Karasu istikametinden iki y\u00f6nl\u00fc olarak sa\u011flanmaktad\u0131r.<\/li>\n\n\n\n<li>Karab\u00fck-Eskipazar yolunun 0-1.km.leri (Kardemir Kav\u015fa\u011f\u0131) aras\u0131nda kav\u015fak d\u00fczenleme \u00e7al\u0131\u015fmalar\u0131 nedeniyle ula\u015f\u0131m b\u00f6l\u00fcnm\u00fc\u015f yolun bir b\u00f6l\u00fcm\u00fcnden iki y\u00f6nl\u00fc olarak sa\u011flanmaktad\u0131r.<\/li>\n\n\n\n<li>Trabzon-G\u00fcm\u00fc\u015fhane yolunun 28-31.km.leri aras\u0131nda yol yap\u0131m \u00e7al\u0131\u015fmas\u0131 nedeniyle ula\u015f\u0131m b\u00f6l\u00fcnm\u00fc\u015f yolun bir b\u00f6l\u00fcm\u00fcnden iki y\u00f6nl\u00fc olarak sa\u011flanmaktad\u0131r.<\/li>\n\n\n\n<li>Finike-Kumluca yolunun 8-11.km.leri aras\u0131nda yaya alt ge\u00e7idi yap\u0131m \u00e7al\u0131\u015fmas\u0131 nedeniyle s\u00fcr\u00fcc\u00fclerin trafik i\u015faret ve i\u015faret\u00e7ilerine dikkat etmeleri gerekmektedir.<\/li>\n<\/ul>\n\n\n\n<p>Karayollar\u0131nda yap\u0131m, bak\u0131m ve onar\u0131m \u00e7al\u0131\u015fmalar\u0131 s\u00fcrd\u00fcr\u00fclen di\u011fer yollar ile ilgili daha geni\u015f bilgi i\u00e7in; www.kgm.gov.tr internet adresindeki g\u00fczergah analizi linki, ALO 159 b\u00f6lgesel \u00fccretsiz yol dan\u0131\u015fma hatt\u0131 ile, Karayollar\u0131 Genel M\u00fcd\u00fcrl\u00fc\u011f\u00fc Yol Dan\u0131\u015fma Biriminin (0312) 44 99199 numaral\u0131 telefona ba\u015fvurulabilir. <a href=\"http:\/\/www.kgm.gov.tr\">http:\/\/www.kgm.gov.tr<\/a><\/p>","protected":false},"excerpt":{"rendered":"<p>Karayollar\u0131 Genel M\u00fcd\u00fcrl\u00fc\u011f\u00fc, 5 \u015eubat 2023 kapal\u0131 yollar ve yol durumu b\u00fclteni. Karayollar\u0131nda yap\u0131m, bak\u0131m&#8230;<\/p>","protected":false},"author":1,"featured_media":812,"comment_status":"open","ping_status":"open","sticky":false,"template":"","format":"standard","meta":{"footnotes":""},"categories":[4],"tags":[234,56,147,55],"class_list":["post-811","post","type-post","status-publish","format-standard","has-post-thumbnail","hentry","category-erisimulasim","tag-5-subat","tag-kapali-yollar","tag-karayollari-genel-mudurlugu","tag-yol-durumu"],"yoast_head":"<!-- This site is optimized with the Yoast SEO plugin v27.5 - https:\/\/yoast.com\/product\/yoast-seo-wordpress\/ -->\n<title>5 \u015eubat kapal\u0131 yollar ve yol durumu - Eri\u015fim&amp;Ula\u015f\u0131m<\/title>\n<meta name=\"description\" content=\"5 \u015eubat kapal\u0131 yollar ve yol durumu Eri\u015fim&amp;Ula\u015f\u0131m - 5 \u015eubat kapal\u0131 yollar ve yol durumu Eri\u015fim&amp;Ula\u015f\u0131m\" \/>\n<meta name=\"robots\" content=\"index, follow, max-snippet:-1, max-image-preview:large, max-video-preview:-1\" \/>\n<link rel=\"canonical\" href=\"https:\/\/gazetetrafik.com\/en\/2023\/02\/05\/yol-durumu-2\/\" \/>\n<meta property=\"og:locale\" content=\"en_US\" \/>\n<meta property=\"og:type\" content=\"article\" \/>\n<meta property=\"og:title\" content=\"5 \u015eubat kapal\u0131 yollar ve yol durumu - Eri\u015fim&amp;Ula\u015f\u0131m\" \/>\n<meta property=\"og:description\" content=\"5 \u015eubat kapal\u0131 yollar ve yol durumu Eri\u015fim&amp;Ula\u015f\u0131m - 5 \u015eubat kapal\u0131 yollar ve yol durumu Eri\u015fim&amp;Ula\u015f\u0131m\" \/>\n<meta property=\"og:url\" content=\"https:\/\/gazetetrafik.com\/en\/2023\/02\/05\/yol-durumu-2\/\" \/>\n<meta property=\"article:published_time\" content=\"2023-02-05T11:42:40+00:00\" \/>\n<meta property=\"article:modified_time\" content=\"2023-02-05T11:43:01+00:00\" \/>\n<meta property=\"og:image\" content=\"https:\/\/gazetetrafik.com\/wp-content\/uploads\/2023\/02\/5-subatkapaliyollar-gazetetrafik.jpg\" \/>\n\t<meta property=\"og:image:width\" content=\"540\" \/>\n\t<meta property=\"og:image:height\" content=\"480\" \/>\n\t<meta property=\"og:image:type\" content=\"image\/jpeg\" \/>\n<meta name=\"author\" content=\"Gazete Trafik\" \/>\n<meta name=\"twitter:card\" content=\"summary_large_image\" \/>\n<meta name=\"twitter:creator\" content=\"@TrafikGazete\" \/>\n<meta name=\"twitter:site\" content=\"@TrafikGazete\" \/>\n<meta name=\"twitter:label1\" content=\"Written by\" \/>\n\t<meta name=\"twitter:data1\" content=\"Gazete Trafik\" \/>\n\t<meta name=\"twitter:label2\" content=\"Est. reading time\" \/>\n\t<meta name=\"twitter:data2\" content=\"2 minutes\" \/>\n<script type=\"application\/ld+json\" class=\"yoast-schema-graph\">{\"@context\":\"https:\\\/\\\/schema.org\",\"@graph\":[{\"@type\":\"Article\",\"@id\":\"https:\\\/\\\/gazetetrafik.com\\\/2023\\\/02\\\/05\\\/yol-durumu-2\\\/#article\",\"isPartOf\":{\"@id\":\"https:\\\/\\\/gazetetrafik.com\\\/2023\\\/02\\\/05\\\/yol-durumu-2\\\/\"},\"author\":{\"name\":\"Gazete Trafik\",\"@id\":\"https:\\\/\\\/gazetetrafik.com\\\/#\\\/schema\\\/person\\\/2f75f4347719ee1b2a8ace54218ecab5\"},\"headline\":\"5 \u015eubat kapal\u0131 yollar ve yol durumu\",\"datePublished\":\"2023-02-05T11:42:40+00:00\",\"dateModified\":\"2023-02-05T11:43:01+00:00\",\"mainEntityOfPage\":{\"@id\":\"https:\\\/\\\/gazetetrafik.com\\\/2023\\\/02\\\/05\\\/yol-durumu-2\\\/\"},\"wordCount\":395,\"commentCount\":0,\"publisher\":{\"@id\":\"https:\\\/\\\/gazetetrafik.com\\\/#organization\"},\"image\":{\"@id\":\"https:\\\/\\\/gazetetrafik.com\\\/2023\\\/02\\\/05\\\/yol-durumu-2\\\/#primaryimage\"},\"thumbnailUrl\":\"https:\\\/\\\/gazetetrafik.com\\\/wp-content\\\/uploads\\\/2023\\\/02\\\/5-subatkapaliyollar-gazetetrafik.jpg\",\"keywords\":[\"5 \u015fubat\",\"kapal\u0131 yollar\",\"Karayollar\u0131 Genel M\u00fcd\u00fcrl\u00fc\u011f\u00fc\",\"Yol durumu\"],\"articleSection\":[\"Eri\u015fim&amp;Ula\u015f\u0131m\"],\"inLanguage\":\"en-US\",\"potentialAction\":[{\"@type\":\"CommentAction\",\"name\":\"Comment\",\"target\":[\"https:\\\/\\\/gazetetrafik.com\\\/2023\\\/02\\\/05\\\/yol-durumu-2\\\/#respond\"]}]},{\"@type\":\"WebPage\",\"@id\":\"https:\\\/\\\/gazetetrafik.com\\\/2023\\\/02\\\/05\\\/yol-durumu-2\\\/\",\"url\":\"https:\\\/\\\/gazetetrafik.com\\\/2023\\\/02\\\/05\\\/yol-durumu-2\\\/\",\"name\":\"5 \u015eubat kapal\u0131 yollar ve yol durumu - Eri\u015fim&amp;Ula\u015f\u0131m\",\"isPartOf\":{\"@id\":\"https:\\\/\\\/gazetetrafik.com\\\/#website\"},\"primaryImageOfPage\":{\"@id\":\"https:\\\/\\\/gazetetrafik.com\\\/2023\\\/02\\\/05\\\/yol-durumu-2\\\/#primaryimage\"},\"image\":{\"@id\":\"https:\\\/\\\/gazetetrafik.com\\\/2023\\\/02\\\/05\\\/yol-durumu-2\\\/#primaryimage\"},\"thumbnailUrl\":\"https:\\\/\\\/gazetetrafik.com\\\/wp-content\\\/uploads\\\/2023\\\/02\\\/5-subatkapaliyollar-gazetetrafik.jpg\",\"datePublished\":\"2023-02-05T11:42:40+00:00\",\"dateModified\":\"2023-02-05T11:43:01+00:00\",\"description\":\"5 \u015eubat kapal\u0131 yollar ve yol durumu Eri\u015fim&amp;Ula\u015f\u0131m - 5 \u015eubat kapal\u0131 yollar ve yol durumu Eri\u015fim&amp;Ula\u015f\u0131m\",\"breadcrumb\":{\"@id\":\"https:\\\/\\\/gazetetrafik.com\\\/2023\\\/02\\\/05\\\/yol-durumu-2\\\/#breadcrumb\"},\"inLanguage\":\"en-US\",\"potentialAction\":[{\"@type\":\"ReadAction\",\"target\":[\"https:\\\/\\\/gazetetrafik.com\\\/2023\\\/02\\\/05\\\/yol-durumu-2\\\/\"]}]},{\"@type\":\"ImageObject\",\"inLanguage\":\"en-US\",\"@id\":\"https:\\\/\\\/gazetetrafik.com\\\/2023\\\/02\\\/05\\\/yol-durumu-2\\\/#primaryimage\",\"url\":\"https:\\\/\\\/gazetetrafik.com\\\/wp-content\\\/uploads\\\/2023\\\/02\\\/5-subatkapaliyollar-gazetetrafik.jpg\",\"contentUrl\":\"https:\\\/\\\/gazetetrafik.com\\\/wp-content\\\/uploads\\\/2023\\\/02\\\/5-subatkapaliyollar-gazetetrafik.jpg\",\"width\":540,\"height\":480,\"caption\":\"5 \u015fubat yol durumu\"},{\"@type\":\"BreadcrumbList\",\"@id\":\"https:\\\/\\\/gazetetrafik.com\\\/2023\\\/02\\\/05\\\/yol-durumu-2\\\/#breadcrumb\",\"itemListElement\":[{\"@type\":\"ListItem\",\"position\":1,\"name\":\"Anasayfa\",\"item\":\"https:\\\/\\\/gazetetrafik.com\\\/\"},{\"@type\":\"ListItem\",\"position\":2,\"name\":\"5 \u015eubat kapal\u0131 yollar ve yol durumu\"}]},{\"@type\":\"WebSite\",\"@id\":\"https:\\\/\\\/gazetetrafik.com\\\/#website\",\"url\":\"https:\\\/\\\/gazetetrafik.com\\\/\",\"name\":\"\",\"description\":\"\u0130NSANA VE YA\u015eAM HAKKINA SAYGILI TRAF\u0130K HABER GAZETES\u0130\",\"publisher\":{\"@id\":\"https:\\\/\\\/gazetetrafik.com\\\/#organization\"},\"potentialAction\":[{\"@type\":\"SearchAction\",\"target\":{\"@type\":\"EntryPoint\",\"urlTemplate\":\"https:\\\/\\\/gazetetrafik.com\\\/?s={search_term_string}\"},\"query-input\":{\"@type\":\"PropertyValueSpecification\",\"valueRequired\":true,\"valueName\":\"search_term_string\"}}],\"inLanguage\":\"en-US\"},{\"@type\":\"Organization\",\"@id\":\"https:\\\/\\\/gazetetrafik.com\\\/#organization\",\"name\":\"Gazete Trafik\",\"url\":\"https:\\\/\\\/gazetetrafik.com\\\/\",\"logo\":{\"@type\":\"ImageObject\",\"inLanguage\":\"en-US\",\"@id\":\"https:\\\/\\\/gazetetrafik.com\\\/#\\\/schema\\\/logo\\\/image\\\/\",\"url\":\"https:\\\/\\\/gazetetrafik.com\\\/wp-content\\\/uploads\\\/2022\\\/03\\\/cropped-logo.jpg\",\"contentUrl\":\"https:\\\/\\\/gazetetrafik.com\\\/wp-content\\\/uploads\\\/2022\\\/03\\\/cropped-logo.jpg\",\"width\":800,\"height\":220,\"caption\":\"Gazete Trafik\"},\"image\":{\"@id\":\"https:\\\/\\\/gazetetrafik.com\\\/#\\\/schema\\\/logo\\\/image\\\/\"},\"sameAs\":[\"https:\\\/\\\/x.com\\\/TrafikGazete\",\"https:\\\/\\\/www.instagram.com\\\/gazetetrafik\\\/\"]},{\"@type\":\"Person\",\"@id\":\"https:\\\/\\\/gazetetrafik.com\\\/#\\\/schema\\\/person\\\/2f75f4347719ee1b2a8ace54218ecab5\",\"name\":\"Gazete Trafik\",\"image\":{\"@type\":\"ImageObject\",\"inLanguage\":\"en-US\",\"@id\":\"https:\\\/\\\/secure.gravatar.com\\\/avatar\\\/bff6a4bfd3845f68dabbeea43bcbf9f2651b5ab9a1aad1d9381a89e564d3d208?s=96&d=mm&r=g\",\"url\":\"https:\\\/\\\/secure.gravatar.com\\\/avatar\\\/bff6a4bfd3845f68dabbeea43bcbf9f2651b5ab9a1aad1d9381a89e564d3d208?s=96&d=mm&r=g\",\"contentUrl\":\"https:\\\/\\\/secure.gravatar.com\\\/avatar\\\/bff6a4bfd3845f68dabbeea43bcbf9f2651b5ab9a1aad1d9381a89e564d3d208?s=96&d=mm&r=g\",\"caption\":\"Gazete Trafik\"},\"sameAs\":[\"https:\\\/\\\/gazetetrafik.com\"],\"url\":\"https:\\\/\\\/gazetetrafik.com\\\/en\\\/author\\\/gazete-trafik\\\/\"}]}<\/script>\n<!-- \/ Yoast SEO plugin. -->","yoast_head_json":{"title":"5 \u015eubat kapal\u0131 yollar ve yol durumu - Eri\u015fim&amp;Ula\u015f\u0131m","description":"5 \u015eubat kapal\u0131 yollar ve yol durumu Eri\u015fim&amp;Ula\u015f\u0131m - 5 \u015eubat kapal\u0131 yollar ve yol durumu Eri\u015fim&amp;Ula\u015f\u0131m","robots":{"index":"index","follow":"follow","max-snippet":"max-snippet:-1","max-image-preview":"max-image-preview:large","max-video-preview":"max-video-preview:-1"},"canonical":"https:\/\/gazetetrafik.com\/en\/2023\/02\/05\/yol-durumu-2\/","og_locale":"en_US","og_type":"article","og_title":"5 \u015eubat kapal\u0131 yollar ve yol durumu - Eri\u015fim&amp;Ula\u015f\u0131m","og_description":"5 \u015eubat kapal\u0131 yollar ve yol durumu Eri\u015fim&amp;Ula\u015f\u0131m - 5 \u015eubat kapal\u0131 yollar ve yol durumu Eri\u015fim&amp;Ula\u015f\u0131m","og_url":"https:\/\/gazetetrafik.com\/en\/2023\/02\/05\/yol-durumu-2\/","article_published_time":"2023-02-05T11:42:40+00:00","article_modified_time":"2023-02-05T11:43:01+00:00","og_image":[{"width":540,"height":480,"url":"https:\/\/gazetetrafik.com\/wp-content\/uploads\/2023\/02\/5-subatkapaliyollar-gazetetrafik.jpg","type":"image\/jpeg"}],"author":"Gazete Trafik","twitter_card":"summary_large_image","twitter_creator":"@TrafikGazete","twitter_site":"@TrafikGazete","twitter_misc":{"Written by":"Gazete Trafik","Est. reading time":"2 minutes"},"schema":{"@context":"https:\/\/schema.org","@graph":[{"@type":"Article","@id":"https:\/\/gazetetrafik.com\/2023\/02\/05\/yol-durumu-2\/#article","isPartOf":{"@id":"https:\/\/gazetetrafik.com\/2023\/02\/05\/yol-durumu-2\/"},"author":{"name":"Gazete Trafik","@id":"https:\/\/gazetetrafik.com\/#\/schema\/person\/2f75f4347719ee1b2a8ace54218ecab5"},"headline":"5 \u015eubat kapal\u0131 yollar ve yol durumu","datePublished":"2023-02-05T11:42:40+00:00","dateModified":"2023-02-05T11:43:01+00:00","mainEntityOfPage":{"@id":"https:\/\/gazetetrafik.com\/2023\/02\/05\/yol-durumu-2\/"},"wordCount":395,"commentCount":0,"publisher":{"@id":"https:\/\/gazetetrafik.com\/#organization"},"image":{"@id":"https:\/\/gazetetrafik.com\/2023\/02\/05\/yol-durumu-2\/#primaryimage"},"thumbnailUrl":"https:\/\/gazetetrafik.com\/wp-content\/uploads\/2023\/02\/5-subatkapaliyollar-gazetetrafik.jpg","keywords":["5 \u015fubat","kapal\u0131 yollar","Karayollar\u0131 Genel M\u00fcd\u00fcrl\u00fc\u011f\u00fc","Yol durumu"],"articleSection":["Eri\u015fim&amp;Ula\u015f\u0131m"],"inLanguage":"en-US","potentialAction":[{"@type":"CommentAction","name":"Comment","target":["https:\/\/gazetetrafik.com\/2023\/02\/05\/yol-durumu-2\/#respond"]}]},{"@type":"WebPage","@id":"https:\/\/gazetetrafik.com\/2023\/02\/05\/yol-durumu-2\/","url":"https:\/\/gazetetrafik.com\/2023\/02\/05\/yol-durumu-2\/","name":"5 \u015eubat kapal\u0131 yollar ve yol durumu - Eri\u015fim&amp;Ula\u015f\u0131m","isPartOf":{"@id":"https:\/\/gazetetrafik.com\/#website"},"primaryImageOfPage":{"@id":"https:\/\/gazetetrafik.com\/2023\/02\/05\/yol-durumu-2\/#primaryimage"},"image":{"@id":"https:\/\/gazetetrafik.com\/2023\/02\/05\/yol-durumu-2\/#primaryimage"},"thumbnailUrl":"https:\/\/gazetetrafik.com\/wp-content\/uploads\/2023\/02\/5-subatkapaliyollar-gazetetrafik.jpg","datePublished":"2023-02-05T11:42:40+00:00","dateModified":"2023-02-05T11:43:01+00:00","description":"5 \u015eubat kapal\u0131 yollar ve yol durumu Eri\u015fim&amp;Ula\u015f\u0131m - 5 \u015eubat kapal\u0131 yollar ve yol durumu Eri\u015fim&amp;Ula\u015f\u0131m","breadcrumb":{"@id":"https:\/\/gazetetrafik.com\/2023\/02\/05\/yol-durumu-2\/#breadcrumb"},"inLanguage":"en-US","potentialAction":[{"@type":"ReadAction","target":["https:\/\/gazetetrafik.com\/2023\/02\/05\/yol-durumu-2\/"]}]},{"@type":"ImageObject","inLanguage":"en-US","@id":"https:\/\/gazetetrafik.com\/2023\/02\/05\/yol-durumu-2\/#primaryimage","url":"https:\/\/gazetetrafik.com\/wp-content\/uploads\/2023\/02\/5-subatkapaliyollar-gazetetrafik.jpg","contentUrl":"https:\/\/gazetetrafik.com\/wp-content\/uploads\/2023\/02\/5-subatkapaliyollar-gazetetrafik.jpg","width":540,"height":480,"caption":"5 \u015fubat yol durumu"},{"@type":"BreadcrumbList","@id":"https:\/\/gazetetrafik.com\/2023\/02\/05\/yol-durumu-2\/#breadcrumb","itemListElement":[{"@type":"ListItem","position":1,"name":"Anasayfa","item":"https:\/\/gazetetrafik.com\/"},{"@type":"ListItem","position":2,"name":"5 \u015eubat kapal\u0131 yollar ve yol durumu"}]},{"@type":"WebSite","@id":"https:\/\/gazetetrafik.com\/#website","url":"https:\/\/gazetetrafik.com\/","name":"","description":"\u0130NSANA VE YA\u015eAM HAKKINA SAYGILI TRAF\u0130K HABER GAZETES\u0130","publisher":{"@id":"https:\/\/gazetetrafik.com\/#organization"},"potentialAction":[{"@type":"SearchAction","target":{"@type":"EntryPoint","urlTemplate":"https:\/\/gazetetrafik.com\/?s={search_term_string}"},"query-input":{"@type":"PropertyValueSpecification","valueRequired":true,"valueName":"search_term_string"}}],"inLanguage":"en-US"},{"@type":"Organization","@id":"https:\/\/gazetetrafik.com\/#organization","name":"Gazete Trafik","url":"https:\/\/gazetetrafik.com\/","logo":{"@type":"ImageObject","inLanguage":"en-US","@id":"https:\/\/gazetetrafik.com\/#\/schema\/logo\/image\/","url":"https:\/\/gazetetrafik.com\/wp-content\/uploads\/2022\/03\/cropped-logo.jpg","contentUrl":"https:\/\/gazetetrafik.com\/wp-content\/uploads\/2022\/03\/cropped-logo.jpg","width":800,"height":220,"caption":"Gazete Trafik"},"image":{"@id":"https:\/\/gazetetrafik.com\/#\/schema\/logo\/image\/"},"sameAs":["https:\/\/x.com\/TrafikGazete","https:\/\/www.instagram.com\/gazetetrafik\/"]},{"@type":"Person","@id":"https:\/\/gazetetrafik.com\/#\/schema\/person\/2f75f4347719ee1b2a8ace54218ecab5","name":"Gazete Trafik","image":{"@type":"ImageObject","inLanguage":"en-US","@id":"https:\/\/secure.gravatar.com\/avatar\/bff6a4bfd3845f68dabbeea43bcbf9f2651b5ab9a1aad1d9381a89e564d3d208?s=96&d=mm&r=g","url":"https:\/\/secure.gravatar.com\/avatar\/bff6a4bfd3845f68dabbeea43bcbf9f2651b5ab9a1aad1d9381a89e564d3d208?s=96&d=mm&r=g","contentUrl":"https:\/\/secure.gravatar.com\/avatar\/bff6a4bfd3845f68dabbeea43bcbf9f2651b5ab9a1aad1d9381a89e564d3d208?s=96&d=mm&r=g","caption":"Gazete Trafik"},"sameAs":["https:\/\/gazetetrafik.com"],"url":"https:\/\/gazetetrafik.com\/en\/author\/gazete-trafik\/"}]}},"_links":{"self":[{"href":"https:\/\/gazetetrafik.com\/en\/wp-json\/wp\/v2\/posts\/811","targetHints":{"allow":["GET"]}}],"collection":[{"href":"https:\/\/gazetetrafik.com\/en\/wp-json\/wp\/v2\/posts"}],"about":[{"href":"https:\/\/gazetetrafik.com\/en\/wp-json\/wp\/v2\/types\/post"}],"author":[{"embeddable":true,"href":"https:\/\/gazetetrafik.com\/en\/wp-json\/wp\/v2\/users\/1"}],"replies":[{"embeddable":true,"href":"https:\/\/gazetetrafik.com\/en\/wp-json\/wp\/v2\/comments?post=811"}],"version-history":[{"count":1,"href":"https:\/\/gazetetrafik.com\/en\/wp-json\/wp\/v2\/posts\/811\/revisions"}],"predecessor-version":[{"id":813,"href":"https:\/\/gazetetrafik.com\/en\/wp-json\/wp\/v2\/posts\/811\/revisions\/813"}],"wp:featuredmedia":[{"embeddable":true,"href":"https:\/\/gazetetrafik.com\/en\/wp-json\/wp\/v2\/media\/812"}],"wp:attachment":[{"href":"https:\/\/gazetetrafik.com\/en\/wp-json\/wp\/v2\/media?parent=811"}],"wp:term":[{"taxonomy":"category","embeddable":true,"href":"https:\/\/gazetetrafik.com\/en\/wp-json\/wp\/v2\/categories?post=811"},{"taxonomy":"post_tag","embeddable":true,"href":"https:\/\/gazetetrafik.com\/en\/wp-json\/wp\/v2\/tags?post=811"}],"curies":[{"name":"wp","href":"https:\/\/api.w.org\/{rel}","templated":true}]}}