{"id":814,"date":"2023-02-07T14:27:01","date_gmt":"2023-02-07T11:27:01","guid":{"rendered":"https:\/\/gazetetrafik.com\/?p=814"},"modified":"2023-02-07T14:27:17","modified_gmt":"2023-02-07T11:27:17","slug":"7-subat","status":"publish","type":"post","link":"https:\/\/gazetetrafik.com\/en\/2023\/02\/07\/7-subat\/","title":{"rendered":"7 \u015eubat 2023 yol durumu"},"content":{"rendered":"<p>Karayollar\u0131 Genel M\u00fcd\u00fcrl\u00fc\u011f\u00fc, 7 \u015eubat 2023  <strong>Yol Durumu ve Kapal\u0131 Yollar B\u00fclteni<\/strong><\/p>\n\n\n\n<p><strong>1<\/strong>-\u0130stanbul-\u0130zmit yolunun Kuru\u00e7e\u015fme Mevkiinde Tramvay Hatt\u0131 yap\u0131m \u00e7al\u0131\u015fmalar\u0131 nedeniyle s\u00fcr\u00fcc\u00fclerin trafik i\u015faret ve i\u015faret\u00e7ilerine uymalar\u0131 gerekmektedir.<\/p>\n\n\n\n<p><strong>2<\/strong>-Sel\u00e7uk-Ortaklar-Ayd\u0131n yolunun 27-41.km.leri aras\u0131ndaki muhtelif kesimlerde yol yap\u0131m, bak\u0131m ve onar\u0131m \u00e7al\u0131\u015fmalar\u0131 nedeniyle ula\u015f\u0131m kontroll\u00fc olarak sa\u011flanmaktad\u0131r.<\/p>\n\n\n\n<p><strong>3<\/strong>-Mengen-Yeni\u00e7a\u011fa yolunun 24.km.sinde meydana gelen heyelan nedeniyle Mengen-Yeni\u00e7a\u011fa istikametinde trafik tek \u015feritten kontroll\u00fc olarak sa\u011flanmaktad\u0131r.<\/p>\n\n\n\n<p><strong>4<\/strong>-Adana-Karata\u015f yolunun 3-5.km.leri aras\u0131nda yol yap\u0131m \u00e7al\u0131\u015fmalar\u0131 nedeniyle ula\u015f\u0131m kontroll\u00fc olarak sa\u011flanmaktad\u0131r.<\/p>\n\n\n\n<p><strong>5<\/strong>-Sinop-Boyabat yolunun 51.km.sinde k\u00f6pr\u00fcl\u00fc kav\u015fak yap\u0131m \u00e7al\u0131\u015fmalar\u0131 nedeniyle ula\u015f\u0131m kontroll\u00fc olarak sa\u011flanmaktad\u0131r.<\/p>\n\n\n\n<p><strong>6<\/strong>-Siirt-Eruh yolunun 42-45.km.leri aras\u0131nda meydana gelen heyelan nedeniyle ula\u015f\u0131m servis yolundan sa\u011flanmaktad\u0131r.<\/p>\n\n\n\n<p><strong>7<\/strong>-Artvin-Erzurum yolunun 3.km.sinde meydana gelen heyelan nedeniyle ula\u015f\u0131m tek \u015feritten kontroll\u00fc olarak sa\u011flanmaktad\u0131r.<\/p>\n\n\n\n<p><strong>8<\/strong>-Yeni\u015fehir-Bilecik yolunun 0-16.km.leri aras\u0131nda yol yap\u0131m \u00e7al\u0131\u015fmalar\u0131 nedeniyle ula\u015f\u0131m kontroll\u00fc olarak sa\u011flanmaktad\u0131r.<\/p>\n\n\n\n<p><strong>9<\/strong>-Karab\u00fck-Kastamonu yolunun 9-11.km.leri aras\u0131nda yol yap\u0131m \u00e7al\u0131\u015fmalar\u0131 nedeniyle ula\u015f\u0131m kontroll\u00fc olarak sa\u011flanmaktad\u0131r.<\/p>\n\n\n\n<p><strong>10<\/strong>-Akseki-Manavgat yolunun 7-12.km.leri aras\u0131nda yol yap\u0131m \u00e7al\u0131\u015fmalar\u0131 nedeniyle ula\u015f\u0131m kontroll\u00fc olarak sa\u011flanmaktad\u0131r.<\/p>\n\n\n\n<p><a href=\"https:\/\/www.kgm.gov.tr\/\">https:\/\/www.kgm.gov.tr\/<\/a><\/p>","protected":false},"excerpt":{"rendered":"<p>Karayollar\u0131 Genel M\u00fcd\u00fcrl\u00fc\u011f\u00fc, 7 \u015eubat 2023 Yol Durumu ve Kapal\u0131 Yollar B\u00fclteni 1-\u0130stanbul-\u0130zmit yolunun Kuru\u00e7e\u015fme&#8230;<\/p>","protected":false},"author":1,"featured_media":815,"comment_status":"open","ping_status":"open","sticky":false,"template":"","format":"standard","meta":{"footnotes":""},"categories":[4],"tags":[56,177,55],"class_list":["post-814","post","type-post","status-publish","format-standard","has-post-thumbnail","hentry","category-erisimulasim","tag-kapali-yollar","tag-kgm","tag-yol-durumu"],"yoast_head":"<!-- This site is optimized with the Yoast SEO plugin v27.5 - https:\/\/yoast.com\/product\/yoast-seo-wordpress\/ -->\n<title>7 \u015eubat 2023 yol durumu - Eri\u015fim&amp;Ula\u015f\u0131m<\/title>\n<meta name=\"description\" content=\"7 \u015eubat 2023 yol durumu Eri\u015fim&amp;Ula\u015f\u0131m 7 \u015eubat 2023 yol durumu Eri\u015fim&amp;Ula\u015f\u0131m 7 \u015eubat 2023 yol durumu\" \/>\n<meta name=\"robots\" content=\"index, follow, max-snippet:-1, max-image-preview:large, max-video-preview:-1\" \/>\n<link rel=\"canonical\" href=\"https:\/\/gazetetrafik.com\/en\/2023\/02\/07\/7-subat\/\" \/>\n<meta property=\"og:locale\" content=\"en_US\" \/>\n<meta property=\"og:type\" content=\"article\" \/>\n<meta property=\"og:title\" content=\"7 \u015eubat 2023 yol durumu - Eri\u015fim&amp;Ula\u015f\u0131m\" \/>\n<meta property=\"og:description\" content=\"7 \u015eubat 2023 yol durumu Eri\u015fim&amp;Ula\u015f\u0131m 7 \u015eubat 2023 yol durumu Eri\u015fim&amp;Ula\u015f\u0131m 7 \u015eubat 2023 yol durumu\" \/>\n<meta property=\"og:url\" content=\"https:\/\/gazetetrafik.com\/en\/2023\/02\/07\/7-subat\/\" \/>\n<meta property=\"article:published_time\" content=\"2023-02-07T11:27:01+00:00\" \/>\n<meta property=\"article:modified_time\" content=\"2023-02-07T11:27:17+00:00\" \/>\n<meta property=\"og:image\" content=\"https:\/\/gazetetrafik.com\/wp-content\/uploads\/2023\/02\/7.02.2023yol-durumu-gazetetrafik.jpg\" \/>\n\t<meta property=\"og:image:width\" content=\"551\" \/>\n\t<meta property=\"og:image:height\" content=\"480\" \/>\n\t<meta property=\"og:image:type\" content=\"image\/jpeg\" \/>\n<meta name=\"author\" content=\"Gazete Trafik\" \/>\n<meta name=\"twitter:card\" content=\"summary_large_image\" \/>\n<meta name=\"twitter:creator\" content=\"@TrafikGazete\" \/>\n<meta name=\"twitter:site\" content=\"@TrafikGazete\" \/>\n<meta name=\"twitter:label1\" content=\"Written by\" \/>\n\t<meta name=\"twitter:data1\" content=\"Gazete Trafik\" \/>\n\t<meta name=\"twitter:label2\" content=\"Est. reading time\" \/>\n\t<meta name=\"twitter:data2\" content=\"1 minute\" \/>\n<script type=\"application\/ld+json\" class=\"yoast-schema-graph\">{\"@context\":\"https:\\\/\\\/schema.org\",\"@graph\":[{\"@type\":\"Article\",\"@id\":\"https:\\\/\\\/gazetetrafik.com\\\/2023\\\/02\\\/07\\\/7-subat\\\/#article\",\"isPartOf\":{\"@id\":\"https:\\\/\\\/gazetetrafik.com\\\/2023\\\/02\\\/07\\\/7-subat\\\/\"},\"author\":{\"name\":\"Gazete Trafik\",\"@id\":\"https:\\\/\\\/gazetetrafik.com\\\/#\\\/schema\\\/person\\\/2f75f4347719ee1b2a8ace54218ecab5\"},\"headline\":\"7 \u015eubat 2023 yol durumu\",\"datePublished\":\"2023-02-07T11:27:01+00:00\",\"dateModified\":\"2023-02-07T11:27:17+00:00\",\"mainEntityOfPage\":{\"@id\":\"https:\\\/\\\/gazetetrafik.com\\\/2023\\\/02\\\/07\\\/7-subat\\\/\"},\"wordCount\":238,\"commentCount\":0,\"publisher\":{\"@id\":\"https:\\\/\\\/gazetetrafik.com\\\/#organization\"},\"image\":{\"@id\":\"https:\\\/\\\/gazetetrafik.com\\\/2023\\\/02\\\/07\\\/7-subat\\\/#primaryimage\"},\"thumbnailUrl\":\"https:\\\/\\\/gazetetrafik.com\\\/wp-content\\\/uploads\\\/2023\\\/02\\\/7.02.2023yol-durumu-gazetetrafik.jpg\",\"keywords\":[\"kapal\u0131 yollar\",\"kgm\",\"Yol durumu\"],\"articleSection\":[\"Eri\u015fim&amp;Ula\u015f\u0131m\"],\"inLanguage\":\"en-US\",\"potentialAction\":[{\"@type\":\"CommentAction\",\"name\":\"Comment\",\"target\":[\"https:\\\/\\\/gazetetrafik.com\\\/2023\\\/02\\\/07\\\/7-subat\\\/#respond\"]}]},{\"@type\":\"WebPage\",\"@id\":\"https:\\\/\\\/gazetetrafik.com\\\/2023\\\/02\\\/07\\\/7-subat\\\/\",\"url\":\"https:\\\/\\\/gazetetrafik.com\\\/2023\\\/02\\\/07\\\/7-subat\\\/\",\"name\":\"7 \u015eubat 2023 yol durumu - Eri\u015fim&amp;Ula\u015f\u0131m\",\"isPartOf\":{\"@id\":\"https:\\\/\\\/gazetetrafik.com\\\/#website\"},\"primaryImageOfPage\":{\"@id\":\"https:\\\/\\\/gazetetrafik.com\\\/2023\\\/02\\\/07\\\/7-subat\\\/#primaryimage\"},\"image\":{\"@id\":\"https:\\\/\\\/gazetetrafik.com\\\/2023\\\/02\\\/07\\\/7-subat\\\/#primaryimage\"},\"thumbnailUrl\":\"https:\\\/\\\/gazetetrafik.com\\\/wp-content\\\/uploads\\\/2023\\\/02\\\/7.02.2023yol-durumu-gazetetrafik.jpg\",\"datePublished\":\"2023-02-07T11:27:01+00:00\",\"dateModified\":\"2023-02-07T11:27:17+00:00\",\"description\":\"7 \u015eubat 2023 yol durumu Eri\u015fim&amp;Ula\u015f\u0131m 7 \u015eubat 2023 yol durumu Eri\u015fim&amp;Ula\u015f\u0131m 7 \u015eubat 2023 yol durumu\",\"breadcrumb\":{\"@id\":\"https:\\\/\\\/gazetetrafik.com\\\/2023\\\/02\\\/07\\\/7-subat\\\/#breadcrumb\"},\"inLanguage\":\"en-US\",\"potentialAction\":[{\"@type\":\"ReadAction\",\"target\":[\"https:\\\/\\\/gazetetrafik.com\\\/2023\\\/02\\\/07\\\/7-subat\\\/\"]}]},{\"@type\":\"ImageObject\",\"inLanguage\":\"en-US\",\"@id\":\"https:\\\/\\\/gazetetrafik.com\\\/2023\\\/02\\\/07\\\/7-subat\\\/#primaryimage\",\"url\":\"https:\\\/\\\/gazetetrafik.com\\\/wp-content\\\/uploads\\\/2023\\\/02\\\/7.02.2023yol-durumu-gazetetrafik.jpg\",\"contentUrl\":\"https:\\\/\\\/gazetetrafik.com\\\/wp-content\\\/uploads\\\/2023\\\/02\\\/7.02.2023yol-durumu-gazetetrafik.jpg\",\"width\":551,\"height\":480,\"caption\":\"yol durumu ve kapal\u0131 yollar\"},{\"@type\":\"BreadcrumbList\",\"@id\":\"https:\\\/\\\/gazetetrafik.com\\\/2023\\\/02\\\/07\\\/7-subat\\\/#breadcrumb\",\"itemListElement\":[{\"@type\":\"ListItem\",\"position\":1,\"name\":\"Anasayfa\",\"item\":\"https:\\\/\\\/gazetetrafik.com\\\/\"},{\"@type\":\"ListItem\",\"position\":2,\"name\":\"7 \u015eubat 2023 yol durumu\"}]},{\"@type\":\"WebSite\",\"@id\":\"https:\\\/\\\/gazetetrafik.com\\\/#website\",\"url\":\"https:\\\/\\\/gazetetrafik.com\\\/\",\"name\":\"\",\"description\":\"\u0130NSANA VE YA\u015eAM HAKKINA SAYGILI TRAF\u0130K HABER GAZETES\u0130\",\"publisher\":{\"@id\":\"https:\\\/\\\/gazetetrafik.com\\\/#organization\"},\"potentialAction\":[{\"@type\":\"SearchAction\",\"target\":{\"@type\":\"EntryPoint\",\"urlTemplate\":\"https:\\\/\\\/gazetetrafik.com\\\/?s={search_term_string}\"},\"query-input\":{\"@type\":\"PropertyValueSpecification\",\"valueRequired\":true,\"valueName\":\"search_term_string\"}}],\"inLanguage\":\"en-US\"},{\"@type\":\"Organization\",\"@id\":\"https:\\\/\\\/gazetetrafik.com\\\/#organization\",\"name\":\"Gazete Trafik\",\"url\":\"https:\\\/\\\/gazetetrafik.com\\\/\",\"logo\":{\"@type\":\"ImageObject\",\"inLanguage\":\"en-US\",\"@id\":\"https:\\\/\\\/gazetetrafik.com\\\/#\\\/schema\\\/logo\\\/image\\\/\",\"url\":\"https:\\\/\\\/gazetetrafik.com\\\/wp-content\\\/uploads\\\/2022\\\/03\\\/cropped-logo.jpg\",\"contentUrl\":\"https:\\\/\\\/gazetetrafik.com\\\/wp-content\\\/uploads\\\/2022\\\/03\\\/cropped-logo.jpg\",\"width\":800,\"height\":220,\"caption\":\"Gazete Trafik\"},\"image\":{\"@id\":\"https:\\\/\\\/gazetetrafik.com\\\/#\\\/schema\\\/logo\\\/image\\\/\"},\"sameAs\":[\"https:\\\/\\\/x.com\\\/TrafikGazete\",\"https:\\\/\\\/www.instagram.com\\\/gazetetrafik\\\/\"]},{\"@type\":\"Person\",\"@id\":\"https:\\\/\\\/gazetetrafik.com\\\/#\\\/schema\\\/person\\\/2f75f4347719ee1b2a8ace54218ecab5\",\"name\":\"Gazete Trafik\",\"image\":{\"@type\":\"ImageObject\",\"inLanguage\":\"en-US\",\"@id\":\"https:\\\/\\\/secure.gravatar.com\\\/avatar\\\/bff6a4bfd3845f68dabbeea43bcbf9f2651b5ab9a1aad1d9381a89e564d3d208?s=96&d=mm&r=g\",\"url\":\"https:\\\/\\\/secure.gravatar.com\\\/avatar\\\/bff6a4bfd3845f68dabbeea43bcbf9f2651b5ab9a1aad1d9381a89e564d3d208?s=96&d=mm&r=g\",\"contentUrl\":\"https:\\\/\\\/secure.gravatar.com\\\/avatar\\\/bff6a4bfd3845f68dabbeea43bcbf9f2651b5ab9a1aad1d9381a89e564d3d208?s=96&d=mm&r=g\",\"caption\":\"Gazete Trafik\"},\"sameAs\":[\"https:\\\/\\\/gazetetrafik.com\"],\"url\":\"https:\\\/\\\/gazetetrafik.com\\\/en\\\/author\\\/gazete-trafik\\\/\"}]}<\/script>\n<!-- \/ Yoast SEO plugin. -->","yoast_head_json":{"title":"7 \u015eubat 2023 yol durumu - Eri\u015fim&amp;Ula\u015f\u0131m","description":"7 \u015eubat 2023 yol durumu Eri\u015fim&amp;Ula\u015f\u0131m 7 \u015eubat 2023 yol durumu Eri\u015fim&amp;Ula\u015f\u0131m 7 \u015eubat 2023 yol durumu","robots":{"index":"index","follow":"follow","max-snippet":"max-snippet:-1","max-image-preview":"max-image-preview:large","max-video-preview":"max-video-preview:-1"},"canonical":"https:\/\/gazetetrafik.com\/en\/2023\/02\/07\/7-subat\/","og_locale":"en_US","og_type":"article","og_title":"7 \u015eubat 2023 yol durumu - Eri\u015fim&amp;Ula\u015f\u0131m","og_description":"7 \u015eubat 2023 yol durumu Eri\u015fim&amp;Ula\u015f\u0131m 7 \u015eubat 2023 yol durumu Eri\u015fim&amp;Ula\u015f\u0131m 7 \u015eubat 2023 yol durumu","og_url":"https:\/\/gazetetrafik.com\/en\/2023\/02\/07\/7-subat\/","article_published_time":"2023-02-07T11:27:01+00:00","article_modified_time":"2023-02-07T11:27:17+00:00","og_image":[{"width":551,"height":480,"url":"https:\/\/gazetetrafik.com\/wp-content\/uploads\/2023\/02\/7.02.2023yol-durumu-gazetetrafik.jpg","type":"image\/jpeg"}],"author":"Gazete Trafik","twitter_card":"summary_large_image","twitter_creator":"@TrafikGazete","twitter_site":"@TrafikGazete","twitter_misc":{"Written by":"Gazete Trafik","Est. reading time":"1 minute"},"schema":{"@context":"https:\/\/schema.org","@graph":[{"@type":"Article","@id":"https:\/\/gazetetrafik.com\/2023\/02\/07\/7-subat\/#article","isPartOf":{"@id":"https:\/\/gazetetrafik.com\/2023\/02\/07\/7-subat\/"},"author":{"name":"Gazete Trafik","@id":"https:\/\/gazetetrafik.com\/#\/schema\/person\/2f75f4347719ee1b2a8ace54218ecab5"},"headline":"7 \u015eubat 2023 yol durumu","datePublished":"2023-02-07T11:27:01+00:00","dateModified":"2023-02-07T11:27:17+00:00","mainEntityOfPage":{"@id":"https:\/\/gazetetrafik.com\/2023\/02\/07\/7-subat\/"},"wordCount":238,"commentCount":0,"publisher":{"@id":"https:\/\/gazetetrafik.com\/#organization"},"image":{"@id":"https:\/\/gazetetrafik.com\/2023\/02\/07\/7-subat\/#primaryimage"},"thumbnailUrl":"https:\/\/gazetetrafik.com\/wp-content\/uploads\/2023\/02\/7.02.2023yol-durumu-gazetetrafik.jpg","keywords":["kapal\u0131 yollar","kgm","Yol durumu"],"articleSection":["Eri\u015fim&amp;Ula\u015f\u0131m"],"inLanguage":"en-US","potentialAction":[{"@type":"CommentAction","name":"Comment","target":["https:\/\/gazetetrafik.com\/2023\/02\/07\/7-subat\/#respond"]}]},{"@type":"WebPage","@id":"https:\/\/gazetetrafik.com\/2023\/02\/07\/7-subat\/","url":"https:\/\/gazetetrafik.com\/2023\/02\/07\/7-subat\/","name":"7 \u015eubat 2023 yol durumu - Eri\u015fim&amp;Ula\u015f\u0131m","isPartOf":{"@id":"https:\/\/gazetetrafik.com\/#website"},"primaryImageOfPage":{"@id":"https:\/\/gazetetrafik.com\/2023\/02\/07\/7-subat\/#primaryimage"},"image":{"@id":"https:\/\/gazetetrafik.com\/2023\/02\/07\/7-subat\/#primaryimage"},"thumbnailUrl":"https:\/\/gazetetrafik.com\/wp-content\/uploads\/2023\/02\/7.02.2023yol-durumu-gazetetrafik.jpg","datePublished":"2023-02-07T11:27:01+00:00","dateModified":"2023-02-07T11:27:17+00:00","description":"7 \u015eubat 2023 yol durumu Eri\u015fim&amp;Ula\u015f\u0131m 7 \u015eubat 2023 yol durumu Eri\u015fim&amp;Ula\u015f\u0131m 7 \u015eubat 2023 yol durumu","breadcrumb":{"@id":"https:\/\/gazetetrafik.com\/2023\/02\/07\/7-subat\/#breadcrumb"},"inLanguage":"en-US","potentialAction":[{"@type":"ReadAction","target":["https:\/\/gazetetrafik.com\/2023\/02\/07\/7-subat\/"]}]},{"@type":"ImageObject","inLanguage":"en-US","@id":"https:\/\/gazetetrafik.com\/2023\/02\/07\/7-subat\/#primaryimage","url":"https:\/\/gazetetrafik.com\/wp-content\/uploads\/2023\/02\/7.02.2023yol-durumu-gazetetrafik.jpg","contentUrl":"https:\/\/gazetetrafik.com\/wp-content\/uploads\/2023\/02\/7.02.2023yol-durumu-gazetetrafik.jpg","width":551,"height":480,"caption":"yol durumu ve kapal\u0131 yollar"},{"@type":"BreadcrumbList","@id":"https:\/\/gazetetrafik.com\/2023\/02\/07\/7-subat\/#breadcrumb","itemListElement":[{"@type":"ListItem","position":1,"name":"Anasayfa","item":"https:\/\/gazetetrafik.com\/"},{"@type":"ListItem","position":2,"name":"7 \u015eubat 2023 yol durumu"}]},{"@type":"WebSite","@id":"https:\/\/gazetetrafik.com\/#website","url":"https:\/\/gazetetrafik.com\/","name":"","description":"\u0130NSANA VE YA\u015eAM HAKKINA SAYGILI TRAF\u0130K HABER GAZETES\u0130","publisher":{"@id":"https:\/\/gazetetrafik.com\/#organization"},"potentialAction":[{"@type":"SearchAction","target":{"@type":"EntryPoint","urlTemplate":"https:\/\/gazetetrafik.com\/?s={search_term_string}"},"query-input":{"@type":"PropertyValueSpecification","valueRequired":true,"valueName":"search_term_string"}}],"inLanguage":"en-US"},{"@type":"Organization","@id":"https:\/\/gazetetrafik.com\/#organization","name":"Gazete Trafik","url":"https:\/\/gazetetrafik.com\/","logo":{"@type":"ImageObject","inLanguage":"en-US","@id":"https:\/\/gazetetrafik.com\/#\/schema\/logo\/image\/","url":"https:\/\/gazetetrafik.com\/wp-content\/uploads\/2022\/03\/cropped-logo.jpg","contentUrl":"https:\/\/gazetetrafik.com\/wp-content\/uploads\/2022\/03\/cropped-logo.jpg","width":800,"height":220,"caption":"Gazete Trafik"},"image":{"@id":"https:\/\/gazetetrafik.com\/#\/schema\/logo\/image\/"},"sameAs":["https:\/\/x.com\/TrafikGazete","https:\/\/www.instagram.com\/gazetetrafik\/"]},{"@type":"Person","@id":"https:\/\/gazetetrafik.com\/#\/schema\/person\/2f75f4347719ee1b2a8ace54218ecab5","name":"Gazete Trafik","image":{"@type":"ImageObject","inLanguage":"en-US","@id":"https:\/\/secure.gravatar.com\/avatar\/bff6a4bfd3845f68dabbeea43bcbf9f2651b5ab9a1aad1d9381a89e564d3d208?s=96&d=mm&r=g","url":"https:\/\/secure.gravatar.com\/avatar\/bff6a4bfd3845f68dabbeea43bcbf9f2651b5ab9a1aad1d9381a89e564d3d208?s=96&d=mm&r=g","contentUrl":"https:\/\/secure.gravatar.com\/avatar\/bff6a4bfd3845f68dabbeea43bcbf9f2651b5ab9a1aad1d9381a89e564d3d208?s=96&d=mm&r=g","caption":"Gazete Trafik"},"sameAs":["https:\/\/gazetetrafik.com"],"url":"https:\/\/gazetetrafik.com\/en\/author\/gazete-trafik\/"}]}},"_links":{"self":[{"href":"https:\/\/gazetetrafik.com\/en\/wp-json\/wp\/v2\/posts\/814","targetHints":{"allow":["GET"]}}],"collection":[{"href":"https:\/\/gazetetrafik.com\/en\/wp-json\/wp\/v2\/posts"}],"about":[{"href":"https:\/\/gazetetrafik.com\/en\/wp-json\/wp\/v2\/types\/post"}],"author":[{"embeddable":true,"href":"https:\/\/gazetetrafik.com\/en\/wp-json\/wp\/v2\/users\/1"}],"replies":[{"embeddable":true,"href":"https:\/\/gazetetrafik.com\/en\/wp-json\/wp\/v2\/comments?post=814"}],"version-history":[{"count":1,"href":"https:\/\/gazetetrafik.com\/en\/wp-json\/wp\/v2\/posts\/814\/revisions"}],"predecessor-version":[{"id":816,"href":"https:\/\/gazetetrafik.com\/en\/wp-json\/wp\/v2\/posts\/814\/revisions\/816"}],"wp:featuredmedia":[{"embeddable":true,"href":"https:\/\/gazetetrafik.com\/en\/wp-json\/wp\/v2\/media\/815"}],"wp:attachment":[{"href":"https:\/\/gazetetrafik.com\/en\/wp-json\/wp\/v2\/media?parent=814"}],"wp:term":[{"taxonomy":"category","embeddable":true,"href":"https:\/\/gazetetrafik.com\/en\/wp-json\/wp\/v2\/categories?post=814"},{"taxonomy":"post_tag","embeddable":true,"href":"https:\/\/gazetetrafik.com\/en\/wp-json\/wp\/v2\/tags?post=814"}],"curies":[{"name":"wp","href":"https:\/\/api.w.org\/{rel}","templated":true}]}}