{"id":862,"date":"2023-04-10T12:29:07","date_gmt":"2023-04-10T09:29:07","guid":{"rendered":"https:\/\/gazetetrafik.com\/?p=862"},"modified":"2023-04-10T12:29:12","modified_gmt":"2023-04-10T09:29:12","slug":"30-km-s","status":"publish","type":"post","link":"https:\/\/gazetetrafik.com\/en\/2023\/04\/10\/30-km-s\/","title":{"rendered":"Tunus&#8217;ta 30 km\/s karar\u0131"},"content":{"rendered":"<p>\u015eubat 2023&#8217;te Tunus&#8217;ta, \u00fclke genelinde okullar\u0131n etraf\u0131ndaki 30 km\/s&#8217;lik b\u00f6lgeler i\u00e7in 151\/2000 say\u0131l\u0131 kararname Ba\u015fbakan Naglaa Boudin Ramadan ba\u015fkanl\u0131\u011f\u0131nda yap\u0131lan Bakanlar Kurulu toplant\u0131s\u0131nda onayland\u0131.<\/p>\n\n\n\n<p>Yeni kararname, \u0130ttifak \u00fcyesi Les Ambassadeurs de la S\u00e9curit\u00e9 Routi\u00e8re (ASR) i\u00e7in bir savunuculuk ba\u015far\u0131s\u0131d\u0131r. &nbsp;ASR, 2018 y\u0131l\u0131ndan itibaren &nbsp;Tunus h\u00fck\u00fcmetiyle 30 km\/s b\u00f6lgeleri i\u00e7in savunuculuk yapan bir Sivil toplum Kurulu\u015fudur. . ASR, bu \u00f6zel, \u00f6nemli, kan\u0131ta dayal\u0131 m\u00fcdahale ve kald\u0131ra\u00e7 f\u0131rsatlar\u0131n\u0131 zorlamak i\u00e7in uzun vadeli, s\u00fcrd\u00fcr\u00fclebilir bir yakla\u015f\u0131m benimsedi. &nbsp;#Love30 BM K\u00fcresel Karayolu G\u00fcvenli\u011fi Haftas\u0131 ve #CommitToAct dahil olmak \u00fczere kampanyalar ve H\u0131z\u0131n\u0131z\u0131 30 km\/s&#8217;de tutun slogan\u0131 alt\u0131nda Ula\u015ft\u0131rma Bakanl\u0131\u011f\u0131 ile ulusal bir kampanya, topluluk ve medya deste\u011fi olu\u015fturmaya yard\u0131mc\u0131 oldu. Tunus \u015eehrinde \u00c7ocuklar i\u00e7in Daha G\u00fcvenli ve Sa\u011fl\u0131kl\u0131 Yolculuklar yaratmay\u0131 ama\u00e7layan K\u00fcresel Karayolu G\u00fcvenli\u011fi Ortakl\u0131\u011f\u0131 taraf\u0131ndan desteklenen Botnar Tunus M\u00fccadelesinde yer almak, ASR&#8217;nin kapasitesini art\u0131rmas\u0131n\u0131 ve 30 y\u0131l boyunca veri ve kan\u0131t taban\u0131n\u0131 g\u00fc\u00e7lendirmesini sa\u011flad\u0131. \u00c7ocuklar\u0131 g\u00fcvende tutmak i\u00e7in km\/s limitleri. Kulu\u00e7ka Program\u0131 ve LEARN dahil olmak \u00fczere ittifak teklifleri, STK&#8217;ya rehberlik etti ve destekledi. Devlet yetkilileriyle g\u00fc\u00e7l\u00fc ili\u015fkiler ve birden fazla payda\u015fla koalisyonlar geli\u015ftirmek, bask\u0131y\u0131 s\u00fcrd\u00fcrmesini sa\u011flad\u0131.<\/p>\n\n\n\n<p>Kararnamenin onaylanmas\u0131n\u0131n ard\u0131ndan ASR&#8217;nin bundan sonraki ad\u0131mlar\u0131, bilgilendirme ve ileti\u015fim kampanyalar\u0131 yoluyla yol kullan\u0131c\u0131lar\u0131n\u0131 kararname konusunda bilin\u00e7lendirmek ve desteklemek i\u00e7in Altyap\u0131 Bakanl\u0131\u011f\u0131, \u0130\u00e7i\u015fleri Bakanl\u0131\u011f\u0131 ve belediyelerdeki y\u00f6neticilere y\u00f6nelik e\u011fitimler d\u00fczenlemek.<\/p>\n\n\n\n<p>ASR ba\u015fkan\u0131 Afef Ben Ghenia, \u201cS\u0131k\u0131 \u00e7al\u0131\u015fma, azim ve sebat her zaman sonunda kar\u015f\u0131l\u0131\u011f\u0131n\u0131 verir ve sonucu g\u00f6rd\u00fc\u011f\u00fcm\u00fczde, yollar\u0131m\u0131zda daha fazla hayat kurtarmak i\u00e7in m\u00fccadelemizi s\u00fcrd\u00fcrmeye daha da ikna oluruz\u201d diyor. <a href=\"http:\/\/asr.tn\">http:\/\/asr.tn<\/a><\/p>","protected":false},"excerpt":{"rendered":"<p>\u015eubat 2023&#8217;te Tunus&#8217;ta, \u00fclke genelinde okullar\u0131n etraf\u0131ndaki 30 km\/s&#8217;lik b\u00f6lgeler i\u00e7in 151\/2000 say\u0131l\u0131 kararname Ba\u015fbakan&#8230;<\/p>","protected":false},"author":1,"featured_media":863,"comment_status":"open","ping_status":"open","sticky":false,"template":"","format":"standard","meta":{"footnotes":""},"categories":[29,3],"tags":[],"class_list":["post-862","post","type-post","status-publish","format-standard","has-post-thumbnail","hentry","category-sivil-toplum-kuruluslari","category-trafik-guvenligi"],"yoast_head":"<!-- This site is optimized with the Yoast SEO plugin v27.5 - https:\/\/yoast.com\/product\/yoast-seo-wordpress\/ -->\n<title>Tunus&#039;ta 30 km\/s karar\u0131 - Trafik g\u00fcvenli\u011fi<\/title>\n<meta name=\"description\" content=\"Tunus&#039;ta 30 km\/s karar\u0131 Trafik g\u00fcvenli\u011fi Tunus&#039;ta 30 km\/s karar\u0131 Trafik g\u00fcvenli\u011fi\" \/>\n<meta name=\"robots\" content=\"index, follow, max-snippet:-1, max-image-preview:large, max-video-preview:-1\" \/>\n<link rel=\"canonical\" href=\"https:\/\/gazetetrafik.com\/en\/2023\/04\/10\/30-km-s\/\" \/>\n<meta property=\"og:locale\" content=\"en_US\" \/>\n<meta property=\"og:type\" content=\"article\" \/>\n<meta property=\"og:title\" content=\"Tunus&#039;ta 30 km\/s karar\u0131 - Trafik g\u00fcvenli\u011fi\" \/>\n<meta property=\"og:description\" content=\"Tunus&#039;ta 30 km\/s karar\u0131 Trafik g\u00fcvenli\u011fi Tunus&#039;ta 30 km\/s karar\u0131 Trafik g\u00fcvenli\u011fi\" \/>\n<meta property=\"og:url\" content=\"https:\/\/gazetetrafik.com\/en\/2023\/04\/10\/30-km-s\/\" \/>\n<meta property=\"article:published_time\" content=\"2023-04-10T09:29:07+00:00\" \/>\n<meta property=\"article:modified_time\" content=\"2023-04-10T09:29:12+00:00\" \/>\n<meta property=\"og:image\" content=\"https:\/\/gazetetrafik.com\/wp-content\/uploads\/2023\/04\/Tunus-30-km-gazetetrafik.jpg\" \/>\n\t<meta property=\"og:image:width\" content=\"544\" \/>\n\t<meta property=\"og:image:height\" content=\"480\" \/>\n\t<meta property=\"og:image:type\" content=\"image\/jpeg\" \/>\n<meta name=\"author\" content=\"Gazete Trafik\" \/>\n<meta name=\"twitter:card\" content=\"summary_large_image\" \/>\n<meta name=\"twitter:creator\" content=\"@TrafikGazete\" \/>\n<meta name=\"twitter:site\" content=\"@TrafikGazete\" \/>\n<meta name=\"twitter:label1\" content=\"Written by\" \/>\n\t<meta name=\"twitter:data1\" content=\"Gazete Trafik\" \/>\n\t<meta name=\"twitter:label2\" content=\"Est. reading time\" \/>\n\t<meta name=\"twitter:data2\" content=\"2 minutes\" \/>\n<script type=\"application\/ld+json\" class=\"yoast-schema-graph\">{\"@context\":\"https:\\\/\\\/schema.org\",\"@graph\":[{\"@type\":\"Article\",\"@id\":\"https:\\\/\\\/gazetetrafik.com\\\/2023\\\/04\\\/10\\\/30-km-s\\\/#article\",\"isPartOf\":{\"@id\":\"https:\\\/\\\/gazetetrafik.com\\\/2023\\\/04\\\/10\\\/30-km-s\\\/\"},\"author\":{\"name\":\"Gazete Trafik\",\"@id\":\"https:\\\/\\\/gazetetrafik.com\\\/#\\\/schema\\\/person\\\/2f75f4347719ee1b2a8ace54218ecab5\"},\"headline\":\"Tunus&#8217;ta 30 km\\\/s karar\u0131\",\"datePublished\":\"2023-04-10T09:29:07+00:00\",\"dateModified\":\"2023-04-10T09:29:12+00:00\",\"mainEntityOfPage\":{\"@id\":\"https:\\\/\\\/gazetetrafik.com\\\/2023\\\/04\\\/10\\\/30-km-s\\\/\"},\"wordCount\":346,\"commentCount\":0,\"publisher\":{\"@id\":\"https:\\\/\\\/gazetetrafik.com\\\/#organization\"},\"image\":{\"@id\":\"https:\\\/\\\/gazetetrafik.com\\\/2023\\\/04\\\/10\\\/30-km-s\\\/#primaryimage\"},\"thumbnailUrl\":\"https:\\\/\\\/gazetetrafik.com\\\/wp-content\\\/uploads\\\/2023\\\/04\\\/Tunus-30-km-gazetetrafik.jpg\",\"articleSection\":[\"Sivil toplum kurulu\u015flar\u0131\",\"Trafik g\u00fcvenli\u011fi\"],\"inLanguage\":\"en-US\",\"potentialAction\":[{\"@type\":\"CommentAction\",\"name\":\"Comment\",\"target\":[\"https:\\\/\\\/gazetetrafik.com\\\/2023\\\/04\\\/10\\\/30-km-s\\\/#respond\"]}]},{\"@type\":\"WebPage\",\"@id\":\"https:\\\/\\\/gazetetrafik.com\\\/2023\\\/04\\\/10\\\/30-km-s\\\/\",\"url\":\"https:\\\/\\\/gazetetrafik.com\\\/2023\\\/04\\\/10\\\/30-km-s\\\/\",\"name\":\"Tunus'ta 30 km\\\/s karar\u0131 - Trafik g\u00fcvenli\u011fi\",\"isPartOf\":{\"@id\":\"https:\\\/\\\/gazetetrafik.com\\\/#website\"},\"primaryImageOfPage\":{\"@id\":\"https:\\\/\\\/gazetetrafik.com\\\/2023\\\/04\\\/10\\\/30-km-s\\\/#primaryimage\"},\"image\":{\"@id\":\"https:\\\/\\\/gazetetrafik.com\\\/2023\\\/04\\\/10\\\/30-km-s\\\/#primaryimage\"},\"thumbnailUrl\":\"https:\\\/\\\/gazetetrafik.com\\\/wp-content\\\/uploads\\\/2023\\\/04\\\/Tunus-30-km-gazetetrafik.jpg\",\"datePublished\":\"2023-04-10T09:29:07+00:00\",\"dateModified\":\"2023-04-10T09:29:12+00:00\",\"description\":\"Tunus'ta 30 km\\\/s karar\u0131 Trafik g\u00fcvenli\u011fi Tunus'ta 30 km\\\/s karar\u0131 Trafik g\u00fcvenli\u011fi\",\"breadcrumb\":{\"@id\":\"https:\\\/\\\/gazetetrafik.com\\\/2023\\\/04\\\/10\\\/30-km-s\\\/#breadcrumb\"},\"inLanguage\":\"en-US\",\"potentialAction\":[{\"@type\":\"ReadAction\",\"target\":[\"https:\\\/\\\/gazetetrafik.com\\\/2023\\\/04\\\/10\\\/30-km-s\\\/\"]}]},{\"@type\":\"ImageObject\",\"inLanguage\":\"en-US\",\"@id\":\"https:\\\/\\\/gazetetrafik.com\\\/2023\\\/04\\\/10\\\/30-km-s\\\/#primaryimage\",\"url\":\"https:\\\/\\\/gazetetrafik.com\\\/wp-content\\\/uploads\\\/2023\\\/04\\\/Tunus-30-km-gazetetrafik.jpg\",\"contentUrl\":\"https:\\\/\\\/gazetetrafik.com\\\/wp-content\\\/uploads\\\/2023\\\/04\\\/Tunus-30-km-gazetetrafik.jpg\",\"width\":544,\"height\":480,\"caption\":\"30 km\\\/s\"},{\"@type\":\"BreadcrumbList\",\"@id\":\"https:\\\/\\\/gazetetrafik.com\\\/2023\\\/04\\\/10\\\/30-km-s\\\/#breadcrumb\",\"itemListElement\":[{\"@type\":\"ListItem\",\"position\":1,\"name\":\"Anasayfa\",\"item\":\"https:\\\/\\\/gazetetrafik.com\\\/\"},{\"@type\":\"ListItem\",\"position\":2,\"name\":\"Tunus&#8217;ta 30 km\\\/s karar\u0131\"}]},{\"@type\":\"WebSite\",\"@id\":\"https:\\\/\\\/gazetetrafik.com\\\/#website\",\"url\":\"https:\\\/\\\/gazetetrafik.com\\\/\",\"name\":\"\",\"description\":\"\u0130NSANA VE YA\u015eAM HAKKINA SAYGILI TRAF\u0130K HABER GAZETES\u0130\",\"publisher\":{\"@id\":\"https:\\\/\\\/gazetetrafik.com\\\/#organization\"},\"potentialAction\":[{\"@type\":\"SearchAction\",\"target\":{\"@type\":\"EntryPoint\",\"urlTemplate\":\"https:\\\/\\\/gazetetrafik.com\\\/?s={search_term_string}\"},\"query-input\":{\"@type\":\"PropertyValueSpecification\",\"valueRequired\":true,\"valueName\":\"search_term_string\"}}],\"inLanguage\":\"en-US\"},{\"@type\":\"Organization\",\"@id\":\"https:\\\/\\\/gazetetrafik.com\\\/#organization\",\"name\":\"Gazete Trafik\",\"url\":\"https:\\\/\\\/gazetetrafik.com\\\/\",\"logo\":{\"@type\":\"ImageObject\",\"inLanguage\":\"en-US\",\"@id\":\"https:\\\/\\\/gazetetrafik.com\\\/#\\\/schema\\\/logo\\\/image\\\/\",\"url\":\"https:\\\/\\\/gazetetrafik.com\\\/wp-content\\\/uploads\\\/2022\\\/03\\\/cropped-logo.jpg\",\"contentUrl\":\"https:\\\/\\\/gazetetrafik.com\\\/wp-content\\\/uploads\\\/2022\\\/03\\\/cropped-logo.jpg\",\"width\":800,\"height\":220,\"caption\":\"Gazete Trafik\"},\"image\":{\"@id\":\"https:\\\/\\\/gazetetrafik.com\\\/#\\\/schema\\\/logo\\\/image\\\/\"},\"sameAs\":[\"https:\\\/\\\/x.com\\\/TrafikGazete\",\"https:\\\/\\\/www.instagram.com\\\/gazetetrafik\\\/\"]},{\"@type\":\"Person\",\"@id\":\"https:\\\/\\\/gazetetrafik.com\\\/#\\\/schema\\\/person\\\/2f75f4347719ee1b2a8ace54218ecab5\",\"name\":\"Gazete Trafik\",\"image\":{\"@type\":\"ImageObject\",\"inLanguage\":\"en-US\",\"@id\":\"https:\\\/\\\/secure.gravatar.com\\\/avatar\\\/bff6a4bfd3845f68dabbeea43bcbf9f2651b5ab9a1aad1d9381a89e564d3d208?s=96&d=mm&r=g\",\"url\":\"https:\\\/\\\/secure.gravatar.com\\\/avatar\\\/bff6a4bfd3845f68dabbeea43bcbf9f2651b5ab9a1aad1d9381a89e564d3d208?s=96&d=mm&r=g\",\"contentUrl\":\"https:\\\/\\\/secure.gravatar.com\\\/avatar\\\/bff6a4bfd3845f68dabbeea43bcbf9f2651b5ab9a1aad1d9381a89e564d3d208?s=96&d=mm&r=g\",\"caption\":\"Gazete Trafik\"},\"sameAs\":[\"https:\\\/\\\/gazetetrafik.com\"],\"url\":\"https:\\\/\\\/gazetetrafik.com\\\/en\\\/author\\\/gazete-trafik\\\/\"}]}<\/script>\n<!-- \/ Yoast SEO plugin. -->","yoast_head_json":{"title":"Tunus'ta 30 km\/s karar\u0131 - Trafik g\u00fcvenli\u011fi","description":"Tunus'ta 30 km\/s karar\u0131 Trafik g\u00fcvenli\u011fi Tunus'ta 30 km\/s karar\u0131 Trafik g\u00fcvenli\u011fi","robots":{"index":"index","follow":"follow","max-snippet":"max-snippet:-1","max-image-preview":"max-image-preview:large","max-video-preview":"max-video-preview:-1"},"canonical":"https:\/\/gazetetrafik.com\/en\/2023\/04\/10\/30-km-s\/","og_locale":"en_US","og_type":"article","og_title":"Tunus'ta 30 km\/s karar\u0131 - Trafik g\u00fcvenli\u011fi","og_description":"Tunus'ta 30 km\/s karar\u0131 Trafik g\u00fcvenli\u011fi Tunus'ta 30 km\/s karar\u0131 Trafik g\u00fcvenli\u011fi","og_url":"https:\/\/gazetetrafik.com\/en\/2023\/04\/10\/30-km-s\/","article_published_time":"2023-04-10T09:29:07+00:00","article_modified_time":"2023-04-10T09:29:12+00:00","og_image":[{"width":544,"height":480,"url":"https:\/\/gazetetrafik.com\/wp-content\/uploads\/2023\/04\/Tunus-30-km-gazetetrafik.jpg","type":"image\/jpeg"}],"author":"Gazete Trafik","twitter_card":"summary_large_image","twitter_creator":"@TrafikGazete","twitter_site":"@TrafikGazete","twitter_misc":{"Written by":"Gazete Trafik","Est. reading time":"2 minutes"},"schema":{"@context":"https:\/\/schema.org","@graph":[{"@type":"Article","@id":"https:\/\/gazetetrafik.com\/2023\/04\/10\/30-km-s\/#article","isPartOf":{"@id":"https:\/\/gazetetrafik.com\/2023\/04\/10\/30-km-s\/"},"author":{"name":"Gazete Trafik","@id":"https:\/\/gazetetrafik.com\/#\/schema\/person\/2f75f4347719ee1b2a8ace54218ecab5"},"headline":"Tunus&#8217;ta 30 km\/s karar\u0131","datePublished":"2023-04-10T09:29:07+00:00","dateModified":"2023-04-10T09:29:12+00:00","mainEntityOfPage":{"@id":"https:\/\/gazetetrafik.com\/2023\/04\/10\/30-km-s\/"},"wordCount":346,"commentCount":0,"publisher":{"@id":"https:\/\/gazetetrafik.com\/#organization"},"image":{"@id":"https:\/\/gazetetrafik.com\/2023\/04\/10\/30-km-s\/#primaryimage"},"thumbnailUrl":"https:\/\/gazetetrafik.com\/wp-content\/uploads\/2023\/04\/Tunus-30-km-gazetetrafik.jpg","articleSection":["Sivil toplum kurulu\u015flar\u0131","Trafik g\u00fcvenli\u011fi"],"inLanguage":"en-US","potentialAction":[{"@type":"CommentAction","name":"Comment","target":["https:\/\/gazetetrafik.com\/2023\/04\/10\/30-km-s\/#respond"]}]},{"@type":"WebPage","@id":"https:\/\/gazetetrafik.com\/2023\/04\/10\/30-km-s\/","url":"https:\/\/gazetetrafik.com\/2023\/04\/10\/30-km-s\/","name":"Tunus'ta 30 km\/s karar\u0131 - Trafik g\u00fcvenli\u011fi","isPartOf":{"@id":"https:\/\/gazetetrafik.com\/#website"},"primaryImageOfPage":{"@id":"https:\/\/gazetetrafik.com\/2023\/04\/10\/30-km-s\/#primaryimage"},"image":{"@id":"https:\/\/gazetetrafik.com\/2023\/04\/10\/30-km-s\/#primaryimage"},"thumbnailUrl":"https:\/\/gazetetrafik.com\/wp-content\/uploads\/2023\/04\/Tunus-30-km-gazetetrafik.jpg","datePublished":"2023-04-10T09:29:07+00:00","dateModified":"2023-04-10T09:29:12+00:00","description":"Tunus'ta 30 km\/s karar\u0131 Trafik g\u00fcvenli\u011fi Tunus'ta 30 km\/s karar\u0131 Trafik g\u00fcvenli\u011fi","breadcrumb":{"@id":"https:\/\/gazetetrafik.com\/2023\/04\/10\/30-km-s\/#breadcrumb"},"inLanguage":"en-US","potentialAction":[{"@type":"ReadAction","target":["https:\/\/gazetetrafik.com\/2023\/04\/10\/30-km-s\/"]}]},{"@type":"ImageObject","inLanguage":"en-US","@id":"https:\/\/gazetetrafik.com\/2023\/04\/10\/30-km-s\/#primaryimage","url":"https:\/\/gazetetrafik.com\/wp-content\/uploads\/2023\/04\/Tunus-30-km-gazetetrafik.jpg","contentUrl":"https:\/\/gazetetrafik.com\/wp-content\/uploads\/2023\/04\/Tunus-30-km-gazetetrafik.jpg","width":544,"height":480,"caption":"30 km\/s"},{"@type":"BreadcrumbList","@id":"https:\/\/gazetetrafik.com\/2023\/04\/10\/30-km-s\/#breadcrumb","itemListElement":[{"@type":"ListItem","position":1,"name":"Anasayfa","item":"https:\/\/gazetetrafik.com\/"},{"@type":"ListItem","position":2,"name":"Tunus&#8217;ta 30 km\/s karar\u0131"}]},{"@type":"WebSite","@id":"https:\/\/gazetetrafik.com\/#website","url":"https:\/\/gazetetrafik.com\/","name":"","description":"\u0130NSANA VE YA\u015eAM HAKKINA SAYGILI TRAF\u0130K HABER GAZETES\u0130","publisher":{"@id":"https:\/\/gazetetrafik.com\/#organization"},"potentialAction":[{"@type":"SearchAction","target":{"@type":"EntryPoint","urlTemplate":"https:\/\/gazetetrafik.com\/?s={search_term_string}"},"query-input":{"@type":"PropertyValueSpecification","valueRequired":true,"valueName":"search_term_string"}}],"inLanguage":"en-US"},{"@type":"Organization","@id":"https:\/\/gazetetrafik.com\/#organization","name":"Gazete Trafik","url":"https:\/\/gazetetrafik.com\/","logo":{"@type":"ImageObject","inLanguage":"en-US","@id":"https:\/\/gazetetrafik.com\/#\/schema\/logo\/image\/","url":"https:\/\/gazetetrafik.com\/wp-content\/uploads\/2022\/03\/cropped-logo.jpg","contentUrl":"https:\/\/gazetetrafik.com\/wp-content\/uploads\/2022\/03\/cropped-logo.jpg","width":800,"height":220,"caption":"Gazete Trafik"},"image":{"@id":"https:\/\/gazetetrafik.com\/#\/schema\/logo\/image\/"},"sameAs":["https:\/\/x.com\/TrafikGazete","https:\/\/www.instagram.com\/gazetetrafik\/"]},{"@type":"Person","@id":"https:\/\/gazetetrafik.com\/#\/schema\/person\/2f75f4347719ee1b2a8ace54218ecab5","name":"Gazete Trafik","image":{"@type":"ImageObject","inLanguage":"en-US","@id":"https:\/\/secure.gravatar.com\/avatar\/bff6a4bfd3845f68dabbeea43bcbf9f2651b5ab9a1aad1d9381a89e564d3d208?s=96&d=mm&r=g","url":"https:\/\/secure.gravatar.com\/avatar\/bff6a4bfd3845f68dabbeea43bcbf9f2651b5ab9a1aad1d9381a89e564d3d208?s=96&d=mm&r=g","contentUrl":"https:\/\/secure.gravatar.com\/avatar\/bff6a4bfd3845f68dabbeea43bcbf9f2651b5ab9a1aad1d9381a89e564d3d208?s=96&d=mm&r=g","caption":"Gazete Trafik"},"sameAs":["https:\/\/gazetetrafik.com"],"url":"https:\/\/gazetetrafik.com\/en\/author\/gazete-trafik\/"}]}},"_links":{"self":[{"href":"https:\/\/gazetetrafik.com\/en\/wp-json\/wp\/v2\/posts\/862","targetHints":{"allow":["GET"]}}],"collection":[{"href":"https:\/\/gazetetrafik.com\/en\/wp-json\/wp\/v2\/posts"}],"about":[{"href":"https:\/\/gazetetrafik.com\/en\/wp-json\/wp\/v2\/types\/post"}],"author":[{"embeddable":true,"href":"https:\/\/gazetetrafik.com\/en\/wp-json\/wp\/v2\/users\/1"}],"replies":[{"embeddable":true,"href":"https:\/\/gazetetrafik.com\/en\/wp-json\/wp\/v2\/comments?post=862"}],"version-history":[{"count":1,"href":"https:\/\/gazetetrafik.com\/en\/wp-json\/wp\/v2\/posts\/862\/revisions"}],"predecessor-version":[{"id":864,"href":"https:\/\/gazetetrafik.com\/en\/wp-json\/wp\/v2\/posts\/862\/revisions\/864"}],"wp:featuredmedia":[{"embeddable":true,"href":"https:\/\/gazetetrafik.com\/en\/wp-json\/wp\/v2\/media\/863"}],"wp:attachment":[{"href":"https:\/\/gazetetrafik.com\/en\/wp-json\/wp\/v2\/media?parent=862"}],"wp:term":[{"taxonomy":"category","embeddable":true,"href":"https:\/\/gazetetrafik.com\/en\/wp-json\/wp\/v2\/categories?post=862"},{"taxonomy":"post_tag","embeddable":true,"href":"https:\/\/gazetetrafik.com\/en\/wp-json\/wp\/v2\/tags?post=862"}],"curies":[{"name":"wp","href":"https:\/\/api.w.org\/{rel}","templated":true}]}}