{"id":902,"date":"2023-05-17T09:07:04","date_gmt":"2023-05-17T06:07:04","guid":{"rendered":"https:\/\/gazetetrafik.com\/?p=902"},"modified":"2023-05-17T09:07:11","modified_gmt":"2023-05-17T06:07:11","slug":"farkli","status":"publish","type":"post","link":"https:\/\/gazetetrafik.com\/en\/2023\/05\/17\/farkli\/","title":{"rendered":"Farkl\u0131 hissediyorsan\u0131z, farkl\u0131 ara\u00e7 kullan\u0131rs\u0131n\u0131z"},"content":{"rendered":"<p>Alkol, baz\u0131 re\u00e7etesiz ve re\u00e7eteli ila\u00e7lar, uyu\u015fturucular dahil olmak \u00fczere bir\u00e7ok madde araba s\u00fcrmeyi bozabilir, farkl\u0131 hissediyorsan\u0131z, farkl\u0131 ara\u00e7 kullan\u0131rs\u0131n\u0131z. <\/p>\n\n\n\n<ul class=\"wp-block-list\">\n<li>Alkol, marihuana ve di\u011fer uyu\u015fturucular koordinasyon, karar verme ve reaksiyon s\u00fcrelerini yava\u015flatt\u0131klar\u0131 i\u00e7in araba kullanma yetene\u011fini bozabilir.<\/li>\n\n\n\n<li>Kokain ve metamfetamin, s\u00fcr\u00fcc\u00fcleri daha agresif ve umursamaz hale getirebilir.<\/li>\n\n\n\n<li>Alkol &nbsp;dahil olmak \u00fczere, ayn\u0131 anda iki veya daha fazla uyu\u015fturucu kullanmak, bir ki\u015finin t\u00fcketti\u011fi her ilac\u0131n bozucu etkisini art\u0131rabilir.<\/li>\n<\/ul>\n\n\n\n<p>Baz\u0131 re\u00e7eteli ve re\u00e7etesiz ila\u00e7lar a\u015f\u0131r\u0131 uyu\u015fukluk, ba\u015f d\u00f6nmesi ve di\u011fer yan etkilere neden olabilir. Ara\u00e7 kullanmadan \u00f6nce t\u00fcm uyar\u0131 etiketlerini okuyun ve bunlara uyun ve &#8220;a\u011f\u0131r makine \u00e7al\u0131\u015ft\u0131rmaya&#8221; kar\u015f\u0131 uyar\u0131lar\u0131n ara\u00e7 kullanmay\u0131 da kapsad\u0131\u011f\u0131n\u0131 unutmay\u0131n.<\/p>\n\n\n\n<p>Hasta olan s\u00fcr\u00fcc\u00fcler kendi rahats\u0131zl\u0131klar\u0131n\u0131 do\u011fru bir \u015fekilde de\u011ferlendiremezler . Bu nedenle, ila\u00e7 kulland\u0131ktan sonra ara\u00e7 kullanmamal\u0131d\u0131r. Farkl\u0131 ila\u00e7lar\u0131 birle\u015ftirmek, g\u00fcvenli s\u00fcr\u00fc\u015f yetene\u011finiz \u00fczerinde daha da b\u00fcy\u00fck bir etkiye sahip olabilir. Re\u00e7eteli ve re\u00e7etesiz sat\u0131lan ila\u00e7lar\u0131n olumsuz etkileri aras\u0131nda uyu\u015fukluk, bulan\u0131k g\u00f6rme, zay\u0131f konsantrasyon, daha yava\u015f reaksiyon s\u00fcreleri ve agresif davran\u0131\u015flar say\u0131labilir.<\/p>\n\n\n\n<blockquote class=\"wp-block-quote is-layout-flow wp-block-quote-is-layout-flow\">\n<p><strong>Unutmay\u0131n: Kendinizi farkl\u0131 hissediyorsan\u0131z, farkl\u0131 ara\u00e7 kullan\u0131rs\u0131n\u0131z.<\/strong><\/p>\n<\/blockquote>\n\n\n\n<p>Uyu\u015fturucular s\u00fcr\u00fc\u015f yetene\u011finizi bozar ve \u00e7arp\u0131\u015fma olas\u0131l\u0131\u011f\u0131n\u0131 \u00f6l\u00e7\u00fcde art\u0131r\u0131r. Bu nedenle uyu\u015fturucu etkisi alt\u0131nda ara\u00e7 kullanmak yasakt\u0131r.<\/p>\n\n\n\n<h2 class=\"wp-block-heading\">Esrar kullan\u0131m\u0131<\/h2>\n\n\n\n<p>Araba kullanmak, g\u00fcvende ve uyan\u0131k kalmak i\u00e7in t\u00fcm dikkatinizi gerektiren karma\u015f\u0131k bir g\u00f6revdir. Esrar kullan\u0131m\u0131, v\u00fccudunuzun hareketlerini, dengesini, koordinasyonunu, haf\u0131zas\u0131n\u0131 ve yarg\u0131lamas\u0131n\u0131 kontrol eden beyin b\u00f6lgelerini etkiler. Esrar kullan\u0131m\u0131, g\u00fcvenli s\u00fcr\u00fc\u015f i\u00e7in gerekli olan \u00f6nemli becerileri \u015fu \u015fekilde bozabilir:<\/p>\n\n\n\n<ul class=\"wp-block-list\">\n<li>Tepki s\u00fcrenizi ve karar verme yetene\u011finizi yava\u015flatmak<\/li>\n\n\n\n<li>\u00c7oklu g\u00f6rev yapmay\u0131 zorla\u015ft\u0131rmak<\/li>\n\n\n\n<li>Koordinasyonu bozmak<\/li>\n\n\n\n<li>\u00c7arp\u0131tan alg\u0131, paranoya<\/li>\n<\/ul>\n\n\n\n<p>Kokain kullan\u0131m\u0131<\/p>\n\n\n\n<ul class=\"wp-block-list\">\n<li>&nbsp;Artan sald\u0131rganl\u0131k<\/li>\n\n\n\n<li>&nbsp;Artan risk alma<\/li>\n\n\n\n<li>&nbsp;A\u015f\u0131r\u0131 g\u00fcven hissi yarat\u0131r.<\/li>\n<\/ul>","protected":false},"excerpt":{"rendered":"<p>Alkol, baz\u0131 re\u00e7etesiz ve re\u00e7eteli ila\u00e7lar, uyu\u015fturucular dahil olmak \u00fczere bir\u00e7ok madde araba s\u00fcrmeyi bozabilir,&#8230;<\/p>","protected":false},"author":1,"featured_media":903,"comment_status":"open","ping_status":"open","sticky":false,"template":"","format":"standard","meta":{"footnotes":""},"categories":[3],"tags":[264,262,266,265,263],"class_list":["post-902","post","type-post","status-publish","format-standard","has-post-thumbnail","hentry","category-trafik-guvenligi","tag-arac-surme","tag-esrar-kullanimi","tag-farkli-arac-kullanirsiniz","tag-farkli-hissediyorsaniz","tag-kokain-kullanimi"],"yoast_head":"<!-- This site is optimized with the Yoast SEO plugin v27.5 - https:\/\/yoast.com\/product\/yoast-seo-wordpress\/ -->\n<title>Farkl\u0131 hissediyorsan\u0131z, farkl\u0131 ara\u00e7 kullan\u0131rs\u0131n\u0131z -<\/title>\n<meta name=\"description\" content=\"Farkl\u0131 hissediyorsan\u0131z, farkl\u0131 ara\u00e7 kullan\u0131rs\u0131n\u0131z Trafik g\u00fcvenli\u011fi Farkl\u0131 hissediyorsan\u0131z, farkl\u0131 ara\u00e7 kullan\u0131rs\u0131n\u0131z\" \/>\n<meta name=\"robots\" content=\"index, follow, max-snippet:-1, max-image-preview:large, max-video-preview:-1\" \/>\n<link rel=\"canonical\" href=\"https:\/\/gazetetrafik.com\/en\/2023\/05\/17\/farkli\/\" \/>\n<meta property=\"og:locale\" content=\"en_US\" \/>\n<meta property=\"og:type\" content=\"article\" \/>\n<meta property=\"og:title\" content=\"Farkl\u0131 hissediyorsan\u0131z, farkl\u0131 ara\u00e7 kullan\u0131rs\u0131n\u0131z -\" \/>\n<meta property=\"og:description\" content=\"Farkl\u0131 hissediyorsan\u0131z, farkl\u0131 ara\u00e7 kullan\u0131rs\u0131n\u0131z Trafik g\u00fcvenli\u011fi Farkl\u0131 hissediyorsan\u0131z, farkl\u0131 ara\u00e7 kullan\u0131rs\u0131n\u0131z\" \/>\n<meta property=\"og:url\" content=\"https:\/\/gazetetrafik.com\/en\/2023\/05\/17\/farkli\/\" \/>\n<meta property=\"article:published_time\" content=\"2023-05-17T06:07:04+00:00\" \/>\n<meta property=\"article:modified_time\" content=\"2023-05-17T06:07:11+00:00\" \/>\n<meta property=\"og:image\" content=\"https:\/\/gazetetrafik.com\/wp-content\/uploads\/2023\/05\/uyusturucukullanimivearackullanmak-gazetetrafik.jpg\" \/>\n\t<meta property=\"og:image:width\" content=\"544\" \/>\n\t<meta property=\"og:image:height\" content=\"480\" \/>\n\t<meta property=\"og:image:type\" content=\"image\/jpeg\" \/>\n<meta name=\"author\" content=\"Gazete Trafik\" \/>\n<meta name=\"twitter:card\" content=\"summary_large_image\" \/>\n<meta name=\"twitter:creator\" content=\"@TrafikGazete\" \/>\n<meta name=\"twitter:site\" content=\"@TrafikGazete\" \/>\n<meta name=\"twitter:label1\" content=\"Written by\" \/>\n\t<meta name=\"twitter:data1\" content=\"Gazete Trafik\" \/>\n\t<meta name=\"twitter:label2\" content=\"Est. reading time\" \/>\n\t<meta name=\"twitter:data2\" content=\"2 minutes\" \/>\n<script type=\"application\/ld+json\" class=\"yoast-schema-graph\">{\"@context\":\"https:\\\/\\\/schema.org\",\"@graph\":[{\"@type\":\"Article\",\"@id\":\"https:\\\/\\\/gazetetrafik.com\\\/2023\\\/05\\\/17\\\/farkli\\\/#article\",\"isPartOf\":{\"@id\":\"https:\\\/\\\/gazetetrafik.com\\\/2023\\\/05\\\/17\\\/farkli\\\/\"},\"author\":{\"name\":\"Gazete Trafik\",\"@id\":\"https:\\\/\\\/gazetetrafik.com\\\/#\\\/schema\\\/person\\\/2f75f4347719ee1b2a8ace54218ecab5\"},\"headline\":\"Farkl\u0131 hissediyorsan\u0131z, farkl\u0131 ara\u00e7 kullan\u0131rs\u0131n\u0131z\",\"datePublished\":\"2023-05-17T06:07:04+00:00\",\"dateModified\":\"2023-05-17T06:07:11+00:00\",\"mainEntityOfPage\":{\"@id\":\"https:\\\/\\\/gazetetrafik.com\\\/2023\\\/05\\\/17\\\/farkli\\\/\"},\"wordCount\":379,\"commentCount\":0,\"publisher\":{\"@id\":\"https:\\\/\\\/gazetetrafik.com\\\/#organization\"},\"image\":{\"@id\":\"https:\\\/\\\/gazetetrafik.com\\\/2023\\\/05\\\/17\\\/farkli\\\/#primaryimage\"},\"thumbnailUrl\":\"https:\\\/\\\/gazetetrafik.com\\\/wp-content\\\/uploads\\\/2023\\\/05\\\/uyusturucukullanimivearackullanmak-gazetetrafik.jpg\",\"keywords\":[\"ara\u00e7 s\u00fcrme\",\"Esrar kullan\u0131m\u0131\",\"farkl\u0131 ara\u00e7 kullan\u0131rs\u0131n\u0131z\",\"Farkl\u0131 hissediyorsan\u0131z\",\"kokain kullan\u0131m\u0131\"],\"articleSection\":[\"Trafik g\u00fcvenli\u011fi\"],\"inLanguage\":\"en-US\",\"potentialAction\":[{\"@type\":\"CommentAction\",\"name\":\"Comment\",\"target\":[\"https:\\\/\\\/gazetetrafik.com\\\/2023\\\/05\\\/17\\\/farkli\\\/#respond\"]}]},{\"@type\":\"WebPage\",\"@id\":\"https:\\\/\\\/gazetetrafik.com\\\/2023\\\/05\\\/17\\\/farkli\\\/\",\"url\":\"https:\\\/\\\/gazetetrafik.com\\\/2023\\\/05\\\/17\\\/farkli\\\/\",\"name\":\"Farkl\u0131 hissediyorsan\u0131z, farkl\u0131 ara\u00e7 kullan\u0131rs\u0131n\u0131z -\",\"isPartOf\":{\"@id\":\"https:\\\/\\\/gazetetrafik.com\\\/#website\"},\"primaryImageOfPage\":{\"@id\":\"https:\\\/\\\/gazetetrafik.com\\\/2023\\\/05\\\/17\\\/farkli\\\/#primaryimage\"},\"image\":{\"@id\":\"https:\\\/\\\/gazetetrafik.com\\\/2023\\\/05\\\/17\\\/farkli\\\/#primaryimage\"},\"thumbnailUrl\":\"https:\\\/\\\/gazetetrafik.com\\\/wp-content\\\/uploads\\\/2023\\\/05\\\/uyusturucukullanimivearackullanmak-gazetetrafik.jpg\",\"datePublished\":\"2023-05-17T06:07:04+00:00\",\"dateModified\":\"2023-05-17T06:07:11+00:00\",\"description\":\"Farkl\u0131 hissediyorsan\u0131z, farkl\u0131 ara\u00e7 kullan\u0131rs\u0131n\u0131z Trafik g\u00fcvenli\u011fi Farkl\u0131 hissediyorsan\u0131z, farkl\u0131 ara\u00e7 kullan\u0131rs\u0131n\u0131z\",\"breadcrumb\":{\"@id\":\"https:\\\/\\\/gazetetrafik.com\\\/2023\\\/05\\\/17\\\/farkli\\\/#breadcrumb\"},\"inLanguage\":\"en-US\",\"potentialAction\":[{\"@type\":\"ReadAction\",\"target\":[\"https:\\\/\\\/gazetetrafik.com\\\/2023\\\/05\\\/17\\\/farkli\\\/\"]}]},{\"@type\":\"ImageObject\",\"inLanguage\":\"en-US\",\"@id\":\"https:\\\/\\\/gazetetrafik.com\\\/2023\\\/05\\\/17\\\/farkli\\\/#primaryimage\",\"url\":\"https:\\\/\\\/gazetetrafik.com\\\/wp-content\\\/uploads\\\/2023\\\/05\\\/uyusturucukullanimivearackullanmak-gazetetrafik.jpg\",\"contentUrl\":\"https:\\\/\\\/gazetetrafik.com\\\/wp-content\\\/uploads\\\/2023\\\/05\\\/uyusturucukullanimivearackullanmak-gazetetrafik.jpg\",\"width\":544,\"height\":480,\"caption\":\"Farkl\u0131 hissediyorsan\u0131z, farkl\u0131 ara\u00e7 kullan\u0131rs\u0131n\u0131z\"},{\"@type\":\"BreadcrumbList\",\"@id\":\"https:\\\/\\\/gazetetrafik.com\\\/2023\\\/05\\\/17\\\/farkli\\\/#breadcrumb\",\"itemListElement\":[{\"@type\":\"ListItem\",\"position\":1,\"name\":\"Anasayfa\",\"item\":\"https:\\\/\\\/gazetetrafik.com\\\/\"},{\"@type\":\"ListItem\",\"position\":2,\"name\":\"Farkl\u0131 hissediyorsan\u0131z, farkl\u0131 ara\u00e7 kullan\u0131rs\u0131n\u0131z\"}]},{\"@type\":\"WebSite\",\"@id\":\"https:\\\/\\\/gazetetrafik.com\\\/#website\",\"url\":\"https:\\\/\\\/gazetetrafik.com\\\/\",\"name\":\"\",\"description\":\"\u0130NSANA VE YA\u015eAM HAKKINA SAYGILI TRAF\u0130K HABER GAZETES\u0130\",\"publisher\":{\"@id\":\"https:\\\/\\\/gazetetrafik.com\\\/#organization\"},\"potentialAction\":[{\"@type\":\"SearchAction\",\"target\":{\"@type\":\"EntryPoint\",\"urlTemplate\":\"https:\\\/\\\/gazetetrafik.com\\\/?s={search_term_string}\"},\"query-input\":{\"@type\":\"PropertyValueSpecification\",\"valueRequired\":true,\"valueName\":\"search_term_string\"}}],\"inLanguage\":\"en-US\"},{\"@type\":\"Organization\",\"@id\":\"https:\\\/\\\/gazetetrafik.com\\\/#organization\",\"name\":\"Gazete Trafik\",\"url\":\"https:\\\/\\\/gazetetrafik.com\\\/\",\"logo\":{\"@type\":\"ImageObject\",\"inLanguage\":\"en-US\",\"@id\":\"https:\\\/\\\/gazetetrafik.com\\\/#\\\/schema\\\/logo\\\/image\\\/\",\"url\":\"https:\\\/\\\/gazetetrafik.com\\\/wp-content\\\/uploads\\\/2022\\\/03\\\/cropped-logo.jpg\",\"contentUrl\":\"https:\\\/\\\/gazetetrafik.com\\\/wp-content\\\/uploads\\\/2022\\\/03\\\/cropped-logo.jpg\",\"width\":800,\"height\":220,\"caption\":\"Gazete Trafik\"},\"image\":{\"@id\":\"https:\\\/\\\/gazetetrafik.com\\\/#\\\/schema\\\/logo\\\/image\\\/\"},\"sameAs\":[\"https:\\\/\\\/x.com\\\/TrafikGazete\",\"https:\\\/\\\/www.instagram.com\\\/gazetetrafik\\\/\"]},{\"@type\":\"Person\",\"@id\":\"https:\\\/\\\/gazetetrafik.com\\\/#\\\/schema\\\/person\\\/2f75f4347719ee1b2a8ace54218ecab5\",\"name\":\"Gazete Trafik\",\"image\":{\"@type\":\"ImageObject\",\"inLanguage\":\"en-US\",\"@id\":\"https:\\\/\\\/secure.gravatar.com\\\/avatar\\\/bff6a4bfd3845f68dabbeea43bcbf9f2651b5ab9a1aad1d9381a89e564d3d208?s=96&d=mm&r=g\",\"url\":\"https:\\\/\\\/secure.gravatar.com\\\/avatar\\\/bff6a4bfd3845f68dabbeea43bcbf9f2651b5ab9a1aad1d9381a89e564d3d208?s=96&d=mm&r=g\",\"contentUrl\":\"https:\\\/\\\/secure.gravatar.com\\\/avatar\\\/bff6a4bfd3845f68dabbeea43bcbf9f2651b5ab9a1aad1d9381a89e564d3d208?s=96&d=mm&r=g\",\"caption\":\"Gazete Trafik\"},\"sameAs\":[\"https:\\\/\\\/gazetetrafik.com\"],\"url\":\"https:\\\/\\\/gazetetrafik.com\\\/en\\\/author\\\/gazete-trafik\\\/\"}]}<\/script>\n<!-- \/ Yoast SEO plugin. -->","yoast_head_json":{"title":"Farkl\u0131 hissediyorsan\u0131z, farkl\u0131 ara\u00e7 kullan\u0131rs\u0131n\u0131z -","description":"Farkl\u0131 hissediyorsan\u0131z, farkl\u0131 ara\u00e7 kullan\u0131rs\u0131n\u0131z Trafik g\u00fcvenli\u011fi Farkl\u0131 hissediyorsan\u0131z, farkl\u0131 ara\u00e7 kullan\u0131rs\u0131n\u0131z","robots":{"index":"index","follow":"follow","max-snippet":"max-snippet:-1","max-image-preview":"max-image-preview:large","max-video-preview":"max-video-preview:-1"},"canonical":"https:\/\/gazetetrafik.com\/en\/2023\/05\/17\/farkli\/","og_locale":"en_US","og_type":"article","og_title":"Farkl\u0131 hissediyorsan\u0131z, farkl\u0131 ara\u00e7 kullan\u0131rs\u0131n\u0131z -","og_description":"Farkl\u0131 hissediyorsan\u0131z, farkl\u0131 ara\u00e7 kullan\u0131rs\u0131n\u0131z Trafik g\u00fcvenli\u011fi Farkl\u0131 hissediyorsan\u0131z, farkl\u0131 ara\u00e7 kullan\u0131rs\u0131n\u0131z","og_url":"https:\/\/gazetetrafik.com\/en\/2023\/05\/17\/farkli\/","article_published_time":"2023-05-17T06:07:04+00:00","article_modified_time":"2023-05-17T06:07:11+00:00","og_image":[{"width":544,"height":480,"url":"https:\/\/gazetetrafik.com\/wp-content\/uploads\/2023\/05\/uyusturucukullanimivearackullanmak-gazetetrafik.jpg","type":"image\/jpeg"}],"author":"Gazete Trafik","twitter_card":"summary_large_image","twitter_creator":"@TrafikGazete","twitter_site":"@TrafikGazete","twitter_misc":{"Written by":"Gazete Trafik","Est. reading time":"2 minutes"},"schema":{"@context":"https:\/\/schema.org","@graph":[{"@type":"Article","@id":"https:\/\/gazetetrafik.com\/2023\/05\/17\/farkli\/#article","isPartOf":{"@id":"https:\/\/gazetetrafik.com\/2023\/05\/17\/farkli\/"},"author":{"name":"Gazete Trafik","@id":"https:\/\/gazetetrafik.com\/#\/schema\/person\/2f75f4347719ee1b2a8ace54218ecab5"},"headline":"Farkl\u0131 hissediyorsan\u0131z, farkl\u0131 ara\u00e7 kullan\u0131rs\u0131n\u0131z","datePublished":"2023-05-17T06:07:04+00:00","dateModified":"2023-05-17T06:07:11+00:00","mainEntityOfPage":{"@id":"https:\/\/gazetetrafik.com\/2023\/05\/17\/farkli\/"},"wordCount":379,"commentCount":0,"publisher":{"@id":"https:\/\/gazetetrafik.com\/#organization"},"image":{"@id":"https:\/\/gazetetrafik.com\/2023\/05\/17\/farkli\/#primaryimage"},"thumbnailUrl":"https:\/\/gazetetrafik.com\/wp-content\/uploads\/2023\/05\/uyusturucukullanimivearackullanmak-gazetetrafik.jpg","keywords":["ara\u00e7 s\u00fcrme","Esrar kullan\u0131m\u0131","farkl\u0131 ara\u00e7 kullan\u0131rs\u0131n\u0131z","Farkl\u0131 hissediyorsan\u0131z","kokain kullan\u0131m\u0131"],"articleSection":["Trafik g\u00fcvenli\u011fi"],"inLanguage":"en-US","potentialAction":[{"@type":"CommentAction","name":"Comment","target":["https:\/\/gazetetrafik.com\/2023\/05\/17\/farkli\/#respond"]}]},{"@type":"WebPage","@id":"https:\/\/gazetetrafik.com\/2023\/05\/17\/farkli\/","url":"https:\/\/gazetetrafik.com\/2023\/05\/17\/farkli\/","name":"Farkl\u0131 hissediyorsan\u0131z, farkl\u0131 ara\u00e7 kullan\u0131rs\u0131n\u0131z -","isPartOf":{"@id":"https:\/\/gazetetrafik.com\/#website"},"primaryImageOfPage":{"@id":"https:\/\/gazetetrafik.com\/2023\/05\/17\/farkli\/#primaryimage"},"image":{"@id":"https:\/\/gazetetrafik.com\/2023\/05\/17\/farkli\/#primaryimage"},"thumbnailUrl":"https:\/\/gazetetrafik.com\/wp-content\/uploads\/2023\/05\/uyusturucukullanimivearackullanmak-gazetetrafik.jpg","datePublished":"2023-05-17T06:07:04+00:00","dateModified":"2023-05-17T06:07:11+00:00","description":"Farkl\u0131 hissediyorsan\u0131z, farkl\u0131 ara\u00e7 kullan\u0131rs\u0131n\u0131z Trafik g\u00fcvenli\u011fi Farkl\u0131 hissediyorsan\u0131z, farkl\u0131 ara\u00e7 kullan\u0131rs\u0131n\u0131z","breadcrumb":{"@id":"https:\/\/gazetetrafik.com\/2023\/05\/17\/farkli\/#breadcrumb"},"inLanguage":"en-US","potentialAction":[{"@type":"ReadAction","target":["https:\/\/gazetetrafik.com\/2023\/05\/17\/farkli\/"]}]},{"@type":"ImageObject","inLanguage":"en-US","@id":"https:\/\/gazetetrafik.com\/2023\/05\/17\/farkli\/#primaryimage","url":"https:\/\/gazetetrafik.com\/wp-content\/uploads\/2023\/05\/uyusturucukullanimivearackullanmak-gazetetrafik.jpg","contentUrl":"https:\/\/gazetetrafik.com\/wp-content\/uploads\/2023\/05\/uyusturucukullanimivearackullanmak-gazetetrafik.jpg","width":544,"height":480,"caption":"Farkl\u0131 hissediyorsan\u0131z, farkl\u0131 ara\u00e7 kullan\u0131rs\u0131n\u0131z"},{"@type":"BreadcrumbList","@id":"https:\/\/gazetetrafik.com\/2023\/05\/17\/farkli\/#breadcrumb","itemListElement":[{"@type":"ListItem","position":1,"name":"Anasayfa","item":"https:\/\/gazetetrafik.com\/"},{"@type":"ListItem","position":2,"name":"Farkl\u0131 hissediyorsan\u0131z, farkl\u0131 ara\u00e7 kullan\u0131rs\u0131n\u0131z"}]},{"@type":"WebSite","@id":"https:\/\/gazetetrafik.com\/#website","url":"https:\/\/gazetetrafik.com\/","name":"","description":"\u0130NSANA VE YA\u015eAM HAKKINA SAYGILI TRAF\u0130K HABER GAZETES\u0130","publisher":{"@id":"https:\/\/gazetetrafik.com\/#organization"},"potentialAction":[{"@type":"SearchAction","target":{"@type":"EntryPoint","urlTemplate":"https:\/\/gazetetrafik.com\/?s={search_term_string}"},"query-input":{"@type":"PropertyValueSpecification","valueRequired":true,"valueName":"search_term_string"}}],"inLanguage":"en-US"},{"@type":"Organization","@id":"https:\/\/gazetetrafik.com\/#organization","name":"Gazete Trafik","url":"https:\/\/gazetetrafik.com\/","logo":{"@type":"ImageObject","inLanguage":"en-US","@id":"https:\/\/gazetetrafik.com\/#\/schema\/logo\/image\/","url":"https:\/\/gazetetrafik.com\/wp-content\/uploads\/2022\/03\/cropped-logo.jpg","contentUrl":"https:\/\/gazetetrafik.com\/wp-content\/uploads\/2022\/03\/cropped-logo.jpg","width":800,"height":220,"caption":"Gazete Trafik"},"image":{"@id":"https:\/\/gazetetrafik.com\/#\/schema\/logo\/image\/"},"sameAs":["https:\/\/x.com\/TrafikGazete","https:\/\/www.instagram.com\/gazetetrafik\/"]},{"@type":"Person","@id":"https:\/\/gazetetrafik.com\/#\/schema\/person\/2f75f4347719ee1b2a8ace54218ecab5","name":"Gazete Trafik","image":{"@type":"ImageObject","inLanguage":"en-US","@id":"https:\/\/secure.gravatar.com\/avatar\/bff6a4bfd3845f68dabbeea43bcbf9f2651b5ab9a1aad1d9381a89e564d3d208?s=96&d=mm&r=g","url":"https:\/\/secure.gravatar.com\/avatar\/bff6a4bfd3845f68dabbeea43bcbf9f2651b5ab9a1aad1d9381a89e564d3d208?s=96&d=mm&r=g","contentUrl":"https:\/\/secure.gravatar.com\/avatar\/bff6a4bfd3845f68dabbeea43bcbf9f2651b5ab9a1aad1d9381a89e564d3d208?s=96&d=mm&r=g","caption":"Gazete Trafik"},"sameAs":["https:\/\/gazetetrafik.com"],"url":"https:\/\/gazetetrafik.com\/en\/author\/gazete-trafik\/"}]}},"_links":{"self":[{"href":"https:\/\/gazetetrafik.com\/en\/wp-json\/wp\/v2\/posts\/902","targetHints":{"allow":["GET"]}}],"collection":[{"href":"https:\/\/gazetetrafik.com\/en\/wp-json\/wp\/v2\/posts"}],"about":[{"href":"https:\/\/gazetetrafik.com\/en\/wp-json\/wp\/v2\/types\/post"}],"author":[{"embeddable":true,"href":"https:\/\/gazetetrafik.com\/en\/wp-json\/wp\/v2\/users\/1"}],"replies":[{"embeddable":true,"href":"https:\/\/gazetetrafik.com\/en\/wp-json\/wp\/v2\/comments?post=902"}],"version-history":[{"count":1,"href":"https:\/\/gazetetrafik.com\/en\/wp-json\/wp\/v2\/posts\/902\/revisions"}],"predecessor-version":[{"id":904,"href":"https:\/\/gazetetrafik.com\/en\/wp-json\/wp\/v2\/posts\/902\/revisions\/904"}],"wp:featuredmedia":[{"embeddable":true,"href":"https:\/\/gazetetrafik.com\/en\/wp-json\/wp\/v2\/media\/903"}],"wp:attachment":[{"href":"https:\/\/gazetetrafik.com\/en\/wp-json\/wp\/v2\/media?parent=902"}],"wp:term":[{"taxonomy":"category","embeddable":true,"href":"https:\/\/gazetetrafik.com\/en\/wp-json\/wp\/v2\/categories?post=902"},{"taxonomy":"post_tag","embeddable":true,"href":"https:\/\/gazetetrafik.com\/en\/wp-json\/wp\/v2\/tags?post=902"}],"curies":[{"name":"wp","href":"https:\/\/api.w.org\/{rel}","templated":true}]}}