{"id":908,"date":"2023-05-21T19:47:25","date_gmt":"2023-05-21T16:47:25","guid":{"rendered":"https:\/\/gazetetrafik.com\/?p=908"},"modified":"2023-05-21T19:54:39","modified_gmt":"2023-05-21T16:54:39","slug":"hiz-yonetimi","status":"publish","type":"post","link":"https:\/\/gazetetrafik.com\/en\/2023\/05\/21\/hiz-yonetimi\/","title":{"rendered":"H\u0131z y\u00f6netimi"},"content":{"rendered":"<p>GRSF H\u0131z Y\u00f6netimi Merkezi , altyap\u0131 m\u00fcdahaleleri, etkili uygulama, hedeflenen fark\u0131ndal\u0131k \u00f6nlemleri ve ara\u00e7 teknolojisi yoluyla h\u0131z\u0131n y\u00f6netilmesine yard\u0131mc\u0131 olmak i\u00e7in kan\u0131ta dayal\u0131 yol g\u00fcvenli\u011fi bilgisi sa\u011flar.<\/p>\n\n\n\n<p>Global Road Safety Facility (GRSF), D\u00fcnya Bankas\u0131 taraf\u0131ndan bar\u0131nd\u0131r\u0131lan k\u00fcresel bir \u00e7oklu ba\u011f\u0131\u015f fonudur. Misyonu, h\u00fck\u00fcmetlerin karayolu g\u00fcvenli\u011fi y\u00f6netimi kapasitesini geli\u015ftirmelerine ve d\u00fc\u015f\u00fck ve orta gelirli \u00fclkelerde karayolu g\u00fcvenli\u011fi sunumunu art\u0131rmalar\u0131na yard\u0131mc\u0131 olmakt\u0131r. GRSF, karayolu g\u00fcvenli\u011fi i\u00e7in bilimsel, teknolojik, y\u00f6netsel ve da\u011f\u0131t\u0131m kapasitelerini geli\u015ftirme \u00e7abalar\u0131n\u0131 art\u0131rmak i\u00e7in tasarlanm\u0131\u015f fon, bilgi ve teknik yard\u0131m sa\u011flar.<\/p>\n\n\n\n<h2 class=\"wp-block-heading\">H\u0131z y\u00f6netimi nedir?<\/h2>\n\n\n\n<p>H\u0131z y\u00f6netimi, genellikle motorlu ara\u00e7lar olmak \u00fczere yol kullan\u0131c\u0131lar\u0131n\u0131n h\u0131z\u0131n\u0131 azaltmak\/de\u011fi\u015ftirmek i\u00e7in \u00e7e\u015fitli teknikleri i\u00e7erir. Ama\u00e7, h\u0131zlar\u0131n t\u00fcm yol kullan\u0131c\u0131lar\u0131 i\u00e7in yaralanma ve \u00f6l\u00fcmlerden ka\u00e7\u0131nmak i\u00e7in g\u00fcvenli olmas\u0131n\u0131 sa\u011flamak, ayr\u0131ca trafik ak\u0131\u015f\u0131n\u0131 iyile\u015ftirmek, g\u00fcr\u00fclt\u00fcy\u00fc ve hava kirlili\u011fini azaltmak ve karayolu ta\u015f\u0131mac\u0131l\u0131\u011f\u0131n\u0131n iklim de\u011fi\u015fikli\u011fi etkilerini&nbsp; azaltmakt\u0131r&nbsp; .<\/p>\n\n\n\n<h2 class=\"wp-block-heading\">G\u00fcvenli Sistem yakla\u015f\u0131m\u0131 nedir ve h\u0131z y\u00f6netimi neden bunun \u00f6nemli bir par\u00e7as\u0131d\u0131r?<\/h2>\n\n\n\n<p>G\u00fcvenli Sistem yakla\u015f\u0131m\u0131, karayolu ula\u015f\u0131m sisteminde insan merkezli bir yakla\u015f\u0131md\u0131r ve yollar\u0131m\u0131zdaki \u00f6l\u00fcmlerin ve ciddi yaralanmalar\u0131n kabul edilemez ve \u00f6nlenebilir oldu\u011funu ve bunun yol a\u011flar\u0131m\u0131z\u0131n tasar\u0131m\u0131n\u0131, kullan\u0131m\u0131n\u0131 ve i\u015fletilmesini belirlemesi gerekti\u011fini vurgular. Yakla\u015f\u0131m, kilit k\u00fcresel kurulu\u015flar (D\u00fcnya Bankas\u0131, DS\u00d6, Birle\u015fmi\u015f Milletler, PIARC vbl) ve en iyi karayolu g\u00fcvenli\u011fi sonu\u00e7lar\u0131na sahip \u00fclkeler taraf\u0131ndan benimsenmi\u015ftir.<\/p>\n\n\n\n<h2 class=\"wp-block-heading\">H\u0131z yapmak nedir?<\/h2>\n\n\n\n<p>H\u0131z yapma, a\u015f\u0131r\u0131 h\u0131z olarak da adland\u0131r\u0131lan (tehlikeli ve yasa d\u0131\u015f\u0131 olan) h\u0131z s\u0131n\u0131r\u0131n\u0131n \u00fczerinde ve ayr\u0131ca yol ko\u015fullar\u0131na uygun olmayan h\u0131zlarda (\u00f6rne\u011fin \u015fiddetli ya\u011fmur veya sis s\u0131ras\u0131nda \u00e7ok h\u0131zl\u0131 ara\u00e7 kullanmak) seyahat eden yol kullan\u0131c\u0131lar\u0131n\u0131 ifade eder. Bunlar\u0131n her ikisinin de karayolu g\u00fcvenli\u011fi sonu\u00e7lar\u0131 \u00fczerinde olumsuz etkileri vard\u0131r ve bunlar\u0131n ele al\u0131nmas\u0131 gerekmektedir.<\/p>\n\n\n\n<h2 class=\"wp-block-heading\">&#8220;G\u00fcvenli ve uygun&#8221; h\u0131z nedir?<\/h2>\n\n\n\n<p>G\u00fcvenli ve uygun olmas\u0131 i\u00e7in, h\u0131zlar\u0131n trafik kar\u0131\u015f\u0131m\u0131n\u0131n bir par\u00e7as\u0131 olmas\u0131 muhtemel yol kullan\u0131c\u0131lar\u0131n\u0131n t\u00fcr\u00fcn\u00fc , ara\u00e7lar ve yol tasar\u0131m\u0131 taraf\u0131ndan sa\u011flanan korumay\u0131 yans\u0131tmas\u0131 ve hava durumu da dahil olmak \u00fczere ko\u015fullara uyarlanmas\u0131 gerekir .<\/p>\n\n\n\n<h2 class=\"wp-block-heading\">S\u00fcr\u00fcc\u00fcler neden h\u0131zlan\u0131r?<\/h2>\n\n\n\n<p>S\u00fcr\u00fcc\u00fclerin h\u0131z yapmas\u0131n\u0131n ve h\u0131z yapma davran\u0131\u015flar\u0131n\u0131 nas\u0131l rasyonelle\u015ftirdiklerinin birka\u00e7 nedeni (bahaneleri) vard\u0131r. Bu potansiyel olarak h\u0131zlanma davran\u0131\u015f\u0131 de\u011fi\u015fikli\u011fini zorlu, karma\u015f\u0131k bir giri\u015fim haline getirir. Sa\u011flam Ara\u015ft\u0131rmaya g\u00f6re&nbsp; , \u00e7e\u015fitli fakt\u00f6rler h\u0131zlanmaya katk\u0131da bulunur. Bu fakt\u00f6rlerden baz\u0131lar\u0131 a\u015fa\u011f\u0131daki tabloda \u00f6zetlenmi\u015ftir:<\/p>\n\n\n\n<h2 class=\"wp-block-heading\">H\u0131z nedeniyle trafik kazalar\u0131nda ka\u00e7 ki\u015fi \u00f6l\u00fcyor?<\/h2>\n\n\n\n<p>Her y\u0131l yakla\u015f\u0131k 650.000 ki\u015finin h\u0131z nedeniyle trafik kazalar\u0131nda \u00f6ld\u00fc\u011f\u00fc tahmin edilmektedir&nbsp; ancak bu b\u00fcy\u00fck ihtimalle eksik bir tahmindir. \u00c7e\u015fitli ara\u015ft\u0131rmalar, yoldaki \u00f6l\u00fcmlerin yakla\u015f\u0131k %30 ila %50&#8217;sinden h\u0131z\u0131n sorumlu oldu\u011funu g\u00f6stermektedir.<\/p>\n\n\n\n<h2 class=\"wp-block-heading\">H\u0131z, karayolu kazalar\u0131n\u0131 ve yaralanmalar\u0131 nas\u0131l etkiler?<\/h2>\n\n\n\n<p>H\u0131z ne kadar y\u00fcksek olursa, kar\u0131\u015f\u0131kl\u0131k o kadar b\u00fcy\u00fck ve muhtemeldir. Bir arac\u0131n \u00e7al\u0131\u015fma h\u0131z\u0131, yaln\u0131zca \u00e7arp\u0131\u015fma olu\u015fumunu de\u011fil, ayn\u0131 zamanda s\u00fcr\u00fcc\u00fcn\u00fcn g\u00f6r\u00fc\u015f alan\u0131 ve durma mesafesi (durma ihtiyac\u0131n\u0131 g\u00f6rme ve karar verme s\u00fcresini kapsar &#8211; yarg\u0131lama s\u00fcresi, hareket frene basma ve basma &#8211; reaksiyon s\u00fcresi ve arac\u0131 fiilen durdurma &#8211; frenleme s\u00fcresi) ve ayr\u0131ca \u00e7arp\u0131\u015fma kinetik enerjisi ve ara\u00e7 kontrol\u00fcn\u00fc kaybetme .<\/p>\n\n\n\n<h2 class=\"wp-block-heading\">H\u0131z ile di\u011fer toplumsal sonu\u00e7lar (\u00f6rn. iklim, g\u00fcr\u00fclt\u00fc, hava kirlili\u011fi, sa\u011fl\u0131k) aras\u0131ndaki ba\u011flant\u0131 nedir?<\/h2>\n\n\n\n<p>H\u0131z, yaln\u0131zca yol g\u00fcvenli\u011fini de\u011fil, ayn\u0131 zamanda a\u015fa\u011f\u0131dakiler gibi \u00e7e\u015fitli \u00e7evre ve sa\u011fl\u0131k sonu\u00e7lar\u0131n\u0131 da etkiler:<\/p>\n\n\n\n<h2 class=\"wp-block-heading\">H\u0131z ve g\u00fcvenlik sonu\u00e7lar\u0131 aras\u0131ndaki ba\u011flant\u0131 nedir?<\/h2>\n\n\n\n<p>Karayolu g\u00fcvenli\u011fi sonu\u00e7lar\u0131 genellikle kaza say\u0131s\u0131 ve bunlar\u0131n \u00f6nem seviyeleri, \u00f6rne\u011fin toplam kaza say\u0131s\u0131; \u00f6l\u00fcm ve ciddi yaralanma say\u0131s\u0131. H\u0131z, t\u00fcm bu karayolu g\u00fcvenli\u011fi sonu\u00e7lar\u0131nda merkezi bir rol oynar.<\/p>\n\n\n\n<h2 class=\"wp-block-heading\">G\u00fcvenli olmayan h\u0131z ve a\u015f\u0131r\u0131 h\u0131zdan en \u00e7ok hangi yol kullan\u0131c\u0131 gruplar\u0131 etkilenir?<\/h2>\n\n\n\n<p>G\u00fcvenli olmayan h\u0131zlar ve a\u015f\u0131r\u0131 h\u0131z , ara\u00e7ta bulunanlardan \u00e7ok yayalar, bisikletliler ve motosikletliler (uygun bir \u015fekilde Savunmas\u0131z Yol Kullan\u0131c\u0131lar\u0131, VRU olarak adland\u0131r\u0131l\u0131r) i\u00e7in daha zararl\u0131d\u0131r&nbsp; . G\u00fcvenli olmayan h\u0131zlar, G\u00fcvenli Sistem yakla\u015f\u0131m\u0131yla uyumlu olarak ayarlanmayan h\u0131z s\u0131n\u0131rlar\u0131d\u0131r.<\/p>\n\n\n\n<h2 class=\"wp-block-heading\">H\u0131z y\u00f6netiminde ilk ad\u0131m nedir?<\/h2>\n\n\n\n<p>H\u0131z, ezici bir \u015fekilde, karayolu kazalar\u0131nda \u00f6l\u00fcmlere ve ciddi yaralanmalara en \u00e7ok katk\u0131da bulunan fakt\u00f6rd\u00fcr. H\u0131z sadece s\u00fcr\u00fcc\u00fcy\u00fc etkilemekle kalmaz, ayn\u0131 zamanda ara\u00e7ta bulunanlar, yayalar, bisiklet\u00e7iler, motosiklet\u00e7iler veya di\u011fer yol kullan\u0131c\u0131lar\u0131 \u00fczerinde de etkisi olabilir. Bu nedenle, karayolu \u00f6l\u00fcmlerini ve yaralanmalar\u0131n\u0131 azaltmak ve \u00f6nlemek i\u00e7in sa\u011flam bir h\u0131z y\u00f6netimi yakla\u015f\u0131m\u0131 esast\u0131r.<\/p>\n\n\n\n<h2 class=\"wp-block-heading\">H\u0131z y\u00f6netimi ile h\u0131z denetimi aras\u0131ndaki fark nedir ve bunlar nas\u0131l entegre edilir?<\/h2>\n\n\n\n<p>H\u0131z y\u00f6netimi, genellikle motorlu ara\u00e7lar olmak \u00fczere yol kullan\u0131c\u0131lar\u0131n\u0131n h\u0131z\u0131n\u0131 azaltmak\/de\u011fi\u015ftirmek i\u00e7in \u00e7e\u015fitli teknikleri i\u00e7erir. Ama\u00e7, yaralanmalar\u0131 ve \u00f6l\u00fcmleri \u00f6nlemek i\u00e7in h\u0131zlar\u0131n t\u00fcm yol kullan\u0131c\u0131lar\u0131 i\u00e7in g\u00fcvenli olmas\u0131n\u0131 sa\u011flamakt\u0131r. Di\u011fer faydalar aras\u0131nda geli\u015fmi\u015f trafik ak\u0131\u015f\u0131, azalt\u0131lm\u0131\u015f g\u00fcr\u00fclt\u00fc ve hava kirlili\u011fi ve karayolu ta\u015f\u0131mac\u0131l\u0131\u011f\u0131n\u0131n azalt\u0131lm\u0131\u015f iklim de\u011fi\u015fikli\u011fi etkileri say\u0131labilir.<\/p>\n\n\n\n<h2 class=\"wp-block-heading\"> H\u0131z y\u00f6netimi stratejisi ve h\u0131z y\u00f6netimi plan\u0131 nedir?<\/h2>\n\n\n\n<p>H\u0131z y\u00f6netimi stratejisi (h\u0131z y\u00f6netimi program\u0131 olarak da adland\u0131r\u0131l\u0131r), bir \u00fclkedeki t\u00fcm karayolu a\u011f\u0131 i\u00e7in g\u00fcvenli h\u0131zlar\u0131n uygulanmas\u0131na y\u00f6nelik verimli bir \u00e7er\u00e7eveyi tan\u0131mlayan uzun vadeli bir belgedir. G\u00fcvenli Sistem yakla\u015f\u0131m\u0131na dayal\u0131d\u0131r ve h\u0131z y\u00f6netiminin ama\u00e7 ve hedeflerinin yan\u0131 s\u0131ra odak alanlar\u0131n\u0131 da kapsar. Bir h\u0131z y\u00f6netimi stratejisi genellikle ulusal d\u00fczeyde, \u00fcst d\u00fczey siyasi d\u00fczeyde \u00fczerinde anla\u015fmaya var\u0131lan ve sorumlu Bakanl\u0131k\/Bakanl\u0131k taraf\u0131ndan yay\u0131nlanan ulusal karayolu g\u00fcvenlik program\u0131 do\u011frultusunda belirlenir.<\/p>\n\n\n\n<h2 class=\"wp-block-heading\">H\u0131z y\u00f6netimi stratejisi ve h\u0131z y\u00f6netimi plan\u0131 nedir?<\/h2>\n\n\n\n<p>H\u0131z y\u00f6netimi stratejisi (h\u0131z y\u00f6netimi program\u0131 olarak da adland\u0131r\u0131l\u0131r), bir \u00fclkedeki t\u00fcm karayolu a\u011f\u0131 i\u00e7in g\u00fcvenli h\u0131zlar\u0131n uygulanmas\u0131na y\u00f6nelik verimli bir \u00e7er\u00e7eveyi tan\u0131mlayan uzun vadeli bir belgedir. G\u00fcvenli Sistem yakla\u015f\u0131m\u0131na dayal\u0131d\u0131r ve h\u0131z y\u00f6netiminin ama\u00e7 ve hedeflerinin yan\u0131 s\u0131ra odak alanlar\u0131n\u0131 da kapsar. Bir h\u0131z y\u00f6netimi stratejisi genellikle ulusal d\u00fczeyde, \u00fcst d\u00fczey siyasi d\u00fczeyde \u00fczerinde anla\u015fmaya var\u0131lan ve sorumlu Bakanl\u0131k\/Bakanl\u0131k taraf\u0131ndan yay\u0131nlanan ulusal karayolu g\u00fcvenlik program\u0131 do\u011frultusunda belirlenir.<\/p>\n\n\n\n<h2 class=\"wp-block-heading\">H\u0131z y\u00f6netimi stratejisini ba\u015far\u0131l\u0131 k\u0131lan nedir?<\/h2>\n\n\n\n<p>Bir h\u0131z y\u00f6netimi stratejisi, uygun olmayan h\u0131zlar\u0131 ele almak ve bir yol a\u011f\u0131ndaki belirli yol ko\u015fullar\u0131n\u0131 g\u00f6z \u00f6n\u00fcnde bulundurarak t\u00fcm yol kullan\u0131c\u0131lar\u0131 i\u00e7in g\u00fcvenlik ve hareketlili\u011fin nas\u0131l olu\u015fturulaca\u011f\u0131na dair bir \u00e7er\u00e7eve sa\u011flamak i\u00e7in G\u00fcvenli Sistem ilkelerine dayanan koordineli bir yakla\u015f\u0131md\u0131r <\/p>\n\n\n\n<h2 class=\"wp-block-heading\">H\u0131z y\u00f6netimi ne kadar uygun maliyetlidir?<\/h2>\n\n\n\n<p>H\u0131z y\u00f6netimi, nispeten d\u00fc\u015f\u00fck yat\u0131r\u0131mlarla yaln\u0131zca \u00e7ok say\u0131da hayat\u0131 kurtarmakla kalmaz, ayn\u0131 zamanda iklim de\u011fi\u015fikli\u011fini, sa\u011fl\u0131\u011f\u0131, kapsay\u0131c\u0131l\u0131\u011f\u0131, ekonomiyi ve trafi\u011fi iyile\u015ftirme f\u0131rsat\u0131 da sunar.<\/p>\n\n\n\n<h2 class=\"wp-block-heading\">Motosiklet\u00e7i yol travmas\u0131n\u0131n \u00f6l\u00e7e\u011fi nedir ve bunun h\u0131zla nas\u0131l bir ba\u011flant\u0131s\u0131 vard\u0131r?<\/h2>\n\n\n\n<p>Motorlu iki tekerlekli ara\u00e7lar (PTW&#8217;ler), bir\u00e7ok d\u00fc\u015f\u00fck ve orta gelirli \u00fclkede (baz\u0131lar\u0131nda +%70) ulusal ara\u00e7 filosunun \u00f6nemli bir b\u00f6l\u00fcm\u00fcn\u00fc olu\u015fturur ve k\u00fcresel olarak, PTW ile ilgili \u00f6l\u00fcmlerin \u00e7o\u011fu (%90) d\u00fc\u015f\u00fck &#8211; ve orta gelirli \u00fclkeler. DS\u00d6&#8217;n\u00fcn karayolu g\u00fcvenli\u011fi 2018 K\u00fcresel Durum Raporu&#8217;na g\u00f6re, G\u00fcneydo\u011fu Asya&#8217;da t\u00fcm karayolu \u00f6l\u00fcmlerinin %43&#8217;\u00fc iki ve \u00fc\u00e7 tekerlekli motorlu ara\u00e7 s\u00fcr\u00fcc\u00fcleri aras\u0131nda ger\u00e7ekle\u015firken, Bat\u0131 Pasifik b\u00f6lgesinde bu rakam %36&#8217;d\u0131r. Di\u011fer b\u00f6lgelerde, rakam t\u00fcm \u00f6l\u00fcmlerin %9 ila %23&#8217;\u00fc aras\u0131ndad\u0131r. DS\u00d6 raporunu burada bulabilirsiniz .<\/p>\n\n\n\n<h2 class=\"wp-block-heading\">Motosiklet\u00e7iler araba s\u00fcr\u00fcc\u00fclerinden daha m\u0131 h\u0131zl\u0131d\u0131r?<\/h2>\n\n\n\n<p>Motosiklet\u00e7ilerin di\u011fer motorlu ta\u015f\u0131t t\u00fcrlerinden daha h\u0131zl\u0131 seyahat ettikleri s\u0131kl\u0131kla belirtilir ve bunu destekleyen iyi kan\u0131tlar vard\u0131r. \u00d6rne\u011fin, 2014 y\u0131l\u0131nda, Bel\u00e7ika Yol G\u00fcvenli\u011fi Enstit\u00fcs\u00fc (BRSI) Bel\u00e7ika&#8217;n\u0131n d\u00f6rt bir yan\u0131ndan 300&#8217;den fazla yerde motosiklet\u00e7i h\u0131z\u0131 \u00f6l\u00e7\u00fcm\u00fc ger\u00e7ekle\u015ftirerek:<\/p>\n\n\n\n<ul class=\"wp-block-list\">\n<li>&nbsp;a) Bel\u00e7ika&#8217;da motosiklet\u00e7iler taraf\u0131ndan s\u00fcr\u00fclen h\u0131z\u0131n temsili ve nesnel bir \u00f6l\u00e7\u00fcs\u00fcn\u00fc elde etmek ve<\/li>\n\n\n\n<li>b) H\u0131zlar\u0131n\u0131 araba s\u00fcr\u00fcc\u00fclerininkiyle ve ger\u00e7ek h\u0131z limitleriyle kar\u015f\u0131la\u015ft\u0131rd\u0131.<a href=\"https:\/\/www.roadsafetyfacility.org\/\">https:\/\/www.roadsafetyfacility.org\/<\/a><\/li>\n<\/ul>","protected":false},"excerpt":{"rendered":"<p>GRSF H\u0131z Y\u00f6netimi Merkezi , altyap\u0131 m\u00fcdahaleleri, etkili uygulama, hedeflenen fark\u0131ndal\u0131k \u00f6nlemleri ve ara\u00e7 teknolojisi&#8230;<\/p>","protected":false},"author":1,"featured_media":911,"comment_status":"open","ping_status":"open","sticky":false,"template":"","format":"standard","meta":{"footnotes":""},"categories":[1,3],"tags":[269,271,148,270],"class_list":["post-908","post","type-post","status-publish","format-standard","has-post-thumbnail","hentry","category-genel","category-trafik-guvenligi","tag-grsf","tag-guvenli-sistem","tag-hiz","tag-hiz-yonetimi"],"yoast_head":"<!-- This site is optimized with the Yoast SEO plugin v27.5 - https:\/\/yoast.com\/product\/yoast-seo-wordpress\/ -->\n<title>H\u0131z y\u00f6netimi - Trafik g\u00fcvenli\u011fi H\u0131z y\u00f6netimi<\/title>\n<meta name=\"description\" content=\"H\u0131z y\u00f6netimi Trafik g\u00fcvenli\u011fi H\u0131z y\u00f6netimi Trafik g\u00fcvenli\u011fi H\u0131z y\u00f6netimi Trafik g\u00fcvenli\u011fi H\u0131z y\u00f6netimi\" \/>\n<meta name=\"robots\" content=\"index, follow, max-snippet:-1, max-image-preview:large, max-video-preview:-1\" \/>\n<link rel=\"canonical\" href=\"https:\/\/gazetetrafik.com\/en\/2023\/05\/21\/hiz-yonetimi\/\" \/>\n<meta property=\"og:locale\" content=\"en_US\" \/>\n<meta property=\"og:type\" content=\"article\" \/>\n<meta property=\"og:title\" content=\"H\u0131z y\u00f6netimi - Trafik g\u00fcvenli\u011fi H\u0131z y\u00f6netimi\" \/>\n<meta property=\"og:description\" content=\"H\u0131z y\u00f6netimi Trafik g\u00fcvenli\u011fi H\u0131z y\u00f6netimi Trafik g\u00fcvenli\u011fi H\u0131z y\u00f6netimi Trafik g\u00fcvenli\u011fi H\u0131z y\u00f6netimi\" \/>\n<meta property=\"og:url\" content=\"https:\/\/gazetetrafik.com\/en\/2023\/05\/21\/hiz-yonetimi\/\" \/>\n<meta property=\"article:published_time\" content=\"2023-05-21T16:47:25+00:00\" \/>\n<meta property=\"article:modified_time\" content=\"2023-05-21T16:54:39+00:00\" \/>\n<meta property=\"og:image\" content=\"https:\/\/gazetetrafik.com\/wp-content\/uploads\/2023\/05\/hizyonetimi-gazetetrafik.jpg\" \/>\n\t<meta property=\"og:image:width\" content=\"544\" \/>\n\t<meta property=\"og:image:height\" content=\"480\" \/>\n\t<meta property=\"og:image:type\" content=\"image\/jpeg\" \/>\n<meta name=\"author\" content=\"Gazete Trafik\" \/>\n<meta name=\"twitter:card\" content=\"summary_large_image\" \/>\n<meta name=\"twitter:creator\" content=\"@TrafikGazete\" \/>\n<meta name=\"twitter:site\" content=\"@TrafikGazete\" \/>\n<meta name=\"twitter:label1\" content=\"Written by\" \/>\n\t<meta name=\"twitter:data1\" content=\"Gazete Trafik\" \/>\n\t<meta name=\"twitter:label2\" content=\"Est. reading time\" \/>\n\t<meta name=\"twitter:data2\" content=\"7 minutes\" \/>\n<script type=\"application\/ld+json\" class=\"yoast-schema-graph\">{\"@context\":\"https:\\\/\\\/schema.org\",\"@graph\":[{\"@type\":\"Article\",\"@id\":\"https:\\\/\\\/gazetetrafik.com\\\/2023\\\/05\\\/21\\\/hiz-yonetimi\\\/#article\",\"isPartOf\":{\"@id\":\"https:\\\/\\\/gazetetrafik.com\\\/2023\\\/05\\\/21\\\/hiz-yonetimi\\\/\"},\"author\":{\"name\":\"Gazete Trafik\",\"@id\":\"https:\\\/\\\/gazetetrafik.com\\\/#\\\/schema\\\/person\\\/2f75f4347719ee1b2a8ace54218ecab5\"},\"headline\":\"H\u0131z y\u00f6netimi\",\"datePublished\":\"2023-05-21T16:47:25+00:00\",\"dateModified\":\"2023-05-21T16:54:39+00:00\",\"mainEntityOfPage\":{\"@id\":\"https:\\\/\\\/gazetetrafik.com\\\/2023\\\/05\\\/21\\\/hiz-yonetimi\\\/\"},\"wordCount\":1699,\"commentCount\":0,\"publisher\":{\"@id\":\"https:\\\/\\\/gazetetrafik.com\\\/#organization\"},\"image\":{\"@id\":\"https:\\\/\\\/gazetetrafik.com\\\/2023\\\/05\\\/21\\\/hiz-yonetimi\\\/#primaryimage\"},\"thumbnailUrl\":\"https:\\\/\\\/gazetetrafik.com\\\/wp-content\\\/uploads\\\/2023\\\/05\\\/hizyonetimi-gazetetrafik.jpg\",\"keywords\":[\"GRSF\",\"G\u00fcvenli sistem\",\"H\u0131z\",\"H\u0131z y\u00f6netimi\"],\"articleSection\":[\"Genel\",\"Trafik g\u00fcvenli\u011fi\"],\"inLanguage\":\"en-US\",\"potentialAction\":[{\"@type\":\"CommentAction\",\"name\":\"Comment\",\"target\":[\"https:\\\/\\\/gazetetrafik.com\\\/2023\\\/05\\\/21\\\/hiz-yonetimi\\\/#respond\"]}]},{\"@type\":\"WebPage\",\"@id\":\"https:\\\/\\\/gazetetrafik.com\\\/2023\\\/05\\\/21\\\/hiz-yonetimi\\\/\",\"url\":\"https:\\\/\\\/gazetetrafik.com\\\/2023\\\/05\\\/21\\\/hiz-yonetimi\\\/\",\"name\":\"H\u0131z y\u00f6netimi - Trafik g\u00fcvenli\u011fi H\u0131z y\u00f6netimi\",\"isPartOf\":{\"@id\":\"https:\\\/\\\/gazetetrafik.com\\\/#website\"},\"primaryImageOfPage\":{\"@id\":\"https:\\\/\\\/gazetetrafik.com\\\/2023\\\/05\\\/21\\\/hiz-yonetimi\\\/#primaryimage\"},\"image\":{\"@id\":\"https:\\\/\\\/gazetetrafik.com\\\/2023\\\/05\\\/21\\\/hiz-yonetimi\\\/#primaryimage\"},\"thumbnailUrl\":\"https:\\\/\\\/gazetetrafik.com\\\/wp-content\\\/uploads\\\/2023\\\/05\\\/hizyonetimi-gazetetrafik.jpg\",\"datePublished\":\"2023-05-21T16:47:25+00:00\",\"dateModified\":\"2023-05-21T16:54:39+00:00\",\"description\":\"H\u0131z y\u00f6netimi Trafik g\u00fcvenli\u011fi H\u0131z y\u00f6netimi Trafik g\u00fcvenli\u011fi H\u0131z y\u00f6netimi Trafik g\u00fcvenli\u011fi H\u0131z y\u00f6netimi\",\"breadcrumb\":{\"@id\":\"https:\\\/\\\/gazetetrafik.com\\\/2023\\\/05\\\/21\\\/hiz-yonetimi\\\/#breadcrumb\"},\"inLanguage\":\"en-US\",\"potentialAction\":[{\"@type\":\"ReadAction\",\"target\":[\"https:\\\/\\\/gazetetrafik.com\\\/2023\\\/05\\\/21\\\/hiz-yonetimi\\\/\"]}]},{\"@type\":\"ImageObject\",\"inLanguage\":\"en-US\",\"@id\":\"https:\\\/\\\/gazetetrafik.com\\\/2023\\\/05\\\/21\\\/hiz-yonetimi\\\/#primaryimage\",\"url\":\"https:\\\/\\\/gazetetrafik.com\\\/wp-content\\\/uploads\\\/2023\\\/05\\\/hizyonetimi-gazetetrafik.jpg\",\"contentUrl\":\"https:\\\/\\\/gazetetrafik.com\\\/wp-content\\\/uploads\\\/2023\\\/05\\\/hizyonetimi-gazetetrafik.jpg\",\"width\":544,\"height\":480},{\"@type\":\"BreadcrumbList\",\"@id\":\"https:\\\/\\\/gazetetrafik.com\\\/2023\\\/05\\\/21\\\/hiz-yonetimi\\\/#breadcrumb\",\"itemListElement\":[{\"@type\":\"ListItem\",\"position\":1,\"name\":\"Anasayfa\",\"item\":\"https:\\\/\\\/gazetetrafik.com\\\/\"},{\"@type\":\"ListItem\",\"position\":2,\"name\":\"H\u0131z y\u00f6netimi\"}]},{\"@type\":\"WebSite\",\"@id\":\"https:\\\/\\\/gazetetrafik.com\\\/#website\",\"url\":\"https:\\\/\\\/gazetetrafik.com\\\/\",\"name\":\"\",\"description\":\"\u0130NSANA VE YA\u015eAM HAKKINA SAYGILI TRAF\u0130K HABER GAZETES\u0130\",\"publisher\":{\"@id\":\"https:\\\/\\\/gazetetrafik.com\\\/#organization\"},\"potentialAction\":[{\"@type\":\"SearchAction\",\"target\":{\"@type\":\"EntryPoint\",\"urlTemplate\":\"https:\\\/\\\/gazetetrafik.com\\\/?s={search_term_string}\"},\"query-input\":{\"@type\":\"PropertyValueSpecification\",\"valueRequired\":true,\"valueName\":\"search_term_string\"}}],\"inLanguage\":\"en-US\"},{\"@type\":\"Organization\",\"@id\":\"https:\\\/\\\/gazetetrafik.com\\\/#organization\",\"name\":\"Gazete Trafik\",\"url\":\"https:\\\/\\\/gazetetrafik.com\\\/\",\"logo\":{\"@type\":\"ImageObject\",\"inLanguage\":\"en-US\",\"@id\":\"https:\\\/\\\/gazetetrafik.com\\\/#\\\/schema\\\/logo\\\/image\\\/\",\"url\":\"https:\\\/\\\/gazetetrafik.com\\\/wp-content\\\/uploads\\\/2022\\\/03\\\/cropped-logo.jpg\",\"contentUrl\":\"https:\\\/\\\/gazetetrafik.com\\\/wp-content\\\/uploads\\\/2022\\\/03\\\/cropped-logo.jpg\",\"width\":800,\"height\":220,\"caption\":\"Gazete Trafik\"},\"image\":{\"@id\":\"https:\\\/\\\/gazetetrafik.com\\\/#\\\/schema\\\/logo\\\/image\\\/\"},\"sameAs\":[\"https:\\\/\\\/x.com\\\/TrafikGazete\",\"https:\\\/\\\/www.instagram.com\\\/gazetetrafik\\\/\"]},{\"@type\":\"Person\",\"@id\":\"https:\\\/\\\/gazetetrafik.com\\\/#\\\/schema\\\/person\\\/2f75f4347719ee1b2a8ace54218ecab5\",\"name\":\"Gazete Trafik\",\"image\":{\"@type\":\"ImageObject\",\"inLanguage\":\"en-US\",\"@id\":\"https:\\\/\\\/secure.gravatar.com\\\/avatar\\\/bff6a4bfd3845f68dabbeea43bcbf9f2651b5ab9a1aad1d9381a89e564d3d208?s=96&d=mm&r=g\",\"url\":\"https:\\\/\\\/secure.gravatar.com\\\/avatar\\\/bff6a4bfd3845f68dabbeea43bcbf9f2651b5ab9a1aad1d9381a89e564d3d208?s=96&d=mm&r=g\",\"contentUrl\":\"https:\\\/\\\/secure.gravatar.com\\\/avatar\\\/bff6a4bfd3845f68dabbeea43bcbf9f2651b5ab9a1aad1d9381a89e564d3d208?s=96&d=mm&r=g\",\"caption\":\"Gazete Trafik\"},\"sameAs\":[\"https:\\\/\\\/gazetetrafik.com\"],\"url\":\"https:\\\/\\\/gazetetrafik.com\\\/en\\\/author\\\/gazete-trafik\\\/\"}]}<\/script>\n<!-- \/ Yoast SEO plugin. -->","yoast_head_json":{"title":"H\u0131z y\u00f6netimi - Trafik g\u00fcvenli\u011fi H\u0131z y\u00f6netimi","description":"H\u0131z y\u00f6netimi Trafik g\u00fcvenli\u011fi H\u0131z y\u00f6netimi Trafik g\u00fcvenli\u011fi H\u0131z y\u00f6netimi Trafik g\u00fcvenli\u011fi H\u0131z y\u00f6netimi","robots":{"index":"index","follow":"follow","max-snippet":"max-snippet:-1","max-image-preview":"max-image-preview:large","max-video-preview":"max-video-preview:-1"},"canonical":"https:\/\/gazetetrafik.com\/en\/2023\/05\/21\/hiz-yonetimi\/","og_locale":"en_US","og_type":"article","og_title":"H\u0131z y\u00f6netimi - Trafik g\u00fcvenli\u011fi H\u0131z y\u00f6netimi","og_description":"H\u0131z y\u00f6netimi Trafik g\u00fcvenli\u011fi H\u0131z y\u00f6netimi Trafik g\u00fcvenli\u011fi H\u0131z y\u00f6netimi Trafik g\u00fcvenli\u011fi H\u0131z y\u00f6netimi","og_url":"https:\/\/gazetetrafik.com\/en\/2023\/05\/21\/hiz-yonetimi\/","article_published_time":"2023-05-21T16:47:25+00:00","article_modified_time":"2023-05-21T16:54:39+00:00","og_image":[{"width":544,"height":480,"url":"https:\/\/gazetetrafik.com\/wp-content\/uploads\/2023\/05\/hizyonetimi-gazetetrafik.jpg","type":"image\/jpeg"}],"author":"Gazete Trafik","twitter_card":"summary_large_image","twitter_creator":"@TrafikGazete","twitter_site":"@TrafikGazete","twitter_misc":{"Written by":"Gazete Trafik","Est. reading time":"7 minutes"},"schema":{"@context":"https:\/\/schema.org","@graph":[{"@type":"Article","@id":"https:\/\/gazetetrafik.com\/2023\/05\/21\/hiz-yonetimi\/#article","isPartOf":{"@id":"https:\/\/gazetetrafik.com\/2023\/05\/21\/hiz-yonetimi\/"},"author":{"name":"Gazete Trafik","@id":"https:\/\/gazetetrafik.com\/#\/schema\/person\/2f75f4347719ee1b2a8ace54218ecab5"},"headline":"H\u0131z y\u00f6netimi","datePublished":"2023-05-21T16:47:25+00:00","dateModified":"2023-05-21T16:54:39+00:00","mainEntityOfPage":{"@id":"https:\/\/gazetetrafik.com\/2023\/05\/21\/hiz-yonetimi\/"},"wordCount":1699,"commentCount":0,"publisher":{"@id":"https:\/\/gazetetrafik.com\/#organization"},"image":{"@id":"https:\/\/gazetetrafik.com\/2023\/05\/21\/hiz-yonetimi\/#primaryimage"},"thumbnailUrl":"https:\/\/gazetetrafik.com\/wp-content\/uploads\/2023\/05\/hizyonetimi-gazetetrafik.jpg","keywords":["GRSF","G\u00fcvenli sistem","H\u0131z","H\u0131z y\u00f6netimi"],"articleSection":["Genel","Trafik g\u00fcvenli\u011fi"],"inLanguage":"en-US","potentialAction":[{"@type":"CommentAction","name":"Comment","target":["https:\/\/gazetetrafik.com\/2023\/05\/21\/hiz-yonetimi\/#respond"]}]},{"@type":"WebPage","@id":"https:\/\/gazetetrafik.com\/2023\/05\/21\/hiz-yonetimi\/","url":"https:\/\/gazetetrafik.com\/2023\/05\/21\/hiz-yonetimi\/","name":"H\u0131z y\u00f6netimi - Trafik g\u00fcvenli\u011fi H\u0131z y\u00f6netimi","isPartOf":{"@id":"https:\/\/gazetetrafik.com\/#website"},"primaryImageOfPage":{"@id":"https:\/\/gazetetrafik.com\/2023\/05\/21\/hiz-yonetimi\/#primaryimage"},"image":{"@id":"https:\/\/gazetetrafik.com\/2023\/05\/21\/hiz-yonetimi\/#primaryimage"},"thumbnailUrl":"https:\/\/gazetetrafik.com\/wp-content\/uploads\/2023\/05\/hizyonetimi-gazetetrafik.jpg","datePublished":"2023-05-21T16:47:25+00:00","dateModified":"2023-05-21T16:54:39+00:00","description":"H\u0131z y\u00f6netimi Trafik g\u00fcvenli\u011fi H\u0131z y\u00f6netimi Trafik g\u00fcvenli\u011fi H\u0131z y\u00f6netimi Trafik g\u00fcvenli\u011fi H\u0131z y\u00f6netimi","breadcrumb":{"@id":"https:\/\/gazetetrafik.com\/2023\/05\/21\/hiz-yonetimi\/#breadcrumb"},"inLanguage":"en-US","potentialAction":[{"@type":"ReadAction","target":["https:\/\/gazetetrafik.com\/2023\/05\/21\/hiz-yonetimi\/"]}]},{"@type":"ImageObject","inLanguage":"en-US","@id":"https:\/\/gazetetrafik.com\/2023\/05\/21\/hiz-yonetimi\/#primaryimage","url":"https:\/\/gazetetrafik.com\/wp-content\/uploads\/2023\/05\/hizyonetimi-gazetetrafik.jpg","contentUrl":"https:\/\/gazetetrafik.com\/wp-content\/uploads\/2023\/05\/hizyonetimi-gazetetrafik.jpg","width":544,"height":480},{"@type":"BreadcrumbList","@id":"https:\/\/gazetetrafik.com\/2023\/05\/21\/hiz-yonetimi\/#breadcrumb","itemListElement":[{"@type":"ListItem","position":1,"name":"Anasayfa","item":"https:\/\/gazetetrafik.com\/"},{"@type":"ListItem","position":2,"name":"H\u0131z y\u00f6netimi"}]},{"@type":"WebSite","@id":"https:\/\/gazetetrafik.com\/#website","url":"https:\/\/gazetetrafik.com\/","name":"","description":"\u0130NSANA VE YA\u015eAM HAKKINA SAYGILI TRAF\u0130K HABER GAZETES\u0130","publisher":{"@id":"https:\/\/gazetetrafik.com\/#organization"},"potentialAction":[{"@type":"SearchAction","target":{"@type":"EntryPoint","urlTemplate":"https:\/\/gazetetrafik.com\/?s={search_term_string}"},"query-input":{"@type":"PropertyValueSpecification","valueRequired":true,"valueName":"search_term_string"}}],"inLanguage":"en-US"},{"@type":"Organization","@id":"https:\/\/gazetetrafik.com\/#organization","name":"Gazete Trafik","url":"https:\/\/gazetetrafik.com\/","logo":{"@type":"ImageObject","inLanguage":"en-US","@id":"https:\/\/gazetetrafik.com\/#\/schema\/logo\/image\/","url":"https:\/\/gazetetrafik.com\/wp-content\/uploads\/2022\/03\/cropped-logo.jpg","contentUrl":"https:\/\/gazetetrafik.com\/wp-content\/uploads\/2022\/03\/cropped-logo.jpg","width":800,"height":220,"caption":"Gazete Trafik"},"image":{"@id":"https:\/\/gazetetrafik.com\/#\/schema\/logo\/image\/"},"sameAs":["https:\/\/x.com\/TrafikGazete","https:\/\/www.instagram.com\/gazetetrafik\/"]},{"@type":"Person","@id":"https:\/\/gazetetrafik.com\/#\/schema\/person\/2f75f4347719ee1b2a8ace54218ecab5","name":"Gazete Trafik","image":{"@type":"ImageObject","inLanguage":"en-US","@id":"https:\/\/secure.gravatar.com\/avatar\/bff6a4bfd3845f68dabbeea43bcbf9f2651b5ab9a1aad1d9381a89e564d3d208?s=96&d=mm&r=g","url":"https:\/\/secure.gravatar.com\/avatar\/bff6a4bfd3845f68dabbeea43bcbf9f2651b5ab9a1aad1d9381a89e564d3d208?s=96&d=mm&r=g","contentUrl":"https:\/\/secure.gravatar.com\/avatar\/bff6a4bfd3845f68dabbeea43bcbf9f2651b5ab9a1aad1d9381a89e564d3d208?s=96&d=mm&r=g","caption":"Gazete Trafik"},"sameAs":["https:\/\/gazetetrafik.com"],"url":"https:\/\/gazetetrafik.com\/en\/author\/gazete-trafik\/"}]}},"_links":{"self":[{"href":"https:\/\/gazetetrafik.com\/en\/wp-json\/wp\/v2\/posts\/908","targetHints":{"allow":["GET"]}}],"collection":[{"href":"https:\/\/gazetetrafik.com\/en\/wp-json\/wp\/v2\/posts"}],"about":[{"href":"https:\/\/gazetetrafik.com\/en\/wp-json\/wp\/v2\/types\/post"}],"author":[{"embeddable":true,"href":"https:\/\/gazetetrafik.com\/en\/wp-json\/wp\/v2\/users\/1"}],"replies":[{"embeddable":true,"href":"https:\/\/gazetetrafik.com\/en\/wp-json\/wp\/v2\/comments?post=908"}],"version-history":[{"count":2,"href":"https:\/\/gazetetrafik.com\/en\/wp-json\/wp\/v2\/posts\/908\/revisions"}],"predecessor-version":[{"id":912,"href":"https:\/\/gazetetrafik.com\/en\/wp-json\/wp\/v2\/posts\/908\/revisions\/912"}],"wp:featuredmedia":[{"embeddable":true,"href":"https:\/\/gazetetrafik.com\/en\/wp-json\/wp\/v2\/media\/911"}],"wp:attachment":[{"href":"https:\/\/gazetetrafik.com\/en\/wp-json\/wp\/v2\/media?parent=908"}],"wp:term":[{"taxonomy":"category","embeddable":true,"href":"https:\/\/gazetetrafik.com\/en\/wp-json\/wp\/v2\/categories?post=908"},{"taxonomy":"post_tag","embeddable":true,"href":"https:\/\/gazetetrafik.com\/en\/wp-json\/wp\/v2\/tags?post=908"}],"curies":[{"name":"wp","href":"https:\/\/api.w.org\/{rel}","templated":true}]}}