{"id":941,"date":"2023-05-24T08:12:47","date_gmt":"2023-05-24T05:12:47","guid":{"rendered":"https:\/\/gazetetrafik.com\/?p=941"},"modified":"2023-05-24T08:12:53","modified_gmt":"2023-05-24T05:12:53","slug":"bruksel","status":"publish","type":"post","link":"https:\/\/gazetetrafik.com\/en\/2023\/05\/24\/bruksel\/","title":{"rendered":"Br\u00fcksel halk\u0131 daha az araba kullan\u0131yor"},"content":{"rendered":"<p>Br\u00fcksel halk\u0131 daha az araba kullan\u0131yor, on y\u0131l i\u00e7inde daha \u00e7ok y\u00fcr\u00fcyorlar , daha \u00e7ok \u00a0bisiklete biniyorlar ve seyahat al\u0131\u015fkanl\u0131klar\u0131n\u0131 de\u011fi\u015ftirdiler.<\/p>\n\n\n\n<h2 class=\"wp-block-heading\">Br\u00fcksel sakinlerinin hareketlerine ili\u015fkin en son b\u00fcy\u00fck anketin sonu\u00e7lar\u0131 &nbsp;yay\u0131nland\u0131!<\/h2>\n\n\n\n<p>Br\u00fcksel sakinleri taraf\u0131ndan her g\u00fcn 3,3 milyon yolculuk yap\u0131l\u0131yor, yani 25 milyon km seyahat ediliyor. Bir \u00f6nceki b\u00fcy\u00fck \u00f6l\u00e7ekli, 2010 y\u0131l\u0131ndaki Beldam &nbsp;seyahat ara\u015ft\u0131rmas\u0131ndan bu yana 10 y\u0131ldan biraz daha uzun bir s\u00fcre i\u00e7inde, Br\u00fcksel Mobility, %36&#8217;l\u0131k bir model payla (T\u00fcrkiye&#8217;de %32&#8217;ye k\u0131yasla) Br\u00fcksel&#8217;de ya\u015fayanlar taraf\u0131ndan en \u00e7ok kullan\u0131lan ula\u015f\u0131m y\u00f6nteminin y\u00fcr\u00fcme haline geldi\u011fini g\u00f6zlemledi. &nbsp;2010 y\u0131l\u0131na g\u00f6re otomobilin kullan\u0131m &nbsp;azalm\u0131\u015f (%38-&gt;%27), bisiklet kullan\u0131m\u0131n\u0131n ise artm\u0131\u015ft\u0131r (%3-&gt;%9).<\/p>\n\n\n\n<h2 class=\"wp-block-heading\">Anket uygulamas\u0131<\/h2>\n\n\n\n<p>Br\u00fcksel&#8217;de ya\u015fayanlar\u0131n hareketlerine ili\u015fkin bu yeni anket, Br\u00fcksel Hareketlilik taraf\u0131ndan 2021-2022 sonbahar\u0131 aras\u0131nda, 1 y\u0131l s\u00fcre i\u00e7inde ger\u00e7ekle\u015ftirildi.  Ulusal Kay\u0131t&#8217;tan rastgele se\u00e7ilen 2.685 ki\u015fi , evlerinin \u00f6zellikleri ve hareketlilik al\u0131\u015fkanl\u0131klar\u0131 hakk\u0131nda \u00a0anket uyguland\u0131.<\/p>\n\n\n\n<p>Br\u00fcksel Hareketlilik Bakan\u0131 Elke Van den Brandt: &#8220;Son 10 y\u0131lda, Br\u00fcksel halk\u0131 hareketlilik al\u0131\u015fkanl\u0131klar\u0131n\u0131 ger\u00e7ekten de\u011fi\u015ftirdi! Trendler: Br\u00fcksel&#8217;deki insanlar daha \u00e7ok y\u00fcr\u00fcyor ve daha \u00e7ok bisiklete biniyor, daha az araba kullan\u0131yor ve toplu ta\u015f\u0131ma ile seyahat etmeye devam ediyor. Covid d\u00f6neminde g\u00f6zlenen d\u00fc\u015f\u00fc\u015fe ra\u011fmen, h\u00fck\u00fcmetin a\u011fa yapt\u0131\u011f\u0131 b\u00fcy\u00fck yat\u0131r\u0131m sayesinde. Br\u00fcksel, daha fazlas\u0131na sahip daha samimi ve \u00e7ekici bir \u015fehir in\u015fa etmek i\u00e7in model transferini organize ediyor ve kamusal alan\u0131 iyile\u015ftiriyor.<\/p>\n\n\n\n<figure class=\"wp-block-image aligncenter size-full\"><img loading=\"lazy\" decoding=\"async\" width=\"640\" height=\"336\" src=\"https:\/\/gazetetrafik.com\/wp-content\/uploads\/2023\/05\/brukselcocuklar-gazetetrafik.jpg\" alt=\"\" class=\"wp-image-942\" srcset=\"https:\/\/gazetetrafik.com\/wp-content\/uploads\/2023\/05\/brukselcocuklar-gazetetrafik.jpg 640w, https:\/\/gazetetrafik.com\/wp-content\/uploads\/2023\/05\/brukselcocuklar-gazetetrafik-300x158.jpg 300w, https:\/\/gazetetrafik.com\/wp-content\/uploads\/2023\/05\/brukselcocuklar-gazetetrafik-18x9.jpg 18w\" sizes=\"auto, (max-width: 640px) 100vw, 640px\" \/><\/figure>\n\n\n\n<h2 class=\"wp-block-heading\">Yolculuk say\u0131s\u0131 ve kat edilen kilometre<\/h2>\n\n\n\n<p>Br\u00fcksel&#8217;de ikamet edenler (6 ya\u015f ve \u00fcst\u00fc) g\u00fcnde ortalama 2,9 yolculuk yap\u0131yor. 18 ya\u015f alt\u0131 &nbsp;ve 65 ya\u015f \u00fcst\u00fc daha az seyahat ederken, 35-44 ya\u015f aras\u0131 en \u00e7ok seyahat yapanlard\u0131r (g\u00fcnde ortalama 3,8 sefer).<\/p>\n\n\n\n<p>Ortalama bir g\u00fcnde, Br\u00fcksel sakinlerinin %20&#8217;si seyahat etmiyor, &nbsp;Br\u00fcksel sakinlerinin %20&#8217;si 5 veya daha fazlas\u0131n\u0131 yap\u0131yor.<\/p>\n\n\n\n<p>Toplamda, Br\u00fcksel halk\u0131 g\u00fcnde 3,3 milyon yolculuk yap\u0131yor bu da 25 milyon kilometre seyahat anlam\u0131na geliyor .<\/p>\n\n\n\n<h2 class=\"wp-block-heading\">Model payla\u015f\u0131mlar<\/h2>\n\n\n\n<p>Yolculuklar\u0131n %36&#8217;s\u0131 y\u00fcr\u00fcyerek yap\u0131l\u0131yor (2010&#8217;da %32)<\/p>\n\n\n\n<p>Yolculuklar\u0131n %27&#8217;si araba ile yap\u0131l\u0131yor (2010&#8217;da %38).<\/p>\n\n\n\n<p>Yolculuklar\u0131n %22&#8217;si otob\u00fcs, tramvay veya metro ile yap\u0131l\u0131yor (2010&#8217;da %24).<\/p>\n\n\n\n<p>Yolculuklar\u0131n %2&#8217;si trenle yap\u0131l\u0131yor (2010&#8217;da %2).<\/p>\n\n\n\n<p>Yolculuklar\u0131n %9&#8217;u bisikletle yap\u0131l\u0131yor (2010&#8217;da %3).<\/p>\n\n\n\n<p>Son olarak, yolculuklar\u0131n %1&#8217;i elektrikli scooter (ki\u015fisel veya ortak) ile yap\u0131lmaktad\u0131r.<\/p>\n\n\n\n<p>Di\u011fer modlar\u0131n (\u00f6rne\u011fin minib\u00fcs, motosiklet, taksi) her biri yolculuklar\u0131n %1&#8217;inden daha az\u0131n\u0131 temsil eder.<\/p>\n\n\n\n<h2 class=\"wp-block-heading\">\u00a0Seyahat nedenleri<\/h2>\n\n\n\n<p>\u201cEve d\u00f6n\u00fc\u015f\u201d (%38,8) sonras\u0131nda en s\u0131k gelen sebep \u201cal\u0131\u015fveri\u015f\u201d (%15,2)&#8217;dir.<\/p>\n\n\n\n<p>&nbsp;\u0130\u015fe ve profesyonellere yap\u0131lan seyahatler, seyahatlerin yaln\u0131zca %10,5&#8217;ini temsil ediyor , \u015f\u00fcphesiz covid kriziyle birlikte keskin bir \u015fekilde artan uzaktan \u00e7al\u0131\u015fma nedeniyle eskisinden daha az (2010&#8217;da seyahatlerin %14&#8217;\u00fc).<\/p>\n\n\n\n<p>Br\u00fcksel&#8217;deki hanelerin %46&#8217;s\u0131n\u0131n arabas\u0131 var ve bu \u00fclkenin geri kalan\u0131na k\u0131yasla d\u00fc\u015f\u00fck bir oran.<\/p>\n\n\n\n<p>Br\u00fcksel&#8217;deki hanelerin %47&#8217;si en az bir bisiklete ve %11&#8217;i en az bir elektrikli bisiklete sahiptir.<\/p>\n\n\n\n<p>Br\u00fcksel&#8217;deki hanelerin neredeyse %5&#8217;inde elektrikli scooter var. %8&#8217;inin payla\u015f\u0131ml\u0131 bir scooter sistemine kayd\u0131 var.<\/p>\n\n\n\n<figure class=\"wp-block-image size-large\"><img loading=\"lazy\" decoding=\"async\" width=\"1024\" height=\"576\" src=\"https:\/\/gazetetrafik.com\/wp-content\/uploads\/2023\/05\/bruksel-hareketlilik-gazetetrafik-1024x576.jpg\" alt=\"\" class=\"wp-image-943\" srcset=\"https:\/\/gazetetrafik.com\/wp-content\/uploads\/2023\/05\/bruksel-hareketlilik-gazetetrafik-1024x576.jpg 1024w, https:\/\/gazetetrafik.com\/wp-content\/uploads\/2023\/05\/bruksel-hareketlilik-gazetetrafik-300x169.jpg 300w, https:\/\/gazetetrafik.com\/wp-content\/uploads\/2023\/05\/bruksel-hareketlilik-gazetetrafik-768x432.jpg 768w, https:\/\/gazetetrafik.com\/wp-content\/uploads\/2023\/05\/bruksel-hareketlilik-gazetetrafik-18x10.jpg 18w, https:\/\/gazetetrafik.com\/wp-content\/uploads\/2023\/05\/bruksel-hareketlilik-gazetetrafik-800x450.jpg 800w, https:\/\/gazetetrafik.com\/wp-content\/uploads\/2023\/05\/bruksel-hareketlilik-gazetetrafik.jpg 1200w\" sizes=\"auto, (max-width: 1024px) 100vw, 1024px\" \/><\/figure>\n\n\n\n<h2 class=\"wp-block-heading\">Katedilen mesafeler<\/h2>\n\n\n\n<p>Ortalama yer de\u011fi\u015ftirme 7,7 km&#8217;dir. Ancak, Br\u00fcksel B\u00f6lgesi i\u00e7inde ortalama yolculuk sadece 3,3 km&#8217;dir. Ve Br\u00fcksel&#8217;de ikamet edenlerin seyahatlerinin %45&#8217;i, 2 km&#8217;den az veya e\u015fittir . Bu k\u0131sa yolculuklarda en \u00e7ok kullan\u0131lan ula\u015f\u0131m arac\u0131 y\u00fcr\u00fcmektir.<\/p>\n\n\n\n<blockquote class=\"wp-block-quote is-layout-flow wp-block-quote-is-layout-flow\">\n<p>Bakan Elke Van den Brandt. &#8220;Bu anket ayr\u0131ca trafik s\u0131k\u0131\u015f\u0131kl\u0131\u011f\u0131n\u0131n ka\u00e7\u0131n\u0131lmaz olmad\u0131\u011f\u0131n\u0131 ve de\u011fi\u015fimin m\u00fcmk\u00fcn oldu\u011funu g\u00f6steriyor. Br\u00fcksel i\u00e7i yolculuklar\u0131n \u00e7o\u011fu k\u0131sa mesafelerde yap\u0131ld\u0131\u011f\u0131ndan, y\u00fcr\u00fcy\u00fc\u015f, bisiklet ve toplu ta\u015f\u0131ma izleyicileri i\u00e7in hala b\u00fcy\u00fck bir potansiyelimiz var. Bu da bizi memnun ediyor.&#8221;  a\u00e7\u0131kl\u0131amas\u0131n\u0131 yapt\u0131.  <\/p>\n<\/blockquote>\n\n\n\n<p>K\u0131sa yolculuklarda en \u00e7ok kullan\u0131lan ula\u015f\u0131m arac\u0131 y\u00fcr\u00fcmedir ( 1ve 1 ile 2 km aras\u0131ndaki mesafelerde yap\u0131lan yolculuklar\u0131n %42&#8217;si).<\/p>\n\n\n\n<p>&#8220;Bisiklete binme&#8221; pay\u0131 \u00e7ok k\u0131sa mesafeler i\u00e7in (0 ila 1 km) olduk\u00e7a d\u00fc\u015f\u00fckt\u00fcr, ancak 1 ila 2 km ve 2 ila 5 km aras\u0131ndaki mesafeler i\u00e7in \u00f6nem kazanmaktad\u0131r (s\u0131ras\u0131yla %13,2 ve %14,1 mod paylar\u0131).<\/p>\n\n\n\n<p>Otob\u00fcsler, tramvaylar ve metrolar a\u011f\u0131rl\u0131kl\u0131 olarak 2 ila 25 km aras\u0131ndaki orta mesafelerde kullan\u0131lmaktad\u0131r. Daha k\u0131sa mesafelerde, bu ula\u015f\u0131m modlar\u0131 genellikle bir yandan \u00e7\u0131k\u0131\u015f yeri ile hareket dura\u011f\u0131 aras\u0131ndaki ve di\u011fer yandan var\u0131\u015ftaki durak ile son var\u0131\u015f noktas\u0131 aras\u0131ndaki seyahat s\u00fcreleriyle belirlidir.<\/p>\n\n\n\n<p>Tren daha \u00e7ok uzun mesafeler i\u00e7in kullan\u0131l\u0131yor. Trenin model pay\u0131, 25 km ve alt\u0131ndaki t\u00fcm mesafe s\u0131n\u0131flar\u0131 i\u00e7in %5&#8217;in alt\u0131nda iken, 25 km&#8217;nin \u00fczerinde %21,3&#8217;e \u00e7\u0131kmaktad\u0131r.<\/p>\n\n\n\n<p>Son olarak, otomobilin s\u00fcr\u00fcc\u00fc veya yolcu olarak model pay\u0131, seyahat mesafeleriyle ayn\u0131 anda artar.<\/p>\n\n\n\n<p>Araba ile yap\u0131lan yolculuklara odaklan\u0131rsak, bunlar\u0131n %50&#8217;si 5 km ve alt\u0131ndaki mesafelerde, %20&#8217;si ise 2 km ve alt\u0131ndaki mesafelerde yap\u0131lmaktad\u0131r. Ancak, bu yolculuklardan baz\u0131lar\u0131 birka\u00e7 nedeni birle\u015ftiren karma\u015f\u0131k gezi zincirlerinin par\u00e7as\u0131 olabilir yani birini b\u0131ral, birini al, al\u0131\u015fveri\u015f, hastane vb. gibi\u2026 \u00a0Bununla birlikte, k\u0131sa mesafelerde araba ile yap\u0131lan bu yolculuklar\u0131n bir k\u0131sm\u0131, aktif seyahat modlar\u0131na \u00a0y\u00fcr\u00fcy\u00fc\u015f, bisiklet vb. veya toplu ta\u015f\u0131maya ge\u00e7i\u015f i\u00e7in hala \u00f6nemli bir potansiyel sunmaktad\u0131r. <a href=\"https:\/\/mobilite-mobiliteit-brussels.prezly.com\">https:\/\/mobilite-mobiliteit-brussels.prezly.com<\/a><\/p>\n\n\n\n<blockquote class=\"wp-block-quote is-layout-flow wp-block-quote-is-layout-flow\">\n<p>Camille Thiry &#8211; 23 May\u0131s 2023<\/p>\n<\/blockquote>","protected":false},"excerpt":{"rendered":"<p>Br\u00fcksel halk\u0131 daha az araba kullan\u0131yor, on y\u0131l i\u00e7inde daha \u00e7ok y\u00fcr\u00fcyorlar , daha \u00e7ok&#8230;<\/p>","protected":false},"author":1,"featured_media":944,"comment_status":"open","ping_status":"open","sticky":false,"template":"","format":"standard","meta":{"footnotes":""},"categories":[4,3],"tags":[292,290,291],"class_list":["post-941","post","type-post","status-publish","format-standard","has-post-thumbnail","hentry","category-erisimulasim","category-trafik-guvenligi","tag-anket","tag-bruksel","tag-mobility"],"yoast_head":"<!-- This site is optimized with the Yoast SEO plugin v27.5 - https:\/\/yoast.com\/product\/yoast-seo-wordpress\/ -->\n<title>Br\u00fcksel halk\u0131 daha az araba kullan\u0131yor -<\/title>\n<meta name=\"description\" content=\"Br\u00fcksel halk\u0131 daha az araba kullan\u0131yor Eri\u015fim&amp;Ula\u015f\u0131m Br\u00fcksel halk\u0131 daha az araba kullan\u0131yor\" \/>\n<meta name=\"robots\" content=\"index, follow, max-snippet:-1, max-image-preview:large, max-video-preview:-1\" \/>\n<link rel=\"canonical\" href=\"https:\/\/gazetetrafik.com\/en\/2023\/05\/24\/bruksel\/\" \/>\n<meta property=\"og:locale\" content=\"en_US\" \/>\n<meta property=\"og:type\" content=\"article\" \/>\n<meta property=\"og:title\" content=\"Br\u00fcksel halk\u0131 daha az araba kullan\u0131yor -\" \/>\n<meta property=\"og:description\" content=\"Br\u00fcksel halk\u0131 daha az araba kullan\u0131yor Eri\u015fim&amp;Ula\u015f\u0131m Br\u00fcksel halk\u0131 daha az araba kullan\u0131yor\" \/>\n<meta property=\"og:url\" content=\"https:\/\/gazetetrafik.com\/en\/2023\/05\/24\/bruksel\/\" \/>\n<meta property=\"article:published_time\" content=\"2023-05-24T05:12:47+00:00\" \/>\n<meta property=\"article:modified_time\" content=\"2023-05-24T05:12:53+00:00\" \/>\n<meta property=\"og:image\" content=\"https:\/\/gazetetrafik.com\/wp-content\/uploads\/2023\/05\/Brukselhareketlilikanket-gazetetrafik.jpg\" \/>\n\t<meta property=\"og:image:width\" content=\"541\" \/>\n\t<meta property=\"og:image:height\" content=\"480\" \/>\n\t<meta property=\"og:image:type\" content=\"image\/jpeg\" \/>\n<meta name=\"author\" content=\"Gazete Trafik\" \/>\n<meta name=\"twitter:card\" content=\"summary_large_image\" \/>\n<meta name=\"twitter:creator\" content=\"@TrafikGazete\" \/>\n<meta name=\"twitter:site\" content=\"@TrafikGazete\" \/>\n<meta name=\"twitter:label1\" content=\"Written by\" \/>\n\t<meta name=\"twitter:data1\" content=\"Gazete Trafik\" \/>\n\t<meta name=\"twitter:label2\" content=\"Est. reading time\" \/>\n\t<meta name=\"twitter:data2\" content=\"5 minutes\" \/>\n<script type=\"application\/ld+json\" class=\"yoast-schema-graph\">{\"@context\":\"https:\\\/\\\/schema.org\",\"@graph\":[{\"@type\":\"Article\",\"@id\":\"https:\\\/\\\/gazetetrafik.com\\\/2023\\\/05\\\/24\\\/bruksel\\\/#article\",\"isPartOf\":{\"@id\":\"https:\\\/\\\/gazetetrafik.com\\\/2023\\\/05\\\/24\\\/bruksel\\\/\"},\"author\":{\"name\":\"Gazete Trafik\",\"@id\":\"https:\\\/\\\/gazetetrafik.com\\\/#\\\/schema\\\/person\\\/2f75f4347719ee1b2a8ace54218ecab5\"},\"headline\":\"Br\u00fcksel halk\u0131 daha az araba kullan\u0131yor\",\"datePublished\":\"2023-05-24T05:12:47+00:00\",\"dateModified\":\"2023-05-24T05:12:53+00:00\",\"mainEntityOfPage\":{\"@id\":\"https:\\\/\\\/gazetetrafik.com\\\/2023\\\/05\\\/24\\\/bruksel\\\/\"},\"wordCount\":957,\"commentCount\":0,\"publisher\":{\"@id\":\"https:\\\/\\\/gazetetrafik.com\\\/#organization\"},\"image\":{\"@id\":\"https:\\\/\\\/gazetetrafik.com\\\/2023\\\/05\\\/24\\\/bruksel\\\/#primaryimage\"},\"thumbnailUrl\":\"https:\\\/\\\/gazetetrafik.com\\\/wp-content\\\/uploads\\\/2023\\\/05\\\/Brukselhareketlilikanket-gazetetrafik.jpg\",\"keywords\":[\"Anket\",\"Br\u00fcksel\",\"Mobility\"],\"articleSection\":[\"Eri\u015fim&amp;Ula\u015f\u0131m\",\"Trafik g\u00fcvenli\u011fi\"],\"inLanguage\":\"en-US\",\"potentialAction\":[{\"@type\":\"CommentAction\",\"name\":\"Comment\",\"target\":[\"https:\\\/\\\/gazetetrafik.com\\\/2023\\\/05\\\/24\\\/bruksel\\\/#respond\"]}]},{\"@type\":\"WebPage\",\"@id\":\"https:\\\/\\\/gazetetrafik.com\\\/2023\\\/05\\\/24\\\/bruksel\\\/\",\"url\":\"https:\\\/\\\/gazetetrafik.com\\\/2023\\\/05\\\/24\\\/bruksel\\\/\",\"name\":\"Br\u00fcksel halk\u0131 daha az araba kullan\u0131yor -\",\"isPartOf\":{\"@id\":\"https:\\\/\\\/gazetetrafik.com\\\/#website\"},\"primaryImageOfPage\":{\"@id\":\"https:\\\/\\\/gazetetrafik.com\\\/2023\\\/05\\\/24\\\/bruksel\\\/#primaryimage\"},\"image\":{\"@id\":\"https:\\\/\\\/gazetetrafik.com\\\/2023\\\/05\\\/24\\\/bruksel\\\/#primaryimage\"},\"thumbnailUrl\":\"https:\\\/\\\/gazetetrafik.com\\\/wp-content\\\/uploads\\\/2023\\\/05\\\/Brukselhareketlilikanket-gazetetrafik.jpg\",\"datePublished\":\"2023-05-24T05:12:47+00:00\",\"dateModified\":\"2023-05-24T05:12:53+00:00\",\"description\":\"Br\u00fcksel halk\u0131 daha az araba kullan\u0131yor Eri\u015fim&amp;Ula\u015f\u0131m Br\u00fcksel halk\u0131 daha az araba kullan\u0131yor\",\"breadcrumb\":{\"@id\":\"https:\\\/\\\/gazetetrafik.com\\\/2023\\\/05\\\/24\\\/bruksel\\\/#breadcrumb\"},\"inLanguage\":\"en-US\",\"potentialAction\":[{\"@type\":\"ReadAction\",\"target\":[\"https:\\\/\\\/gazetetrafik.com\\\/2023\\\/05\\\/24\\\/bruksel\\\/\"]}]},{\"@type\":\"ImageObject\",\"inLanguage\":\"en-US\",\"@id\":\"https:\\\/\\\/gazetetrafik.com\\\/2023\\\/05\\\/24\\\/bruksel\\\/#primaryimage\",\"url\":\"https:\\\/\\\/gazetetrafik.com\\\/wp-content\\\/uploads\\\/2023\\\/05\\\/Brukselhareketlilikanket-gazetetrafik.jpg\",\"contentUrl\":\"https:\\\/\\\/gazetetrafik.com\\\/wp-content\\\/uploads\\\/2023\\\/05\\\/Brukselhareketlilikanket-gazetetrafik.jpg\",\"width\":541,\"height\":480,\"caption\":\"Br\u00fcksel halk\u0131 daha az araba kullan\u0131yor, daha \u00e7ok y\u00fcr\u00fcyor , daha \u00e7ok bisiklete biniyor ve seyahat al\u0131\u015fkanl\u0131klar\u0131n\u0131 de\u011fi\u015ftirdiler\"},{\"@type\":\"BreadcrumbList\",\"@id\":\"https:\\\/\\\/gazetetrafik.com\\\/2023\\\/05\\\/24\\\/bruksel\\\/#breadcrumb\",\"itemListElement\":[{\"@type\":\"ListItem\",\"position\":1,\"name\":\"Anasayfa\",\"item\":\"https:\\\/\\\/gazetetrafik.com\\\/\"},{\"@type\":\"ListItem\",\"position\":2,\"name\":\"Br\u00fcksel halk\u0131 daha az araba kullan\u0131yor\"}]},{\"@type\":\"WebSite\",\"@id\":\"https:\\\/\\\/gazetetrafik.com\\\/#website\",\"url\":\"https:\\\/\\\/gazetetrafik.com\\\/\",\"name\":\"\",\"description\":\"\u0130NSANA VE YA\u015eAM HAKKINA SAYGILI TRAF\u0130K HABER GAZETES\u0130\",\"publisher\":{\"@id\":\"https:\\\/\\\/gazetetrafik.com\\\/#organization\"},\"potentialAction\":[{\"@type\":\"SearchAction\",\"target\":{\"@type\":\"EntryPoint\",\"urlTemplate\":\"https:\\\/\\\/gazetetrafik.com\\\/?s={search_term_string}\"},\"query-input\":{\"@type\":\"PropertyValueSpecification\",\"valueRequired\":true,\"valueName\":\"search_term_string\"}}],\"inLanguage\":\"en-US\"},{\"@type\":\"Organization\",\"@id\":\"https:\\\/\\\/gazetetrafik.com\\\/#organization\",\"name\":\"Gazete Trafik\",\"url\":\"https:\\\/\\\/gazetetrafik.com\\\/\",\"logo\":{\"@type\":\"ImageObject\",\"inLanguage\":\"en-US\",\"@id\":\"https:\\\/\\\/gazetetrafik.com\\\/#\\\/schema\\\/logo\\\/image\\\/\",\"url\":\"https:\\\/\\\/gazetetrafik.com\\\/wp-content\\\/uploads\\\/2022\\\/03\\\/cropped-logo.jpg\",\"contentUrl\":\"https:\\\/\\\/gazetetrafik.com\\\/wp-content\\\/uploads\\\/2022\\\/03\\\/cropped-logo.jpg\",\"width\":800,\"height\":220,\"caption\":\"Gazete Trafik\"},\"image\":{\"@id\":\"https:\\\/\\\/gazetetrafik.com\\\/#\\\/schema\\\/logo\\\/image\\\/\"},\"sameAs\":[\"https:\\\/\\\/x.com\\\/TrafikGazete\",\"https:\\\/\\\/www.instagram.com\\\/gazetetrafik\\\/\"]},{\"@type\":\"Person\",\"@id\":\"https:\\\/\\\/gazetetrafik.com\\\/#\\\/schema\\\/person\\\/2f75f4347719ee1b2a8ace54218ecab5\",\"name\":\"Gazete Trafik\",\"image\":{\"@type\":\"ImageObject\",\"inLanguage\":\"en-US\",\"@id\":\"https:\\\/\\\/secure.gravatar.com\\\/avatar\\\/bff6a4bfd3845f68dabbeea43bcbf9f2651b5ab9a1aad1d9381a89e564d3d208?s=96&d=mm&r=g\",\"url\":\"https:\\\/\\\/secure.gravatar.com\\\/avatar\\\/bff6a4bfd3845f68dabbeea43bcbf9f2651b5ab9a1aad1d9381a89e564d3d208?s=96&d=mm&r=g\",\"contentUrl\":\"https:\\\/\\\/secure.gravatar.com\\\/avatar\\\/bff6a4bfd3845f68dabbeea43bcbf9f2651b5ab9a1aad1d9381a89e564d3d208?s=96&d=mm&r=g\",\"caption\":\"Gazete Trafik\"},\"sameAs\":[\"https:\\\/\\\/gazetetrafik.com\"],\"url\":\"https:\\\/\\\/gazetetrafik.com\\\/en\\\/author\\\/gazete-trafik\\\/\"}]}<\/script>\n<!-- \/ Yoast SEO plugin. -->","yoast_head_json":{"title":"Br\u00fcksel halk\u0131 daha az araba kullan\u0131yor -","description":"Br\u00fcksel halk\u0131 daha az araba kullan\u0131yor Eri\u015fim&amp;Ula\u015f\u0131m Br\u00fcksel halk\u0131 daha az araba kullan\u0131yor","robots":{"index":"index","follow":"follow","max-snippet":"max-snippet:-1","max-image-preview":"max-image-preview:large","max-video-preview":"max-video-preview:-1"},"canonical":"https:\/\/gazetetrafik.com\/en\/2023\/05\/24\/bruksel\/","og_locale":"en_US","og_type":"article","og_title":"Br\u00fcksel halk\u0131 daha az araba kullan\u0131yor -","og_description":"Br\u00fcksel halk\u0131 daha az araba kullan\u0131yor Eri\u015fim&amp;Ula\u015f\u0131m Br\u00fcksel halk\u0131 daha az araba kullan\u0131yor","og_url":"https:\/\/gazetetrafik.com\/en\/2023\/05\/24\/bruksel\/","article_published_time":"2023-05-24T05:12:47+00:00","article_modified_time":"2023-05-24T05:12:53+00:00","og_image":[{"width":541,"height":480,"url":"https:\/\/gazetetrafik.com\/wp-content\/uploads\/2023\/05\/Brukselhareketlilikanket-gazetetrafik.jpg","type":"image\/jpeg"}],"author":"Gazete Trafik","twitter_card":"summary_large_image","twitter_creator":"@TrafikGazete","twitter_site":"@TrafikGazete","twitter_misc":{"Written by":"Gazete Trafik","Est. reading time":"5 minutes"},"schema":{"@context":"https:\/\/schema.org","@graph":[{"@type":"Article","@id":"https:\/\/gazetetrafik.com\/2023\/05\/24\/bruksel\/#article","isPartOf":{"@id":"https:\/\/gazetetrafik.com\/2023\/05\/24\/bruksel\/"},"author":{"name":"Gazete Trafik","@id":"https:\/\/gazetetrafik.com\/#\/schema\/person\/2f75f4347719ee1b2a8ace54218ecab5"},"headline":"Br\u00fcksel halk\u0131 daha az araba kullan\u0131yor","datePublished":"2023-05-24T05:12:47+00:00","dateModified":"2023-05-24T05:12:53+00:00","mainEntityOfPage":{"@id":"https:\/\/gazetetrafik.com\/2023\/05\/24\/bruksel\/"},"wordCount":957,"commentCount":0,"publisher":{"@id":"https:\/\/gazetetrafik.com\/#organization"},"image":{"@id":"https:\/\/gazetetrafik.com\/2023\/05\/24\/bruksel\/#primaryimage"},"thumbnailUrl":"https:\/\/gazetetrafik.com\/wp-content\/uploads\/2023\/05\/Brukselhareketlilikanket-gazetetrafik.jpg","keywords":["Anket","Br\u00fcksel","Mobility"],"articleSection":["Eri\u015fim&amp;Ula\u015f\u0131m","Trafik g\u00fcvenli\u011fi"],"inLanguage":"en-US","potentialAction":[{"@type":"CommentAction","name":"Comment","target":["https:\/\/gazetetrafik.com\/2023\/05\/24\/bruksel\/#respond"]}]},{"@type":"WebPage","@id":"https:\/\/gazetetrafik.com\/2023\/05\/24\/bruksel\/","url":"https:\/\/gazetetrafik.com\/2023\/05\/24\/bruksel\/","name":"Br\u00fcksel halk\u0131 daha az araba kullan\u0131yor -","isPartOf":{"@id":"https:\/\/gazetetrafik.com\/#website"},"primaryImageOfPage":{"@id":"https:\/\/gazetetrafik.com\/2023\/05\/24\/bruksel\/#primaryimage"},"image":{"@id":"https:\/\/gazetetrafik.com\/2023\/05\/24\/bruksel\/#primaryimage"},"thumbnailUrl":"https:\/\/gazetetrafik.com\/wp-content\/uploads\/2023\/05\/Brukselhareketlilikanket-gazetetrafik.jpg","datePublished":"2023-05-24T05:12:47+00:00","dateModified":"2023-05-24T05:12:53+00:00","description":"Br\u00fcksel halk\u0131 daha az araba kullan\u0131yor Eri\u015fim&amp;Ula\u015f\u0131m Br\u00fcksel halk\u0131 daha az araba kullan\u0131yor","breadcrumb":{"@id":"https:\/\/gazetetrafik.com\/2023\/05\/24\/bruksel\/#breadcrumb"},"inLanguage":"en-US","potentialAction":[{"@type":"ReadAction","target":["https:\/\/gazetetrafik.com\/2023\/05\/24\/bruksel\/"]}]},{"@type":"ImageObject","inLanguage":"en-US","@id":"https:\/\/gazetetrafik.com\/2023\/05\/24\/bruksel\/#primaryimage","url":"https:\/\/gazetetrafik.com\/wp-content\/uploads\/2023\/05\/Brukselhareketlilikanket-gazetetrafik.jpg","contentUrl":"https:\/\/gazetetrafik.com\/wp-content\/uploads\/2023\/05\/Brukselhareketlilikanket-gazetetrafik.jpg","width":541,"height":480,"caption":"Br\u00fcksel halk\u0131 daha az araba kullan\u0131yor, daha \u00e7ok y\u00fcr\u00fcyor , daha \u00e7ok bisiklete biniyor ve seyahat al\u0131\u015fkanl\u0131klar\u0131n\u0131 de\u011fi\u015ftirdiler"},{"@type":"BreadcrumbList","@id":"https:\/\/gazetetrafik.com\/2023\/05\/24\/bruksel\/#breadcrumb","itemListElement":[{"@type":"ListItem","position":1,"name":"Anasayfa","item":"https:\/\/gazetetrafik.com\/"},{"@type":"ListItem","position":2,"name":"Br\u00fcksel halk\u0131 daha az araba kullan\u0131yor"}]},{"@type":"WebSite","@id":"https:\/\/gazetetrafik.com\/#website","url":"https:\/\/gazetetrafik.com\/","name":"","description":"\u0130NSANA VE YA\u015eAM HAKKINA SAYGILI TRAF\u0130K HABER GAZETES\u0130","publisher":{"@id":"https:\/\/gazetetrafik.com\/#organization"},"potentialAction":[{"@type":"SearchAction","target":{"@type":"EntryPoint","urlTemplate":"https:\/\/gazetetrafik.com\/?s={search_term_string}"},"query-input":{"@type":"PropertyValueSpecification","valueRequired":true,"valueName":"search_term_string"}}],"inLanguage":"en-US"},{"@type":"Organization","@id":"https:\/\/gazetetrafik.com\/#organization","name":"Gazete Trafik","url":"https:\/\/gazetetrafik.com\/","logo":{"@type":"ImageObject","inLanguage":"en-US","@id":"https:\/\/gazetetrafik.com\/#\/schema\/logo\/image\/","url":"https:\/\/gazetetrafik.com\/wp-content\/uploads\/2022\/03\/cropped-logo.jpg","contentUrl":"https:\/\/gazetetrafik.com\/wp-content\/uploads\/2022\/03\/cropped-logo.jpg","width":800,"height":220,"caption":"Gazete Trafik"},"image":{"@id":"https:\/\/gazetetrafik.com\/#\/schema\/logo\/image\/"},"sameAs":["https:\/\/x.com\/TrafikGazete","https:\/\/www.instagram.com\/gazetetrafik\/"]},{"@type":"Person","@id":"https:\/\/gazetetrafik.com\/#\/schema\/person\/2f75f4347719ee1b2a8ace54218ecab5","name":"Gazete Trafik","image":{"@type":"ImageObject","inLanguage":"en-US","@id":"https:\/\/secure.gravatar.com\/avatar\/bff6a4bfd3845f68dabbeea43bcbf9f2651b5ab9a1aad1d9381a89e564d3d208?s=96&d=mm&r=g","url":"https:\/\/secure.gravatar.com\/avatar\/bff6a4bfd3845f68dabbeea43bcbf9f2651b5ab9a1aad1d9381a89e564d3d208?s=96&d=mm&r=g","contentUrl":"https:\/\/secure.gravatar.com\/avatar\/bff6a4bfd3845f68dabbeea43bcbf9f2651b5ab9a1aad1d9381a89e564d3d208?s=96&d=mm&r=g","caption":"Gazete Trafik"},"sameAs":["https:\/\/gazetetrafik.com"],"url":"https:\/\/gazetetrafik.com\/en\/author\/gazete-trafik\/"}]}},"_links":{"self":[{"href":"https:\/\/gazetetrafik.com\/en\/wp-json\/wp\/v2\/posts\/941","targetHints":{"allow":["GET"]}}],"collection":[{"href":"https:\/\/gazetetrafik.com\/en\/wp-json\/wp\/v2\/posts"}],"about":[{"href":"https:\/\/gazetetrafik.com\/en\/wp-json\/wp\/v2\/types\/post"}],"author":[{"embeddable":true,"href":"https:\/\/gazetetrafik.com\/en\/wp-json\/wp\/v2\/users\/1"}],"replies":[{"embeddable":true,"href":"https:\/\/gazetetrafik.com\/en\/wp-json\/wp\/v2\/comments?post=941"}],"version-history":[{"count":1,"href":"https:\/\/gazetetrafik.com\/en\/wp-json\/wp\/v2\/posts\/941\/revisions"}],"predecessor-version":[{"id":945,"href":"https:\/\/gazetetrafik.com\/en\/wp-json\/wp\/v2\/posts\/941\/revisions\/945"}],"wp:featuredmedia":[{"embeddable":true,"href":"https:\/\/gazetetrafik.com\/en\/wp-json\/wp\/v2\/media\/944"}],"wp:attachment":[{"href":"https:\/\/gazetetrafik.com\/en\/wp-json\/wp\/v2\/media?parent=941"}],"wp:term":[{"taxonomy":"category","embeddable":true,"href":"https:\/\/gazetetrafik.com\/en\/wp-json\/wp\/v2\/categories?post=941"},{"taxonomy":"post_tag","embeddable":true,"href":"https:\/\/gazetetrafik.com\/en\/wp-json\/wp\/v2\/tags?post=941"}],"curies":[{"name":"wp","href":"https:\/\/api.w.org\/{rel}","templated":true}]}}