{"id":946,"date":"2023-05-24T08:30:07","date_gmt":"2023-05-24T05:30:07","guid":{"rendered":"https:\/\/gazetetrafik.com\/?p=946"},"modified":"2023-05-24T08:30:14","modified_gmt":"2023-05-24T05:30:14","slug":"vizyon-sifir","status":"publish","type":"post","link":"https:\/\/gazetetrafik.com\/en\/2023\/05\/24\/vizyon-sifir\/","title":{"rendered":"Vizyon S\u0131f\u0131r &#8211; H\u0131z Y\u00f6netimine \u00d6ncelik Vermek"},"content":{"rendered":"<p>ABD&#8217;deki karayolu \u00f6l\u00fcmlerinin en az 1\/3\u2019\u00fc h\u0131za ba\u011fl\u0131 \u00e7arp\u0131\u015fmalardan meydana gelir. Karayolu trafik \u00f6l\u00fcm ve yaralanmalar\u0131nda trajik ve \u00f6nlenebilir art\u0131\u015flar ya\u015fanmaktad\u0131r. Bu art\u0131\u015f\u0131 \u00f6nlemek ve indirmek i\u00e7in Vizyon s\u0131f\u0131r eylem plan\u0131nda, h\u0131z y\u00f6netimi stratejilerine \u00f6ncelik verilmesi gerekir.<\/p>\n\n\n\n<p>7 Haziran 2023&nbsp; seminerinde\u201d H\u0131zdan \u00c7ok G\u00fcvenli\u011f\u201di vurgulamak i\u00e7in Vizyon s\u0131f\u0131r planlama s\u00fcrecinden yararlanman\u0131n yollar\u0131n\u0131 tart\u0131\u015f\u0131lacak.<\/p>\n\n\n\n<p>Bu web semineri, USDOT&#8217;tan Herkes i\u00e7in G\u00fcvenli Sokaklar ve Yollar (SS4A) hibe fonu alanlar da dahil olmak \u00fczere, Hedef S\u0131f\u0131r planlar\u0131 geli\u015ftiren veya g\u00fcncelleyen topluluklar\u0131 destekleyen Vizyon S\u0131f\u0131r Eylem Planlamas\u0131n\u0131n Temelleri serisinin be\u015fincisidir .<\/p>\n\n\n\n<h2 class=\"wp-block-heading\">Vizyon s\u0131f\u0131r a\u011f\u0131 nedir&nbsp; ?<\/h2>\n\n\n\n<p>Vizyon s\u0131f\u0131r a\u011f\u0131, topluluklar\u0131n herkes i\u00e7in g\u00fcvenli, sa\u011fl\u0131kl\u0131, adil hareketlili\u011fi art\u0131r\u0131rken, t\u00fcm trafik \u00f6l\u00fcmlerini ve a\u011f\u0131r yaralanmalar\u0131 ortadan kald\u0131rarak Vizyon s\u0131f\u0131r hedeflerine ula\u015fmalar\u0131na yard\u0131mc\u0131 olan i\u015fbirlik\u00e7i bir kampanyad\u0131r.<\/p>\n\n\n\n<p>Kar amac\u0131 g\u00fctmeyen bir proje olarak Vizyon s\u0131f\u0131r, ABD&#8217;deki topluluklarda ivme kazanmaya ve Vizyon s\u0131f\u0131r\u0131 ilerletmeye kararl\u0131d\u0131r. Hedefimiz herkes i\u00e7in g\u00fcvenli hareketliliktir.<\/p>\n\n\n\n<p>Y\u00fcr\u00fcmek, bisiklete binmek, araba kullanmak, scooter kullanmak, tekerlekli sandalye kullanmak veya toplu ta\u015f\u0131ma kullanmak fark etmeksizin herkesin g\u00fcvenli hareket etme hakk\u0131na sahip oldu\u011funun fark\u0131nday\u0131z. Yine de ABD&#8217;de her y\u0131l \u00f6nlenebilir trafik kazalar\u0131nda on binlerce insan \u00f6l\u00fcyor ve milyonlarcas\u0131 da yaralan\u0131yor. Sakat kalan, yaralanan ya da hayat\u0131n\u0131 kaybedenler &nbsp;arkada\u015flar\u0131m\u0131z, aile \u00fcyelerimiz, meslekta\u015flar\u0131m\u0131z ve kom\u015fular\u0131m\u0131zd\u0131r. Bu trajedileri \u00f6nleyebiliriz .<\/p>\n\n\n\n<h2 class=\"wp-block-heading\">Vizyon s\u0131f\u0131r a\u011f\u0131 &nbsp;ne yapar?<\/h2>\n\n\n\n<p>Vizyon s\u0131f\u0131r a\u011f\u0131, \u00fclke \u00e7ap\u0131ndaki topluluklar\u0131n bu halk sa\u011fl\u0131\u011f\u0131 krizini fark etmelerine ve olumlu de\u011fi\u015fim i\u00e7in harekete ge\u00e7melerine yard\u0131mc\u0131 olur. \u00c7al\u0131\u015fmalar\u0131m\u0131z a\u015fa\u011f\u0131dakileri i\u00e7erir:<\/p>\n\n\n\n<ul class=\"wp-block-list\">\n<li>Vizyon s\u0131f\u0131r &nbsp;ve G\u00fcvenli Sistem yakla\u015f\u0131m\u0131 i\u00e7in ulusal d\u00fczeyde g\u00fc\u00e7l\u00fc bir savunuculuk sesi sa\u011flamak;<\/li>\n\n\n\n<li>Kamu sekt\u00f6r\u00fc personelinin ve toplum temelli liderlerin Hedef S\u0131f\u0131r hedeflerini belirleme ve ilerletme \u00e7abalar\u0131n\u0131 desteklemek;<\/li>\n\n\n\n<li>Politika de\u011fi\u015fikli\u011fini anlaml\u0131 ve kal\u0131c\u0131 yollarla etkilemek i\u00e7in ortakl\u0131k kurmak;<\/li>\n\n\n\n<li>H\u0131z y\u00f6netimi, Tamamlanm\u0131\u015f Caddelere \u00f6ncelik verme ve Vizyon S\u0131f\u0131r \u00e7abalar\u0131nda e\u015fitlik ve kapsay\u0131c\u0131l\u0131\u011f\u0131 merkeze alma gibi G\u00fcvenli Sistem yakla\u015f\u0131m\u0131na dayal\u0131 olarak gelecek vaat eden karayolu stratejileri, teknikleri ve kaynaklar\u0131 hakk\u0131nda geli\u015ftirme ve payla\u015fma;<\/li>\n\n\n\n<li>Politika yap\u0131c\u0131lar, uygulay\u0131c\u0131lar, toplum savunucular\u0131 ve di\u011ferleri i\u00e7in zorluklarla ilgili rehberli\u011fin yan\u0131 s\u0131ra gelecek vaat eden g\u00fcvenlik stratejilerinin payla\u015f\u0131lmas\u0131n\u0131 kolayla\u015ft\u0131rmak i\u00e7in akran de\u011fi\u015fimleri, bilgilendirici \u00e7a\u011fr\u0131lar ve web seminerleri ve di\u011fer forumlar dahil olmak \u00fczere \u00f6\u011frenme f\u0131rsatlar\u0131 sa\u011flamak;<\/li>\n<\/ul>\n\n\n\n<p>Vizyon s\u0131f\u0131r\u0131n tan\u0131nmas\u0131 ve ilerlemesi i\u00e7in y\u00fcksek standartlar olu\u015fturmak ve te\u015fvik etmek Payda\u015flar\u0131 <strong>&#8220;Yeter Art\u0131k Yeter&#8221;<\/strong>in fark\u0131na varmalar\u0131 i\u00e7in seferber ediyoruz ve herkes i\u00e7in g\u00fcvenli hareketlili\u011fe \u00f6ncelik verecek de\u011fi\u015fiklikler yapmak i\u00e7in \u00e7al\u0131\u015f\u0131yoruz. Topluluklar\u0131m\u0131z\u0131n insanlar\u0131 sokaklar\u0131m\u0131zda, kald\u0131r\u0131mlar\u0131m\u0131zda ve bisiklet yollar\u0131m\u0131zda g\u00fcvende tutmay\u0131 ba\u015farmas\u0131 i\u00e7in ger\u00e7ek bir de\u011fi\u015fiklik, stat\u00fckoya ge\u00e7i\u015f gerekecek.<\/p>\n\n\n\n<figure class=\"wp-block-image alignleft size-full is-resized\"><img loading=\"lazy\" decoding=\"async\" src=\"https:\/\/gazetetrafik.com\/wp-content\/uploads\/2023\/05\/sifirvizyon-gazeetetrafik.png\" alt=\"\" class=\"wp-image-947\" width=\"411\" height=\"411\" srcset=\"https:\/\/gazetetrafik.com\/wp-content\/uploads\/2023\/05\/sifirvizyon-gazeetetrafik.png 480w, https:\/\/gazetetrafik.com\/wp-content\/uploads\/2023\/05\/sifirvizyon-gazeetetrafik-300x300.png 300w, https:\/\/gazetetrafik.com\/wp-content\/uploads\/2023\/05\/sifirvizyon-gazeetetrafik-150x150.png 150w, https:\/\/gazetetrafik.com\/wp-content\/uploads\/2023\/05\/sifirvizyon-gazeetetrafik-12x12.png 12w\" sizes=\"auto, (max-width: 411px) 100vw, 411px\" \/><\/figure>\n\n\n\n<h2 class=\"wp-block-heading\">A\u011f nas\u0131l fark yarat\u0131r?<\/h2>\n\n\n\n<p>A\u011f, umut verici stratejiler geli\u015ftirmek ve payla\u015fmak ve Vizyon S\u0131f\u0131r&#8217;\u0131 sahada ger\u00e7e\u011fe d\u00f6n\u00fc\u015ft\u00fcrmek i\u00e7in g\u00fc\u00e7l\u00fc, da\u011f\u0131t\u0131k liderli\u011fi desteklemek \u00fczere ula\u015f\u0131m planlama ve m\u00fchendisli\u011fi, politika olu\u015fturma, halk sa\u011fl\u0131\u011f\u0131, toplum savunuculu\u011fu, ara\u015ft\u0131rma ve \u00f6zel sekt\u00f6r alanlar\u0131ndaki liderleri bir araya getiriyor. Bu farkl\u0131 alanlardaki liderler, Vizyon S\u0131f\u0131r i\u00e7in anlay\u0131\u015f ve sahiplik olu\u015fturmak ve herkes i\u00e7in g\u00fcvenli hareketlili\u011fi sa\u011flayan anlaml\u0131 politikalar ve uygulamalar uygulamak i\u00e7in kritik \u00f6neme sahiptir.<\/p>\n\n\n\n<p>\u00dclke \u00e7ap\u0131nda her b\u00fcy\u00fckl\u00fckteki ve t\u00fcrden topluluklar, g\u00fcvenli hareketlili\u011fi ilerletmede benzer zorluklarla ve f\u0131rsatlarla kar\u015f\u0131 kar\u015f\u0131yad\u0131r. Birka\u00e7 dikkate de\u011fer \u00f6rnek , beyaz olmayan ve d\u00fc\u015f\u00fck gelirli insanlar ile y\u00fcr\u00fcyen ve bisiklete binen insanlar dahil olmak \u00fczere belirli alanlarda ve topluluklarda orant\u0131s\u0131z \u015fekilde olumsuz etkileri i\u00e7erir .<\/p>\n\n\n\n<h2 class=\"wp-block-heading\">Vizyon s\u0131f\u0131r nedir ?<\/h2>\n\n\n\n<p>Vizyon \u00a0S\u0131f\u0131r, herkes i\u00e7in g\u00fcvenli, sa\u011fl\u0131kl\u0131, adil hareketlili\u011fi art\u0131r\u0131rken, t\u00fcm trafik \u00f6l\u00fcmlerini ve a\u011f\u0131r yaralanmalar\u0131 ortadan kald\u0131rma stratejisidir. \u0130lk olarak 1990&#8217;larda \u0130sve\u00e7&#8217;te uygulanan Vizyon s\u0131f\u0131r Avrupa&#8217;da ba\u015far\u0131l\u0131 oldu ve \u015fimdi b\u00fcy\u00fck Amerikan \u015fehirlerinde ivme kazan\u0131yor.<\/p>\n\n\n\n<h2 class=\"wp-block-heading\">Sorun<\/h2>\n\n\n\n<p>Her y\u0131l 42.000&#8217;den fazla insan &#8211; k\u00fc\u00e7\u00fck bir \u015fehrin n\u00fcfusu &#8211; Amerikan sokaklar\u0131nda gereksiz yere \u00f6ld\u00fcr\u00fcl\u00fcyor ve binlercesi de yaralan\u0131yor. Biz bunlara &#8220;kazalar&#8221; diyoruz &#8211; ama ger\u00e7ekte, trafik \u00e7arp\u0131\u015fmalar\u0131n\u0131 \u00f6nleme g\u00fcc\u00fcm\u00fcz var.<\/p>\n\n\n\n<p>\u00c7ok uzun bir s\u00fcre trafik \u00f6l\u00fcmlerini ve a\u011f\u0131r yaralanmalar\u0131 modern ya\u015fam\u0131n ka\u00e7\u0131n\u0131lmaz yan etkileri olarak g\u00f6rd\u00fck. Genellikle \u201ckazalar\u201d olarak an\u0131lsa da, ger\u00e7ek \u015fu ki trafik g\u00fcvenli\u011fini bir halk sa\u011fl\u0131\u011f\u0131 sorunu olarak \u00f6n planda tutan proaktif, \u00f6nleyici bir yakla\u015f\u0131m benimseyerek bu trajedileri \u00f6nleyebiliriz.<\/p>\n\n\n\n<h2 class=\"wp-block-heading\">Trafik \u00e7arp\u0131\u015fmalar\u0131 \u00e7ok \u00f6nemli can kay\u0131plar\u0131n\u0131n d\u0131\u015f\u0131nda, derin toplumsal etki yaratan trajik bir bedele neden olur.<\/h2>\n\n\n\n<p>&nbsp;ac\u0131 \u00e7ekenlere ki\u015fisel ekonomik maliyetler ve duygusal travma; ve vergi m\u00fckelleflerinin acil durum m\u00fcdahalesi ve uzun vadeli sa\u011fl\u0131k maliyetleri i\u00e7in \u00f6nemli harcamalar\u0131. Ve sokaklar\u0131m\u0131zda g\u00fcvenliklerinden bu kadar \u00e7ok ki\u015fi korktu\u011fu i\u00e7in, ger\u00e7ek bir hareket \u00f6zg\u00fcrl\u00fc\u011f\u00fc yoktur ve sonu\u00e7 olarak, artan sedanter hastal\u0131k oranlar\u0131 ve daha y\u00fcksek karbon emisyonlar\u0131 ile halk sa\u011fl\u0131\u011f\u0131m\u0131z\u0131 tehlikeye at\u0131yoruz.<\/p>\n\n\n\n<h2 class=\"wp-block-heading\">G\u00fcvenlik i\u00e7in Yeni Bir Vizyon<\/h2>\n\n\n\n<p><strong>Vizyon \u00a0S\u0131f\u0131r, iki ana yoldan stat\u00fckodan \u00f6nemli bir ayr\u0131lmad\u0131r,<\/strong><\/p>\n\n\n\n<p>Vizyon &nbsp;S\u0131f\u0131r, insanlar\u0131n bazen hata yapabilece\u011fini kabul eder, bu nedenle karayolu sistemi ve ilgili politikalar, bu ka\u00e7\u0131n\u0131lmaz hatalar\u0131n ciddi yaralanmalara veya \u00f6l\u00fcmlere yol a\u00e7mamas\u0131n\u0131 sa\u011flayacak \u015fekilde tasarlanmal\u0131d\u0131r. Bu, sistem tasar\u0131mc\u0131lar\u0131n\u0131n ve politika yap\u0131c\u0131lar\u0131n, \u00e7arp\u0131\u015fmalar\u0131n ciddiyetini azaltmak i\u00e7in karayolu ortam\u0131n\u0131, politikalar\u0131 (h\u0131z y\u00f6netimi gibi) ve di\u011fer ilgili sistemleri iyile\u015ftirmelerinin beklendi\u011fi anlam\u0131na gelir.<\/p>\n\n\n\n<p>Vizyon S\u0131f\u0131r, bu karma\u015f\u0131k sorunu ele almak i\u00e7in \u00e7e\u015fitli ve gerekli payda\u015flar\u0131 bir araya getiren \u00e7ok disiplinli bir yakla\u015f\u0131md\u0131r. Ge\u00e7mi\u015fte, yerel trafik planlamac\u0131lar\u0131 ve m\u00fchendisler, politika yap\u0131c\u0131lar ve halk sa\u011fl\u0131\u011f\u0131 uzmanlar\u0131 aras\u0131nda anlaml\u0131, disiplinler aras\u0131 i\u015fbirli\u011fi yoktu.. Vizyon S\u0131f\u0131r, karayolu tasar\u0131m\u0131, h\u0131zlar, davran\u0131\u015flar, teknoloji ve politikalar dahil olmak \u00fczere bir\u00e7ok fakt\u00f6r\u00fcn g\u00fcvenli mobiliteye katk\u0131da bulundu\u011funu kabul eder. S\u0131f\u0131r \u00f6l\u00fcm ve a\u011f\u0131r yaralanma hedefine ula\u015fmak i\u00e7in t\u00fcm payda\u015flar aras\u0131nda net hedefleri belirler.<\/p>\n\n\n\n<figure class=\"wp-block-image size-full\"><img loading=\"lazy\" decoding=\"async\" width=\"1025\" height=\"512\" src=\"https:\/\/gazetetrafik.com\/wp-content\/uploads\/2023\/05\/vizyonsifir-gazetetrafik.jpg\" alt=\"\" class=\"wp-image-948\" srcset=\"https:\/\/gazetetrafik.com\/wp-content\/uploads\/2023\/05\/vizyonsifir-gazetetrafik.jpg 1025w, https:\/\/gazetetrafik.com\/wp-content\/uploads\/2023\/05\/vizyonsifir-gazetetrafik-300x150.jpg 300w, https:\/\/gazetetrafik.com\/wp-content\/uploads\/2023\/05\/vizyonsifir-gazetetrafik-768x384.jpg 768w, https:\/\/gazetetrafik.com\/wp-content\/uploads\/2023\/05\/vizyonsifir-gazetetrafik-18x9.jpg 18w\" sizes=\"auto, (max-width: 1025px) 100vw, 1025px\" \/><\/figure>\n\n\n\n<h2 class=\"wp-block-heading\">G\u00fcvenli sokaklar i\u00e7in \u00f6nc\u00fcl\u00fck etmek<\/h2>\n\n\n\n<p>Vizyon S\u0131f\u0131r bir slogan, k\u0131sa a\u00e7\u0131klama, hatta sadece bir program bile de\u011fildir. Trafik g\u00fcvenli\u011fine yakla\u015fman\u0131n temelde farkl\u0131 bir yoludur.<\/p>\n\n\n\n<p>Vizyon S\u0131f\u0131r&#8217;da ba\u015far\u0131l\u0131 olmak isteyen topluluklar\u0131n, her zamanki gibi i\u015f yapman\u0131n yeterli olmad\u0131\u011f\u0131n\u0131 ve anlaml\u0131 bir ilerleme kaydetmek i\u00e7in sistemik de\u011fi\u015fikliklerin gerekli oldu\u011funu kabul etmesi gerekir.<\/p>\n\n\n\n<h2 class=\"wp-block-heading\">Vizyon S\u0131f\u0131r taahh\u00fcd\u00fc a\u015fa\u011f\u0131daki stratejileri i\u00e7erir<\/h2>\n\n\n\n<ul class=\"wp-block-list\">\n<li>Liderlik, i\u015fbirli\u011fi ve hesap verebilirlik olu\u015fturmak ve s\u00fcrd\u00fcrmek &#8211; \u00f6zellikle ula\u015f\u0131m profesyonellerini, politika yap\u0131c\u0131lar\u0131, halk sa\u011fl\u0131\u011f\u0131 g\u00f6revlilerini, polisi ve topluluk \u00fcyelerini i\u00e7eren \u00e7e\u015fitli payda\u015f gruplar\u0131 aras\u0131nda;<\/li>\n\n\n\n<li>Trafik \u00f6l\u00fcmlerinin belirli pop\u00fclasyonlar \u00fczerindeki e\u011filimlerini ve olas\u0131 orant\u0131s\u0131z etkilerini anlamak i\u00e7in veri toplamak, analiz etmek ve kullanmak;<\/li>\n\n\n\n<li>E\u015fitli\u011fe ve topluluk kat\u0131l\u0131m\u0131na \u00f6ncelik vermek;<\/li>\n\n\n\n<li>H\u0131z\u0131 g\u00fcvenli seviyelere y\u00f6netmek<\/li>\n\n\n\n<li>S\u0131f\u0131r trafik \u00f6l\u00fcm\u00fc ve ciddi yaralanmaya ula\u015fmak i\u00e7in aciliyet ve hesap verebilirlik getiren bir zaman \u00e7izelgesi belirlemek ve ilerleme ve zorluklar konusunda \u015feffafl\u0131\u011f\u0131 sa\u011flamak.<\/li>\n<\/ul>\n\n\n\n<p> <a href=\"https:\/\/visionzeronetwork.org\">https:\/\/visionzeronetwork.org<\/a><\/p>\n\n\n\n<blockquote class=\"wp-block-quote is-layout-flow wp-block-quote-is-layout-flow\">\n<p>7 Haziran 2023<\/p>\n<\/blockquote>","protected":false},"excerpt":{"rendered":"<p>ABD&#8217;deki karayolu \u00f6l\u00fcmlerinin en az 1\/3\u2019\u00fc h\u0131za ba\u011fl\u0131 \u00e7arp\u0131\u015fmalardan meydana gelir. Karayolu trafik \u00f6l\u00fcm ve&#8230;<\/p>","protected":false},"author":1,"featured_media":949,"comment_status":"open","ping_status":"open","sticky":false,"template":"","format":"standard","meta":{"footnotes":""},"categories":[3],"tags":[270,80,293,294],"class_list":["post-946","post","type-post","status-publish","format-standard","has-post-thumbnail","hentry","category-trafik-guvenligi","tag-hiz-yonetimi","tag-trafik-guvenligi","tag-vizyon-sifir","tag-vizyon-sifir-agi"],"yoast_head":"<!-- This site is optimized with the Yoast SEO plugin v27.5 - https:\/\/yoast.com\/product\/yoast-seo-wordpress\/ -->\n<title>Vizyon S\u0131f\u0131r - H\u0131z Y\u00f6netimine \u00d6ncelik Vermek -<\/title>\n<meta name=\"description\" content=\"Trafik g\u00fcvenli\u011fi Vizyon S\u0131f\u0131r - H\u0131z Y\u00f6netimine \u00d6ncelik Vermek Vizyon S\u0131f\u0131r - H\u0131z Y\u00f6netimine \u00d6ncelik Vermek\" \/>\n<meta name=\"robots\" content=\"index, follow, max-snippet:-1, max-image-preview:large, max-video-preview:-1\" \/>\n<link rel=\"canonical\" href=\"https:\/\/gazetetrafik.com\/en\/2023\/05\/24\/vizyon-sifir\/\" \/>\n<meta property=\"og:locale\" content=\"en_US\" \/>\n<meta property=\"og:type\" content=\"article\" \/>\n<meta property=\"og:title\" content=\"Vizyon S\u0131f\u0131r - H\u0131z Y\u00f6netimine \u00d6ncelik Vermek -\" \/>\n<meta property=\"og:description\" content=\"Trafik g\u00fcvenli\u011fi Vizyon S\u0131f\u0131r - H\u0131z Y\u00f6netimine \u00d6ncelik Vermek Vizyon S\u0131f\u0131r - H\u0131z Y\u00f6netimine \u00d6ncelik Vermek\" \/>\n<meta property=\"og:url\" content=\"https:\/\/gazetetrafik.com\/en\/2023\/05\/24\/vizyon-sifir\/\" \/>\n<meta property=\"article:published_time\" content=\"2023-05-24T05:30:07+00:00\" \/>\n<meta property=\"article:modified_time\" content=\"2023-05-24T05:30:14+00:00\" \/>\n<meta property=\"og:image\" content=\"https:\/\/gazetetrafik.com\/wp-content\/uploads\/2023\/05\/vizyonsifiragi-gazetetrafik.jpg\" \/>\n\t<meta property=\"og:image:width\" content=\"542\" \/>\n\t<meta property=\"og:image:height\" content=\"480\" \/>\n\t<meta property=\"og:image:type\" content=\"image\/jpeg\" \/>\n<meta name=\"author\" content=\"Gazete Trafik\" \/>\n<meta name=\"twitter:card\" content=\"summary_large_image\" \/>\n<meta name=\"twitter:creator\" content=\"@TrafikGazete\" \/>\n<meta name=\"twitter:site\" content=\"@TrafikGazete\" \/>\n<meta name=\"twitter:label1\" content=\"Written by\" \/>\n\t<meta name=\"twitter:data1\" content=\"Gazete Trafik\" \/>\n\t<meta name=\"twitter:label2\" content=\"Est. reading time\" \/>\n\t<meta name=\"twitter:data2\" content=\"7 minutes\" \/>\n<script type=\"application\/ld+json\" class=\"yoast-schema-graph\">{\"@context\":\"https:\\\/\\\/schema.org\",\"@graph\":[{\"@type\":\"Article\",\"@id\":\"https:\\\/\\\/gazetetrafik.com\\\/2023\\\/05\\\/24\\\/vizyon-sifir\\\/#article\",\"isPartOf\":{\"@id\":\"https:\\\/\\\/gazetetrafik.com\\\/2023\\\/05\\\/24\\\/vizyon-sifir\\\/\"},\"author\":{\"name\":\"Gazete Trafik\",\"@id\":\"https:\\\/\\\/gazetetrafik.com\\\/#\\\/schema\\\/person\\\/2f75f4347719ee1b2a8ace54218ecab5\"},\"headline\":\"Vizyon S\u0131f\u0131r &#8211; H\u0131z Y\u00f6netimine \u00d6ncelik Vermek\",\"datePublished\":\"2023-05-24T05:30:07+00:00\",\"dateModified\":\"2023-05-24T05:30:14+00:00\",\"mainEntityOfPage\":{\"@id\":\"https:\\\/\\\/gazetetrafik.com\\\/2023\\\/05\\\/24\\\/vizyon-sifir\\\/\"},\"wordCount\":1435,\"commentCount\":0,\"publisher\":{\"@id\":\"https:\\\/\\\/gazetetrafik.com\\\/#organization\"},\"image\":{\"@id\":\"https:\\\/\\\/gazetetrafik.com\\\/2023\\\/05\\\/24\\\/vizyon-sifir\\\/#primaryimage\"},\"thumbnailUrl\":\"https:\\\/\\\/gazetetrafik.com\\\/wp-content\\\/uploads\\\/2023\\\/05\\\/vizyonsifiragi-gazetetrafik.jpg\",\"keywords\":[\"H\u0131z y\u00f6netimi\",\"trafik g\u00fcvenli\u011fi\",\"vizyon s\u0131f\u0131r\",\"vizyon s\u0131f\u0131r a\u011f\u0131\"],\"articleSection\":[\"Trafik g\u00fcvenli\u011fi\"],\"inLanguage\":\"en-US\",\"potentialAction\":[{\"@type\":\"CommentAction\",\"name\":\"Comment\",\"target\":[\"https:\\\/\\\/gazetetrafik.com\\\/2023\\\/05\\\/24\\\/vizyon-sifir\\\/#respond\"]}]},{\"@type\":\"WebPage\",\"@id\":\"https:\\\/\\\/gazetetrafik.com\\\/2023\\\/05\\\/24\\\/vizyon-sifir\\\/\",\"url\":\"https:\\\/\\\/gazetetrafik.com\\\/2023\\\/05\\\/24\\\/vizyon-sifir\\\/\",\"name\":\"Vizyon S\u0131f\u0131r - H\u0131z Y\u00f6netimine \u00d6ncelik Vermek -\",\"isPartOf\":{\"@id\":\"https:\\\/\\\/gazetetrafik.com\\\/#website\"},\"primaryImageOfPage\":{\"@id\":\"https:\\\/\\\/gazetetrafik.com\\\/2023\\\/05\\\/24\\\/vizyon-sifir\\\/#primaryimage\"},\"image\":{\"@id\":\"https:\\\/\\\/gazetetrafik.com\\\/2023\\\/05\\\/24\\\/vizyon-sifir\\\/#primaryimage\"},\"thumbnailUrl\":\"https:\\\/\\\/gazetetrafik.com\\\/wp-content\\\/uploads\\\/2023\\\/05\\\/vizyonsifiragi-gazetetrafik.jpg\",\"datePublished\":\"2023-05-24T05:30:07+00:00\",\"dateModified\":\"2023-05-24T05:30:14+00:00\",\"description\":\"Trafik g\u00fcvenli\u011fi Vizyon S\u0131f\u0131r - H\u0131z Y\u00f6netimine \u00d6ncelik Vermek Vizyon S\u0131f\u0131r - H\u0131z Y\u00f6netimine \u00d6ncelik Vermek\",\"breadcrumb\":{\"@id\":\"https:\\\/\\\/gazetetrafik.com\\\/2023\\\/05\\\/24\\\/vizyon-sifir\\\/#breadcrumb\"},\"inLanguage\":\"en-US\",\"potentialAction\":[{\"@type\":\"ReadAction\",\"target\":[\"https:\\\/\\\/gazetetrafik.com\\\/2023\\\/05\\\/24\\\/vizyon-sifir\\\/\"]}]},{\"@type\":\"ImageObject\",\"inLanguage\":\"en-US\",\"@id\":\"https:\\\/\\\/gazetetrafik.com\\\/2023\\\/05\\\/24\\\/vizyon-sifir\\\/#primaryimage\",\"url\":\"https:\\\/\\\/gazetetrafik.com\\\/wp-content\\\/uploads\\\/2023\\\/05\\\/vizyonsifiragi-gazetetrafik.jpg\",\"contentUrl\":\"https:\\\/\\\/gazetetrafik.com\\\/wp-content\\\/uploads\\\/2023\\\/05\\\/vizyonsifiragi-gazetetrafik.jpg\",\"width\":542,\"height\":480,\"caption\":\"Vizyon s\u0131f\u0131r\"},{\"@type\":\"BreadcrumbList\",\"@id\":\"https:\\\/\\\/gazetetrafik.com\\\/2023\\\/05\\\/24\\\/vizyon-sifir\\\/#breadcrumb\",\"itemListElement\":[{\"@type\":\"ListItem\",\"position\":1,\"name\":\"Anasayfa\",\"item\":\"https:\\\/\\\/gazetetrafik.com\\\/\"},{\"@type\":\"ListItem\",\"position\":2,\"name\":\"Vizyon S\u0131f\u0131r &#8211; H\u0131z Y\u00f6netimine \u00d6ncelik Vermek\"}]},{\"@type\":\"WebSite\",\"@id\":\"https:\\\/\\\/gazetetrafik.com\\\/#website\",\"url\":\"https:\\\/\\\/gazetetrafik.com\\\/\",\"name\":\"\",\"description\":\"\u0130NSANA VE YA\u015eAM HAKKINA SAYGILI TRAF\u0130K HABER GAZETES\u0130\",\"publisher\":{\"@id\":\"https:\\\/\\\/gazetetrafik.com\\\/#organization\"},\"potentialAction\":[{\"@type\":\"SearchAction\",\"target\":{\"@type\":\"EntryPoint\",\"urlTemplate\":\"https:\\\/\\\/gazetetrafik.com\\\/?s={search_term_string}\"},\"query-input\":{\"@type\":\"PropertyValueSpecification\",\"valueRequired\":true,\"valueName\":\"search_term_string\"}}],\"inLanguage\":\"en-US\"},{\"@type\":\"Organization\",\"@id\":\"https:\\\/\\\/gazetetrafik.com\\\/#organization\",\"name\":\"Gazete Trafik\",\"url\":\"https:\\\/\\\/gazetetrafik.com\\\/\",\"logo\":{\"@type\":\"ImageObject\",\"inLanguage\":\"en-US\",\"@id\":\"https:\\\/\\\/gazetetrafik.com\\\/#\\\/schema\\\/logo\\\/image\\\/\",\"url\":\"https:\\\/\\\/gazetetrafik.com\\\/wp-content\\\/uploads\\\/2022\\\/03\\\/cropped-logo.jpg\",\"contentUrl\":\"https:\\\/\\\/gazetetrafik.com\\\/wp-content\\\/uploads\\\/2022\\\/03\\\/cropped-logo.jpg\",\"width\":800,\"height\":220,\"caption\":\"Gazete Trafik\"},\"image\":{\"@id\":\"https:\\\/\\\/gazetetrafik.com\\\/#\\\/schema\\\/logo\\\/image\\\/\"},\"sameAs\":[\"https:\\\/\\\/x.com\\\/TrafikGazete\",\"https:\\\/\\\/www.instagram.com\\\/gazetetrafik\\\/\"]},{\"@type\":\"Person\",\"@id\":\"https:\\\/\\\/gazetetrafik.com\\\/#\\\/schema\\\/person\\\/2f75f4347719ee1b2a8ace54218ecab5\",\"name\":\"Gazete Trafik\",\"image\":{\"@type\":\"ImageObject\",\"inLanguage\":\"en-US\",\"@id\":\"https:\\\/\\\/secure.gravatar.com\\\/avatar\\\/bff6a4bfd3845f68dabbeea43bcbf9f2651b5ab9a1aad1d9381a89e564d3d208?s=96&d=mm&r=g\",\"url\":\"https:\\\/\\\/secure.gravatar.com\\\/avatar\\\/bff6a4bfd3845f68dabbeea43bcbf9f2651b5ab9a1aad1d9381a89e564d3d208?s=96&d=mm&r=g\",\"contentUrl\":\"https:\\\/\\\/secure.gravatar.com\\\/avatar\\\/bff6a4bfd3845f68dabbeea43bcbf9f2651b5ab9a1aad1d9381a89e564d3d208?s=96&d=mm&r=g\",\"caption\":\"Gazete Trafik\"},\"sameAs\":[\"https:\\\/\\\/gazetetrafik.com\"],\"url\":\"https:\\\/\\\/gazetetrafik.com\\\/en\\\/author\\\/gazete-trafik\\\/\"}]}<\/script>\n<!-- \/ Yoast SEO plugin. -->","yoast_head_json":{"title":"Vizyon S\u0131f\u0131r - H\u0131z Y\u00f6netimine \u00d6ncelik Vermek -","description":"Trafik g\u00fcvenli\u011fi Vizyon S\u0131f\u0131r - H\u0131z Y\u00f6netimine \u00d6ncelik Vermek Vizyon S\u0131f\u0131r - H\u0131z Y\u00f6netimine \u00d6ncelik Vermek","robots":{"index":"index","follow":"follow","max-snippet":"max-snippet:-1","max-image-preview":"max-image-preview:large","max-video-preview":"max-video-preview:-1"},"canonical":"https:\/\/gazetetrafik.com\/en\/2023\/05\/24\/vizyon-sifir\/","og_locale":"en_US","og_type":"article","og_title":"Vizyon S\u0131f\u0131r - H\u0131z Y\u00f6netimine \u00d6ncelik Vermek -","og_description":"Trafik g\u00fcvenli\u011fi Vizyon S\u0131f\u0131r - H\u0131z Y\u00f6netimine \u00d6ncelik Vermek Vizyon S\u0131f\u0131r - H\u0131z Y\u00f6netimine \u00d6ncelik Vermek","og_url":"https:\/\/gazetetrafik.com\/en\/2023\/05\/24\/vizyon-sifir\/","article_published_time":"2023-05-24T05:30:07+00:00","article_modified_time":"2023-05-24T05:30:14+00:00","og_image":[{"width":542,"height":480,"url":"https:\/\/gazetetrafik.com\/wp-content\/uploads\/2023\/05\/vizyonsifiragi-gazetetrafik.jpg","type":"image\/jpeg"}],"author":"Gazete Trafik","twitter_card":"summary_large_image","twitter_creator":"@TrafikGazete","twitter_site":"@TrafikGazete","twitter_misc":{"Written by":"Gazete Trafik","Est. reading time":"7 minutes"},"schema":{"@context":"https:\/\/schema.org","@graph":[{"@type":"Article","@id":"https:\/\/gazetetrafik.com\/2023\/05\/24\/vizyon-sifir\/#article","isPartOf":{"@id":"https:\/\/gazetetrafik.com\/2023\/05\/24\/vizyon-sifir\/"},"author":{"name":"Gazete Trafik","@id":"https:\/\/gazetetrafik.com\/#\/schema\/person\/2f75f4347719ee1b2a8ace54218ecab5"},"headline":"Vizyon S\u0131f\u0131r &#8211; H\u0131z Y\u00f6netimine \u00d6ncelik Vermek","datePublished":"2023-05-24T05:30:07+00:00","dateModified":"2023-05-24T05:30:14+00:00","mainEntityOfPage":{"@id":"https:\/\/gazetetrafik.com\/2023\/05\/24\/vizyon-sifir\/"},"wordCount":1435,"commentCount":0,"publisher":{"@id":"https:\/\/gazetetrafik.com\/#organization"},"image":{"@id":"https:\/\/gazetetrafik.com\/2023\/05\/24\/vizyon-sifir\/#primaryimage"},"thumbnailUrl":"https:\/\/gazetetrafik.com\/wp-content\/uploads\/2023\/05\/vizyonsifiragi-gazetetrafik.jpg","keywords":["H\u0131z y\u00f6netimi","trafik g\u00fcvenli\u011fi","vizyon s\u0131f\u0131r","vizyon s\u0131f\u0131r a\u011f\u0131"],"articleSection":["Trafik g\u00fcvenli\u011fi"],"inLanguage":"en-US","potentialAction":[{"@type":"CommentAction","name":"Comment","target":["https:\/\/gazetetrafik.com\/2023\/05\/24\/vizyon-sifir\/#respond"]}]},{"@type":"WebPage","@id":"https:\/\/gazetetrafik.com\/2023\/05\/24\/vizyon-sifir\/","url":"https:\/\/gazetetrafik.com\/2023\/05\/24\/vizyon-sifir\/","name":"Vizyon S\u0131f\u0131r - H\u0131z Y\u00f6netimine \u00d6ncelik Vermek -","isPartOf":{"@id":"https:\/\/gazetetrafik.com\/#website"},"primaryImageOfPage":{"@id":"https:\/\/gazetetrafik.com\/2023\/05\/24\/vizyon-sifir\/#primaryimage"},"image":{"@id":"https:\/\/gazetetrafik.com\/2023\/05\/24\/vizyon-sifir\/#primaryimage"},"thumbnailUrl":"https:\/\/gazetetrafik.com\/wp-content\/uploads\/2023\/05\/vizyonsifiragi-gazetetrafik.jpg","datePublished":"2023-05-24T05:30:07+00:00","dateModified":"2023-05-24T05:30:14+00:00","description":"Trafik g\u00fcvenli\u011fi Vizyon S\u0131f\u0131r - H\u0131z Y\u00f6netimine \u00d6ncelik Vermek Vizyon S\u0131f\u0131r - H\u0131z Y\u00f6netimine \u00d6ncelik Vermek","breadcrumb":{"@id":"https:\/\/gazetetrafik.com\/2023\/05\/24\/vizyon-sifir\/#breadcrumb"},"inLanguage":"en-US","potentialAction":[{"@type":"ReadAction","target":["https:\/\/gazetetrafik.com\/2023\/05\/24\/vizyon-sifir\/"]}]},{"@type":"ImageObject","inLanguage":"en-US","@id":"https:\/\/gazetetrafik.com\/2023\/05\/24\/vizyon-sifir\/#primaryimage","url":"https:\/\/gazetetrafik.com\/wp-content\/uploads\/2023\/05\/vizyonsifiragi-gazetetrafik.jpg","contentUrl":"https:\/\/gazetetrafik.com\/wp-content\/uploads\/2023\/05\/vizyonsifiragi-gazetetrafik.jpg","width":542,"height":480,"caption":"Vizyon s\u0131f\u0131r"},{"@type":"BreadcrumbList","@id":"https:\/\/gazetetrafik.com\/2023\/05\/24\/vizyon-sifir\/#breadcrumb","itemListElement":[{"@type":"ListItem","position":1,"name":"Anasayfa","item":"https:\/\/gazetetrafik.com\/"},{"@type":"ListItem","position":2,"name":"Vizyon S\u0131f\u0131r &#8211; H\u0131z Y\u00f6netimine \u00d6ncelik Vermek"}]},{"@type":"WebSite","@id":"https:\/\/gazetetrafik.com\/#website","url":"https:\/\/gazetetrafik.com\/","name":"","description":"\u0130NSANA VE YA\u015eAM HAKKINA SAYGILI TRAF\u0130K HABER GAZETES\u0130","publisher":{"@id":"https:\/\/gazetetrafik.com\/#organization"},"potentialAction":[{"@type":"SearchAction","target":{"@type":"EntryPoint","urlTemplate":"https:\/\/gazetetrafik.com\/?s={search_term_string}"},"query-input":{"@type":"PropertyValueSpecification","valueRequired":true,"valueName":"search_term_string"}}],"inLanguage":"en-US"},{"@type":"Organization","@id":"https:\/\/gazetetrafik.com\/#organization","name":"Gazete Trafik","url":"https:\/\/gazetetrafik.com\/","logo":{"@type":"ImageObject","inLanguage":"en-US","@id":"https:\/\/gazetetrafik.com\/#\/schema\/logo\/image\/","url":"https:\/\/gazetetrafik.com\/wp-content\/uploads\/2022\/03\/cropped-logo.jpg","contentUrl":"https:\/\/gazetetrafik.com\/wp-content\/uploads\/2022\/03\/cropped-logo.jpg","width":800,"height":220,"caption":"Gazete Trafik"},"image":{"@id":"https:\/\/gazetetrafik.com\/#\/schema\/logo\/image\/"},"sameAs":["https:\/\/x.com\/TrafikGazete","https:\/\/www.instagram.com\/gazetetrafik\/"]},{"@type":"Person","@id":"https:\/\/gazetetrafik.com\/#\/schema\/person\/2f75f4347719ee1b2a8ace54218ecab5","name":"Gazete Trafik","image":{"@type":"ImageObject","inLanguage":"en-US","@id":"https:\/\/secure.gravatar.com\/avatar\/bff6a4bfd3845f68dabbeea43bcbf9f2651b5ab9a1aad1d9381a89e564d3d208?s=96&d=mm&r=g","url":"https:\/\/secure.gravatar.com\/avatar\/bff6a4bfd3845f68dabbeea43bcbf9f2651b5ab9a1aad1d9381a89e564d3d208?s=96&d=mm&r=g","contentUrl":"https:\/\/secure.gravatar.com\/avatar\/bff6a4bfd3845f68dabbeea43bcbf9f2651b5ab9a1aad1d9381a89e564d3d208?s=96&d=mm&r=g","caption":"Gazete Trafik"},"sameAs":["https:\/\/gazetetrafik.com"],"url":"https:\/\/gazetetrafik.com\/en\/author\/gazete-trafik\/"}]}},"_links":{"self":[{"href":"https:\/\/gazetetrafik.com\/en\/wp-json\/wp\/v2\/posts\/946","targetHints":{"allow":["GET"]}}],"collection":[{"href":"https:\/\/gazetetrafik.com\/en\/wp-json\/wp\/v2\/posts"}],"about":[{"href":"https:\/\/gazetetrafik.com\/en\/wp-json\/wp\/v2\/types\/post"}],"author":[{"embeddable":true,"href":"https:\/\/gazetetrafik.com\/en\/wp-json\/wp\/v2\/users\/1"}],"replies":[{"embeddable":true,"href":"https:\/\/gazetetrafik.com\/en\/wp-json\/wp\/v2\/comments?post=946"}],"version-history":[{"count":1,"href":"https:\/\/gazetetrafik.com\/en\/wp-json\/wp\/v2\/posts\/946\/revisions"}],"predecessor-version":[{"id":950,"href":"https:\/\/gazetetrafik.com\/en\/wp-json\/wp\/v2\/posts\/946\/revisions\/950"}],"wp:featuredmedia":[{"embeddable":true,"href":"https:\/\/gazetetrafik.com\/en\/wp-json\/wp\/v2\/media\/949"}],"wp:attachment":[{"href":"https:\/\/gazetetrafik.com\/en\/wp-json\/wp\/v2\/media?parent=946"}],"wp:term":[{"taxonomy":"category","embeddable":true,"href":"https:\/\/gazetetrafik.com\/en\/wp-json\/wp\/v2\/categories?post=946"},{"taxonomy":"post_tag","embeddable":true,"href":"https:\/\/gazetetrafik.com\/en\/wp-json\/wp\/v2\/tags?post=946"}],"curies":[{"name":"wp","href":"https:\/\/api.w.org\/{rel}","templated":true}]}}